{"id":774,"date":"2015-08-02T00:00:00","date_gmt":"2015-08-02T04:00:00","guid":{"rendered":"https:\/\/explora.cl\/biobio\/blog\/2015\/08\/02\/jornada-de-actualizacion-en-la-provincia-de-concepcion\/"},"modified":"2019-05-20T18:32:53","modified_gmt":"2019-05-20T18:32:53","slug":"jornada-de-actualizacion-en-la-provincia-de-concepcion","status":"publish","type":"post","link":"https:\/\/explora.cl\/biobio\/jornada-de-actualizacion-en-la-provincia-de-concepcion\/","title":{"rendered":"Jornada de Actualizaci\u00f3n en la Provincia de Concepci\u00f3n"},"content":{"rendered":"<p><img fetchpriority=\"high\" decoding=\"async\" class=\" size-full wp-image-13437\" src=\"http:\/\/ec2-34-218-253-251.us-west-2.compute.amazonaws.com\/wp-content\/uploads\/2015\/08\/678c2a3a2cf80c3504597fd1025fd0cf.jpg\" alt=\"Jornada de Actualizaci\u00f3n\" width=\"4272\" height=\"2848\" \/><\/p>\n<p>&nbsp;<\/p>\n<p id=\"yui_3_17_2_20_1438536314078_6053\" style=\"margin-top: 0px;font-family: freight-sans-pro;font-size: 16px;letter-spacing: 0.300000011920929px;line-height: 25.6000003814697px;margin-left: 0cm;margin-right: 0cm;text-align: justify\">En el marco del tema del a\u00f1o EXPLORA &#8220;Conocer Ilumina&#8221; se realiz\u00f3 la \u00faltima Jornada de Actualizaci\u00f3n de Contenidos de la Provincia de Concepci\u00f3n en la dependencias de la Facultad de Farmacia de la UdeC. La instancia reuni\u00f3 a profesores de San Pedro de la Paz, Hualqui, Talcahuano, Chiguayante, Concepci\u00f3n, entre otras.<\/p>\n<p id=\"yui_3_17_2_20_1438536314078_6052\" style=\"font-family: freight-sans-pro;font-size: 16px;letter-spacing: 0.300000011920929px;line-height: 25.6000003814697px;text-align: justify\">La primera expositora fue la&nbsp; Dra. Berta Schulz, Jefa de Carrera de Qu\u00edmica y Farmacia de la UdeC, quien expuso &#8220;Propiedades y fen\u00f3menos de la Luz&#8221;. La acad\u00e9mica dio a conocer las m\u00faltiples ventajas que tiene la luz en el sentido anal\u00edtico &#8220;La idea fue tratar de hacer un nexo entre la utilidad que tiene la luz en el sentido del espectro visible, aprovechando los colores que pueden determinar diferentes tipos de concentraciones en un an\u00e1lisis qu\u00edmico&#8221;, coment\u00f3.<\/p>\n<p id=\"yui_3_17_2_20_1438536314078_6097\" style=\"font-family: freight-sans-pro;font-size: 16px;letter-spacing: 0.300000011920929px;line-height: 25.6000003814697px;text-align: justify\">Por su parte, Jaime Rosales de la Facultad de Ciencias F\u00edsicas y Matem\u00e1ticas de la UdeC, estuvo a cargo de la segunda charla titulada \u201cLuz y Astrof\u00edsica\u201d, en ella los asistentes tuvieron una aproximaci\u00f3n de \u00e9sta \u00e1rea de las ciencias con el objetivo de instaurar la curiosidad de los estudiantes por estos temas. &nbsp;\u201cEste tipo de jornada permite que los y las profesores\/as se acerquen a la astrof\u00edsica y adquieran nuevos conocimientos que est\u00e1n siendo relevantes en la actualidad para ser transmitido a los y las estudiantes\u201d, expuso.<\/p>\n<p id=\"yui_3_17_2_20_1438536314078_6098\" style=\"font-family: freight-sans-pro;font-size: 16px;letter-spacing: 0.300000011920929px;line-height: 25.6000003814697px;text-align: justify\">Por \u00faltimo el Dr. Carlos Saavedra Rubilar, Doctor en Ciencias y Director Cient\u00edfico del Centro de \u00d3ptica y Fot\u00f3nica (CEFOP), &nbsp;present\u00f3 &#8220;Luz y Energ\u00eda: Naturaleza dual de la luz&#8221;. La instancia permiti\u00f3 que a trav\u00e9s de actividades pr\u00e1cticas se reforzaran los conceptos tratados. \u201cSiempre estimula el contacto con los profesores, ya que son ellos los que tienen la posibilidad de transmitir los conocimientos\u201d, coment\u00f3.<\/p>\n<p id=\"yui_3_17_2_20_1438536314078_6108\" style=\"font-family: freight-sans-pro;font-size: 16px;letter-spacing: 0.300000011920929px;line-height: 25.6000003814697px;text-align: justify\">La jornada cont\u00f3 con las did\u00e1cticas intervenciones de los monitores del Centro Interactivo de Ciencias, Artes y Tecnolog\u00eda CiCAT, a trav\u00e9s de agua, recipientes, globos, espejos y l\u00e1seres reforzaron conceptos tratados por los acad\u00e9micos.&nbsp;<\/p>\n<p id=\"yui_3_17_2_20_1438536314078_6109\" style=\"font-family: freight-sans-pro;font-size: 16px;letter-spacing: 0.300000011920929px;line-height: 25.6000003814697px;text-align: justify\">Revisa el video de la&nbsp;<a href=\"https:\/\/youtu.be\/kvc0JNxPzGo\">Jornada de Actualizaci\u00f3n Provincia de Concepci\u00f3n<\/a><\/p>\n<p style=\"text-align: justify\">&nbsp;<\/p>\n","protected":false},"excerpt":{"rendered":"<p>&nbsp; En el marco del tema del a\u00f1o EXPLORA &#8220;Conocer Ilumina&#8221; se realiz\u00f3 la \u00faltima Jornada de Actualizaci\u00f3n de Contenidos de la Provincia de Concepci\u00f3n en la dependencias de la Facultad de Farmacia de la UdeC. La instancia reuni\u00f3 a profesores de San Pedro de la Paz, Hualqui, Talcahuano, Chiguayante, Concepci\u00f3n, entre otras. La primera [&hellip;]<\/p>\n","protected":false},"author":2,"featured_media":775,"comment_status":"open","ping_status":"open","sticky":false,"template":"","format":"standard","meta":{"_acf_changed":false,"_exactmetrics_skip_tracking":false,"_exactmetrics_sitenote_active":false,"_exactmetrics_sitenote_note":"","_exactmetrics_sitenote_category":0,"footnotes":"","_links_to":"","_links_to_target":""},"categories":[4],"tags":[168,163,157,169],"class_list":["post-774","post","type-post","status-publish","format-standard","has-post-thumbnail","hentry","category-noticias","tag-cefop","tag-cicat","tag-explora-biobio","tag-udec"],"acf":[],"yoast_head":"<!-- This site is optimized with the Yoast SEO plugin v26.9 - https:\/\/yoast.com\/product\/yoast-seo-wordpress\/ -->\n<title>Jornada de Actualizaci\u00f3n en la Provincia de Concepci\u00f3n - Biob\u00edo<\/title>\n<meta name=\"robots\" content=\"index, follow, max-snippet:-1, max-image-preview:large, max-video-preview:-1\" \/>\n<link rel=\"canonical\" href=\"https:\/\/explora.cl\/biobio\/jornada-de-actualizacion-en-la-provincia-de-concepcion\/\" class=\"yoast-seo-meta-tag\" \/>\n<meta property=\"og:locale\" content=\"es_ES\" class=\"yoast-seo-meta-tag\" \/>\n<meta property=\"og:type\" content=\"article\" class=\"yoast-seo-meta-tag\" \/>\n<meta property=\"og:title\" content=\"Jornada de Actualizaci\u00f3n en la Provincia de Concepci\u00f3n - Biob\u00edo\" class=\"yoast-seo-meta-tag\" \/>\n<meta property=\"og:description\" content=\"&nbsp; En el marco del tema del a\u00f1o EXPLORA &#8220;Conocer Ilumina&#8221; se realiz\u00f3 la \u00faltima Jornada de Actualizaci\u00f3n de Contenidos de la Provincia de Concepci\u00f3n en la dependencias de la Facultad de Farmacia de la UdeC. La instancia reuni\u00f3 a profesores de San Pedro de la Paz, Hualqui, Talcahuano, Chiguayante, Concepci\u00f3n, entre otras. La primera [&hellip;]\" class=\"yoast-seo-meta-tag\" \/>\n<meta property=\"og:url\" content=\"https:\/\/explora.cl\/biobio\/jornada-de-actualizacion-en-la-provincia-de-concepcion\/\" class=\"yoast-seo-meta-tag\" \/>\n<meta property=\"og:site_name\" content=\"Biob\u00edo\" class=\"yoast-seo-meta-tag\" \/>\n<meta property=\"article:published_time\" content=\"2015-08-02T04:00:00+00:00\" class=\"yoast-seo-meta-tag\" \/>\n<meta property=\"article:modified_time\" content=\"2019-05-20T18:32:53+00:00\" class=\"yoast-seo-meta-tag\" \/>\n<meta property=\"og:image\" content=\"https:\/\/explora.cl\/biobio\/wp-content\/uploads\/sites\/14\/2018\/06\/678c2a3a2cf80c3504597fd1025fd0cf-1024x683.jpg\" class=\"yoast-seo-meta-tag\" \/>\n\t<meta property=\"og:image:width\" content=\"1024\" class=\"yoast-seo-meta-tag\" \/>\n\t<meta property=\"og:image:height\" content=\"683\" class=\"yoast-seo-meta-tag\" \/>\n\t<meta property=\"og:image:type\" content=\"image\/jpeg\" class=\"yoast-seo-meta-tag\" \/>\n<meta name=\"author\" content=\"webman\" class=\"yoast-seo-meta-tag\" \/>\n<meta name=\"twitter:card\" content=\"summary_large_image\" class=\"yoast-seo-meta-tag\" \/>\n<meta name=\"twitter:label1\" content=\"Escrito por\" class=\"yoast-seo-meta-tag\" \/>\n\t<meta name=\"twitter:data1\" content=\"webman\" class=\"yoast-seo-meta-tag\" \/>\n\t<meta name=\"twitter:label2\" content=\"Tiempo estimado de lectura\" class=\"yoast-seo-meta-tag\" \/>\n\t<meta name=\"twitter:data2\" content=\"2 minutos\" class=\"yoast-seo-meta-tag\" \/>\n<script type=\"application\/ld+json\" class=\"yoast-schema-graph\">{\"@context\":\"https:\/\/schema.org\",\"@graph\":[{\"@type\":\"Article\",\"@id\":\"https:\/\/explora.cl\/biobio\/jornada-de-actualizacion-en-la-provincia-de-concepcion\/#article\",\"isPartOf\":{\"@id\":\"https:\/\/explora.cl\/biobio\/jornada-de-actualizacion-en-la-provincia-de-concepcion\/\"},\"author\":{\"name\":\"webman\",\"@id\":\"https:\/\/explora.cl\/biobio\/#\/schema\/person\/cb8349c13ea2d324080adf8480d7ba5d\"},\"headline\":\"Jornada de Actualizaci\u00f3n en la Provincia de Concepci\u00f3n\",\"datePublished\":\"2015-08-02T04:00:00+00:00\",\"dateModified\":\"2019-05-20T18:32:53+00:00\",\"mainEntityOfPage\":{\"@id\":\"https:\/\/explora.cl\/biobio\/jornada-de-actualizacion-en-la-provincia-de-concepcion\/\"},\"wordCount\":374,\"commentCount\":0,\"image\":{\"@id\":\"https:\/\/explora.cl\/biobio\/jornada-de-actualizacion-en-la-provincia-de-concepcion\/#primaryimage\"},\"thumbnailUrl\":\"https:\/\/explora.cl\/biobio\/wp-content\/uploads\/sites\/14\/2018\/06\/678c2a3a2cf80c3504597fd1025fd0cf.jpg\",\"keywords\":[\"CEFOP\",\"CiCAT\",\"EXPLORA Biob\u00edo\",\"UDEC\"],\"articleSection\":[\"Noticias\"],\"inLanguage\":\"es-CL\",\"potentialAction\":[{\"@type\":\"CommentAction\",\"name\":\"Comment\",\"target\":[\"https:\/\/explora.cl\/biobio\/jornada-de-actualizacion-en-la-provincia-de-concepcion\/#respond\"]}]},{\"@type\":\"WebPage\",\"@id\":\"https:\/\/explora.cl\/biobio\/jornada-de-actualizacion-en-la-provincia-de-concepcion\/\",\"url\":\"https:\/\/explora.cl\/biobio\/jornada-de-actualizacion-en-la-provincia-de-concepcion\/\",\"name\":\"Jornada de Actualizaci\u00f3n en la Provincia de Concepci\u00f3n - Biob\u00edo\",\"isPartOf\":{\"@id\":\"https:\/\/explora.cl\/biobio\/#website\"},\"primaryImageOfPage\":{\"@id\":\"https:\/\/explora.cl\/biobio\/jornada-de-actualizacion-en-la-provincia-de-concepcion\/#primaryimage\"},\"image\":{\"@id\":\"https:\/\/explora.cl\/biobio\/jornada-de-actualizacion-en-la-provincia-de-concepcion\/#primaryimage\"},\"thumbnailUrl\":\"https:\/\/explora.cl\/biobio\/wp-content\/uploads\/sites\/14\/2018\/06\/678c2a3a2cf80c3504597fd1025fd0cf.jpg\",\"datePublished\":\"2015-08-02T04:00:00+00:00\",\"dateModified\":\"2019-05-20T18:32:53+00:00\",\"author\":{\"@id\":\"https:\/\/explora.cl\/biobio\/#\/schema\/person\/cb8349c13ea2d324080adf8480d7ba5d\"},\"breadcrumb\":{\"@id\":\"https:\/\/explora.cl\/biobio\/jornada-de-actualizacion-en-la-provincia-de-concepcion\/#breadcrumb\"},\"inLanguage\":\"es-CL\",\"potentialAction\":[{\"@type\":\"ReadAction\",\"target\":[\"https:\/\/explora.cl\/biobio\/jornada-de-actualizacion-en-la-provincia-de-concepcion\/\"]}]},{\"@type\":\"ImageObject\",\"inLanguage\":\"es-CL\",\"@id\":\"https:\/\/explora.cl\/biobio\/jornada-de-actualizacion-en-la-provincia-de-concepcion\/#primaryimage\",\"url\":\"https:\/\/explora.cl\/biobio\/wp-content\/uploads\/sites\/14\/2018\/06\/678c2a3a2cf80c3504597fd1025fd0cf.jpg\",\"contentUrl\":\"https:\/\/explora.cl\/biobio\/wp-content\/uploads\/sites\/14\/2018\/06\/678c2a3a2cf80c3504597fd1025fd0cf.jpg\",\"width\":4272,\"height\":2848,\"caption\":\"Jornada de Actualizaci\u00f3n\"},{\"@type\":\"BreadcrumbList\",\"@id\":\"https:\/\/explora.cl\/biobio\/jornada-de-actualizacion-en-la-provincia-de-concepcion\/#breadcrumb\",\"itemListElement\":[{\"@type\":\"ListItem\",\"position\":1,\"name\":\"Portada\",\"item\":\"https:\/\/explora.cl\/biobio\/\"},{\"@type\":\"ListItem\",\"position\":2,\"name\":\"Jornada de Actualizaci\u00f3n en la Provincia de Concepci\u00f3n\"}]},{\"@type\":\"WebSite\",\"@id\":\"https:\/\/explora.cl\/biobio\/#website\",\"url\":\"https:\/\/explora.cl\/biobio\/\",\"name\":\"Biob\u00edo\",\"description\":\"Otro sitio m\u00e1s de explora.cl\",\"potentialAction\":[{\"@type\":\"SearchAction\",\"target\":{\"@type\":\"EntryPoint\",\"urlTemplate\":\"https:\/\/explora.cl\/biobio\/?s={search_term_string}\"},\"query-input\":{\"@type\":\"PropertyValueSpecification\",\"valueRequired\":true,\"valueName\":\"search_term_string\"}}],\"inLanguage\":\"es-CL\"},{\"@type\":\"Person\",\"@id\":\"https:\/\/explora.cl\/biobio\/#\/schema\/person\/cb8349c13ea2d324080adf8480d7ba5d\",\"name\":\"webman\",\"image\":{\"@type\":\"ImageObject\",\"inLanguage\":\"es-CL\",\"@id\":\"https:\/\/explora.cl\/biobio\/#\/schema\/person\/image\/\",\"url\":\"https:\/\/secure.gravatar.com\/avatar\/eeff3c82f2c02f7177d13663b7e6f890e9a6a0647ce9bb29cae02dcb094c7312?s=96&d=mm&r=g\",\"contentUrl\":\"https:\/\/secure.gravatar.com\/avatar\/eeff3c82f2c02f7177d13663b7e6f890e9a6a0647ce9bb29cae02dcb094c7312?s=96&d=mm&r=g\",\"caption\":\"webman\"},\"url\":\"https:\/\/explora.cl\/biobio\/author\/webman\/\"}]}<\/script>\n<!-- \/ Yoast SEO plugin. -->","yoast_head_json":{"title":"Jornada de Actualizaci\u00f3n en la Provincia de Concepci\u00f3n - Biob\u00edo","robots":{"index":"index","follow":"follow","max-snippet":"max-snippet:-1","max-image-preview":"max-image-preview:large","max-video-preview":"max-video-preview:-1"},"canonical":"https:\/\/explora.cl\/biobio\/jornada-de-actualizacion-en-la-provincia-de-concepcion\/","og_locale":"es_ES","og_type":"article","og_title":"Jornada de Actualizaci\u00f3n en la Provincia de Concepci\u00f3n - Biob\u00edo","og_description":"&nbsp; En el marco del tema del a\u00f1o EXPLORA &#8220;Conocer Ilumina&#8221; se realiz\u00f3 la \u00faltima Jornada de Actualizaci\u00f3n de Contenidos de la Provincia de Concepci\u00f3n en la dependencias de la Facultad de Farmacia de la UdeC. La instancia reuni\u00f3 a profesores de San Pedro de la Paz, Hualqui, Talcahuano, Chiguayante, Concepci\u00f3n, entre otras. La primera [&hellip;]","og_url":"https:\/\/explora.cl\/biobio\/jornada-de-actualizacion-en-la-provincia-de-concepcion\/","og_site_name":"Biob\u00edo","article_published_time":"2015-08-02T04:00:00+00:00","article_modified_time":"2019-05-20T18:32:53+00:00","og_image":[{"width":1024,"height":683,"url":"https:\/\/explora.cl\/biobio\/wp-content\/uploads\/sites\/14\/2018\/06\/678c2a3a2cf80c3504597fd1025fd0cf-1024x683.jpg","type":"image\/jpeg"}],"author":"webman","twitter_card":"summary_large_image","twitter_misc":{"Escrito por":"webman","Tiempo estimado de lectura":"2 minutos"},"schema":{"@context":"https:\/\/schema.org","@graph":[{"@type":"Article","@id":"https:\/\/explora.cl\/biobio\/jornada-de-actualizacion-en-la-provincia-de-concepcion\/#article","isPartOf":{"@id":"https:\/\/explora.cl\/biobio\/jornada-de-actualizacion-en-la-provincia-de-concepcion\/"},"author":{"name":"webman","@id":"https:\/\/explora.cl\/biobio\/#\/schema\/person\/cb8349c13ea2d324080adf8480d7ba5d"},"headline":"Jornada de Actualizaci\u00f3n en la Provincia de Concepci\u00f3n","datePublished":"2015-08-02T04:00:00+00:00","dateModified":"2019-05-20T18:32:53+00:00","mainEntityOfPage":{"@id":"https:\/\/explora.cl\/biobio\/jornada-de-actualizacion-en-la-provincia-de-concepcion\/"},"wordCount":374,"commentCount":0,"image":{"@id":"https:\/\/explora.cl\/biobio\/jornada-de-actualizacion-en-la-provincia-de-concepcion\/#primaryimage"},"thumbnailUrl":"https:\/\/explora.cl\/biobio\/wp-content\/uploads\/sites\/14\/2018\/06\/678c2a3a2cf80c3504597fd1025fd0cf.jpg","keywords":["CEFOP","CiCAT","EXPLORA Biob\u00edo","UDEC"],"articleSection":["Noticias"],"inLanguage":"es-CL","potentialAction":[{"@type":"CommentAction","name":"Comment","target":["https:\/\/explora.cl\/biobio\/jornada-de-actualizacion-en-la-provincia-de-concepcion\/#respond"]}]},{"@type":"WebPage","@id":"https:\/\/explora.cl\/biobio\/jornada-de-actualizacion-en-la-provincia-de-concepcion\/","url":"https:\/\/explora.cl\/biobio\/jornada-de-actualizacion-en-la-provincia-de-concepcion\/","name":"Jornada de Actualizaci\u00f3n en la Provincia de Concepci\u00f3n - Biob\u00edo","isPartOf":{"@id":"https:\/\/explora.cl\/biobio\/#website"},"primaryImageOfPage":{"@id":"https:\/\/explora.cl\/biobio\/jornada-de-actualizacion-en-la-provincia-de-concepcion\/#primaryimage"},"image":{"@id":"https:\/\/explora.cl\/biobio\/jornada-de-actualizacion-en-la-provincia-de-concepcion\/#primaryimage"},"thumbnailUrl":"https:\/\/explora.cl\/biobio\/wp-content\/uploads\/sites\/14\/2018\/06\/678c2a3a2cf80c3504597fd1025fd0cf.jpg","datePublished":"2015-08-02T04:00:00+00:00","dateModified":"2019-05-20T18:32:53+00:00","author":{"@id":"https:\/\/explora.cl\/biobio\/#\/schema\/person\/cb8349c13ea2d324080adf8480d7ba5d"},"breadcrumb":{"@id":"https:\/\/explora.cl\/biobio\/jornada-de-actualizacion-en-la-provincia-de-concepcion\/#breadcrumb"},"inLanguage":"es-CL","potentialAction":[{"@type":"ReadAction","target":["https:\/\/explora.cl\/biobio\/jornada-de-actualizacion-en-la-provincia-de-concepcion\/"]}]},{"@type":"ImageObject","inLanguage":"es-CL","@id":"https:\/\/explora.cl\/biobio\/jornada-de-actualizacion-en-la-provincia-de-concepcion\/#primaryimage","url":"https:\/\/explora.cl\/biobio\/wp-content\/uploads\/sites\/14\/2018\/06\/678c2a3a2cf80c3504597fd1025fd0cf.jpg","contentUrl":"https:\/\/explora.cl\/biobio\/wp-content\/uploads\/sites\/14\/2018\/06\/678c2a3a2cf80c3504597fd1025fd0cf.jpg","width":4272,"height":2848,"caption":"Jornada de Actualizaci\u00f3n"},{"@type":"BreadcrumbList","@id":"https:\/\/explora.cl\/biobio\/jornada-de-actualizacion-en-la-provincia-de-concepcion\/#breadcrumb","itemListElement":[{"@type":"ListItem","position":1,"name":"Portada","item":"https:\/\/explora.cl\/biobio\/"},{"@type":"ListItem","position":2,"name":"Jornada de Actualizaci\u00f3n en la Provincia de Concepci\u00f3n"}]},{"@type":"WebSite","@id":"https:\/\/explora.cl\/biobio\/#website","url":"https:\/\/explora.cl\/biobio\/","name":"Biob\u00edo","description":"Otro sitio m\u00e1s de explora.cl","potentialAction":[{"@type":"SearchAction","target":{"@type":"EntryPoint","urlTemplate":"https:\/\/explora.cl\/biobio\/?s={search_term_string}"},"query-input":{"@type":"PropertyValueSpecification","valueRequired":true,"valueName":"search_term_string"}}],"inLanguage":"es-CL"},{"@type":"Person","@id":"https:\/\/explora.cl\/biobio\/#\/schema\/person\/cb8349c13ea2d324080adf8480d7ba5d","name":"webman","image":{"@type":"ImageObject","inLanguage":"es-CL","@id":"https:\/\/explora.cl\/biobio\/#\/schema\/person\/image\/","url":"https:\/\/secure.gravatar.com\/avatar\/eeff3c82f2c02f7177d13663b7e6f890e9a6a0647ce9bb29cae02dcb094c7312?s=96&d=mm&r=g","contentUrl":"https:\/\/secure.gravatar.com\/avatar\/eeff3c82f2c02f7177d13663b7e6f890e9a6a0647ce9bb29cae02dcb094c7312?s=96&d=mm&r=g","caption":"webman"},"url":"https:\/\/explora.cl\/biobio\/author\/webman\/"}]}},"_links":{"self":[{"href":"https:\/\/explora.cl\/biobio\/wp-json\/wp\/v2\/posts\/774","targetHints":{"allow":["GET"]}}],"collection":[{"href":"https:\/\/explora.cl\/biobio\/wp-json\/wp\/v2\/posts"}],"about":[{"href":"https:\/\/explora.cl\/biobio\/wp-json\/wp\/v2\/types\/post"}],"author":[{"embeddable":true,"href":"https:\/\/explora.cl\/biobio\/wp-json\/wp\/v2\/users\/2"}],"replies":[{"embeddable":true,"href":"https:\/\/explora.cl\/biobio\/wp-json\/wp\/v2\/comments?post=774"}],"version-history":[{"count":1,"href":"https:\/\/explora.cl\/biobio\/wp-json\/wp\/v2\/posts\/774\/revisions"}],"predecessor-version":[{"id":37879,"href":"https:\/\/explora.cl\/biobio\/wp-json\/wp\/v2\/posts\/774\/revisions\/37879"}],"wp:featuredmedia":[{"embeddable":true,"href":"https:\/\/explora.cl\/biobio\/wp-json\/wp\/v2\/media\/775"}],"wp:attachment":[{"href":"https:\/\/explora.cl\/biobio\/wp-json\/wp\/v2\/media?parent=774"}],"wp:term":[{"taxonomy":"category","embeddable":true,"href":"https:\/\/explora.cl\/biobio\/wp-json\/wp\/v2\/categories?post=774"},{"taxonomy":"post_tag","embeddable":true,"href":"https:\/\/explora.cl\/biobio\/wp-json\/wp\/v2\/tags?post=774"}],"curies":[{"name":"wp","href":"https:\/\/api.w.org\/{rel}","templated":true}]}}