{"id":770,"date":"2015-07-27T00:00:00","date_gmt":"2015-07-27T04:00:00","guid":{"rendered":"https:\/\/explora.cl\/biobio\/blog\/2015\/07\/27\/cafe-cientifico-relatos-sobre-arte-y-ciencia-una-convivencia-feliz\/"},"modified":"2019-05-20T18:32:55","modified_gmt":"2019-05-20T18:32:55","slug":"cafe-cientifico-relatos-sobre-arte-y-ciencia-una-convivencia-feliz","status":"publish","type":"post","link":"https:\/\/explora.cl\/biobio\/cafe-cientifico-relatos-sobre-arte-y-ciencia-una-convivencia-feliz\/","title":{"rendered":"Caf\u00e9 cient\u00edfico: Relatos sobre arte y ciencia, una convivencia feliz"},"content":{"rendered":"<p><img fetchpriority=\"high\" decoding=\"async\" class=\" size-full wp-image-13279\" src=\"http:\/\/ec2-34-218-253-251.us-west-2.compute.amazonaws.com\/wp-content\/uploads\/2015\/07\/8c00d95b688e8f201388f7cdbaf5aa47.jpg\" alt=\"\" width=\"960\" height=\"768\" \/><\/p>\n<p>El Centro Biotecnolog\u00eda UdeC, PAR Explora Biob\u00edo y la Direcci\u00f3n deExtensi\u00f3n UdeC, invitan al Caf\u00e9 Cient\u00edfico &#8220;Relatos sobre arte y ciencia, una convivencia feliz&#8221;, el pr\u00f3ximo jueves 30 de julio, 19:00 hrs. en la Pinacoteca de la Universidad de Concepci\u00f3n.<\/p>\n<p style=\"text-align: justify\">En este caf\u00e9, conversaremos con dos destacados investigadores que han realizado interesantes experiencias entre ciencia y arte, tanto en el \u00e1mbito de la ilustraci\u00f3n de la biodiversidad como en astronom\u00eda y literatura. La Dra. Fernanda Oyarz\u00fan, ilustradora cient\u00edfica, escultora, ceramista, e investigadora de la Facultad de Ciencias Naturales y Oceanogr\u00e1ficas Universidad de Concepci\u00f3n, y el Dr. Ronald Mennickent, astr\u00f3nomo e investigador del Departamento de Astronom\u00eda de la UdeC.<\/p>\n<p style=\"text-align: justify\">&#8220;Aquello que mantiene \u00edntimamente unida a la naturaleza&#8221;, esa b\u00fasqueda incesante de Goethe a trav\u00e9s de la poes\u00eda, la \u00f3ptica, la geolog\u00eda y la literatura, refleja en parte el esp\u00edritu renacentista compartido con figuras como Da Vinci, Wallace y contempor\u00e1neos como Brian May (Queen).<\/p>\n<p style=\"text-align: justify\">No es necesario apartarse en la historia o el territorio, la interacci\u00f3n arte-ciencia est\u00e1 m\u00e1s presente y vigente que nunca, en \u00e1mbitos aparentemente distantes, pero que comparten la creatividad como motor esencial.<\/p>\n<p style=\"text-align: justify\">&#8220;Entre ciencia y arte no veo fractura, no veo diferencias, distancia&#8230; Para m\u00ed, arte y ciencia en el sentido amplio, ya sea human\u00edstica o cient\u00edfica, son expresiones del ser humano como ser pensante y de nuestra cultura y conocimiento. Forman parte de la misma esfera.&#8221; Fabiola Gianotti, F\u00edsica italiana que present\u00f3 el descubrimiento del Bos\u00f3n de Higgs y directora del Laboratorio Europeo de F\u00edsica de Part\u00edculas CERN.<\/p>\n<p style=\"text-align: justify\">\u00bfCu\u00e1n apartados est\u00e1n el arte y la ciencia? \u00bfd\u00f3nde observamos esa fusi\u00f3n y qu\u00e9 impactos puede tener? \u00bfse promueve hoy en d\u00eda una mirada m\u00e1s completa del fen\u00f3meno de la cultura, donde por cierto conviven el arte y la ciencia?<\/p>\n<p style=\"text-align: justify\">Caf\u00e9 abierto a todo p\u00fablico e ideas, como siempre, con una dosis de cafe\u00edna gratuita y de calidad. \u00a1Los esperamos!<\/p>\n<p>&nbsp;<\/p>\n","protected":false},"excerpt":{"rendered":"<p>El Centro Biotecnolog\u00eda UdeC, PAR Explora Biob\u00edo y la Direcci\u00f3n deExtensi\u00f3n UdeC, invitan al Caf\u00e9 Cient\u00edfico &#8220;Relatos sobre arte y ciencia, una convivencia feliz&#8221;, el pr\u00f3ximo jueves 30 de julio, 19:00 hrs. en la Pinacoteca de la Universidad de Concepci\u00f3n. En este caf\u00e9, conversaremos con dos destacados investigadores que han realizado interesantes experiencias entre ciencia [&hellip;]<\/p>\n","protected":false},"author":2,"featured_media":771,"comment_status":"open","ping_status":"open","sticky":false,"template":"","format":"standard","meta":{"_acf_changed":false,"_exactmetrics_skip_tracking":false,"_exactmetrics_sitenote_active":false,"_exactmetrics_sitenote_note":"","_exactmetrics_sitenote_category":0,"footnotes":"","_links_to":"","_links_to_target":""},"categories":[4],"tags":[167],"class_list":["post-770","post","type-post","status-publish","format-standard","has-post-thumbnail","hentry","category-noticias","tag-arte"],"acf":[],"yoast_head":"<!-- This site is optimized with the Yoast SEO plugin v26.9 - https:\/\/yoast.com\/product\/yoast-seo-wordpress\/ -->\n<title>Caf\u00e9 cient\u00edfico: Relatos sobre arte y ciencia, una convivencia feliz - Biob\u00edo<\/title>\n<meta name=\"robots\" content=\"index, follow, max-snippet:-1, max-image-preview:large, max-video-preview:-1\" \/>\n<link rel=\"canonical\" href=\"https:\/\/explora.cl\/biobio\/cafe-cientifico-relatos-sobre-arte-y-ciencia-una-convivencia-feliz\/\" class=\"yoast-seo-meta-tag\" \/>\n<meta property=\"og:locale\" content=\"es_ES\" class=\"yoast-seo-meta-tag\" \/>\n<meta property=\"og:type\" content=\"article\" class=\"yoast-seo-meta-tag\" \/>\n<meta property=\"og:title\" content=\"Caf\u00e9 cient\u00edfico: Relatos sobre arte y ciencia, una convivencia feliz - Biob\u00edo\" class=\"yoast-seo-meta-tag\" \/>\n<meta property=\"og:description\" content=\"El Centro Biotecnolog\u00eda UdeC, PAR Explora Biob\u00edo y la Direcci\u00f3n deExtensi\u00f3n UdeC, invitan al Caf\u00e9 Cient\u00edfico &#8220;Relatos sobre arte y ciencia, una convivencia feliz&#8221;, el pr\u00f3ximo jueves 30 de julio, 19:00 hrs. en la Pinacoteca de la Universidad de Concepci\u00f3n. En este caf\u00e9, conversaremos con dos destacados investigadores que han realizado interesantes experiencias entre ciencia [&hellip;]\" class=\"yoast-seo-meta-tag\" \/>\n<meta property=\"og:url\" content=\"https:\/\/explora.cl\/biobio\/cafe-cientifico-relatos-sobre-arte-y-ciencia-una-convivencia-feliz\/\" class=\"yoast-seo-meta-tag\" \/>\n<meta property=\"og:site_name\" content=\"Biob\u00edo\" class=\"yoast-seo-meta-tag\" \/>\n<meta property=\"article:published_time\" content=\"2015-07-27T04:00:00+00:00\" class=\"yoast-seo-meta-tag\" \/>\n<meta property=\"article:modified_time\" content=\"2019-05-20T18:32:55+00:00\" class=\"yoast-seo-meta-tag\" \/>\n<meta property=\"og:image\" content=\"https:\/\/explora.cl\/biobio\/wp-content\/uploads\/sites\/14\/2018\/06\/8c00d95b688e8f201388f7cdbaf5aa47.jpg\" class=\"yoast-seo-meta-tag\" \/>\n\t<meta property=\"og:image:width\" content=\"960\" class=\"yoast-seo-meta-tag\" \/>\n\t<meta property=\"og:image:height\" content=\"768\" class=\"yoast-seo-meta-tag\" \/>\n\t<meta property=\"og:image:type\" content=\"image\/jpeg\" class=\"yoast-seo-meta-tag\" \/>\n<meta name=\"author\" content=\"webman\" class=\"yoast-seo-meta-tag\" \/>\n<meta name=\"twitter:card\" content=\"summary_large_image\" class=\"yoast-seo-meta-tag\" \/>\n<meta name=\"twitter:label1\" content=\"Escrito por\" class=\"yoast-seo-meta-tag\" \/>\n\t<meta name=\"twitter:data1\" content=\"webman\" class=\"yoast-seo-meta-tag\" \/>\n\t<meta name=\"twitter:label2\" content=\"Tiempo estimado de lectura\" class=\"yoast-seo-meta-tag\" \/>\n\t<meta name=\"twitter:data2\" content=\"2 minutos\" class=\"yoast-seo-meta-tag\" \/>\n<script type=\"application\/ld+json\" class=\"yoast-schema-graph\">{\"@context\":\"https:\/\/schema.org\",\"@graph\":[{\"@type\":\"Article\",\"@id\":\"https:\/\/explora.cl\/biobio\/cafe-cientifico-relatos-sobre-arte-y-ciencia-una-convivencia-feliz\/#article\",\"isPartOf\":{\"@id\":\"https:\/\/explora.cl\/biobio\/cafe-cientifico-relatos-sobre-arte-y-ciencia-una-convivencia-feliz\/\"},\"author\":{\"name\":\"webman\",\"@id\":\"https:\/\/explora.cl\/biobio\/#\/schema\/person\/cb8349c13ea2d324080adf8480d7ba5d\"},\"headline\":\"Caf\u00e9 cient\u00edfico: Relatos sobre arte y ciencia, una convivencia feliz\",\"datePublished\":\"2015-07-27T04:00:00+00:00\",\"dateModified\":\"2019-05-20T18:32:55+00:00\",\"mainEntityOfPage\":{\"@id\":\"https:\/\/explora.cl\/biobio\/cafe-cientifico-relatos-sobre-arte-y-ciencia-una-convivencia-feliz\/\"},\"wordCount\":359,\"commentCount\":0,\"image\":{\"@id\":\"https:\/\/explora.cl\/biobio\/cafe-cientifico-relatos-sobre-arte-y-ciencia-una-convivencia-feliz\/#primaryimage\"},\"thumbnailUrl\":\"https:\/\/explora.cl\/biobio\/wp-content\/uploads\/sites\/14\/2018\/06\/8c00d95b688e8f201388f7cdbaf5aa47.jpg\",\"keywords\":[\"arte\"],\"articleSection\":[\"Noticias\"],\"inLanguage\":\"es-CL\",\"potentialAction\":[{\"@type\":\"CommentAction\",\"name\":\"Comment\",\"target\":[\"https:\/\/explora.cl\/biobio\/cafe-cientifico-relatos-sobre-arte-y-ciencia-una-convivencia-feliz\/#respond\"]}]},{\"@type\":\"WebPage\",\"@id\":\"https:\/\/explora.cl\/biobio\/cafe-cientifico-relatos-sobre-arte-y-ciencia-una-convivencia-feliz\/\",\"url\":\"https:\/\/explora.cl\/biobio\/cafe-cientifico-relatos-sobre-arte-y-ciencia-una-convivencia-feliz\/\",\"name\":\"Caf\u00e9 cient\u00edfico: Relatos sobre arte y ciencia, una convivencia feliz - Biob\u00edo\",\"isPartOf\":{\"@id\":\"https:\/\/explora.cl\/biobio\/#website\"},\"primaryImageOfPage\":{\"@id\":\"https:\/\/explora.cl\/biobio\/cafe-cientifico-relatos-sobre-arte-y-ciencia-una-convivencia-feliz\/#primaryimage\"},\"image\":{\"@id\":\"https:\/\/explora.cl\/biobio\/cafe-cientifico-relatos-sobre-arte-y-ciencia-una-convivencia-feliz\/#primaryimage\"},\"thumbnailUrl\":\"https:\/\/explora.cl\/biobio\/wp-content\/uploads\/sites\/14\/2018\/06\/8c00d95b688e8f201388f7cdbaf5aa47.jpg\",\"datePublished\":\"2015-07-27T04:00:00+00:00\",\"dateModified\":\"2019-05-20T18:32:55+00:00\",\"author\":{\"@id\":\"https:\/\/explora.cl\/biobio\/#\/schema\/person\/cb8349c13ea2d324080adf8480d7ba5d\"},\"breadcrumb\":{\"@id\":\"https:\/\/explora.cl\/biobio\/cafe-cientifico-relatos-sobre-arte-y-ciencia-una-convivencia-feliz\/#breadcrumb\"},\"inLanguage\":\"es-CL\",\"potentialAction\":[{\"@type\":\"ReadAction\",\"target\":[\"https:\/\/explora.cl\/biobio\/cafe-cientifico-relatos-sobre-arte-y-ciencia-una-convivencia-feliz\/\"]}]},{\"@type\":\"ImageObject\",\"inLanguage\":\"es-CL\",\"@id\":\"https:\/\/explora.cl\/biobio\/cafe-cientifico-relatos-sobre-arte-y-ciencia-una-convivencia-feliz\/#primaryimage\",\"url\":\"https:\/\/explora.cl\/biobio\/wp-content\/uploads\/sites\/14\/2018\/06\/8c00d95b688e8f201388f7cdbaf5aa47.jpg\",\"contentUrl\":\"https:\/\/explora.cl\/biobio\/wp-content\/uploads\/sites\/14\/2018\/06\/8c00d95b688e8f201388f7cdbaf5aa47.jpg\",\"width\":960,\"height\":768},{\"@type\":\"BreadcrumbList\",\"@id\":\"https:\/\/explora.cl\/biobio\/cafe-cientifico-relatos-sobre-arte-y-ciencia-una-convivencia-feliz\/#breadcrumb\",\"itemListElement\":[{\"@type\":\"ListItem\",\"position\":1,\"name\":\"Portada\",\"item\":\"https:\/\/explora.cl\/biobio\/\"},{\"@type\":\"ListItem\",\"position\":2,\"name\":\"Caf\u00e9 cient\u00edfico: Relatos sobre arte y ciencia, una convivencia feliz\"}]},{\"@type\":\"WebSite\",\"@id\":\"https:\/\/explora.cl\/biobio\/#website\",\"url\":\"https:\/\/explora.cl\/biobio\/\",\"name\":\"Biob\u00edo\",\"description\":\"Otro sitio m\u00e1s de explora.cl\",\"potentialAction\":[{\"@type\":\"SearchAction\",\"target\":{\"@type\":\"EntryPoint\",\"urlTemplate\":\"https:\/\/explora.cl\/biobio\/?s={search_term_string}\"},\"query-input\":{\"@type\":\"PropertyValueSpecification\",\"valueRequired\":true,\"valueName\":\"search_term_string\"}}],\"inLanguage\":\"es-CL\"},{\"@type\":\"Person\",\"@id\":\"https:\/\/explora.cl\/biobio\/#\/schema\/person\/cb8349c13ea2d324080adf8480d7ba5d\",\"name\":\"webman\",\"image\":{\"@type\":\"ImageObject\",\"inLanguage\":\"es-CL\",\"@id\":\"https:\/\/explora.cl\/biobio\/#\/schema\/person\/image\/\",\"url\":\"https:\/\/secure.gravatar.com\/avatar\/eeff3c82f2c02f7177d13663b7e6f890e9a6a0647ce9bb29cae02dcb094c7312?s=96&d=mm&r=g\",\"contentUrl\":\"https:\/\/secure.gravatar.com\/avatar\/eeff3c82f2c02f7177d13663b7e6f890e9a6a0647ce9bb29cae02dcb094c7312?s=96&d=mm&r=g\",\"caption\":\"webman\"},\"url\":\"https:\/\/explora.cl\/biobio\/author\/webman\/\"}]}<\/script>\n<!-- \/ Yoast SEO plugin. -->","yoast_head_json":{"title":"Caf\u00e9 cient\u00edfico: Relatos sobre arte y ciencia, una convivencia feliz - Biob\u00edo","robots":{"index":"index","follow":"follow","max-snippet":"max-snippet:-1","max-image-preview":"max-image-preview:large","max-video-preview":"max-video-preview:-1"},"canonical":"https:\/\/explora.cl\/biobio\/cafe-cientifico-relatos-sobre-arte-y-ciencia-una-convivencia-feliz\/","og_locale":"es_ES","og_type":"article","og_title":"Caf\u00e9 cient\u00edfico: Relatos sobre arte y ciencia, una convivencia feliz - Biob\u00edo","og_description":"El Centro Biotecnolog\u00eda UdeC, PAR Explora Biob\u00edo y la Direcci\u00f3n deExtensi\u00f3n UdeC, invitan al Caf\u00e9 Cient\u00edfico &#8220;Relatos sobre arte y ciencia, una convivencia feliz&#8221;, el pr\u00f3ximo jueves 30 de julio, 19:00 hrs. en la Pinacoteca de la Universidad de Concepci\u00f3n. En este caf\u00e9, conversaremos con dos destacados investigadores que han realizado interesantes experiencias entre ciencia [&hellip;]","og_url":"https:\/\/explora.cl\/biobio\/cafe-cientifico-relatos-sobre-arte-y-ciencia-una-convivencia-feliz\/","og_site_name":"Biob\u00edo","article_published_time":"2015-07-27T04:00:00+00:00","article_modified_time":"2019-05-20T18:32:55+00:00","og_image":[{"width":960,"height":768,"url":"https:\/\/explora.cl\/biobio\/wp-content\/uploads\/sites\/14\/2018\/06\/8c00d95b688e8f201388f7cdbaf5aa47.jpg","type":"image\/jpeg"}],"author":"webman","twitter_card":"summary_large_image","twitter_misc":{"Escrito por":"webman","Tiempo estimado de lectura":"2 minutos"},"schema":{"@context":"https:\/\/schema.org","@graph":[{"@type":"Article","@id":"https:\/\/explora.cl\/biobio\/cafe-cientifico-relatos-sobre-arte-y-ciencia-una-convivencia-feliz\/#article","isPartOf":{"@id":"https:\/\/explora.cl\/biobio\/cafe-cientifico-relatos-sobre-arte-y-ciencia-una-convivencia-feliz\/"},"author":{"name":"webman","@id":"https:\/\/explora.cl\/biobio\/#\/schema\/person\/cb8349c13ea2d324080adf8480d7ba5d"},"headline":"Caf\u00e9 cient\u00edfico: Relatos sobre arte y ciencia, una convivencia feliz","datePublished":"2015-07-27T04:00:00+00:00","dateModified":"2019-05-20T18:32:55+00:00","mainEntityOfPage":{"@id":"https:\/\/explora.cl\/biobio\/cafe-cientifico-relatos-sobre-arte-y-ciencia-una-convivencia-feliz\/"},"wordCount":359,"commentCount":0,"image":{"@id":"https:\/\/explora.cl\/biobio\/cafe-cientifico-relatos-sobre-arte-y-ciencia-una-convivencia-feliz\/#primaryimage"},"thumbnailUrl":"https:\/\/explora.cl\/biobio\/wp-content\/uploads\/sites\/14\/2018\/06\/8c00d95b688e8f201388f7cdbaf5aa47.jpg","keywords":["arte"],"articleSection":["Noticias"],"inLanguage":"es-CL","potentialAction":[{"@type":"CommentAction","name":"Comment","target":["https:\/\/explora.cl\/biobio\/cafe-cientifico-relatos-sobre-arte-y-ciencia-una-convivencia-feliz\/#respond"]}]},{"@type":"WebPage","@id":"https:\/\/explora.cl\/biobio\/cafe-cientifico-relatos-sobre-arte-y-ciencia-una-convivencia-feliz\/","url":"https:\/\/explora.cl\/biobio\/cafe-cientifico-relatos-sobre-arte-y-ciencia-una-convivencia-feliz\/","name":"Caf\u00e9 cient\u00edfico: Relatos sobre arte y ciencia, una convivencia feliz - Biob\u00edo","isPartOf":{"@id":"https:\/\/explora.cl\/biobio\/#website"},"primaryImageOfPage":{"@id":"https:\/\/explora.cl\/biobio\/cafe-cientifico-relatos-sobre-arte-y-ciencia-una-convivencia-feliz\/#primaryimage"},"image":{"@id":"https:\/\/explora.cl\/biobio\/cafe-cientifico-relatos-sobre-arte-y-ciencia-una-convivencia-feliz\/#primaryimage"},"thumbnailUrl":"https:\/\/explora.cl\/biobio\/wp-content\/uploads\/sites\/14\/2018\/06\/8c00d95b688e8f201388f7cdbaf5aa47.jpg","datePublished":"2015-07-27T04:00:00+00:00","dateModified":"2019-05-20T18:32:55+00:00","author":{"@id":"https:\/\/explora.cl\/biobio\/#\/schema\/person\/cb8349c13ea2d324080adf8480d7ba5d"},"breadcrumb":{"@id":"https:\/\/explora.cl\/biobio\/cafe-cientifico-relatos-sobre-arte-y-ciencia-una-convivencia-feliz\/#breadcrumb"},"inLanguage":"es-CL","potentialAction":[{"@type":"ReadAction","target":["https:\/\/explora.cl\/biobio\/cafe-cientifico-relatos-sobre-arte-y-ciencia-una-convivencia-feliz\/"]}]},{"@type":"ImageObject","inLanguage":"es-CL","@id":"https:\/\/explora.cl\/biobio\/cafe-cientifico-relatos-sobre-arte-y-ciencia-una-convivencia-feliz\/#primaryimage","url":"https:\/\/explora.cl\/biobio\/wp-content\/uploads\/sites\/14\/2018\/06\/8c00d95b688e8f201388f7cdbaf5aa47.jpg","contentUrl":"https:\/\/explora.cl\/biobio\/wp-content\/uploads\/sites\/14\/2018\/06\/8c00d95b688e8f201388f7cdbaf5aa47.jpg","width":960,"height":768},{"@type":"BreadcrumbList","@id":"https:\/\/explora.cl\/biobio\/cafe-cientifico-relatos-sobre-arte-y-ciencia-una-convivencia-feliz\/#breadcrumb","itemListElement":[{"@type":"ListItem","position":1,"name":"Portada","item":"https:\/\/explora.cl\/biobio\/"},{"@type":"ListItem","position":2,"name":"Caf\u00e9 cient\u00edfico: Relatos sobre arte y ciencia, una convivencia feliz"}]},{"@type":"WebSite","@id":"https:\/\/explora.cl\/biobio\/#website","url":"https:\/\/explora.cl\/biobio\/","name":"Biob\u00edo","description":"Otro sitio m\u00e1s de explora.cl","potentialAction":[{"@type":"SearchAction","target":{"@type":"EntryPoint","urlTemplate":"https:\/\/explora.cl\/biobio\/?s={search_term_string}"},"query-input":{"@type":"PropertyValueSpecification","valueRequired":true,"valueName":"search_term_string"}}],"inLanguage":"es-CL"},{"@type":"Person","@id":"https:\/\/explora.cl\/biobio\/#\/schema\/person\/cb8349c13ea2d324080adf8480d7ba5d","name":"webman","image":{"@type":"ImageObject","inLanguage":"es-CL","@id":"https:\/\/explora.cl\/biobio\/#\/schema\/person\/image\/","url":"https:\/\/secure.gravatar.com\/avatar\/eeff3c82f2c02f7177d13663b7e6f890e9a6a0647ce9bb29cae02dcb094c7312?s=96&d=mm&r=g","contentUrl":"https:\/\/secure.gravatar.com\/avatar\/eeff3c82f2c02f7177d13663b7e6f890e9a6a0647ce9bb29cae02dcb094c7312?s=96&d=mm&r=g","caption":"webman"},"url":"https:\/\/explora.cl\/biobio\/author\/webman\/"}]}},"_links":{"self":[{"href":"https:\/\/explora.cl\/biobio\/wp-json\/wp\/v2\/posts\/770","targetHints":{"allow":["GET"]}}],"collection":[{"href":"https:\/\/explora.cl\/biobio\/wp-json\/wp\/v2\/posts"}],"about":[{"href":"https:\/\/explora.cl\/biobio\/wp-json\/wp\/v2\/types\/post"}],"author":[{"embeddable":true,"href":"https:\/\/explora.cl\/biobio\/wp-json\/wp\/v2\/users\/2"}],"replies":[{"embeddable":true,"href":"https:\/\/explora.cl\/biobio\/wp-json\/wp\/v2\/comments?post=770"}],"version-history":[{"count":1,"href":"https:\/\/explora.cl\/biobio\/wp-json\/wp\/v2\/posts\/770\/revisions"}],"predecessor-version":[{"id":37883,"href":"https:\/\/explora.cl\/biobio\/wp-json\/wp\/v2\/posts\/770\/revisions\/37883"}],"wp:featuredmedia":[{"embeddable":true,"href":"https:\/\/explora.cl\/biobio\/wp-json\/wp\/v2\/media\/771"}],"wp:attachment":[{"href":"https:\/\/explora.cl\/biobio\/wp-json\/wp\/v2\/media?parent=770"}],"wp:term":[{"taxonomy":"category","embeddable":true,"href":"https:\/\/explora.cl\/biobio\/wp-json\/wp\/v2\/categories?post=770"},{"taxonomy":"post_tag","embeddable":true,"href":"https:\/\/explora.cl\/biobio\/wp-json\/wp\/v2\/tags?post=770"}],"curies":[{"name":"wp","href":"https:\/\/api.w.org\/{rel}","templated":true}]}}