{"id":764,"date":"2015-07-14T00:00:00","date_gmt":"2015-07-14T04:00:00","guid":{"rendered":"https:\/\/explora.cl\/biobio\/blog\/2015\/07\/14\/4ta-cartelera-de-invierno-de-astroudec\/"},"modified":"2019-05-20T18:32:55","modified_gmt":"2019-05-20T18:32:55","slug":"4ta-cartelera-de-invierno-de-astroudec","status":"publish","type":"post","link":"https:\/\/explora.cl\/biobio\/4ta-cartelera-de-invierno-de-astroudec\/","title":{"rendered":"4ta Cartelera de invierno de AstroUdeC"},"content":{"rendered":"<p><img fetchpriority=\"high\" decoding=\"async\" class=\" size-full wp-image-13034\" src=\"http:\/\/ec2-34-218-253-251.us-west-2.compute.amazonaws.com\/wp-content\/uploads\/2015\/07\/3edddbcebcebb8e886af44b12182893e.jpg\" alt=\"\" width=\"960\" height=\"720\" \/><\/p>\n<p>&nbsp;<\/p>\n<div style=\"text-align: justify\">El Departamento de Astronom\u00eda de la Universidad de Concepci\u00f3n est\u00e1 desarrollando la 4ta Cartelera de Invierno AstroUdeC. La que se extender\u00e1 desde el 6 hasta el 26 de julio en las dependencias de la UdeC, Biblioteca Viva del Mall Plaza El Tr\u00e9bol y Centro Interactivo de Ciencias, Artes y Tecnolog\u00eda CiCAT. Con el objetivo de encantar y educar a las nuevas generaciones acerca de los misterios del Universo.&nbsp;<\/div>\n<div style=\"text-align: justify\">&nbsp;<\/div>\n<div style=\"text-align: justify\">El martes 14 y mi\u00e9rcoles 15 de julio se realizar\u00e1n 3 &nbsp;talleres gratuitos, para todo p\u00fablico, denominados \u201cStellarium\u201d, \u201cChoque de galaxias\u201d y \u201cEl Secreto de la Luz\u201d. &nbsp;Para acceder a la actividad, es necesario inscribirse en <a href=\"mailto:departamento.astronomia@gmail.com\">departamento.astronomia@gmail.com<\/a> &nbsp;o llamar al fono 2207246, ya que los cupos son limitados. La iniciativa ser\u00e1 finalizada por la charla \u201cCosmovisi\u00f3n de nuestros ancestros\u201d en las dependencias del edificio nuevo de astronom\u00eda ubicado frente a la \u201cLaguna de los Patos\u201d en la UdeC.&nbsp;<\/div>\n<div style=\"text-align: justify\">&nbsp;<\/div>\n<div style=\"text-align: justify\">Mientras que la \u201cCartelera\u201d del 21 a 26 de julio se traslada hasta el Centro Interactivo de Ciencias, Artes y Tecnolog\u00edas (CiCAT), donde el Planetario &nbsp;\u201cCielo a su Lado\u201d ofrecer\u00e1 5 sesiones diarias a partir de las 15:00 horas. Para acceder a la actividad que ense\u00f1a el Universo es necesario visitar el Centro ubicado en Av. Cordillera 3624, sector Lagunillas, Coronel. En lugar se deben dirigir hasta recepci\u00f3n para preinscribirse y asegurar el cupo.&nbsp;<\/div>\n<div style=\"text-align: justify\">&nbsp;<\/div>\n<div style=\"text-align: justify\">Otras acciones realizadas en el marco de la cartelera de AstroUdeC fueron los talleres astronom\u00eda para ni\u00f1os\/as entre 4 a 14 a\u00f1os de edad, algunos de ellos fueron \u201cSistemas Solar\u201d, \u201cFormando estrellas con las manos\u201d, \u201cReloj de Sol\u201d y\u201cFases Lunares\u201d, los que fueron realizados por elgrupo EDA conformado por estudiantes de astronom\u00edas.<\/div>\n<div style=\"text-align: justify\">&nbsp;<\/div>\n<div style=\"text-align: justify\">Tambi\u00e9n, el s\u00e1bado 11 de julio se realiz\u00f3 la Feria Astron\u00f3mica en el Mall Plaza Tr\u00e9bol, la jornada cont\u00f3 con una muestra gr\u00e1fica de \u201cLa Tierra al Universo\u201d y 7 stand que entregaban &nbsp;informaci\u00f3n acerca de evoluci\u00f3n estelar, telescopios, agujeros negros y planetas.&nbsp;<\/div>\n<div>&nbsp;<\/div>\n<p>&nbsp;<\/p>\n","protected":false},"excerpt":{"rendered":"<p>&nbsp; El Departamento de Astronom\u00eda de la Universidad de Concepci\u00f3n est\u00e1 desarrollando la 4ta Cartelera de Invierno AstroUdeC. La que se extender\u00e1 desde el 6 hasta el 26 de julio en las dependencias de la UdeC, Biblioteca Viva del Mall Plaza El Tr\u00e9bol y Centro Interactivo de Ciencias, Artes y Tecnolog\u00eda CiCAT. Con el objetivo [&hellip;]<\/p>\n","protected":false},"author":2,"featured_media":765,"comment_status":"open","ping_status":"open","sticky":false,"template":"","format":"standard","meta":{"_acf_changed":false,"_exactmetrics_skip_tracking":false,"_exactmetrics_sitenote_active":false,"_exactmetrics_sitenote_note":"","_exactmetrics_sitenote_category":0,"footnotes":"","_links_to":"","_links_to_target":""},"categories":[4],"tags":[164,157],"class_list":["post-764","post","type-post","status-publish","format-standard","has-post-thumbnail","hentry","category-noticias","tag-astronomia","tag-explora-biobio"],"acf":[],"yoast_head":"<!-- This site is optimized with the Yoast SEO plugin v26.9 - https:\/\/yoast.com\/product\/yoast-seo-wordpress\/ -->\n<title>4ta Cartelera de invierno de AstroUdeC - Biob\u00edo<\/title>\n<meta name=\"robots\" content=\"index, follow, max-snippet:-1, max-image-preview:large, max-video-preview:-1\" \/>\n<link rel=\"canonical\" href=\"https:\/\/explora.cl\/biobio\/4ta-cartelera-de-invierno-de-astroudec\/\" class=\"yoast-seo-meta-tag\" \/>\n<meta property=\"og:locale\" content=\"es_ES\" class=\"yoast-seo-meta-tag\" \/>\n<meta property=\"og:type\" content=\"article\" class=\"yoast-seo-meta-tag\" \/>\n<meta property=\"og:title\" content=\"4ta Cartelera de invierno de AstroUdeC - Biob\u00edo\" class=\"yoast-seo-meta-tag\" \/>\n<meta property=\"og:description\" content=\"&nbsp; El Departamento de Astronom\u00eda de la Universidad de Concepci\u00f3n est\u00e1 desarrollando la 4ta Cartelera de Invierno AstroUdeC. La que se extender\u00e1 desde el 6 hasta el 26 de julio en las dependencias de la UdeC, Biblioteca Viva del Mall Plaza El Tr\u00e9bol y Centro Interactivo de Ciencias, Artes y Tecnolog\u00eda CiCAT. Con el objetivo [&hellip;]\" class=\"yoast-seo-meta-tag\" \/>\n<meta property=\"og:url\" content=\"https:\/\/explora.cl\/biobio\/4ta-cartelera-de-invierno-de-astroudec\/\" class=\"yoast-seo-meta-tag\" \/>\n<meta property=\"og:site_name\" content=\"Biob\u00edo\" class=\"yoast-seo-meta-tag\" \/>\n<meta property=\"article:published_time\" content=\"2015-07-14T04:00:00+00:00\" class=\"yoast-seo-meta-tag\" \/>\n<meta property=\"article:modified_time\" content=\"2019-05-20T18:32:55+00:00\" class=\"yoast-seo-meta-tag\" \/>\n<meta property=\"og:image\" content=\"https:\/\/explora.cl\/biobio\/wp-content\/uploads\/sites\/14\/2018\/06\/3edddbcebcebb8e886af44b12182893e.jpg\" class=\"yoast-seo-meta-tag\" \/>\n\t<meta property=\"og:image:width\" content=\"960\" class=\"yoast-seo-meta-tag\" \/>\n\t<meta property=\"og:image:height\" content=\"720\" class=\"yoast-seo-meta-tag\" \/>\n\t<meta property=\"og:image:type\" content=\"image\/jpeg\" class=\"yoast-seo-meta-tag\" \/>\n<meta name=\"author\" content=\"webman\" class=\"yoast-seo-meta-tag\" \/>\n<meta name=\"twitter:card\" content=\"summary_large_image\" class=\"yoast-seo-meta-tag\" \/>\n<meta name=\"twitter:label1\" content=\"Escrito por\" class=\"yoast-seo-meta-tag\" \/>\n\t<meta name=\"twitter:data1\" content=\"webman\" class=\"yoast-seo-meta-tag\" \/>\n\t<meta name=\"twitter:label2\" content=\"Tiempo estimado de lectura\" class=\"yoast-seo-meta-tag\" \/>\n\t<meta name=\"twitter:data2\" content=\"2 minutos\" class=\"yoast-seo-meta-tag\" \/>\n<script type=\"application\/ld+json\" class=\"yoast-schema-graph\">{\"@context\":\"https:\/\/schema.org\",\"@graph\":[{\"@type\":\"Article\",\"@id\":\"https:\/\/explora.cl\/biobio\/4ta-cartelera-de-invierno-de-astroudec\/#article\",\"isPartOf\":{\"@id\":\"https:\/\/explora.cl\/biobio\/4ta-cartelera-de-invierno-de-astroudec\/\"},\"author\":{\"name\":\"webman\",\"@id\":\"https:\/\/explora.cl\/biobio\/#\/schema\/person\/cb8349c13ea2d324080adf8480d7ba5d\"},\"headline\":\"4ta Cartelera de invierno de AstroUdeC\",\"datePublished\":\"2015-07-14T04:00:00+00:00\",\"dateModified\":\"2019-05-20T18:32:55+00:00\",\"mainEntityOfPage\":{\"@id\":\"https:\/\/explora.cl\/biobio\/4ta-cartelera-de-invierno-de-astroudec\/\"},\"wordCount\":350,\"commentCount\":0,\"image\":{\"@id\":\"https:\/\/explora.cl\/biobio\/4ta-cartelera-de-invierno-de-astroudec\/#primaryimage\"},\"thumbnailUrl\":\"https:\/\/explora.cl\/biobio\/wp-content\/uploads\/sites\/14\/2018\/06\/3edddbcebcebb8e886af44b12182893e.jpg\",\"keywords\":[\"astronom\u00eda\",\"EXPLORA Biob\u00edo\"],\"articleSection\":[\"Noticias\"],\"inLanguage\":\"es-CL\",\"potentialAction\":[{\"@type\":\"CommentAction\",\"name\":\"Comment\",\"target\":[\"https:\/\/explora.cl\/biobio\/4ta-cartelera-de-invierno-de-astroudec\/#respond\"]}]},{\"@type\":\"WebPage\",\"@id\":\"https:\/\/explora.cl\/biobio\/4ta-cartelera-de-invierno-de-astroudec\/\",\"url\":\"https:\/\/explora.cl\/biobio\/4ta-cartelera-de-invierno-de-astroudec\/\",\"name\":\"4ta Cartelera de invierno de AstroUdeC - Biob\u00edo\",\"isPartOf\":{\"@id\":\"https:\/\/explora.cl\/biobio\/#website\"},\"primaryImageOfPage\":{\"@id\":\"https:\/\/explora.cl\/biobio\/4ta-cartelera-de-invierno-de-astroudec\/#primaryimage\"},\"image\":{\"@id\":\"https:\/\/explora.cl\/biobio\/4ta-cartelera-de-invierno-de-astroudec\/#primaryimage\"},\"thumbnailUrl\":\"https:\/\/explora.cl\/biobio\/wp-content\/uploads\/sites\/14\/2018\/06\/3edddbcebcebb8e886af44b12182893e.jpg\",\"datePublished\":\"2015-07-14T04:00:00+00:00\",\"dateModified\":\"2019-05-20T18:32:55+00:00\",\"author\":{\"@id\":\"https:\/\/explora.cl\/biobio\/#\/schema\/person\/cb8349c13ea2d324080adf8480d7ba5d\"},\"breadcrumb\":{\"@id\":\"https:\/\/explora.cl\/biobio\/4ta-cartelera-de-invierno-de-astroudec\/#breadcrumb\"},\"inLanguage\":\"es-CL\",\"potentialAction\":[{\"@type\":\"ReadAction\",\"target\":[\"https:\/\/explora.cl\/biobio\/4ta-cartelera-de-invierno-de-astroudec\/\"]}]},{\"@type\":\"ImageObject\",\"inLanguage\":\"es-CL\",\"@id\":\"https:\/\/explora.cl\/biobio\/4ta-cartelera-de-invierno-de-astroudec\/#primaryimage\",\"url\":\"https:\/\/explora.cl\/biobio\/wp-content\/uploads\/sites\/14\/2018\/06\/3edddbcebcebb8e886af44b12182893e.jpg\",\"contentUrl\":\"https:\/\/explora.cl\/biobio\/wp-content\/uploads\/sites\/14\/2018\/06\/3edddbcebcebb8e886af44b12182893e.jpg\",\"width\":960,\"height\":720},{\"@type\":\"BreadcrumbList\",\"@id\":\"https:\/\/explora.cl\/biobio\/4ta-cartelera-de-invierno-de-astroudec\/#breadcrumb\",\"itemListElement\":[{\"@type\":\"ListItem\",\"position\":1,\"name\":\"Portada\",\"item\":\"https:\/\/explora.cl\/biobio\/\"},{\"@type\":\"ListItem\",\"position\":2,\"name\":\"4ta Cartelera de invierno de AstroUdeC\"}]},{\"@type\":\"WebSite\",\"@id\":\"https:\/\/explora.cl\/biobio\/#website\",\"url\":\"https:\/\/explora.cl\/biobio\/\",\"name\":\"Biob\u00edo\",\"description\":\"Otro sitio m\u00e1s de explora.cl\",\"potentialAction\":[{\"@type\":\"SearchAction\",\"target\":{\"@type\":\"EntryPoint\",\"urlTemplate\":\"https:\/\/explora.cl\/biobio\/?s={search_term_string}\"},\"query-input\":{\"@type\":\"PropertyValueSpecification\",\"valueRequired\":true,\"valueName\":\"search_term_string\"}}],\"inLanguage\":\"es-CL\"},{\"@type\":\"Person\",\"@id\":\"https:\/\/explora.cl\/biobio\/#\/schema\/person\/cb8349c13ea2d324080adf8480d7ba5d\",\"name\":\"webman\",\"image\":{\"@type\":\"ImageObject\",\"inLanguage\":\"es-CL\",\"@id\":\"https:\/\/explora.cl\/biobio\/#\/schema\/person\/image\/\",\"url\":\"https:\/\/secure.gravatar.com\/avatar\/eeff3c82f2c02f7177d13663b7e6f890e9a6a0647ce9bb29cae02dcb094c7312?s=96&d=mm&r=g\",\"contentUrl\":\"https:\/\/secure.gravatar.com\/avatar\/eeff3c82f2c02f7177d13663b7e6f890e9a6a0647ce9bb29cae02dcb094c7312?s=96&d=mm&r=g\",\"caption\":\"webman\"},\"url\":\"https:\/\/explora.cl\/biobio\/author\/webman\/\"}]}<\/script>\n<!-- \/ Yoast SEO plugin. -->","yoast_head_json":{"title":"4ta Cartelera de invierno de AstroUdeC - Biob\u00edo","robots":{"index":"index","follow":"follow","max-snippet":"max-snippet:-1","max-image-preview":"max-image-preview:large","max-video-preview":"max-video-preview:-1"},"canonical":"https:\/\/explora.cl\/biobio\/4ta-cartelera-de-invierno-de-astroudec\/","og_locale":"es_ES","og_type":"article","og_title":"4ta Cartelera de invierno de AstroUdeC - Biob\u00edo","og_description":"&nbsp; El Departamento de Astronom\u00eda de la Universidad de Concepci\u00f3n est\u00e1 desarrollando la 4ta Cartelera de Invierno AstroUdeC. La que se extender\u00e1 desde el 6 hasta el 26 de julio en las dependencias de la UdeC, Biblioteca Viva del Mall Plaza El Tr\u00e9bol y Centro Interactivo de Ciencias, Artes y Tecnolog\u00eda CiCAT. Con el objetivo [&hellip;]","og_url":"https:\/\/explora.cl\/biobio\/4ta-cartelera-de-invierno-de-astroudec\/","og_site_name":"Biob\u00edo","article_published_time":"2015-07-14T04:00:00+00:00","article_modified_time":"2019-05-20T18:32:55+00:00","og_image":[{"width":960,"height":720,"url":"https:\/\/explora.cl\/biobio\/wp-content\/uploads\/sites\/14\/2018\/06\/3edddbcebcebb8e886af44b12182893e.jpg","type":"image\/jpeg"}],"author":"webman","twitter_card":"summary_large_image","twitter_misc":{"Escrito por":"webman","Tiempo estimado de lectura":"2 minutos"},"schema":{"@context":"https:\/\/schema.org","@graph":[{"@type":"Article","@id":"https:\/\/explora.cl\/biobio\/4ta-cartelera-de-invierno-de-astroudec\/#article","isPartOf":{"@id":"https:\/\/explora.cl\/biobio\/4ta-cartelera-de-invierno-de-astroudec\/"},"author":{"name":"webman","@id":"https:\/\/explora.cl\/biobio\/#\/schema\/person\/cb8349c13ea2d324080adf8480d7ba5d"},"headline":"4ta Cartelera de invierno de AstroUdeC","datePublished":"2015-07-14T04:00:00+00:00","dateModified":"2019-05-20T18:32:55+00:00","mainEntityOfPage":{"@id":"https:\/\/explora.cl\/biobio\/4ta-cartelera-de-invierno-de-astroudec\/"},"wordCount":350,"commentCount":0,"image":{"@id":"https:\/\/explora.cl\/biobio\/4ta-cartelera-de-invierno-de-astroudec\/#primaryimage"},"thumbnailUrl":"https:\/\/explora.cl\/biobio\/wp-content\/uploads\/sites\/14\/2018\/06\/3edddbcebcebb8e886af44b12182893e.jpg","keywords":["astronom\u00eda","EXPLORA Biob\u00edo"],"articleSection":["Noticias"],"inLanguage":"es-CL","potentialAction":[{"@type":"CommentAction","name":"Comment","target":["https:\/\/explora.cl\/biobio\/4ta-cartelera-de-invierno-de-astroudec\/#respond"]}]},{"@type":"WebPage","@id":"https:\/\/explora.cl\/biobio\/4ta-cartelera-de-invierno-de-astroudec\/","url":"https:\/\/explora.cl\/biobio\/4ta-cartelera-de-invierno-de-astroudec\/","name":"4ta Cartelera de invierno de AstroUdeC - Biob\u00edo","isPartOf":{"@id":"https:\/\/explora.cl\/biobio\/#website"},"primaryImageOfPage":{"@id":"https:\/\/explora.cl\/biobio\/4ta-cartelera-de-invierno-de-astroudec\/#primaryimage"},"image":{"@id":"https:\/\/explora.cl\/biobio\/4ta-cartelera-de-invierno-de-astroudec\/#primaryimage"},"thumbnailUrl":"https:\/\/explora.cl\/biobio\/wp-content\/uploads\/sites\/14\/2018\/06\/3edddbcebcebb8e886af44b12182893e.jpg","datePublished":"2015-07-14T04:00:00+00:00","dateModified":"2019-05-20T18:32:55+00:00","author":{"@id":"https:\/\/explora.cl\/biobio\/#\/schema\/person\/cb8349c13ea2d324080adf8480d7ba5d"},"breadcrumb":{"@id":"https:\/\/explora.cl\/biobio\/4ta-cartelera-de-invierno-de-astroudec\/#breadcrumb"},"inLanguage":"es-CL","potentialAction":[{"@type":"ReadAction","target":["https:\/\/explora.cl\/biobio\/4ta-cartelera-de-invierno-de-astroudec\/"]}]},{"@type":"ImageObject","inLanguage":"es-CL","@id":"https:\/\/explora.cl\/biobio\/4ta-cartelera-de-invierno-de-astroudec\/#primaryimage","url":"https:\/\/explora.cl\/biobio\/wp-content\/uploads\/sites\/14\/2018\/06\/3edddbcebcebb8e886af44b12182893e.jpg","contentUrl":"https:\/\/explora.cl\/biobio\/wp-content\/uploads\/sites\/14\/2018\/06\/3edddbcebcebb8e886af44b12182893e.jpg","width":960,"height":720},{"@type":"BreadcrumbList","@id":"https:\/\/explora.cl\/biobio\/4ta-cartelera-de-invierno-de-astroudec\/#breadcrumb","itemListElement":[{"@type":"ListItem","position":1,"name":"Portada","item":"https:\/\/explora.cl\/biobio\/"},{"@type":"ListItem","position":2,"name":"4ta Cartelera de invierno de AstroUdeC"}]},{"@type":"WebSite","@id":"https:\/\/explora.cl\/biobio\/#website","url":"https:\/\/explora.cl\/biobio\/","name":"Biob\u00edo","description":"Otro sitio m\u00e1s de explora.cl","potentialAction":[{"@type":"SearchAction","target":{"@type":"EntryPoint","urlTemplate":"https:\/\/explora.cl\/biobio\/?s={search_term_string}"},"query-input":{"@type":"PropertyValueSpecification","valueRequired":true,"valueName":"search_term_string"}}],"inLanguage":"es-CL"},{"@type":"Person","@id":"https:\/\/explora.cl\/biobio\/#\/schema\/person\/cb8349c13ea2d324080adf8480d7ba5d","name":"webman","image":{"@type":"ImageObject","inLanguage":"es-CL","@id":"https:\/\/explora.cl\/biobio\/#\/schema\/person\/image\/","url":"https:\/\/secure.gravatar.com\/avatar\/eeff3c82f2c02f7177d13663b7e6f890e9a6a0647ce9bb29cae02dcb094c7312?s=96&d=mm&r=g","contentUrl":"https:\/\/secure.gravatar.com\/avatar\/eeff3c82f2c02f7177d13663b7e6f890e9a6a0647ce9bb29cae02dcb094c7312?s=96&d=mm&r=g","caption":"webman"},"url":"https:\/\/explora.cl\/biobio\/author\/webman\/"}]}},"_links":{"self":[{"href":"https:\/\/explora.cl\/biobio\/wp-json\/wp\/v2\/posts\/764","targetHints":{"allow":["GET"]}}],"collection":[{"href":"https:\/\/explora.cl\/biobio\/wp-json\/wp\/v2\/posts"}],"about":[{"href":"https:\/\/explora.cl\/biobio\/wp-json\/wp\/v2\/types\/post"}],"author":[{"embeddable":true,"href":"https:\/\/explora.cl\/biobio\/wp-json\/wp\/v2\/users\/2"}],"replies":[{"embeddable":true,"href":"https:\/\/explora.cl\/biobio\/wp-json\/wp\/v2\/comments?post=764"}],"version-history":[{"count":1,"href":"https:\/\/explora.cl\/biobio\/wp-json\/wp\/v2\/posts\/764\/revisions"}],"predecessor-version":[{"id":37884,"href":"https:\/\/explora.cl\/biobio\/wp-json\/wp\/v2\/posts\/764\/revisions\/37884"}],"wp:featuredmedia":[{"embeddable":true,"href":"https:\/\/explora.cl\/biobio\/wp-json\/wp\/v2\/media\/765"}],"wp:attachment":[{"href":"https:\/\/explora.cl\/biobio\/wp-json\/wp\/v2\/media?parent=764"}],"wp:term":[{"taxonomy":"category","embeddable":true,"href":"https:\/\/explora.cl\/biobio\/wp-json\/wp\/v2\/categories?post=764"},{"taxonomy":"post_tag","embeddable":true,"href":"https:\/\/explora.cl\/biobio\/wp-json\/wp\/v2\/tags?post=764"}],"curies":[{"name":"wp","href":"https:\/\/api.w.org\/{rel}","templated":true}]}}