{"id":760,"date":"2015-07-08T00:00:00","date_gmt":"2015-07-08T04:00:00","guid":{"rendered":"https:\/\/explora.cl\/biobio\/blog\/2015\/07\/08\/los-alamos-fue-el-anfitrion-de-la-jornada-de-actualizacion-de-contenidos-de-la-provincia-de-arauco\/"},"modified":"2019-05-20T18:32:58","modified_gmt":"2019-05-20T18:32:58","slug":"los-alamos-fue-el-anfitrion-de-la-jornada-de-actualizacion-de-contenidos-de-la-provincia-de-arauco","status":"publish","type":"post","link":"https:\/\/explora.cl\/biobio\/los-alamos-fue-el-anfitrion-de-la-jornada-de-actualizacion-de-contenidos-de-la-provincia-de-arauco\/","title":{"rendered":"Los \u00c1lamos fue el anfitri\u00f3n de la Jornada de Actualizaci\u00f3n de Contenidos de la Provincia de Arauco"},"content":{"rendered":"<p><img fetchpriority=\"high\" decoding=\"async\" class=\" size-full wp-image-12915\" src=\"http:\/\/ec2-34-218-253-251.us-west-2.compute.amazonaws.com\/wp-content\/uploads\/2015\/07\/db276de677904b825c4240fd860e7b63.jpg\" alt=\"\" width=\"3264\" height=\"2448\" \/><\/p>\n<p>&nbsp;<\/p>\n<p style=\"text-align: justify\">Con la presencia de 26 docentes, provenientes de distintas comunas de la Provincia de Arauco, se realiz\u00f3 la Jornada de Actualizaci\u00f3n de contenidos sobre el tema del a\u00f1o Explora &#8220;Conocer ilumina&#8221;. La instancia se desarroll\u00f3 en el Sal\u00f3n de Reuniones DAEM de la comuna de Los \u00c1lamos, donde profesores y profesoras disfrutaron de tres charlas dictadas por acad\u00e9micos de la Universidad de Concepci\u00f3n.<\/p>\n<p style=\"text-align: justify\">El primer expositor fue el Dr. Luis Braga de la Facultad de Ciencias F\u00edsicas y Matem\u00e1ticas de la UdeC, quien titul\u00f3 su charla \u201cEl comportamiento de la Luz\u201d, para m\u00e1s tarde realizar actividades pr\u00e1cticas con la finalidad de extender el conocimiento a trav\u00e9s de la experiencia. \u201cMe sorprende y me alegra ver que se re\u00fanan tantos profesores\/as en una localidad como esta. Vi a muchos muy interesados en participar y apropiarse de los conceptos y espero seguir trabajando en este tipo de actividades\u201d, coment\u00f3.<\/p>\n<p style=\"text-align: justify\">Por su parte, el Dr. Jaime Rosales especialista en astrof\u00edsica, present\u00f3 \u201cLuz y astronom\u00eda\u201d con el objetivo de entregar conceptos de astrof\u00edsica a trav\u00e9s de una did\u00e1ctica presentaci\u00f3n. Para m\u00e1s tarde, compartir dudas e inquietudes con los asistentes.<\/p>\n<p style=\"text-align: justify\">Karen D\u00edaz Cart\u00e9s, Coordinadora Comunal de Los \u00c1lamos, sostuvo \u201cEstoy muy contenta de que sea en Los \u00c1lamos la Jornada de Actualizaci\u00f3n.&nbsp; Los colegas est\u00e1n fascinados con la tem\u00e1tica y los ejercicios pr\u00e1cticos, los acad\u00e9micos realizaron presentaciones contextualizadas y esto permiti\u00f3 un mayor inter\u00e9s, el que fue reflejado en las apreciaciones e intervenciones por parte de los profesores\/as\u201d.&nbsp;<\/p>\n<p style=\"text-align: justify\">Adem\u00e1s, la Dra. Fidelina Gonz\u00e1lez de la Facultad de Ciencias Biol\u00f3gicas del Campus Concepci\u00f3n, expuso \u201cLuz y medio ambiente\u201d. Actividad que permiti\u00f3 a los docentes ver la tem\u00e1tica desde una visi\u00f3n biol\u00f3gica, realizando un sencillo experimento replicable en la salas de clases.<\/p>\n<p style=\"text-align: justify\">Finalmente, monitores del CiCAT realizaron intervenciones con el objetivo de reforzar de manera l\u00fadica los conceptos destacados por los acad\u00e9micos&nbsp; a trav\u00e9s de materiales sencillos, con el objetivo de entregar experiencias realizables en el aula.<\/p>\n<p style=\"text-align: justify\"><a href=\"https:\/\/www.youtube.com\/watch?v=HAtP-yx5Blc\">Revisa el video de la actividad aqu\u00ed<\/a><\/p>\n<p>&nbsp;<\/p>\n","protected":false},"excerpt":{"rendered":"<p>&nbsp; Con la presencia de 26 docentes, provenientes de distintas comunas de la Provincia de Arauco, se realiz\u00f3 la Jornada de Actualizaci\u00f3n de contenidos sobre el tema del a\u00f1o Explora &#8220;Conocer ilumina&#8221;. La instancia se desarroll\u00f3 en el Sal\u00f3n de Reuniones DAEM de la comuna de Los \u00c1lamos, donde profesores y profesoras disfrutaron de tres [&hellip;]<\/p>\n","protected":false},"author":2,"featured_media":761,"comment_status":"open","ping_status":"open","sticky":false,"template":"","format":"standard","meta":{"_acf_changed":false,"_exactmetrics_skip_tracking":false,"_exactmetrics_sitenote_active":false,"_exactmetrics_sitenote_note":"","_exactmetrics_sitenote_category":0,"footnotes":"","_links_to":"","_links_to_target":""},"categories":[4],"tags":[163,157],"class_list":["post-760","post","type-post","status-publish","format-standard","has-post-thumbnail","hentry","category-noticias","tag-cicat","tag-explora-biobio"],"acf":[],"yoast_head":"<!-- This site is optimized with the Yoast SEO plugin v26.9 - https:\/\/yoast.com\/product\/yoast-seo-wordpress\/ -->\n<title>Los \u00c1lamos fue el anfitri\u00f3n de la Jornada de Actualizaci\u00f3n de Contenidos de la Provincia de Arauco - Biob\u00edo<\/title>\n<meta name=\"robots\" content=\"index, follow, max-snippet:-1, max-image-preview:large, max-video-preview:-1\" \/>\n<link rel=\"canonical\" href=\"https:\/\/explora.cl\/biobio\/los-alamos-fue-el-anfitrion-de-la-jornada-de-actualizacion-de-contenidos-de-la-provincia-de-arauco\/\" class=\"yoast-seo-meta-tag\" \/>\n<meta property=\"og:locale\" content=\"es_ES\" class=\"yoast-seo-meta-tag\" \/>\n<meta property=\"og:type\" content=\"article\" class=\"yoast-seo-meta-tag\" \/>\n<meta property=\"og:title\" content=\"Los \u00c1lamos fue el anfitri\u00f3n de la Jornada de Actualizaci\u00f3n de Contenidos de la Provincia de Arauco - Biob\u00edo\" class=\"yoast-seo-meta-tag\" \/>\n<meta property=\"og:description\" content=\"&nbsp; Con la presencia de 26 docentes, provenientes de distintas comunas de la Provincia de Arauco, se realiz\u00f3 la Jornada de Actualizaci\u00f3n de contenidos sobre el tema del a\u00f1o Explora &#8220;Conocer ilumina&#8221;. La instancia se desarroll\u00f3 en el Sal\u00f3n de Reuniones DAEM de la comuna de Los \u00c1lamos, donde profesores y profesoras disfrutaron de tres [&hellip;]\" class=\"yoast-seo-meta-tag\" \/>\n<meta property=\"og:url\" content=\"https:\/\/explora.cl\/biobio\/los-alamos-fue-el-anfitrion-de-la-jornada-de-actualizacion-de-contenidos-de-la-provincia-de-arauco\/\" class=\"yoast-seo-meta-tag\" \/>\n<meta property=\"og:site_name\" content=\"Biob\u00edo\" class=\"yoast-seo-meta-tag\" \/>\n<meta property=\"article:published_time\" content=\"2015-07-08T04:00:00+00:00\" class=\"yoast-seo-meta-tag\" \/>\n<meta property=\"article:modified_time\" content=\"2019-05-20T18:32:58+00:00\" class=\"yoast-seo-meta-tag\" \/>\n<meta property=\"og:image\" content=\"https:\/\/explora.cl\/biobio\/wp-content\/uploads\/sites\/14\/2018\/06\/db276de677904b825c4240fd860e7b63-1024x768.jpg\" class=\"yoast-seo-meta-tag\" \/>\n\t<meta property=\"og:image:width\" content=\"1024\" class=\"yoast-seo-meta-tag\" \/>\n\t<meta property=\"og:image:height\" content=\"768\" class=\"yoast-seo-meta-tag\" \/>\n\t<meta property=\"og:image:type\" content=\"image\/jpeg\" class=\"yoast-seo-meta-tag\" \/>\n<meta name=\"author\" content=\"webman\" class=\"yoast-seo-meta-tag\" \/>\n<meta name=\"twitter:card\" content=\"summary_large_image\" class=\"yoast-seo-meta-tag\" \/>\n<meta name=\"twitter:label1\" content=\"Escrito por\" class=\"yoast-seo-meta-tag\" \/>\n\t<meta name=\"twitter:data1\" content=\"webman\" class=\"yoast-seo-meta-tag\" \/>\n\t<meta name=\"twitter:label2\" content=\"Tiempo estimado de lectura\" class=\"yoast-seo-meta-tag\" \/>\n\t<meta name=\"twitter:data2\" content=\"2 minutos\" class=\"yoast-seo-meta-tag\" \/>\n<script type=\"application\/ld+json\" class=\"yoast-schema-graph\">{\"@context\":\"https:\/\/schema.org\",\"@graph\":[{\"@type\":\"Article\",\"@id\":\"https:\/\/explora.cl\/biobio\/los-alamos-fue-el-anfitrion-de-la-jornada-de-actualizacion-de-contenidos-de-la-provincia-de-arauco\/#article\",\"isPartOf\":{\"@id\":\"https:\/\/explora.cl\/biobio\/los-alamos-fue-el-anfitrion-de-la-jornada-de-actualizacion-de-contenidos-de-la-provincia-de-arauco\/\"},\"author\":{\"name\":\"webman\",\"@id\":\"https:\/\/explora.cl\/biobio\/#\/schema\/person\/cb8349c13ea2d324080adf8480d7ba5d\"},\"headline\":\"Los \u00c1lamos fue el anfitri\u00f3n de la Jornada de Actualizaci\u00f3n de Contenidos de la Provincia de Arauco\",\"datePublished\":\"2015-07-08T04:00:00+00:00\",\"dateModified\":\"2019-05-20T18:32:58+00:00\",\"mainEntityOfPage\":{\"@id\":\"https:\/\/explora.cl\/biobio\/los-alamos-fue-el-anfitrion-de-la-jornada-de-actualizacion-de-contenidos-de-la-provincia-de-arauco\/\"},\"wordCount\":388,\"commentCount\":0,\"image\":{\"@id\":\"https:\/\/explora.cl\/biobio\/los-alamos-fue-el-anfitrion-de-la-jornada-de-actualizacion-de-contenidos-de-la-provincia-de-arauco\/#primaryimage\"},\"thumbnailUrl\":\"https:\/\/explora.cl\/biobio\/wp-content\/uploads\/sites\/14\/2018\/06\/db276de677904b825c4240fd860e7b63.jpg\",\"keywords\":[\"CiCAT\",\"EXPLORA Biob\u00edo\"],\"articleSection\":[\"Noticias\"],\"inLanguage\":\"es-CL\",\"potentialAction\":[{\"@type\":\"CommentAction\",\"name\":\"Comment\",\"target\":[\"https:\/\/explora.cl\/biobio\/los-alamos-fue-el-anfitrion-de-la-jornada-de-actualizacion-de-contenidos-de-la-provincia-de-arauco\/#respond\"]}]},{\"@type\":\"WebPage\",\"@id\":\"https:\/\/explora.cl\/biobio\/los-alamos-fue-el-anfitrion-de-la-jornada-de-actualizacion-de-contenidos-de-la-provincia-de-arauco\/\",\"url\":\"https:\/\/explora.cl\/biobio\/los-alamos-fue-el-anfitrion-de-la-jornada-de-actualizacion-de-contenidos-de-la-provincia-de-arauco\/\",\"name\":\"Los \u00c1lamos fue el anfitri\u00f3n de la Jornada de Actualizaci\u00f3n de Contenidos de la Provincia de Arauco - Biob\u00edo\",\"isPartOf\":{\"@id\":\"https:\/\/explora.cl\/biobio\/#website\"},\"primaryImageOfPage\":{\"@id\":\"https:\/\/explora.cl\/biobio\/los-alamos-fue-el-anfitrion-de-la-jornada-de-actualizacion-de-contenidos-de-la-provincia-de-arauco\/#primaryimage\"},\"image\":{\"@id\":\"https:\/\/explora.cl\/biobio\/los-alamos-fue-el-anfitrion-de-la-jornada-de-actualizacion-de-contenidos-de-la-provincia-de-arauco\/#primaryimage\"},\"thumbnailUrl\":\"https:\/\/explora.cl\/biobio\/wp-content\/uploads\/sites\/14\/2018\/06\/db276de677904b825c4240fd860e7b63.jpg\",\"datePublished\":\"2015-07-08T04:00:00+00:00\",\"dateModified\":\"2019-05-20T18:32:58+00:00\",\"author\":{\"@id\":\"https:\/\/explora.cl\/biobio\/#\/schema\/person\/cb8349c13ea2d324080adf8480d7ba5d\"},\"breadcrumb\":{\"@id\":\"https:\/\/explora.cl\/biobio\/los-alamos-fue-el-anfitrion-de-la-jornada-de-actualizacion-de-contenidos-de-la-provincia-de-arauco\/#breadcrumb\"},\"inLanguage\":\"es-CL\",\"potentialAction\":[{\"@type\":\"ReadAction\",\"target\":[\"https:\/\/explora.cl\/biobio\/los-alamos-fue-el-anfitrion-de-la-jornada-de-actualizacion-de-contenidos-de-la-provincia-de-arauco\/\"]}]},{\"@type\":\"ImageObject\",\"inLanguage\":\"es-CL\",\"@id\":\"https:\/\/explora.cl\/biobio\/los-alamos-fue-el-anfitrion-de-la-jornada-de-actualizacion-de-contenidos-de-la-provincia-de-arauco\/#primaryimage\",\"url\":\"https:\/\/explora.cl\/biobio\/wp-content\/uploads\/sites\/14\/2018\/06\/db276de677904b825c4240fd860e7b63.jpg\",\"contentUrl\":\"https:\/\/explora.cl\/biobio\/wp-content\/uploads\/sites\/14\/2018\/06\/db276de677904b825c4240fd860e7b63.jpg\",\"width\":3264,\"height\":2448},{\"@type\":\"BreadcrumbList\",\"@id\":\"https:\/\/explora.cl\/biobio\/los-alamos-fue-el-anfitrion-de-la-jornada-de-actualizacion-de-contenidos-de-la-provincia-de-arauco\/#breadcrumb\",\"itemListElement\":[{\"@type\":\"ListItem\",\"position\":1,\"name\":\"Portada\",\"item\":\"https:\/\/explora.cl\/biobio\/\"},{\"@type\":\"ListItem\",\"position\":2,\"name\":\"Los \u00c1lamos fue el anfitri\u00f3n de la Jornada de Actualizaci\u00f3n de Contenidos de la Provincia de Arauco\"}]},{\"@type\":\"WebSite\",\"@id\":\"https:\/\/explora.cl\/biobio\/#website\",\"url\":\"https:\/\/explora.cl\/biobio\/\",\"name\":\"Biob\u00edo\",\"description\":\"Otro sitio m\u00e1s de explora.cl\",\"potentialAction\":[{\"@type\":\"SearchAction\",\"target\":{\"@type\":\"EntryPoint\",\"urlTemplate\":\"https:\/\/explora.cl\/biobio\/?s={search_term_string}\"},\"query-input\":{\"@type\":\"PropertyValueSpecification\",\"valueRequired\":true,\"valueName\":\"search_term_string\"}}],\"inLanguage\":\"es-CL\"},{\"@type\":\"Person\",\"@id\":\"https:\/\/explora.cl\/biobio\/#\/schema\/person\/cb8349c13ea2d324080adf8480d7ba5d\",\"name\":\"webman\",\"image\":{\"@type\":\"ImageObject\",\"inLanguage\":\"es-CL\",\"@id\":\"https:\/\/explora.cl\/biobio\/#\/schema\/person\/image\/\",\"url\":\"https:\/\/secure.gravatar.com\/avatar\/eeff3c82f2c02f7177d13663b7e6f890e9a6a0647ce9bb29cae02dcb094c7312?s=96&d=mm&r=g\",\"contentUrl\":\"https:\/\/secure.gravatar.com\/avatar\/eeff3c82f2c02f7177d13663b7e6f890e9a6a0647ce9bb29cae02dcb094c7312?s=96&d=mm&r=g\",\"caption\":\"webman\"},\"url\":\"https:\/\/explora.cl\/biobio\/author\/webman\/\"}]}<\/script>\n<!-- \/ Yoast SEO plugin. -->","yoast_head_json":{"title":"Los \u00c1lamos fue el anfitri\u00f3n de la Jornada de Actualizaci\u00f3n de Contenidos de la Provincia de Arauco - Biob\u00edo","robots":{"index":"index","follow":"follow","max-snippet":"max-snippet:-1","max-image-preview":"max-image-preview:large","max-video-preview":"max-video-preview:-1"},"canonical":"https:\/\/explora.cl\/biobio\/los-alamos-fue-el-anfitrion-de-la-jornada-de-actualizacion-de-contenidos-de-la-provincia-de-arauco\/","og_locale":"es_ES","og_type":"article","og_title":"Los \u00c1lamos fue el anfitri\u00f3n de la Jornada de Actualizaci\u00f3n de Contenidos de la Provincia de Arauco - Biob\u00edo","og_description":"&nbsp; Con la presencia de 26 docentes, provenientes de distintas comunas de la Provincia de Arauco, se realiz\u00f3 la Jornada de Actualizaci\u00f3n de contenidos sobre el tema del a\u00f1o Explora &#8220;Conocer ilumina&#8221;. La instancia se desarroll\u00f3 en el Sal\u00f3n de Reuniones DAEM de la comuna de Los \u00c1lamos, donde profesores y profesoras disfrutaron de tres [&hellip;]","og_url":"https:\/\/explora.cl\/biobio\/los-alamos-fue-el-anfitrion-de-la-jornada-de-actualizacion-de-contenidos-de-la-provincia-de-arauco\/","og_site_name":"Biob\u00edo","article_published_time":"2015-07-08T04:00:00+00:00","article_modified_time":"2019-05-20T18:32:58+00:00","og_image":[{"width":1024,"height":768,"url":"https:\/\/explora.cl\/biobio\/wp-content\/uploads\/sites\/14\/2018\/06\/db276de677904b825c4240fd860e7b63-1024x768.jpg","type":"image\/jpeg"}],"author":"webman","twitter_card":"summary_large_image","twitter_misc":{"Escrito por":"webman","Tiempo estimado de lectura":"2 minutos"},"schema":{"@context":"https:\/\/schema.org","@graph":[{"@type":"Article","@id":"https:\/\/explora.cl\/biobio\/los-alamos-fue-el-anfitrion-de-la-jornada-de-actualizacion-de-contenidos-de-la-provincia-de-arauco\/#article","isPartOf":{"@id":"https:\/\/explora.cl\/biobio\/los-alamos-fue-el-anfitrion-de-la-jornada-de-actualizacion-de-contenidos-de-la-provincia-de-arauco\/"},"author":{"name":"webman","@id":"https:\/\/explora.cl\/biobio\/#\/schema\/person\/cb8349c13ea2d324080adf8480d7ba5d"},"headline":"Los \u00c1lamos fue el anfitri\u00f3n de la Jornada de Actualizaci\u00f3n de Contenidos de la Provincia de Arauco","datePublished":"2015-07-08T04:00:00+00:00","dateModified":"2019-05-20T18:32:58+00:00","mainEntityOfPage":{"@id":"https:\/\/explora.cl\/biobio\/los-alamos-fue-el-anfitrion-de-la-jornada-de-actualizacion-de-contenidos-de-la-provincia-de-arauco\/"},"wordCount":388,"commentCount":0,"image":{"@id":"https:\/\/explora.cl\/biobio\/los-alamos-fue-el-anfitrion-de-la-jornada-de-actualizacion-de-contenidos-de-la-provincia-de-arauco\/#primaryimage"},"thumbnailUrl":"https:\/\/explora.cl\/biobio\/wp-content\/uploads\/sites\/14\/2018\/06\/db276de677904b825c4240fd860e7b63.jpg","keywords":["CiCAT","EXPLORA Biob\u00edo"],"articleSection":["Noticias"],"inLanguage":"es-CL","potentialAction":[{"@type":"CommentAction","name":"Comment","target":["https:\/\/explora.cl\/biobio\/los-alamos-fue-el-anfitrion-de-la-jornada-de-actualizacion-de-contenidos-de-la-provincia-de-arauco\/#respond"]}]},{"@type":"WebPage","@id":"https:\/\/explora.cl\/biobio\/los-alamos-fue-el-anfitrion-de-la-jornada-de-actualizacion-de-contenidos-de-la-provincia-de-arauco\/","url":"https:\/\/explora.cl\/biobio\/los-alamos-fue-el-anfitrion-de-la-jornada-de-actualizacion-de-contenidos-de-la-provincia-de-arauco\/","name":"Los \u00c1lamos fue el anfitri\u00f3n de la Jornada de Actualizaci\u00f3n de Contenidos de la Provincia de Arauco - Biob\u00edo","isPartOf":{"@id":"https:\/\/explora.cl\/biobio\/#website"},"primaryImageOfPage":{"@id":"https:\/\/explora.cl\/biobio\/los-alamos-fue-el-anfitrion-de-la-jornada-de-actualizacion-de-contenidos-de-la-provincia-de-arauco\/#primaryimage"},"image":{"@id":"https:\/\/explora.cl\/biobio\/los-alamos-fue-el-anfitrion-de-la-jornada-de-actualizacion-de-contenidos-de-la-provincia-de-arauco\/#primaryimage"},"thumbnailUrl":"https:\/\/explora.cl\/biobio\/wp-content\/uploads\/sites\/14\/2018\/06\/db276de677904b825c4240fd860e7b63.jpg","datePublished":"2015-07-08T04:00:00+00:00","dateModified":"2019-05-20T18:32:58+00:00","author":{"@id":"https:\/\/explora.cl\/biobio\/#\/schema\/person\/cb8349c13ea2d324080adf8480d7ba5d"},"breadcrumb":{"@id":"https:\/\/explora.cl\/biobio\/los-alamos-fue-el-anfitrion-de-la-jornada-de-actualizacion-de-contenidos-de-la-provincia-de-arauco\/#breadcrumb"},"inLanguage":"es-CL","potentialAction":[{"@type":"ReadAction","target":["https:\/\/explora.cl\/biobio\/los-alamos-fue-el-anfitrion-de-la-jornada-de-actualizacion-de-contenidos-de-la-provincia-de-arauco\/"]}]},{"@type":"ImageObject","inLanguage":"es-CL","@id":"https:\/\/explora.cl\/biobio\/los-alamos-fue-el-anfitrion-de-la-jornada-de-actualizacion-de-contenidos-de-la-provincia-de-arauco\/#primaryimage","url":"https:\/\/explora.cl\/biobio\/wp-content\/uploads\/sites\/14\/2018\/06\/db276de677904b825c4240fd860e7b63.jpg","contentUrl":"https:\/\/explora.cl\/biobio\/wp-content\/uploads\/sites\/14\/2018\/06\/db276de677904b825c4240fd860e7b63.jpg","width":3264,"height":2448},{"@type":"BreadcrumbList","@id":"https:\/\/explora.cl\/biobio\/los-alamos-fue-el-anfitrion-de-la-jornada-de-actualizacion-de-contenidos-de-la-provincia-de-arauco\/#breadcrumb","itemListElement":[{"@type":"ListItem","position":1,"name":"Portada","item":"https:\/\/explora.cl\/biobio\/"},{"@type":"ListItem","position":2,"name":"Los \u00c1lamos fue el anfitri\u00f3n de la Jornada de Actualizaci\u00f3n de Contenidos de la Provincia de Arauco"}]},{"@type":"WebSite","@id":"https:\/\/explora.cl\/biobio\/#website","url":"https:\/\/explora.cl\/biobio\/","name":"Biob\u00edo","description":"Otro sitio m\u00e1s de explora.cl","potentialAction":[{"@type":"SearchAction","target":{"@type":"EntryPoint","urlTemplate":"https:\/\/explora.cl\/biobio\/?s={search_term_string}"},"query-input":{"@type":"PropertyValueSpecification","valueRequired":true,"valueName":"search_term_string"}}],"inLanguage":"es-CL"},{"@type":"Person","@id":"https:\/\/explora.cl\/biobio\/#\/schema\/person\/cb8349c13ea2d324080adf8480d7ba5d","name":"webman","image":{"@type":"ImageObject","inLanguage":"es-CL","@id":"https:\/\/explora.cl\/biobio\/#\/schema\/person\/image\/","url":"https:\/\/secure.gravatar.com\/avatar\/eeff3c82f2c02f7177d13663b7e6f890e9a6a0647ce9bb29cae02dcb094c7312?s=96&d=mm&r=g","contentUrl":"https:\/\/secure.gravatar.com\/avatar\/eeff3c82f2c02f7177d13663b7e6f890e9a6a0647ce9bb29cae02dcb094c7312?s=96&d=mm&r=g","caption":"webman"},"url":"https:\/\/explora.cl\/biobio\/author\/webman\/"}]}},"_links":{"self":[{"href":"https:\/\/explora.cl\/biobio\/wp-json\/wp\/v2\/posts\/760","targetHints":{"allow":["GET"]}}],"collection":[{"href":"https:\/\/explora.cl\/biobio\/wp-json\/wp\/v2\/posts"}],"about":[{"href":"https:\/\/explora.cl\/biobio\/wp-json\/wp\/v2\/types\/post"}],"author":[{"embeddable":true,"href":"https:\/\/explora.cl\/biobio\/wp-json\/wp\/v2\/users\/2"}],"replies":[{"embeddable":true,"href":"https:\/\/explora.cl\/biobio\/wp-json\/wp\/v2\/comments?post=760"}],"version-history":[{"count":1,"href":"https:\/\/explora.cl\/biobio\/wp-json\/wp\/v2\/posts\/760\/revisions"}],"predecessor-version":[{"id":37889,"href":"https:\/\/explora.cl\/biobio\/wp-json\/wp\/v2\/posts\/760\/revisions\/37889"}],"wp:featuredmedia":[{"embeddable":true,"href":"https:\/\/explora.cl\/biobio\/wp-json\/wp\/v2\/media\/761"}],"wp:attachment":[{"href":"https:\/\/explora.cl\/biobio\/wp-json\/wp\/v2\/media?parent=760"}],"wp:term":[{"taxonomy":"category","embeddable":true,"href":"https:\/\/explora.cl\/biobio\/wp-json\/wp\/v2\/categories?post=760"},{"taxonomy":"post_tag","embeddable":true,"href":"https:\/\/explora.cl\/biobio\/wp-json\/wp\/v2\/tags?post=760"}],"curies":[{"name":"wp","href":"https:\/\/api.w.org\/{rel}","templated":true}]}}