{"id":756,"date":"2015-06-26T00:00:00","date_gmt":"2015-06-26T04:00:00","guid":{"rendered":"https:\/\/explora.cl\/biobio\/blog\/2015\/06\/26\/estudiantes-de-la-provincia-de-nuble-concepcion-y-arauco-ya-se-preparan-para-la-fae-2015\/"},"modified":"2019-05-20T18:32:58","modified_gmt":"2019-05-20T18:32:58","slug":"estudiantes-de-la-provincia-de-nuble-concepcion-y-arauco-ya-se-preparan-para-la-fae-2015","status":"publish","type":"post","link":"https:\/\/explora.cl\/biobio\/estudiantes-de-la-provincia-de-nuble-concepcion-y-arauco-ya-se-preparan-para-la-fae-2015\/","title":{"rendered":"Estudiantes de la Provincia de \u00d1uble, Concepci\u00f3n y Arauco ya se preparan para la FAE 2015"},"content":{"rendered":"<p><img fetchpriority=\"high\" decoding=\"async\" class=\" size-full wp-image-12625\" src=\"http:\/\/ec2-34-218-253-251.us-west-2.compute.amazonaws.com\/wp-content\/uploads\/2015\/06\/535f54f1cb2c2dc0e39f6d5c8d07bda0.jpg\" alt=\"\" width=\"640\" height=\"480\" \/><\/p>\n<p>De manera simult\u00e1nea, tres provincias protagonizaron los talleres de metodolog\u00eda de investigaci\u00f3n, con \u00e9nfasis en el formulario de postulaci\u00f3n de las pasant\u00edas ant\u00e1rticas, y con miras a postular de la d\u00e9cimo segunda versi\u00f3n de la Feria Ant\u00e1rtica Escolar.<\/p>\n<p style=\"text-align: justify\">En el caso de \u00d1uble, la charla estuvo a cargo del acad\u00e9mico C\u00e9sar Espinoza, de la Facultad de Ingenier\u00eda Agr\u00edcola del Campus UdeC Chill\u00e1n. La jornada reuni\u00f3 a m\u00e1s de 30 estudiantes de educaci\u00f3n media, provenientes de las comunas de San Nicol\u00e1s, Bulnes y Chill\u00e1n.<\/p>\n<p style=\"text-align: justify\">En esta ocasi\u00f3n, el cient\u00edfico realiz\u00f3 una actividad pr\u00e1ctica donde los estudiantes debieron construir hip\u00f3tesis, objetivos y conclusiones, para luego debatir los distintos caminos de la investigaci\u00f3n cient\u00edfica. El acad\u00e9mico inst\u00f3 a los alumnos para que, junto a los profesores\/as, participen del congreso escolar y desarrollen su sentido anal\u00edtico y creativo a trav\u00e9s de la investigaci\u00f3n.<\/p>\n<p style=\"text-align: justify\">Adem\u00e1s, coment\u00f3 su compromiso por extender la ciencia a los j\u00f3venes &#8220;A los estudiantes hay que entusiasmarlos y es nuestra responsabilidad como cient\u00edficos y acad\u00e9micos hacerlos vibrar como a las mol\u00e9culas de agua. Los j\u00f3venes est\u00e1n entusiasmados en desarrollar estas tem\u00e1ticas y estas instancias permiten reforzar cosas m\u00e1s t\u00e9cnicas&#8221;, sostuvo.<\/p>\n<p style=\"text-align: justify\">Camilo D\u00edaz Rubilar, Colegio Santa Cruz de Larqui de Bulnes, sostuvo &#8220;sin duda fue una charla interesante puesto que son cosas que no nos pasan habitualmente en la sala de clase. Para nosotros, estas instancias son una gran herramienta que nos permiten mejorar nuestro futuro y generar una cierta conciencia de lo que viene&#8221;.<\/p>\n<p style=\"text-align: justify\">Magdaleine Carrera, profesora del Liceo Bicentenario de Excelencia Polivalente San Nicol\u00e1s, impulsa a sus estudiantes a seguir trabajando en su investigaci\u00f3n &#8220;nuestros estudiantes quieren llegar a Punta Arenas y \u00e9se es nuestro primer objetivo&#8221; afirm\u00f3.<\/p>\n<p style=\"text-align: justify\">En el caso de Concepci\u00f3n y Arauco, la conferencia estuvo dirigida por la acad\u00e9mica Sigrid Mennickent de la Facultad de Qu\u00edmica y Farmacia, quien coment\u00f3 que le encantaban este tipo de actividades y que las encontraba interesantes, ya que &#8220;les permite aclarar dudas (a los y las estudiantes). Algunos son m\u00e1s t\u00edmidos que otros, pero igual estuvieron atentos en el desarrollo de toda la charla&#8221;. Asimismo, recalc\u00f3 la importancia de la \u00e9tica dentro de la ejecuci\u00f3n de investigaciones, &#8220;no porque quiera determinada cosa voy a alterar los resultados&#8221;.<\/p>\n<p style=\"text-align: justify\">La profesora Juana Torrej\u00f3n del Liceo San Agust\u00edn, quien en a\u00f1os anteriores gan\u00f3 la FAE, cont\u00f3 su experiencia respecto del trabajo en las pasant\u00edas y los acad\u00e9micos\/as. Resalt\u00f3 la importancia del compromiso y la constancia que implica el trabajar este tipo de actividades, sobre todo la motivaci\u00f3n &#8220;si ustedes est\u00e1n aqu\u00ed, es porque realmente quieren hacerlo&#8221;.<\/p>\n<p style=\"text-align: justify\">La iniciativa, organizada por el Instituto Ant\u00e1rtico Chileno (INACH), patrocinada por el PAR EXPLORA Biob\u00edo y difundida por el Centro Interactivo de Ciencias, Artes y Tecnolog\u00edas, CiCAT, espera ser replicada el 1\u00b0 de julio en la ciudad de Los \u00c1ngeles.<\/p>\n<p>&nbsp;<\/p>\n","protected":false},"excerpt":{"rendered":"<p>De manera simult\u00e1nea, tres provincias protagonizaron los talleres de metodolog\u00eda de investigaci\u00f3n, con \u00e9nfasis en el formulario de postulaci\u00f3n de las pasant\u00edas ant\u00e1rticas, y con miras a postular de la d\u00e9cimo segunda versi\u00f3n de la Feria Ant\u00e1rtica Escolar. En el caso de \u00d1uble, la charla estuvo a cargo del acad\u00e9mico C\u00e9sar Espinoza, de la Facultad [&hellip;]<\/p>\n","protected":false},"author":2,"featured_media":757,"comment_status":"open","ping_status":"open","sticky":false,"template":"","format":"standard","meta":{"_acf_changed":false,"_exactmetrics_skip_tracking":false,"_exactmetrics_sitenote_active":false,"_exactmetrics_sitenote_note":"","_exactmetrics_sitenote_category":0,"footnotes":"","_links_to":"","_links_to_target":""},"categories":[4],"tags":[],"class_list":["post-756","post","type-post","status-publish","format-standard","has-post-thumbnail","hentry","category-noticias"],"acf":[],"yoast_head":"<!-- This site is optimized with the Yoast SEO plugin v26.9 - https:\/\/yoast.com\/product\/yoast-seo-wordpress\/ -->\n<title>Estudiantes de la Provincia de \u00d1uble, Concepci\u00f3n y Arauco ya se preparan para la FAE 2015 - Biob\u00edo<\/title>\n<meta name=\"robots\" content=\"index, follow, max-snippet:-1, max-image-preview:large, max-video-preview:-1\" \/>\n<link rel=\"canonical\" href=\"https:\/\/explora.cl\/biobio\/estudiantes-de-la-provincia-de-nuble-concepcion-y-arauco-ya-se-preparan-para-la-fae-2015\/\" class=\"yoast-seo-meta-tag\" \/>\n<meta property=\"og:locale\" content=\"es_ES\" class=\"yoast-seo-meta-tag\" \/>\n<meta property=\"og:type\" content=\"article\" class=\"yoast-seo-meta-tag\" \/>\n<meta property=\"og:title\" content=\"Estudiantes de la Provincia de \u00d1uble, Concepci\u00f3n y Arauco ya se preparan para la FAE 2015 - Biob\u00edo\" class=\"yoast-seo-meta-tag\" \/>\n<meta property=\"og:description\" content=\"De manera simult\u00e1nea, tres provincias protagonizaron los talleres de metodolog\u00eda de investigaci\u00f3n, con \u00e9nfasis en el formulario de postulaci\u00f3n de las pasant\u00edas ant\u00e1rticas, y con miras a postular de la d\u00e9cimo segunda versi\u00f3n de la Feria Ant\u00e1rtica Escolar. En el caso de \u00d1uble, la charla estuvo a cargo del acad\u00e9mico C\u00e9sar Espinoza, de la Facultad [&hellip;]\" class=\"yoast-seo-meta-tag\" \/>\n<meta property=\"og:url\" content=\"https:\/\/explora.cl\/biobio\/estudiantes-de-la-provincia-de-nuble-concepcion-y-arauco-ya-se-preparan-para-la-fae-2015\/\" class=\"yoast-seo-meta-tag\" \/>\n<meta property=\"og:site_name\" content=\"Biob\u00edo\" class=\"yoast-seo-meta-tag\" \/>\n<meta property=\"article:published_time\" content=\"2015-06-26T04:00:00+00:00\" class=\"yoast-seo-meta-tag\" \/>\n<meta property=\"article:modified_time\" content=\"2019-05-20T18:32:58+00:00\" class=\"yoast-seo-meta-tag\" \/>\n<meta property=\"og:image\" content=\"https:\/\/explora.cl\/biobio\/wp-content\/uploads\/sites\/14\/2018\/06\/535f54f1cb2c2dc0e39f6d5c8d07bda0.jpg\" class=\"yoast-seo-meta-tag\" \/>\n\t<meta property=\"og:image:width\" content=\"640\" class=\"yoast-seo-meta-tag\" \/>\n\t<meta property=\"og:image:height\" content=\"480\" class=\"yoast-seo-meta-tag\" \/>\n\t<meta property=\"og:image:type\" content=\"image\/jpeg\" class=\"yoast-seo-meta-tag\" \/>\n<meta name=\"author\" content=\"webman\" class=\"yoast-seo-meta-tag\" \/>\n<meta name=\"twitter:card\" content=\"summary_large_image\" class=\"yoast-seo-meta-tag\" \/>\n<meta name=\"twitter:label1\" content=\"Escrito por\" class=\"yoast-seo-meta-tag\" \/>\n\t<meta name=\"twitter:data1\" content=\"webman\" class=\"yoast-seo-meta-tag\" \/>\n\t<meta name=\"twitter:label2\" content=\"Tiempo estimado de lectura\" class=\"yoast-seo-meta-tag\" \/>\n\t<meta name=\"twitter:data2\" content=\"3 minutos\" class=\"yoast-seo-meta-tag\" \/>\n<script type=\"application\/ld+json\" class=\"yoast-schema-graph\">{\"@context\":\"https:\/\/schema.org\",\"@graph\":[{\"@type\":\"Article\",\"@id\":\"https:\/\/explora.cl\/biobio\/estudiantes-de-la-provincia-de-nuble-concepcion-y-arauco-ya-se-preparan-para-la-fae-2015\/#article\",\"isPartOf\":{\"@id\":\"https:\/\/explora.cl\/biobio\/estudiantes-de-la-provincia-de-nuble-concepcion-y-arauco-ya-se-preparan-para-la-fae-2015\/\"},\"author\":{\"name\":\"webman\",\"@id\":\"https:\/\/explora.cl\/biobio\/#\/schema\/person\/cb8349c13ea2d324080adf8480d7ba5d\"},\"headline\":\"Estudiantes de la Provincia de \u00d1uble, Concepci\u00f3n y Arauco ya se preparan para la FAE 2015\",\"datePublished\":\"2015-06-26T04:00:00+00:00\",\"dateModified\":\"2019-05-20T18:32:58+00:00\",\"mainEntityOfPage\":{\"@id\":\"https:\/\/explora.cl\/biobio\/estudiantes-de-la-provincia-de-nuble-concepcion-y-arauco-ya-se-preparan-para-la-fae-2015\/\"},\"wordCount\":536,\"commentCount\":0,\"image\":{\"@id\":\"https:\/\/explora.cl\/biobio\/estudiantes-de-la-provincia-de-nuble-concepcion-y-arauco-ya-se-preparan-para-la-fae-2015\/#primaryimage\"},\"thumbnailUrl\":\"https:\/\/explora.cl\/biobio\/wp-content\/uploads\/sites\/14\/2018\/06\/535f54f1cb2c2dc0e39f6d5c8d07bda0.jpg\",\"articleSection\":[\"Noticias\"],\"inLanguage\":\"es-CL\",\"potentialAction\":[{\"@type\":\"CommentAction\",\"name\":\"Comment\",\"target\":[\"https:\/\/explora.cl\/biobio\/estudiantes-de-la-provincia-de-nuble-concepcion-y-arauco-ya-se-preparan-para-la-fae-2015\/#respond\"]}]},{\"@type\":\"WebPage\",\"@id\":\"https:\/\/explora.cl\/biobio\/estudiantes-de-la-provincia-de-nuble-concepcion-y-arauco-ya-se-preparan-para-la-fae-2015\/\",\"url\":\"https:\/\/explora.cl\/biobio\/estudiantes-de-la-provincia-de-nuble-concepcion-y-arauco-ya-se-preparan-para-la-fae-2015\/\",\"name\":\"Estudiantes de la Provincia de \u00d1uble, Concepci\u00f3n y Arauco ya se preparan para la FAE 2015 - Biob\u00edo\",\"isPartOf\":{\"@id\":\"https:\/\/explora.cl\/biobio\/#website\"},\"primaryImageOfPage\":{\"@id\":\"https:\/\/explora.cl\/biobio\/estudiantes-de-la-provincia-de-nuble-concepcion-y-arauco-ya-se-preparan-para-la-fae-2015\/#primaryimage\"},\"image\":{\"@id\":\"https:\/\/explora.cl\/biobio\/estudiantes-de-la-provincia-de-nuble-concepcion-y-arauco-ya-se-preparan-para-la-fae-2015\/#primaryimage\"},\"thumbnailUrl\":\"https:\/\/explora.cl\/biobio\/wp-content\/uploads\/sites\/14\/2018\/06\/535f54f1cb2c2dc0e39f6d5c8d07bda0.jpg\",\"datePublished\":\"2015-06-26T04:00:00+00:00\",\"dateModified\":\"2019-05-20T18:32:58+00:00\",\"author\":{\"@id\":\"https:\/\/explora.cl\/biobio\/#\/schema\/person\/cb8349c13ea2d324080adf8480d7ba5d\"},\"breadcrumb\":{\"@id\":\"https:\/\/explora.cl\/biobio\/estudiantes-de-la-provincia-de-nuble-concepcion-y-arauco-ya-se-preparan-para-la-fae-2015\/#breadcrumb\"},\"inLanguage\":\"es-CL\",\"potentialAction\":[{\"@type\":\"ReadAction\",\"target\":[\"https:\/\/explora.cl\/biobio\/estudiantes-de-la-provincia-de-nuble-concepcion-y-arauco-ya-se-preparan-para-la-fae-2015\/\"]}]},{\"@type\":\"ImageObject\",\"inLanguage\":\"es-CL\",\"@id\":\"https:\/\/explora.cl\/biobio\/estudiantes-de-la-provincia-de-nuble-concepcion-y-arauco-ya-se-preparan-para-la-fae-2015\/#primaryimage\",\"url\":\"https:\/\/explora.cl\/biobio\/wp-content\/uploads\/sites\/14\/2018\/06\/535f54f1cb2c2dc0e39f6d5c8d07bda0.jpg\",\"contentUrl\":\"https:\/\/explora.cl\/biobio\/wp-content\/uploads\/sites\/14\/2018\/06\/535f54f1cb2c2dc0e39f6d5c8d07bda0.jpg\",\"width\":640,\"height\":480},{\"@type\":\"BreadcrumbList\",\"@id\":\"https:\/\/explora.cl\/biobio\/estudiantes-de-la-provincia-de-nuble-concepcion-y-arauco-ya-se-preparan-para-la-fae-2015\/#breadcrumb\",\"itemListElement\":[{\"@type\":\"ListItem\",\"position\":1,\"name\":\"Portada\",\"item\":\"https:\/\/explora.cl\/biobio\/\"},{\"@type\":\"ListItem\",\"position\":2,\"name\":\"Estudiantes de la Provincia de \u00d1uble, Concepci\u00f3n y Arauco ya se preparan para la FAE 2015\"}]},{\"@type\":\"WebSite\",\"@id\":\"https:\/\/explora.cl\/biobio\/#website\",\"url\":\"https:\/\/explora.cl\/biobio\/\",\"name\":\"Biob\u00edo\",\"description\":\"Otro sitio m\u00e1s de explora.cl\",\"potentialAction\":[{\"@type\":\"SearchAction\",\"target\":{\"@type\":\"EntryPoint\",\"urlTemplate\":\"https:\/\/explora.cl\/biobio\/?s={search_term_string}\"},\"query-input\":{\"@type\":\"PropertyValueSpecification\",\"valueRequired\":true,\"valueName\":\"search_term_string\"}}],\"inLanguage\":\"es-CL\"},{\"@type\":\"Person\",\"@id\":\"https:\/\/explora.cl\/biobio\/#\/schema\/person\/cb8349c13ea2d324080adf8480d7ba5d\",\"name\":\"webman\",\"image\":{\"@type\":\"ImageObject\",\"inLanguage\":\"es-CL\",\"@id\":\"https:\/\/explora.cl\/biobio\/#\/schema\/person\/image\/\",\"url\":\"https:\/\/secure.gravatar.com\/avatar\/eeff3c82f2c02f7177d13663b7e6f890e9a6a0647ce9bb29cae02dcb094c7312?s=96&d=mm&r=g\",\"contentUrl\":\"https:\/\/secure.gravatar.com\/avatar\/eeff3c82f2c02f7177d13663b7e6f890e9a6a0647ce9bb29cae02dcb094c7312?s=96&d=mm&r=g\",\"caption\":\"webman\"},\"url\":\"https:\/\/explora.cl\/biobio\/author\/webman\/\"}]}<\/script>\n<!-- \/ Yoast SEO plugin. -->","yoast_head_json":{"title":"Estudiantes de la Provincia de \u00d1uble, Concepci\u00f3n y Arauco ya se preparan para la FAE 2015 - Biob\u00edo","robots":{"index":"index","follow":"follow","max-snippet":"max-snippet:-1","max-image-preview":"max-image-preview:large","max-video-preview":"max-video-preview:-1"},"canonical":"https:\/\/explora.cl\/biobio\/estudiantes-de-la-provincia-de-nuble-concepcion-y-arauco-ya-se-preparan-para-la-fae-2015\/","og_locale":"es_ES","og_type":"article","og_title":"Estudiantes de la Provincia de \u00d1uble, Concepci\u00f3n y Arauco ya se preparan para la FAE 2015 - Biob\u00edo","og_description":"De manera simult\u00e1nea, tres provincias protagonizaron los talleres de metodolog\u00eda de investigaci\u00f3n, con \u00e9nfasis en el formulario de postulaci\u00f3n de las pasant\u00edas ant\u00e1rticas, y con miras a postular de la d\u00e9cimo segunda versi\u00f3n de la Feria Ant\u00e1rtica Escolar. En el caso de \u00d1uble, la charla estuvo a cargo del acad\u00e9mico C\u00e9sar Espinoza, de la Facultad [&hellip;]","og_url":"https:\/\/explora.cl\/biobio\/estudiantes-de-la-provincia-de-nuble-concepcion-y-arauco-ya-se-preparan-para-la-fae-2015\/","og_site_name":"Biob\u00edo","article_published_time":"2015-06-26T04:00:00+00:00","article_modified_time":"2019-05-20T18:32:58+00:00","og_image":[{"width":640,"height":480,"url":"https:\/\/explora.cl\/biobio\/wp-content\/uploads\/sites\/14\/2018\/06\/535f54f1cb2c2dc0e39f6d5c8d07bda0.jpg","type":"image\/jpeg"}],"author":"webman","twitter_card":"summary_large_image","twitter_misc":{"Escrito por":"webman","Tiempo estimado de lectura":"3 minutos"},"schema":{"@context":"https:\/\/schema.org","@graph":[{"@type":"Article","@id":"https:\/\/explora.cl\/biobio\/estudiantes-de-la-provincia-de-nuble-concepcion-y-arauco-ya-se-preparan-para-la-fae-2015\/#article","isPartOf":{"@id":"https:\/\/explora.cl\/biobio\/estudiantes-de-la-provincia-de-nuble-concepcion-y-arauco-ya-se-preparan-para-la-fae-2015\/"},"author":{"name":"webman","@id":"https:\/\/explora.cl\/biobio\/#\/schema\/person\/cb8349c13ea2d324080adf8480d7ba5d"},"headline":"Estudiantes de la Provincia de \u00d1uble, Concepci\u00f3n y Arauco ya se preparan para la FAE 2015","datePublished":"2015-06-26T04:00:00+00:00","dateModified":"2019-05-20T18:32:58+00:00","mainEntityOfPage":{"@id":"https:\/\/explora.cl\/biobio\/estudiantes-de-la-provincia-de-nuble-concepcion-y-arauco-ya-se-preparan-para-la-fae-2015\/"},"wordCount":536,"commentCount":0,"image":{"@id":"https:\/\/explora.cl\/biobio\/estudiantes-de-la-provincia-de-nuble-concepcion-y-arauco-ya-se-preparan-para-la-fae-2015\/#primaryimage"},"thumbnailUrl":"https:\/\/explora.cl\/biobio\/wp-content\/uploads\/sites\/14\/2018\/06\/535f54f1cb2c2dc0e39f6d5c8d07bda0.jpg","articleSection":["Noticias"],"inLanguage":"es-CL","potentialAction":[{"@type":"CommentAction","name":"Comment","target":["https:\/\/explora.cl\/biobio\/estudiantes-de-la-provincia-de-nuble-concepcion-y-arauco-ya-se-preparan-para-la-fae-2015\/#respond"]}]},{"@type":"WebPage","@id":"https:\/\/explora.cl\/biobio\/estudiantes-de-la-provincia-de-nuble-concepcion-y-arauco-ya-se-preparan-para-la-fae-2015\/","url":"https:\/\/explora.cl\/biobio\/estudiantes-de-la-provincia-de-nuble-concepcion-y-arauco-ya-se-preparan-para-la-fae-2015\/","name":"Estudiantes de la Provincia de \u00d1uble, Concepci\u00f3n y Arauco ya se preparan para la FAE 2015 - Biob\u00edo","isPartOf":{"@id":"https:\/\/explora.cl\/biobio\/#website"},"primaryImageOfPage":{"@id":"https:\/\/explora.cl\/biobio\/estudiantes-de-la-provincia-de-nuble-concepcion-y-arauco-ya-se-preparan-para-la-fae-2015\/#primaryimage"},"image":{"@id":"https:\/\/explora.cl\/biobio\/estudiantes-de-la-provincia-de-nuble-concepcion-y-arauco-ya-se-preparan-para-la-fae-2015\/#primaryimage"},"thumbnailUrl":"https:\/\/explora.cl\/biobio\/wp-content\/uploads\/sites\/14\/2018\/06\/535f54f1cb2c2dc0e39f6d5c8d07bda0.jpg","datePublished":"2015-06-26T04:00:00+00:00","dateModified":"2019-05-20T18:32:58+00:00","author":{"@id":"https:\/\/explora.cl\/biobio\/#\/schema\/person\/cb8349c13ea2d324080adf8480d7ba5d"},"breadcrumb":{"@id":"https:\/\/explora.cl\/biobio\/estudiantes-de-la-provincia-de-nuble-concepcion-y-arauco-ya-se-preparan-para-la-fae-2015\/#breadcrumb"},"inLanguage":"es-CL","potentialAction":[{"@type":"ReadAction","target":["https:\/\/explora.cl\/biobio\/estudiantes-de-la-provincia-de-nuble-concepcion-y-arauco-ya-se-preparan-para-la-fae-2015\/"]}]},{"@type":"ImageObject","inLanguage":"es-CL","@id":"https:\/\/explora.cl\/biobio\/estudiantes-de-la-provincia-de-nuble-concepcion-y-arauco-ya-se-preparan-para-la-fae-2015\/#primaryimage","url":"https:\/\/explora.cl\/biobio\/wp-content\/uploads\/sites\/14\/2018\/06\/535f54f1cb2c2dc0e39f6d5c8d07bda0.jpg","contentUrl":"https:\/\/explora.cl\/biobio\/wp-content\/uploads\/sites\/14\/2018\/06\/535f54f1cb2c2dc0e39f6d5c8d07bda0.jpg","width":640,"height":480},{"@type":"BreadcrumbList","@id":"https:\/\/explora.cl\/biobio\/estudiantes-de-la-provincia-de-nuble-concepcion-y-arauco-ya-se-preparan-para-la-fae-2015\/#breadcrumb","itemListElement":[{"@type":"ListItem","position":1,"name":"Portada","item":"https:\/\/explora.cl\/biobio\/"},{"@type":"ListItem","position":2,"name":"Estudiantes de la Provincia de \u00d1uble, Concepci\u00f3n y Arauco ya se preparan para la FAE 2015"}]},{"@type":"WebSite","@id":"https:\/\/explora.cl\/biobio\/#website","url":"https:\/\/explora.cl\/biobio\/","name":"Biob\u00edo","description":"Otro sitio m\u00e1s de explora.cl","potentialAction":[{"@type":"SearchAction","target":{"@type":"EntryPoint","urlTemplate":"https:\/\/explora.cl\/biobio\/?s={search_term_string}"},"query-input":{"@type":"PropertyValueSpecification","valueRequired":true,"valueName":"search_term_string"}}],"inLanguage":"es-CL"},{"@type":"Person","@id":"https:\/\/explora.cl\/biobio\/#\/schema\/person\/cb8349c13ea2d324080adf8480d7ba5d","name":"webman","image":{"@type":"ImageObject","inLanguage":"es-CL","@id":"https:\/\/explora.cl\/biobio\/#\/schema\/person\/image\/","url":"https:\/\/secure.gravatar.com\/avatar\/eeff3c82f2c02f7177d13663b7e6f890e9a6a0647ce9bb29cae02dcb094c7312?s=96&d=mm&r=g","contentUrl":"https:\/\/secure.gravatar.com\/avatar\/eeff3c82f2c02f7177d13663b7e6f890e9a6a0647ce9bb29cae02dcb094c7312?s=96&d=mm&r=g","caption":"webman"},"url":"https:\/\/explora.cl\/biobio\/author\/webman\/"}]}},"_links":{"self":[{"href":"https:\/\/explora.cl\/biobio\/wp-json\/wp\/v2\/posts\/756","targetHints":{"allow":["GET"]}}],"collection":[{"href":"https:\/\/explora.cl\/biobio\/wp-json\/wp\/v2\/posts"}],"about":[{"href":"https:\/\/explora.cl\/biobio\/wp-json\/wp\/v2\/types\/post"}],"author":[{"embeddable":true,"href":"https:\/\/explora.cl\/biobio\/wp-json\/wp\/v2\/users\/2"}],"replies":[{"embeddable":true,"href":"https:\/\/explora.cl\/biobio\/wp-json\/wp\/v2\/comments?post=756"}],"version-history":[{"count":1,"href":"https:\/\/explora.cl\/biobio\/wp-json\/wp\/v2\/posts\/756\/revisions"}],"predecessor-version":[{"id":37890,"href":"https:\/\/explora.cl\/biobio\/wp-json\/wp\/v2\/posts\/756\/revisions\/37890"}],"wp:featuredmedia":[{"embeddable":true,"href":"https:\/\/explora.cl\/biobio\/wp-json\/wp\/v2\/media\/757"}],"wp:attachment":[{"href":"https:\/\/explora.cl\/biobio\/wp-json\/wp\/v2\/media?parent=756"}],"wp:term":[{"taxonomy":"category","embeddable":true,"href":"https:\/\/explora.cl\/biobio\/wp-json\/wp\/v2\/categories?post=756"},{"taxonomy":"post_tag","embeddable":true,"href":"https:\/\/explora.cl\/biobio\/wp-json\/wp\/v2\/tags?post=756"}],"curies":[{"name":"wp","href":"https:\/\/api.w.org\/{rel}","templated":true}]}}