{"id":748,"date":"2015-06-22T00:00:00","date_gmt":"2015-06-22T04:00:00","guid":{"rendered":"https:\/\/explora.cl\/biobio\/blog\/2015\/06\/22\/participa-de-la-fae-2015-y-descubre-el-continente-blanco\/"},"modified":"2019-05-20T18:33:00","modified_gmt":"2019-05-20T18:33:00","slug":"participa-de-la-fae-2015-y-descubre-el-continente-blanco","status":"publish","type":"post","link":"https:\/\/explora.cl\/biobio\/participa-de-la-fae-2015-y-descubre-el-continente-blanco\/","title":{"rendered":"Participa de la FAE 2015 y descubre el Continente Blanco"},"content":{"rendered":"<p><img fetchpriority=\"high\" decoding=\"async\" class=\" size-full wp-image-12465\" src=\"http:\/\/ec2-34-218-253-251.us-west-2.compute.amazonaws.com\/wp-content\/uploads\/2015\/06\/50c078f0ee21772a38213187a27ff931.jpg\" alt=\"\" width=\"619\" height=\"350\" \/><\/p>\n<p><span style=\"text-align: justify\">Prote\u00ednas anticongelantes y su potencial uso fue el tema de la charla con la que se inaugur\u00f3 oficialmente la Feria Ant\u00e1rtica Escolar (FAE) &nbsp;en la Regi\u00f3n del Biob\u00edo el viernes pasado. El expositor fue el Dr. Carlos Gonz\u00e1lez Correa, microbi\u00f3logo y actual Vicerrector de Investigaci\u00f3n y Desarrollo de la Universidad de Concepci\u00f3n.&nbsp;<\/span><\/p>\n<div style=\"text-align: justify\">&nbsp;<\/div>\n<div style=\"text-align: justify\">El Vicerrector comenz\u00f3 su exposici\u00f3n contando el c\u00f3mo el 2007 inici\u00f3 su aventura junto a un colega \u00bfpor qu\u00e9 la Ant\u00e1rtica? Porque es un ambiente propicio para realizar investigaci\u00f3n en su \u00e1rea. Asimismo, defini\u00f3 que la innovaci\u00f3n, desde el punto de vista cient\u00edfico, era agregarle valor agregado a lo que est\u00e1 investigando.&nbsp;<\/div>\n<div style=\"text-align: justify\">&nbsp;<\/div>\n<div style=\"text-align: justify\">En la zona, se encuentran abiertas las postulaciones a las pasant\u00edas ant\u00e1rticas escolares, las que tienen por objetivo apoyar y promover iniciativas innovadoras de investigaci\u00f3n cient\u00edfica con tem\u00e1ticas relacionadas a la Ant\u00e1rtica y que sean desarrolladas por estudiantes de Educaci\u00f3n Media y docentes de la Regi\u00f3n del Biob\u00edo.<\/div>\n<div style=\"text-align: justify\">&nbsp;<\/div>\n<div style=\"text-align: justify\">Para ser parte, es necesario leer atentamente las bases publicadas en <a href=\"biobio\" target=\"_blank\" rel=\"noopener noreferrer\"><strong><span style=\"color: #003300\">explora.cl\/biobio<\/span><\/strong><\/a>, identificar a la categor\u00eda en la cual desarrollar\u00e1n su investigaci\u00f3n, llenar el formulario seg\u00fan corresponda y la carta de compromiso, y enviar el material al correo electr\u00f3nico <strong><span style=\"color: #003300\"><a href=\"mailto:explora@udec.cl\"><span style=\"color: #003300\">explora@udec.cl<\/span><\/a><\/span><\/strong><\/div>\n<div style=\"text-align: justify\">&nbsp;<\/div>\n<div>En ese sentido se realizar\u00e1n talleres de metodolog\u00eda de investigaci\u00f3n relacionados con el tema, en los cuales se explicar\u00e1 el llenado de los formularios (inscripciones <span style=\"color: #003300\"><strong><a href=\"https:\/\/docs.google.com\/forms\/d\/1IHDQFunp1dyFnSnuQdZsEhi3G9sEIHZ7EXdeXCPvRgA\/viewform\" target=\"_blank\" rel=\"noopener noreferrer\"><span style=\"color: #003300\">aqu\u00ed<\/span><\/a><\/strong><\/span>). Las fechas son las siguientes:<\/div>\n<div style=\"text-align: justify\">&nbsp;<\/div>\n<div style=\"text-align: justify\">\n<table border=\"0\" cellspacing=\"0\" cellpadding=\"0\" style=\"border-collapse: collapse;width: 575px;height: 164px;background-image: initial;background-position: initial\">\n<tbody>\n<tr style=\"height: 16.4pt\">\n<td width=\"265\" valign=\"top\" style=\"width: 198.4pt;border: 1pt solid #548dd4;padding: 0cm 5.4pt;height: 16.4pt;background: #95b3d7\">\n<p style=\"margin-bottom: 0.0001pt;line-height: 15.75pt\">01 de julio<\/p>\n<\/td>\n<td width=\"315\" valign=\"top\" style=\"width: 236.3pt;border-style: solid solid solid none;border-top-color: #548dd4;border-right-color: #548dd4;border-bottom-color: #548dd4;border-top-width: 1pt;border-right-width: 1pt;border-bottom-width: 1pt;padding: 0cm 5.4pt;height: 16.4pt\">\n<p style=\"margin: 11.25pt 0cm;line-height: 15.75pt\"><span style=\"font-size: 11.5pt;font-family: 'Trebuchet MS', sans-serif;color: #666666\">Provincia de Biob\u00edo: 15:00 hrs. Campus UdeC Los \u00c1ngeles<\/span><\/p>\n<\/td>\n<\/tr>\n<tr style=\"height: 17.35pt\">\n<td width=\"265\" valign=\"top\" style=\"width: 198.4pt;border-style: none solid solid;border-right-color: #548dd4;border-bottom-color: #548dd4;border-left-color: #548dd4;border-right-width: 1pt;border-bottom-width: 1pt;border-left-width: 1pt;padding: 0cm 5.4pt;height: 17.35pt;background: #95b3d7\">\n<p style=\"margin-bottom: 0.0001pt;line-height: 15.75pt\">&nbsp;<strong><span style=\"font-size: 11.5pt;font-family: 'Trebuchet MS', sans-serif;color: #666666;border: 1pt none windowtext;padding: 0cm\">25 de Junio<\/span><\/strong><\/p>\n<\/td>\n<td width=\"315\" valign=\"top\" style=\"width: 236.3pt;border-style: none solid solid none;border-bottom-color: #548dd4;border-bottom-width: 1pt;border-right-color: #548dd4;border-right-width: 1pt;padding: 0cm 5.4pt;height: 17.35pt\">\n<p style=\"margin: 11.25pt 0cm;line-height: 15.75pt\"><span style=\"font-size: 11.5pt;font-family: 'Trebuchet MS', sans-serif;color: #666666\">Provincia de Arauco y Concepci\u00f3n: 11:00 hrs. CiCAT (Coronel)<\/span><\/p>\n<\/td>\n<\/tr>\n<tr style=\"height: 34.25pt\">\n<td width=\"265\" style=\"width: 198.4pt;border-style: none solid solid;border-right-color: #548dd4;border-bottom-color: #548dd4;border-left-color: #548dd4;border-right-width: 1pt;border-bottom-width: 1pt;border-left-width: 1pt;padding: 0cm 5.4pt;height: 34.25pt;background: #95b3d7\">\n<p style=\"margin-bottom: 0.0001pt;line-height: 15.75pt\"><strong><span style=\"font-size: 11.5pt;font-family: 'Trebuchet MS', sans-serif;color: #666666;border: 1pt none windowtext;padding: 0cm\">25 de Junio<\/span><\/strong><\/p>\n<\/td>\n<td width=\"315\" valign=\"top\" style=\"width: 236.3pt;border-style: none solid solid none;border-bottom-color: #548dd4;border-bottom-width: 1pt;border-right-color: #548dd4;border-right-width: 1pt;padding: 0cm 5.4pt;height: 34.25pt\">\n<p style=\"margin: 11.25pt 0cm;line-height: 15.75pt\"><span style=\"font-size: 11.5pt;font-family: 'Trebuchet MS', sans-serif;color: #666666\">Provincia de \u00d1uble. Campus UdeC. Horario por confirmar<\/span><\/p>\n<\/td>\n<\/tr>\n<\/tbody>\n<\/table>\n<p>En la Regi\u00f3n del Biob\u00edo, la iniciativa, organizada por el Instituto Ant\u00e1rtico Chileno (INACH), patrocinada por el PAR EXPLORA Biob\u00edo y difundida por el Centro Interactivo de Ciencias, Artes y Tecnolog\u00edas, CiCAT, busca incentivar la investigaci\u00f3n cient\u00edfica escolar sobre temas del continente blanco en estudiantes de educaci\u00f3n media de todo el pa\u00eds.<\/p>\n<p>&nbsp;<\/p>\n<p><span style=\"color: #003300\"><strong>XII Feria Ant\u00e1rtica Escolar<\/strong><\/span><\/p>\n<p>Hasta las 16:00 horas del viernes 4 de septiembre de este a\u00f1o, se recibir\u00e1n las postulaciones a la FAE en el portal www.inach.cl\/fae , encuentro que reunir\u00e1 a las m\u00e1s destacadas investigaciones polares de educaci\u00f3n media de todo el pa\u00eds. El evento se desarrollar\u00e1 en Punta Arenas entre el 5 y 8 de noviembre, como parte de las celebraciones del D\u00eda de la Ant\u00e1rtica Chilena.<\/p>\n<p>Un comit\u00e9 t\u00e9cnico compuesto por profesionales del Instituto Ant\u00e1rtico Chileno y, eventualmente, por cient\u00edficos externos invitados, evaluar\u00e1 las propuestas admisibles y seleccionar\u00e1 los trabajos. Se aplicar\u00e1 como criterio principal la calidad de las propuestas; sin embargo, tambi\u00e9n se procurar\u00e1 la representatividad territorial nacional en la Feria y se seleccionar\u00e1n 28 trabajos en total, 14 de nivel inicial y 14 de nivel avanzado. Cada nivel incluir\u00e1 trabajos bibliogr\u00e1ficos y experimentales. Se seleccionar\u00e1 un (1) proyecto por establecimiento educacional.&nbsp;<\/p>\n<p>Los trabajos seleccionados, en las categor\u00edas bibliogr\u00e1fica y experimental, se exponen en forma oral y en stand, compitiendo por obtener uno de los cupos para ser parte de la Expedici\u00f3n Ant\u00e1rtica Escolar 2016, consistente en un viaje al Continente Blanco, donde desarrollan un extenso programa cient\u00edfico y cultural.<\/p>\n<p>La traves\u00eda se realiza en el verano polar en la isla Rey Jorge, pen\u00ednsula Ant\u00e1rtica, y comprender\u00e1 un programa de actividades pedag\u00f3gico-cient\u00edficas que se desarrollar\u00e1n en la base \u201cProfesor Julio Escudero\u201d del INACH y en terreno. Este programa tendr\u00e1 una duraci\u00f3n de entre tres y cinco d\u00edas, seg\u00fan defina el INACH considerando factores clim\u00e1ticos y posibilidades de acceso\/salida del territorio ant\u00e1rtico.<\/p>\n<p>&nbsp;<\/p>\n<\/p><\/div>\n<p>&nbsp;<\/p>\n","protected":false},"excerpt":{"rendered":"<p>Prote\u00ednas anticongelantes y su potencial uso fue el tema de la charla con la que se inaugur\u00f3 oficialmente la Feria Ant\u00e1rtica Escolar (FAE) &nbsp;en la Regi\u00f3n del Biob\u00edo el viernes pasado. El expositor fue el Dr. Carlos Gonz\u00e1lez Correa, microbi\u00f3logo y actual Vicerrector de Investigaci\u00f3n y Desarrollo de la Universidad de Concepci\u00f3n.&nbsp; &nbsp; El Vicerrector [&hellip;]<\/p>\n","protected":false},"author":2,"featured_media":749,"comment_status":"open","ping_status":"open","sticky":false,"template":"","format":"standard","meta":{"_acf_changed":false,"_exactmetrics_skip_tracking":false,"_exactmetrics_sitenote_active":false,"_exactmetrics_sitenote_note":"","_exactmetrics_sitenote_category":0,"footnotes":"","_links_to":"","_links_to_target":""},"categories":[4],"tags":[],"class_list":["post-748","post","type-post","status-publish","format-standard","has-post-thumbnail","hentry","category-noticias"],"acf":[],"yoast_head":"<!-- This site is optimized with the Yoast SEO plugin v26.9 - https:\/\/yoast.com\/product\/yoast-seo-wordpress\/ -->\n<title>Participa de la FAE 2015 y descubre el Continente Blanco - Biob\u00edo<\/title>\n<meta name=\"robots\" content=\"index, follow, max-snippet:-1, max-image-preview:large, max-video-preview:-1\" \/>\n<link rel=\"canonical\" href=\"https:\/\/explora.cl\/biobio\/participa-de-la-fae-2015-y-descubre-el-continente-blanco\/\" class=\"yoast-seo-meta-tag\" \/>\n<meta property=\"og:locale\" content=\"es_ES\" class=\"yoast-seo-meta-tag\" \/>\n<meta property=\"og:type\" content=\"article\" class=\"yoast-seo-meta-tag\" \/>\n<meta property=\"og:title\" content=\"Participa de la FAE 2015 y descubre el Continente Blanco - Biob\u00edo\" class=\"yoast-seo-meta-tag\" \/>\n<meta property=\"og:description\" content=\"Prote\u00ednas anticongelantes y su potencial uso fue el tema de la charla con la que se inaugur\u00f3 oficialmente la Feria Ant\u00e1rtica Escolar (FAE) &nbsp;en la Regi\u00f3n del Biob\u00edo el viernes pasado. El expositor fue el Dr. Carlos Gonz\u00e1lez Correa, microbi\u00f3logo y actual Vicerrector de Investigaci\u00f3n y Desarrollo de la Universidad de Concepci\u00f3n.&nbsp; &nbsp; El Vicerrector [&hellip;]\" class=\"yoast-seo-meta-tag\" \/>\n<meta property=\"og:url\" content=\"https:\/\/explora.cl\/biobio\/participa-de-la-fae-2015-y-descubre-el-continente-blanco\/\" class=\"yoast-seo-meta-tag\" \/>\n<meta property=\"og:site_name\" content=\"Biob\u00edo\" class=\"yoast-seo-meta-tag\" \/>\n<meta property=\"article:published_time\" content=\"2015-06-22T04:00:00+00:00\" class=\"yoast-seo-meta-tag\" \/>\n<meta property=\"article:modified_time\" content=\"2019-05-20T18:33:00+00:00\" class=\"yoast-seo-meta-tag\" \/>\n<meta property=\"og:image\" content=\"https:\/\/explora.cl\/biobio\/wp-content\/uploads\/sites\/14\/2018\/06\/50c078f0ee21772a38213187a27ff931.jpg\" class=\"yoast-seo-meta-tag\" \/>\n\t<meta property=\"og:image:width\" content=\"619\" class=\"yoast-seo-meta-tag\" \/>\n\t<meta property=\"og:image:height\" content=\"350\" class=\"yoast-seo-meta-tag\" \/>\n\t<meta property=\"og:image:type\" content=\"image\/jpeg\" class=\"yoast-seo-meta-tag\" \/>\n<meta name=\"author\" content=\"webman\" class=\"yoast-seo-meta-tag\" \/>\n<meta name=\"twitter:card\" content=\"summary_large_image\" class=\"yoast-seo-meta-tag\" \/>\n<meta name=\"twitter:label1\" content=\"Escrito por\" class=\"yoast-seo-meta-tag\" \/>\n\t<meta name=\"twitter:data1\" content=\"webman\" class=\"yoast-seo-meta-tag\" \/>\n\t<meta name=\"twitter:label2\" content=\"Tiempo estimado de lectura\" class=\"yoast-seo-meta-tag\" \/>\n\t<meta name=\"twitter:data2\" content=\"3 minutos\" class=\"yoast-seo-meta-tag\" \/>\n<script type=\"application\/ld+json\" class=\"yoast-schema-graph\">{\"@context\":\"https:\/\/schema.org\",\"@graph\":[{\"@type\":\"Article\",\"@id\":\"https:\/\/explora.cl\/biobio\/participa-de-la-fae-2015-y-descubre-el-continente-blanco\/#article\",\"isPartOf\":{\"@id\":\"https:\/\/explora.cl\/biobio\/participa-de-la-fae-2015-y-descubre-el-continente-blanco\/\"},\"author\":{\"name\":\"webman\",\"@id\":\"https:\/\/explora.cl\/biobio\/#\/schema\/person\/cb8349c13ea2d324080adf8480d7ba5d\"},\"headline\":\"Participa de la FAE 2015 y descubre el Continente Blanco\",\"datePublished\":\"2015-06-22T04:00:00+00:00\",\"dateModified\":\"2019-05-20T18:33:00+00:00\",\"mainEntityOfPage\":{\"@id\":\"https:\/\/explora.cl\/biobio\/participa-de-la-fae-2015-y-descubre-el-continente-blanco\/\"},\"wordCount\":651,\"commentCount\":0,\"image\":{\"@id\":\"https:\/\/explora.cl\/biobio\/participa-de-la-fae-2015-y-descubre-el-continente-blanco\/#primaryimage\"},\"thumbnailUrl\":\"https:\/\/explora.cl\/biobio\/wp-content\/uploads\/sites\/14\/2018\/06\/50c078f0ee21772a38213187a27ff931.jpg\",\"articleSection\":[\"Noticias\"],\"inLanguage\":\"es-CL\",\"potentialAction\":[{\"@type\":\"CommentAction\",\"name\":\"Comment\",\"target\":[\"https:\/\/explora.cl\/biobio\/participa-de-la-fae-2015-y-descubre-el-continente-blanco\/#respond\"]}]},{\"@type\":\"WebPage\",\"@id\":\"https:\/\/explora.cl\/biobio\/participa-de-la-fae-2015-y-descubre-el-continente-blanco\/\",\"url\":\"https:\/\/explora.cl\/biobio\/participa-de-la-fae-2015-y-descubre-el-continente-blanco\/\",\"name\":\"Participa de la FAE 2015 y descubre el Continente Blanco - Biob\u00edo\",\"isPartOf\":{\"@id\":\"https:\/\/explora.cl\/biobio\/#website\"},\"primaryImageOfPage\":{\"@id\":\"https:\/\/explora.cl\/biobio\/participa-de-la-fae-2015-y-descubre-el-continente-blanco\/#primaryimage\"},\"image\":{\"@id\":\"https:\/\/explora.cl\/biobio\/participa-de-la-fae-2015-y-descubre-el-continente-blanco\/#primaryimage\"},\"thumbnailUrl\":\"https:\/\/explora.cl\/biobio\/wp-content\/uploads\/sites\/14\/2018\/06\/50c078f0ee21772a38213187a27ff931.jpg\",\"datePublished\":\"2015-06-22T04:00:00+00:00\",\"dateModified\":\"2019-05-20T18:33:00+00:00\",\"author\":{\"@id\":\"https:\/\/explora.cl\/biobio\/#\/schema\/person\/cb8349c13ea2d324080adf8480d7ba5d\"},\"breadcrumb\":{\"@id\":\"https:\/\/explora.cl\/biobio\/participa-de-la-fae-2015-y-descubre-el-continente-blanco\/#breadcrumb\"},\"inLanguage\":\"es-CL\",\"potentialAction\":[{\"@type\":\"ReadAction\",\"target\":[\"https:\/\/explora.cl\/biobio\/participa-de-la-fae-2015-y-descubre-el-continente-blanco\/\"]}]},{\"@type\":\"ImageObject\",\"inLanguage\":\"es-CL\",\"@id\":\"https:\/\/explora.cl\/biobio\/participa-de-la-fae-2015-y-descubre-el-continente-blanco\/#primaryimage\",\"url\":\"https:\/\/explora.cl\/biobio\/wp-content\/uploads\/sites\/14\/2018\/06\/50c078f0ee21772a38213187a27ff931.jpg\",\"contentUrl\":\"https:\/\/explora.cl\/biobio\/wp-content\/uploads\/sites\/14\/2018\/06\/50c078f0ee21772a38213187a27ff931.jpg\",\"width\":619,\"height\":350},{\"@type\":\"BreadcrumbList\",\"@id\":\"https:\/\/explora.cl\/biobio\/participa-de-la-fae-2015-y-descubre-el-continente-blanco\/#breadcrumb\",\"itemListElement\":[{\"@type\":\"ListItem\",\"position\":1,\"name\":\"Portada\",\"item\":\"https:\/\/explora.cl\/biobio\/\"},{\"@type\":\"ListItem\",\"position\":2,\"name\":\"Participa de la FAE 2015 y descubre el Continente Blanco\"}]},{\"@type\":\"WebSite\",\"@id\":\"https:\/\/explora.cl\/biobio\/#website\",\"url\":\"https:\/\/explora.cl\/biobio\/\",\"name\":\"Biob\u00edo\",\"description\":\"Otro sitio m\u00e1s de explora.cl\",\"potentialAction\":[{\"@type\":\"SearchAction\",\"target\":{\"@type\":\"EntryPoint\",\"urlTemplate\":\"https:\/\/explora.cl\/biobio\/?s={search_term_string}\"},\"query-input\":{\"@type\":\"PropertyValueSpecification\",\"valueRequired\":true,\"valueName\":\"search_term_string\"}}],\"inLanguage\":\"es-CL\"},{\"@type\":\"Person\",\"@id\":\"https:\/\/explora.cl\/biobio\/#\/schema\/person\/cb8349c13ea2d324080adf8480d7ba5d\",\"name\":\"webman\",\"image\":{\"@type\":\"ImageObject\",\"inLanguage\":\"es-CL\",\"@id\":\"https:\/\/explora.cl\/biobio\/#\/schema\/person\/image\/\",\"url\":\"https:\/\/secure.gravatar.com\/avatar\/eeff3c82f2c02f7177d13663b7e6f890e9a6a0647ce9bb29cae02dcb094c7312?s=96&d=mm&r=g\",\"contentUrl\":\"https:\/\/secure.gravatar.com\/avatar\/eeff3c82f2c02f7177d13663b7e6f890e9a6a0647ce9bb29cae02dcb094c7312?s=96&d=mm&r=g\",\"caption\":\"webman\"},\"url\":\"https:\/\/explora.cl\/biobio\/author\/webman\/\"}]}<\/script>\n<!-- \/ Yoast SEO plugin. -->","yoast_head_json":{"title":"Participa de la FAE 2015 y descubre el Continente Blanco - Biob\u00edo","robots":{"index":"index","follow":"follow","max-snippet":"max-snippet:-1","max-image-preview":"max-image-preview:large","max-video-preview":"max-video-preview:-1"},"canonical":"https:\/\/explora.cl\/biobio\/participa-de-la-fae-2015-y-descubre-el-continente-blanco\/","og_locale":"es_ES","og_type":"article","og_title":"Participa de la FAE 2015 y descubre el Continente Blanco - Biob\u00edo","og_description":"Prote\u00ednas anticongelantes y su potencial uso fue el tema de la charla con la que se inaugur\u00f3 oficialmente la Feria Ant\u00e1rtica Escolar (FAE) &nbsp;en la Regi\u00f3n del Biob\u00edo el viernes pasado. El expositor fue el Dr. Carlos Gonz\u00e1lez Correa, microbi\u00f3logo y actual Vicerrector de Investigaci\u00f3n y Desarrollo de la Universidad de Concepci\u00f3n.&nbsp; &nbsp; El Vicerrector [&hellip;]","og_url":"https:\/\/explora.cl\/biobio\/participa-de-la-fae-2015-y-descubre-el-continente-blanco\/","og_site_name":"Biob\u00edo","article_published_time":"2015-06-22T04:00:00+00:00","article_modified_time":"2019-05-20T18:33:00+00:00","og_image":[{"width":619,"height":350,"url":"https:\/\/explora.cl\/biobio\/wp-content\/uploads\/sites\/14\/2018\/06\/50c078f0ee21772a38213187a27ff931.jpg","type":"image\/jpeg"}],"author":"webman","twitter_card":"summary_large_image","twitter_misc":{"Escrito por":"webman","Tiempo estimado de lectura":"3 minutos"},"schema":{"@context":"https:\/\/schema.org","@graph":[{"@type":"Article","@id":"https:\/\/explora.cl\/biobio\/participa-de-la-fae-2015-y-descubre-el-continente-blanco\/#article","isPartOf":{"@id":"https:\/\/explora.cl\/biobio\/participa-de-la-fae-2015-y-descubre-el-continente-blanco\/"},"author":{"name":"webman","@id":"https:\/\/explora.cl\/biobio\/#\/schema\/person\/cb8349c13ea2d324080adf8480d7ba5d"},"headline":"Participa de la FAE 2015 y descubre el Continente Blanco","datePublished":"2015-06-22T04:00:00+00:00","dateModified":"2019-05-20T18:33:00+00:00","mainEntityOfPage":{"@id":"https:\/\/explora.cl\/biobio\/participa-de-la-fae-2015-y-descubre-el-continente-blanco\/"},"wordCount":651,"commentCount":0,"image":{"@id":"https:\/\/explora.cl\/biobio\/participa-de-la-fae-2015-y-descubre-el-continente-blanco\/#primaryimage"},"thumbnailUrl":"https:\/\/explora.cl\/biobio\/wp-content\/uploads\/sites\/14\/2018\/06\/50c078f0ee21772a38213187a27ff931.jpg","articleSection":["Noticias"],"inLanguage":"es-CL","potentialAction":[{"@type":"CommentAction","name":"Comment","target":["https:\/\/explora.cl\/biobio\/participa-de-la-fae-2015-y-descubre-el-continente-blanco\/#respond"]}]},{"@type":"WebPage","@id":"https:\/\/explora.cl\/biobio\/participa-de-la-fae-2015-y-descubre-el-continente-blanco\/","url":"https:\/\/explora.cl\/biobio\/participa-de-la-fae-2015-y-descubre-el-continente-blanco\/","name":"Participa de la FAE 2015 y descubre el Continente Blanco - Biob\u00edo","isPartOf":{"@id":"https:\/\/explora.cl\/biobio\/#website"},"primaryImageOfPage":{"@id":"https:\/\/explora.cl\/biobio\/participa-de-la-fae-2015-y-descubre-el-continente-blanco\/#primaryimage"},"image":{"@id":"https:\/\/explora.cl\/biobio\/participa-de-la-fae-2015-y-descubre-el-continente-blanco\/#primaryimage"},"thumbnailUrl":"https:\/\/explora.cl\/biobio\/wp-content\/uploads\/sites\/14\/2018\/06\/50c078f0ee21772a38213187a27ff931.jpg","datePublished":"2015-06-22T04:00:00+00:00","dateModified":"2019-05-20T18:33:00+00:00","author":{"@id":"https:\/\/explora.cl\/biobio\/#\/schema\/person\/cb8349c13ea2d324080adf8480d7ba5d"},"breadcrumb":{"@id":"https:\/\/explora.cl\/biobio\/participa-de-la-fae-2015-y-descubre-el-continente-blanco\/#breadcrumb"},"inLanguage":"es-CL","potentialAction":[{"@type":"ReadAction","target":["https:\/\/explora.cl\/biobio\/participa-de-la-fae-2015-y-descubre-el-continente-blanco\/"]}]},{"@type":"ImageObject","inLanguage":"es-CL","@id":"https:\/\/explora.cl\/biobio\/participa-de-la-fae-2015-y-descubre-el-continente-blanco\/#primaryimage","url":"https:\/\/explora.cl\/biobio\/wp-content\/uploads\/sites\/14\/2018\/06\/50c078f0ee21772a38213187a27ff931.jpg","contentUrl":"https:\/\/explora.cl\/biobio\/wp-content\/uploads\/sites\/14\/2018\/06\/50c078f0ee21772a38213187a27ff931.jpg","width":619,"height":350},{"@type":"BreadcrumbList","@id":"https:\/\/explora.cl\/biobio\/participa-de-la-fae-2015-y-descubre-el-continente-blanco\/#breadcrumb","itemListElement":[{"@type":"ListItem","position":1,"name":"Portada","item":"https:\/\/explora.cl\/biobio\/"},{"@type":"ListItem","position":2,"name":"Participa de la FAE 2015 y descubre el Continente Blanco"}]},{"@type":"WebSite","@id":"https:\/\/explora.cl\/biobio\/#website","url":"https:\/\/explora.cl\/biobio\/","name":"Biob\u00edo","description":"Otro sitio m\u00e1s de explora.cl","potentialAction":[{"@type":"SearchAction","target":{"@type":"EntryPoint","urlTemplate":"https:\/\/explora.cl\/biobio\/?s={search_term_string}"},"query-input":{"@type":"PropertyValueSpecification","valueRequired":true,"valueName":"search_term_string"}}],"inLanguage":"es-CL"},{"@type":"Person","@id":"https:\/\/explora.cl\/biobio\/#\/schema\/person\/cb8349c13ea2d324080adf8480d7ba5d","name":"webman","image":{"@type":"ImageObject","inLanguage":"es-CL","@id":"https:\/\/explora.cl\/biobio\/#\/schema\/person\/image\/","url":"https:\/\/secure.gravatar.com\/avatar\/eeff3c82f2c02f7177d13663b7e6f890e9a6a0647ce9bb29cae02dcb094c7312?s=96&d=mm&r=g","contentUrl":"https:\/\/secure.gravatar.com\/avatar\/eeff3c82f2c02f7177d13663b7e6f890e9a6a0647ce9bb29cae02dcb094c7312?s=96&d=mm&r=g","caption":"webman"},"url":"https:\/\/explora.cl\/biobio\/author\/webman\/"}]}},"_links":{"self":[{"href":"https:\/\/explora.cl\/biobio\/wp-json\/wp\/v2\/posts\/748","targetHints":{"allow":["GET"]}}],"collection":[{"href":"https:\/\/explora.cl\/biobio\/wp-json\/wp\/v2\/posts"}],"about":[{"href":"https:\/\/explora.cl\/biobio\/wp-json\/wp\/v2\/types\/post"}],"author":[{"embeddable":true,"href":"https:\/\/explora.cl\/biobio\/wp-json\/wp\/v2\/users\/2"}],"replies":[{"embeddable":true,"href":"https:\/\/explora.cl\/biobio\/wp-json\/wp\/v2\/comments?post=748"}],"version-history":[{"count":1,"href":"https:\/\/explora.cl\/biobio\/wp-json\/wp\/v2\/posts\/748\/revisions"}],"predecessor-version":[{"id":37894,"href":"https:\/\/explora.cl\/biobio\/wp-json\/wp\/v2\/posts\/748\/revisions\/37894"}],"wp:featuredmedia":[{"embeddable":true,"href":"https:\/\/explora.cl\/biobio\/wp-json\/wp\/v2\/media\/749"}],"wp:attachment":[{"href":"https:\/\/explora.cl\/biobio\/wp-json\/wp\/v2\/media?parent=748"}],"wp:term":[{"taxonomy":"category","embeddable":true,"href":"https:\/\/explora.cl\/biobio\/wp-json\/wp\/v2\/categories?post=748"},{"taxonomy":"post_tag","embeddable":true,"href":"https:\/\/explora.cl\/biobio\/wp-json\/wp\/v2\/tags?post=748"}],"curies":[{"name":"wp","href":"https:\/\/api.w.org\/{rel}","templated":true}]}}