{"id":744,"date":"2015-06-18T00:00:00","date_gmt":"2015-06-18T04:00:00","guid":{"rendered":"https:\/\/explora.cl\/biobio\/blog\/2015\/06\/18\/ayudando-a-mejorar-la-calidad-de-vida-de-las-personas-a-traves-de-la-ciencia\/"},"modified":"2019-05-20T18:33:01","modified_gmt":"2019-05-20T18:33:01","slug":"ayudando-a-mejorar-la-calidad-de-vida-de-las-personas-a-traves-de-la-ciencia","status":"publish","type":"post","link":"https:\/\/explora.cl\/biobio\/ayudando-a-mejorar-la-calidad-de-vida-de-las-personas-a-traves-de-la-ciencia\/","title":{"rendered":"Ayudando a mejorar la calidad de vida de las personas a trav\u00e9s de la Ciencia"},"content":{"rendered":"<p><img fetchpriority=\"high\" decoding=\"async\" class=\" size-full wp-image-12388\" src=\"http:\/\/ec2-34-218-253-251.us-west-2.compute.amazonaws.com\/wp-content\/uploads\/2015\/06\/01a04b99e1d2566d4bbe8ea6d3bbf535.jpg\" alt=\"\" width=\"640\" height=\"427\" \/><\/p>\n<p style=\"text-align: justify\"><em><strong>Qu\u00edmica Farmac\u00e9utica de profesi\u00f3n, ha trabajado para que sus investigaciones se transformen en un aporte a la calidad de vida de los enfermos\/as.<\/strong><\/em><\/p>\n<p>  <!--more-->  <\/p>\n<p style=\"text-align: justify\">\u00a0Un medicamento puede ser definido como producto qu\u00edmico, natural, semi-sint\u00e9tico, o sint\u00e9tico, destinado a su administraci\u00f3n a seres vivos o animales, con el fin de prevenir, diagnosticar, atenuar los signos y\/o s\u00edntomas, o curar una enfermedad.<span style=\"font-size: 12.1599998474121px;line-height: 1.3em\">\u00a0<\/span><\/p>\n<p style=\"text-align: justify\">Bien lo sabe la acad\u00e9mica e investigadora de la Universidad de Concepci\u00f3n, Sigrid Mennickent Cid, quien ha dedicado su vida a descubrir diferentes propiedades de los preparados y modificarlos cuando ha sido necesario, mejorando de esta manera, la calidad de vida de mucha gente.<span style=\"font-size: 12.1599998474121px;line-height: 1.3em\">\u00a0<\/span><\/p>\n<p style=\"text-align: justify\">Qu\u00edmico Farmac\u00e9utica de profesi\u00f3n y Mag\u00edster en Ciencias Farmac\u00e9uticas, explica que todo comenz\u00f3 cuando era peque\u00f1a. \u201cMis padres eran cient\u00edficos y muy dedicados a su trabajo. Siempre conversaban sobre todo tipo de temas y eso se me fue pegando\u201d r\u00ede \u00a0cuando recuerda las primeras cosas que le atrajeron de esta labor.<span style=\"font-size: 12.1599998474121px;line-height: 1.3em\">\u00a0<\/span><\/p>\n<p style=\"text-align: justify\">Con un rol primordial en su desarrollo vocacional, asegura que siempre cont\u00f3 con su apoyo y sostiene \u201cnunca fue como si no tuviera otras oportunidades, pero la ciencia me interesaba mucho y eso, seg\u00fan ellos, se notaba en el colegio y en las preguntas que hac\u00eda\u201d. Y la influencia no fue s\u00f3lo a ella, ya que su hermano tambi\u00e9n opt\u00f3 por el mismo camino, espec\u00edficamente, en el \u00e1rea de la astrof\u00edsica.<span style=\"font-size: 12.1599998474121px;line-height: 1.3em\">\u00a0<\/span><\/p>\n<p style=\"text-align: justify\">\u00a0<\/p>\n<p style=\"text-align: justify\"><span style=\"color: #003300\"><strong>Familia, Trabajo e investigaci\u00f3n<\/strong><\/span><\/p>\n<p style=\"text-align: justify\">Su familia, su pilar fundamental. A los 9 a\u00f1os, todos se trasladaron a Espa\u00f1a, donde permanecieron 4 a\u00f1os viviendo. \u201cObviamente fue algo fuerte, pero el trabajo los llev\u00f3 all\u00e1, y pude conocer un mundo completamente diferente. Siempre quise, igual que ellos, participar en investigaciones y conocer m\u00e1s\u201d.<span style=\"font-size: 12.1599998474121px;line-height: 1.3em\">\u00a0<\/span><\/p>\n<p style=\"text-align: justify\">En ese sentido, se siente complacida con la carrera cient\u00edfica que ha desarrollado. Muestra orgullosa los trabajos y certificados, fruto de su estudios y labores, tanto en Chile como Espa\u00f1a, relacionados con el tema de la qu\u00edmica. Espec\u00edficamente, \u201ctrabajamos con quienes tienen problemas de Alzheimer y de esquizofrenia. Son personas que deben tomar sus medicamentos todo el tiempo y que necesitan soluciones para eso: problemas peque\u00f1os que mucha gente se olvida que existen\u201d afirma.<span style=\"font-size: 12.1599998474121px;line-height: 1.3em\">\u00a0<\/span><\/p>\n<p style=\"text-align: justify\">Agrega que el conflicto principal que se presenta en los pacientes con ese tipo de patolog\u00eda es que las medicinas son \u2018poco adherentes\u2019. \u00bfQu\u00e9 significa eso? \u201cQue les cuesta tom\u00e1rselas todos los d\u00edas porque es f\u00e1cil olvidarse, o les da lata, o peor aun simplemente, no les sirve tom\u00e1rsela en p\u00edldora. Nosotros investigamos el tema con especialistas en estad\u00edstica y psicolog\u00eda, cient\u00edficos\/as de todas las \u00e1reas, e ideamos c\u00f3mo arreglarlo, el c\u00f3mo hacer que el medicamento sea inyectable en vez de una pastilla\u201d comenta.<span style=\"font-size: 12.1599998474121px;line-height: 1.3em\">\u00a0<\/span><\/p>\n<p style=\"text-align: justify\">Esa ha sido su l\u00ednea de investigaci\u00f3n. Reitera que trabaja en c\u00f3mo convertir una droga-pastillas- que se deben tomar todos los d\u00edas a una inyecci\u00f3n que dura por todo un mes y que es la mitad mucho m\u00e1s econ\u00f3mica.<span style=\"font-size: 12.1599998474121px;line-height: 1.3em\">\u00a0<\/span><\/p>\n<p style=\"text-align: justify\">\u00a0<\/p>\n<p style=\"text-align: justify\"><span style=\"color: #003300\"><strong>Adherencia y Alzheimer<\/strong><\/span><\/p>\n<p style=\"text-align: justify\">La demencia es un s\u00edndrome que implica el deterioro de la memoria, el intelecto, el comportamiento y la capacidad para realizar actividades de la vida diaria. Seg\u00fan la Organizaci\u00f3n Mundial de la Salud (OMS) en el mundo hay cerca de 47,5 millones de personas que al padecen demencia, y cada a\u00f1o se registran 7,7 millones de nuevos casos. De ese total, el Alzheimer, su forma m\u00e1s com\u00fan, acapara entre el 60 y 70 % de los casos.<span style=\"font-size: 12.1599998474121px;line-height: 1.3em\">\u00a0<\/span><\/p>\n<p style=\"text-align: justify\">Se calcula que entre un 5% y un 8% de la poblaci\u00f3n general de 60 a\u00f1os o m\u00e1s sufre demencia en un determinado momento y se proyecta que los n\u00fameros se incrementen a 135,5 millones en 2050. El impacto emocional, social y econ\u00f3mico de la enfermedad es alt\u00edsima, tanto en quienes la padecen, como sus familias.<span style=\"font-size: 12.1599998474121px;line-height: 1.3em\">\u00a0<\/span><\/p>\n<p style=\"text-align: justify\">Sigrid, en conjunto con su equipo y con el apoyo de una universidad espa\u00f1ola se encuentran trabajando en torno al tema. \u201cSabemos que el Alzheimer, hasta el momento, no tiene cura. Se utilizan medicamentos para disminuir algunos signos y\/o s\u00edntomas del paciente, y de esta manera, darle una mayor calidad de vida. La investigaci\u00f3n se basa en mejorar estos medicamentos con el fin de obtener una mejor terapia\u201d justifica.<span style=\"font-size: 12.1599998474121px;line-height: 1.3em\">\u00a0<\/span><\/p>\n<p style=\"text-align: justify\">\u201cLo que hemos hecho es optimizar su tratamiento. Los pacientes de esta enfermedad pueden vivir m\u00e1s tranquilos gracias al esfuerzo de nuestro equipo, y es una sensaci\u00f3n incre\u00edblemente gratificante saber que le cambiaste la vida a alguien as\u00ed, aunque sea en una forma m\u00e1s imperceptible\u201d sostiene.<span style=\"font-size: 12.1599998474121px;line-height: 1.3em\">\u00a0<\/span><\/p>\n<p style=\"text-align: justify\">\u00a0<\/p>\n<p style=\"text-align: justify\"><span style=\"color: #003300\"><strong>G\u00e9nero, divulgaci\u00f3n y ni\u00f1@s<\/strong><\/span><\/p>\n<p style=\"text-align: justify\">A\u00fan uno se puede encontrar con el prejuicio de que la ciencia es para hombres. No hace mucho, el premio Nobel de Medicina 2001, Tom Hunt encendi\u00f3 la pol\u00e9mica a\u00a0 nivel mundial por unas declaraciones acerca de la presencia de las mujeres en los laboratorios. El resultado: disculpas p\u00fablicas y su renuncia al premio.<span style=\"font-size: 12.1599998474121px;line-height: 1.3em\">\u00a0<\/span><\/p>\n<p style=\"text-align: justify\">En Chile de acuerdo al compendio estad\u00edstico de la Comisi\u00f3n Nacional Cient\u00edfica y Tecnol\u00f3gica, CONICYT, existe una brecha relacionada con la presencia de las mujeres. Se puede mencionar, por ejemplo, que en las postulaciones del 2013 a los concursos regulares de FONDECYT, de un total de 1286, s\u00f3lo 353 no eran varones.<span style=\"font-size: 12.1599998474121px;line-height: 1.3em\">\u00a0<\/span><\/p>\n<p style=\"text-align: justify\">Sin embargo, Mennickent sostiene que no es una cuesti\u00f3n de g\u00e9nero, ya que \u201ca la gente de ciencias no le importa mucho el tema\u201d. Lo que s\u00ed encuentra relevante y necesario es el motivar y encantar a ni\u00f1os y ni\u00f1as. \u201cNecesitamos m\u00e1s gente que los apoye, porque sin ese eso no ir\u00e1n a ning\u00fan lado. Es necesario que los desaf\u00eden a aprender y a ser m\u00e1s de lo que son ahora\u201d.<span style=\"font-size: 12.1599998474121px;line-height: 1.3em\">\u00a0<\/span><\/p>\n<p style=\"text-align: justify\">Otro punto que destaca es la importancia de la divulgaci\u00f3n, ya que la considera como\u00a0 otra instancia que permite abrir horizontes y dar a conocer lo que se hace en Ciencia. \u201cSe abre una ventana muchas veces desconocida para<br \/>\n la mayor\u00eda, especialmente escolares, que no visualizan todo este mundo, y pueden potenciar sus habilidades, llegando en un futuro, qui\u00e9n sabe,\u00a0 a incrementar la masa de cient\u00edficos\/as del pa\u00eds\u201d justifica.<span style=\"font-size: 12.1599998474121px;line-height: 1.3em\">\u00a0<\/span><\/p>\n<p style=\"text-align: justify\">El grano de arena en este tema, Sigrid viene de la mano del Programa EXPLORA CONICYT con el proyecto \u201cEl Remedio Patiperro\u201d, ejecutado el 2012 y 2013, que buscaba entre sus objetivos prevenir la automedicaci\u00f3n y que los escolares desarrollasen el m\u00e9todo cient\u00edfico para investigar sobre los alcances de los medicamentos. En la actualidad se desempe\u00f1a como asesora cient\u00edfica del Proyecto Asociativo Regional EXPLORA Biob\u00edo y del Centro Interactivo de Ciencias, Artes y Tecnolog\u00edas (CiCAT).<\/p>\n<p style=\"text-align: justify\">\u00a0<\/p>\n<p>\u00a0<\/p>\n","protected":false},"excerpt":{"rendered":"<p>Qu\u00edmica Farmac\u00e9utica de profesi\u00f3n, ha trabajado para que sus investigaciones se transformen en un aporte a la calidad de vida de los enfermos\/as.<\/p>\n","protected":false},"author":2,"featured_media":745,"comment_status":"open","ping_status":"open","sticky":false,"template":"","format":"standard","meta":{"_acf_changed":false,"_exactmetrics_skip_tracking":false,"_exactmetrics_sitenote_active":false,"_exactmetrics_sitenote_note":"","_exactmetrics_sitenote_category":0,"footnotes":"","_links_to":"","_links_to_target":""},"categories":[4],"tags":[],"class_list":["post-744","post","type-post","status-publish","format-standard","has-post-thumbnail","hentry","category-noticias"],"acf":[],"yoast_head":"<!-- This site is optimized with the Yoast SEO plugin v26.9 - https:\/\/yoast.com\/product\/yoast-seo-wordpress\/ -->\n<title>Ayudando a mejorar la calidad de vida de las personas a trav\u00e9s de la Ciencia - Biob\u00edo<\/title>\n<meta name=\"robots\" content=\"index, follow, max-snippet:-1, max-image-preview:large, max-video-preview:-1\" \/>\n<link rel=\"canonical\" href=\"https:\/\/explora.cl\/biobio\/ayudando-a-mejorar-la-calidad-de-vida-de-las-personas-a-traves-de-la-ciencia\/\" class=\"yoast-seo-meta-tag\" \/>\n<meta property=\"og:locale\" content=\"es_ES\" class=\"yoast-seo-meta-tag\" \/>\n<meta property=\"og:type\" content=\"article\" class=\"yoast-seo-meta-tag\" \/>\n<meta property=\"og:title\" content=\"Ayudando a mejorar la calidad de vida de las personas a trav\u00e9s de la Ciencia - Biob\u00edo\" class=\"yoast-seo-meta-tag\" \/>\n<meta property=\"og:description\" content=\"Qu\u00edmica Farmac\u00e9utica de profesi\u00f3n, ha trabajado para que sus investigaciones se transformen en un aporte a la calidad de vida de los enfermos\/as.\" class=\"yoast-seo-meta-tag\" \/>\n<meta property=\"og:url\" content=\"https:\/\/explora.cl\/biobio\/ayudando-a-mejorar-la-calidad-de-vida-de-las-personas-a-traves-de-la-ciencia\/\" class=\"yoast-seo-meta-tag\" \/>\n<meta property=\"og:site_name\" content=\"Biob\u00edo\" class=\"yoast-seo-meta-tag\" \/>\n<meta property=\"article:published_time\" content=\"2015-06-18T04:00:00+00:00\" class=\"yoast-seo-meta-tag\" \/>\n<meta property=\"article:modified_time\" content=\"2019-05-20T18:33:01+00:00\" class=\"yoast-seo-meta-tag\" \/>\n<meta property=\"og:image\" content=\"https:\/\/explora.cl\/biobio\/wp-content\/uploads\/sites\/14\/2018\/06\/01a04b99e1d2566d4bbe8ea6d3bbf535.jpg\" class=\"yoast-seo-meta-tag\" \/>\n\t<meta property=\"og:image:width\" content=\"640\" class=\"yoast-seo-meta-tag\" \/>\n\t<meta property=\"og:image:height\" content=\"427\" class=\"yoast-seo-meta-tag\" \/>\n\t<meta property=\"og:image:type\" content=\"image\/jpeg\" class=\"yoast-seo-meta-tag\" \/>\n<meta name=\"author\" content=\"webman\" class=\"yoast-seo-meta-tag\" \/>\n<meta name=\"twitter:card\" content=\"summary_large_image\" class=\"yoast-seo-meta-tag\" \/>\n<meta name=\"twitter:label1\" content=\"Escrito por\" class=\"yoast-seo-meta-tag\" \/>\n\t<meta name=\"twitter:data1\" content=\"webman\" class=\"yoast-seo-meta-tag\" \/>\n\t<meta name=\"twitter:label2\" content=\"Tiempo estimado de lectura\" class=\"yoast-seo-meta-tag\" \/>\n\t<meta name=\"twitter:data2\" content=\"6 minutos\" class=\"yoast-seo-meta-tag\" \/>\n<script type=\"application\/ld+json\" class=\"yoast-schema-graph\">{\"@context\":\"https:\/\/schema.org\",\"@graph\":[{\"@type\":\"Article\",\"@id\":\"https:\/\/explora.cl\/biobio\/ayudando-a-mejorar-la-calidad-de-vida-de-las-personas-a-traves-de-la-ciencia\/#article\",\"isPartOf\":{\"@id\":\"https:\/\/explora.cl\/biobio\/ayudando-a-mejorar-la-calidad-de-vida-de-las-personas-a-traves-de-la-ciencia\/\"},\"author\":{\"name\":\"webman\",\"@id\":\"https:\/\/explora.cl\/biobio\/#\/schema\/person\/cb8349c13ea2d324080adf8480d7ba5d\"},\"headline\":\"Ayudando a mejorar la calidad de vida de las personas a trav\u00e9s de la Ciencia\",\"datePublished\":\"2015-06-18T04:00:00+00:00\",\"dateModified\":\"2019-05-20T18:33:01+00:00\",\"mainEntityOfPage\":{\"@id\":\"https:\/\/explora.cl\/biobio\/ayudando-a-mejorar-la-calidad-de-vida-de-las-personas-a-traves-de-la-ciencia\/\"},\"wordCount\":1155,\"commentCount\":0,\"image\":{\"@id\":\"https:\/\/explora.cl\/biobio\/ayudando-a-mejorar-la-calidad-de-vida-de-las-personas-a-traves-de-la-ciencia\/#primaryimage\"},\"thumbnailUrl\":\"https:\/\/explora.cl\/biobio\/wp-content\/uploads\/sites\/14\/2018\/06\/01a04b99e1d2566d4bbe8ea6d3bbf535.jpg\",\"articleSection\":[\"Noticias\"],\"inLanguage\":\"es-CL\",\"potentialAction\":[{\"@type\":\"CommentAction\",\"name\":\"Comment\",\"target\":[\"https:\/\/explora.cl\/biobio\/ayudando-a-mejorar-la-calidad-de-vida-de-las-personas-a-traves-de-la-ciencia\/#respond\"]}]},{\"@type\":\"WebPage\",\"@id\":\"https:\/\/explora.cl\/biobio\/ayudando-a-mejorar-la-calidad-de-vida-de-las-personas-a-traves-de-la-ciencia\/\",\"url\":\"https:\/\/explora.cl\/biobio\/ayudando-a-mejorar-la-calidad-de-vida-de-las-personas-a-traves-de-la-ciencia\/\",\"name\":\"Ayudando a mejorar la calidad de vida de las personas a trav\u00e9s de la Ciencia - Biob\u00edo\",\"isPartOf\":{\"@id\":\"https:\/\/explora.cl\/biobio\/#website\"},\"primaryImageOfPage\":{\"@id\":\"https:\/\/explora.cl\/biobio\/ayudando-a-mejorar-la-calidad-de-vida-de-las-personas-a-traves-de-la-ciencia\/#primaryimage\"},\"image\":{\"@id\":\"https:\/\/explora.cl\/biobio\/ayudando-a-mejorar-la-calidad-de-vida-de-las-personas-a-traves-de-la-ciencia\/#primaryimage\"},\"thumbnailUrl\":\"https:\/\/explora.cl\/biobio\/wp-content\/uploads\/sites\/14\/2018\/06\/01a04b99e1d2566d4bbe8ea6d3bbf535.jpg\",\"datePublished\":\"2015-06-18T04:00:00+00:00\",\"dateModified\":\"2019-05-20T18:33:01+00:00\",\"author\":{\"@id\":\"https:\/\/explora.cl\/biobio\/#\/schema\/person\/cb8349c13ea2d324080adf8480d7ba5d\"},\"breadcrumb\":{\"@id\":\"https:\/\/explora.cl\/biobio\/ayudando-a-mejorar-la-calidad-de-vida-de-las-personas-a-traves-de-la-ciencia\/#breadcrumb\"},\"inLanguage\":\"es-CL\",\"potentialAction\":[{\"@type\":\"ReadAction\",\"target\":[\"https:\/\/explora.cl\/biobio\/ayudando-a-mejorar-la-calidad-de-vida-de-las-personas-a-traves-de-la-ciencia\/\"]}]},{\"@type\":\"ImageObject\",\"inLanguage\":\"es-CL\",\"@id\":\"https:\/\/explora.cl\/biobio\/ayudando-a-mejorar-la-calidad-de-vida-de-las-personas-a-traves-de-la-ciencia\/#primaryimage\",\"url\":\"https:\/\/explora.cl\/biobio\/wp-content\/uploads\/sites\/14\/2018\/06\/01a04b99e1d2566d4bbe8ea6d3bbf535.jpg\",\"contentUrl\":\"https:\/\/explora.cl\/biobio\/wp-content\/uploads\/sites\/14\/2018\/06\/01a04b99e1d2566d4bbe8ea6d3bbf535.jpg\",\"width\":640,\"height\":427},{\"@type\":\"BreadcrumbList\",\"@id\":\"https:\/\/explora.cl\/biobio\/ayudando-a-mejorar-la-calidad-de-vida-de-las-personas-a-traves-de-la-ciencia\/#breadcrumb\",\"itemListElement\":[{\"@type\":\"ListItem\",\"position\":1,\"name\":\"Portada\",\"item\":\"https:\/\/explora.cl\/biobio\/\"},{\"@type\":\"ListItem\",\"position\":2,\"name\":\"Ayudando a mejorar la calidad de vida de las personas a trav\u00e9s de la Ciencia\"}]},{\"@type\":\"WebSite\",\"@id\":\"https:\/\/explora.cl\/biobio\/#website\",\"url\":\"https:\/\/explora.cl\/biobio\/\",\"name\":\"Biob\u00edo\",\"description\":\"Otro sitio m\u00e1s de explora.cl\",\"potentialAction\":[{\"@type\":\"SearchAction\",\"target\":{\"@type\":\"EntryPoint\",\"urlTemplate\":\"https:\/\/explora.cl\/biobio\/?s={search_term_string}\"},\"query-input\":{\"@type\":\"PropertyValueSpecification\",\"valueRequired\":true,\"valueName\":\"search_term_string\"}}],\"inLanguage\":\"es-CL\"},{\"@type\":\"Person\",\"@id\":\"https:\/\/explora.cl\/biobio\/#\/schema\/person\/cb8349c13ea2d324080adf8480d7ba5d\",\"name\":\"webman\",\"image\":{\"@type\":\"ImageObject\",\"inLanguage\":\"es-CL\",\"@id\":\"https:\/\/explora.cl\/biobio\/#\/schema\/person\/image\/\",\"url\":\"https:\/\/secure.gravatar.com\/avatar\/eeff3c82f2c02f7177d13663b7e6f890e9a6a0647ce9bb29cae02dcb094c7312?s=96&d=mm&r=g\",\"contentUrl\":\"https:\/\/secure.gravatar.com\/avatar\/eeff3c82f2c02f7177d13663b7e6f890e9a6a0647ce9bb29cae02dcb094c7312?s=96&d=mm&r=g\",\"caption\":\"webman\"},\"url\":\"https:\/\/explora.cl\/biobio\/author\/webman\/\"}]}<\/script>\n<!-- \/ Yoast SEO plugin. -->","yoast_head_json":{"title":"Ayudando a mejorar la calidad de vida de las personas a trav\u00e9s de la Ciencia - Biob\u00edo","robots":{"index":"index","follow":"follow","max-snippet":"max-snippet:-1","max-image-preview":"max-image-preview:large","max-video-preview":"max-video-preview:-1"},"canonical":"https:\/\/explora.cl\/biobio\/ayudando-a-mejorar-la-calidad-de-vida-de-las-personas-a-traves-de-la-ciencia\/","og_locale":"es_ES","og_type":"article","og_title":"Ayudando a mejorar la calidad de vida de las personas a trav\u00e9s de la Ciencia - Biob\u00edo","og_description":"Qu\u00edmica Farmac\u00e9utica de profesi\u00f3n, ha trabajado para que sus investigaciones se transformen en un aporte a la calidad de vida de los enfermos\/as.","og_url":"https:\/\/explora.cl\/biobio\/ayudando-a-mejorar-la-calidad-de-vida-de-las-personas-a-traves-de-la-ciencia\/","og_site_name":"Biob\u00edo","article_published_time":"2015-06-18T04:00:00+00:00","article_modified_time":"2019-05-20T18:33:01+00:00","og_image":[{"width":640,"height":427,"url":"https:\/\/explora.cl\/biobio\/wp-content\/uploads\/sites\/14\/2018\/06\/01a04b99e1d2566d4bbe8ea6d3bbf535.jpg","type":"image\/jpeg"}],"author":"webman","twitter_card":"summary_large_image","twitter_misc":{"Escrito por":"webman","Tiempo estimado de lectura":"6 minutos"},"schema":{"@context":"https:\/\/schema.org","@graph":[{"@type":"Article","@id":"https:\/\/explora.cl\/biobio\/ayudando-a-mejorar-la-calidad-de-vida-de-las-personas-a-traves-de-la-ciencia\/#article","isPartOf":{"@id":"https:\/\/explora.cl\/biobio\/ayudando-a-mejorar-la-calidad-de-vida-de-las-personas-a-traves-de-la-ciencia\/"},"author":{"name":"webman","@id":"https:\/\/explora.cl\/biobio\/#\/schema\/person\/cb8349c13ea2d324080adf8480d7ba5d"},"headline":"Ayudando a mejorar la calidad de vida de las personas a trav\u00e9s de la Ciencia","datePublished":"2015-06-18T04:00:00+00:00","dateModified":"2019-05-20T18:33:01+00:00","mainEntityOfPage":{"@id":"https:\/\/explora.cl\/biobio\/ayudando-a-mejorar-la-calidad-de-vida-de-las-personas-a-traves-de-la-ciencia\/"},"wordCount":1155,"commentCount":0,"image":{"@id":"https:\/\/explora.cl\/biobio\/ayudando-a-mejorar-la-calidad-de-vida-de-las-personas-a-traves-de-la-ciencia\/#primaryimage"},"thumbnailUrl":"https:\/\/explora.cl\/biobio\/wp-content\/uploads\/sites\/14\/2018\/06\/01a04b99e1d2566d4bbe8ea6d3bbf535.jpg","articleSection":["Noticias"],"inLanguage":"es-CL","potentialAction":[{"@type":"CommentAction","name":"Comment","target":["https:\/\/explora.cl\/biobio\/ayudando-a-mejorar-la-calidad-de-vida-de-las-personas-a-traves-de-la-ciencia\/#respond"]}]},{"@type":"WebPage","@id":"https:\/\/explora.cl\/biobio\/ayudando-a-mejorar-la-calidad-de-vida-de-las-personas-a-traves-de-la-ciencia\/","url":"https:\/\/explora.cl\/biobio\/ayudando-a-mejorar-la-calidad-de-vida-de-las-personas-a-traves-de-la-ciencia\/","name":"Ayudando a mejorar la calidad de vida de las personas a trav\u00e9s de la Ciencia - Biob\u00edo","isPartOf":{"@id":"https:\/\/explora.cl\/biobio\/#website"},"primaryImageOfPage":{"@id":"https:\/\/explora.cl\/biobio\/ayudando-a-mejorar-la-calidad-de-vida-de-las-personas-a-traves-de-la-ciencia\/#primaryimage"},"image":{"@id":"https:\/\/explora.cl\/biobio\/ayudando-a-mejorar-la-calidad-de-vida-de-las-personas-a-traves-de-la-ciencia\/#primaryimage"},"thumbnailUrl":"https:\/\/explora.cl\/biobio\/wp-content\/uploads\/sites\/14\/2018\/06\/01a04b99e1d2566d4bbe8ea6d3bbf535.jpg","datePublished":"2015-06-18T04:00:00+00:00","dateModified":"2019-05-20T18:33:01+00:00","author":{"@id":"https:\/\/explora.cl\/biobio\/#\/schema\/person\/cb8349c13ea2d324080adf8480d7ba5d"},"breadcrumb":{"@id":"https:\/\/explora.cl\/biobio\/ayudando-a-mejorar-la-calidad-de-vida-de-las-personas-a-traves-de-la-ciencia\/#breadcrumb"},"inLanguage":"es-CL","potentialAction":[{"@type":"ReadAction","target":["https:\/\/explora.cl\/biobio\/ayudando-a-mejorar-la-calidad-de-vida-de-las-personas-a-traves-de-la-ciencia\/"]}]},{"@type":"ImageObject","inLanguage":"es-CL","@id":"https:\/\/explora.cl\/biobio\/ayudando-a-mejorar-la-calidad-de-vida-de-las-personas-a-traves-de-la-ciencia\/#primaryimage","url":"https:\/\/explora.cl\/biobio\/wp-content\/uploads\/sites\/14\/2018\/06\/01a04b99e1d2566d4bbe8ea6d3bbf535.jpg","contentUrl":"https:\/\/explora.cl\/biobio\/wp-content\/uploads\/sites\/14\/2018\/06\/01a04b99e1d2566d4bbe8ea6d3bbf535.jpg","width":640,"height":427},{"@type":"BreadcrumbList","@id":"https:\/\/explora.cl\/biobio\/ayudando-a-mejorar-la-calidad-de-vida-de-las-personas-a-traves-de-la-ciencia\/#breadcrumb","itemListElement":[{"@type":"ListItem","position":1,"name":"Portada","item":"https:\/\/explora.cl\/biobio\/"},{"@type":"ListItem","position":2,"name":"Ayudando a mejorar la calidad de vida de las personas a trav\u00e9s de la Ciencia"}]},{"@type":"WebSite","@id":"https:\/\/explora.cl\/biobio\/#website","url":"https:\/\/explora.cl\/biobio\/","name":"Biob\u00edo","description":"Otro sitio m\u00e1s de explora.cl","potentialAction":[{"@type":"SearchAction","target":{"@type":"EntryPoint","urlTemplate":"https:\/\/explora.cl\/biobio\/?s={search_term_string}"},"query-input":{"@type":"PropertyValueSpecification","valueRequired":true,"valueName":"search_term_string"}}],"inLanguage":"es-CL"},{"@type":"Person","@id":"https:\/\/explora.cl\/biobio\/#\/schema\/person\/cb8349c13ea2d324080adf8480d7ba5d","name":"webman","image":{"@type":"ImageObject","inLanguage":"es-CL","@id":"https:\/\/explora.cl\/biobio\/#\/schema\/person\/image\/","url":"https:\/\/secure.gravatar.com\/avatar\/eeff3c82f2c02f7177d13663b7e6f890e9a6a0647ce9bb29cae02dcb094c7312?s=96&d=mm&r=g","contentUrl":"https:\/\/secure.gravatar.com\/avatar\/eeff3c82f2c02f7177d13663b7e6f890e9a6a0647ce9bb29cae02dcb094c7312?s=96&d=mm&r=g","caption":"webman"},"url":"https:\/\/explora.cl\/biobio\/author\/webman\/"}]}},"_links":{"self":[{"href":"https:\/\/explora.cl\/biobio\/wp-json\/wp\/v2\/posts\/744","targetHints":{"allow":["GET"]}}],"collection":[{"href":"https:\/\/explora.cl\/biobio\/wp-json\/wp\/v2\/posts"}],"about":[{"href":"https:\/\/explora.cl\/biobio\/wp-json\/wp\/v2\/types\/post"}],"author":[{"embeddable":true,"href":"https:\/\/explora.cl\/biobio\/wp-json\/wp\/v2\/users\/2"}],"replies":[{"embeddable":true,"href":"https:\/\/explora.cl\/biobio\/wp-json\/wp\/v2\/comments?post=744"}],"version-history":[{"count":1,"href":"https:\/\/explora.cl\/biobio\/wp-json\/wp\/v2\/posts\/744\/revisions"}],"predecessor-version":[{"id":37896,"href":"https:\/\/explora.cl\/biobio\/wp-json\/wp\/v2\/posts\/744\/revisions\/37896"}],"wp:featuredmedia":[{"embeddable":true,"href":"https:\/\/explora.cl\/biobio\/wp-json\/wp\/v2\/media\/745"}],"wp:attachment":[{"href":"https:\/\/explora.cl\/biobio\/wp-json\/wp\/v2\/media?parent=744"}],"wp:term":[{"taxonomy":"category","embeddable":true,"href":"https:\/\/explora.cl\/biobio\/wp-json\/wp\/v2\/categories?post=744"},{"taxonomy":"post_tag","embeddable":true,"href":"https:\/\/explora.cl\/biobio\/wp-json\/wp\/v2\/tags?post=744"}],"curies":[{"name":"wp","href":"https:\/\/api.w.org\/{rel}","templated":true}]}}