{"id":730,"date":"2015-06-10T00:00:00","date_gmt":"2015-06-10T04:00:00","guid":{"rendered":"https:\/\/explora.cl\/biobio\/blog\/2015\/06\/10\/les-invitamos-a-las-jornadas-de-actualizacion-de-contenidos\/"},"modified":"2019-05-20T18:33:02","modified_gmt":"2019-05-20T18:33:02","slug":"les-invitamos-a-las-jornadas-de-actualizacion-de-contenidos","status":"publish","type":"post","link":"https:\/\/explora.cl\/biobio\/les-invitamos-a-las-jornadas-de-actualizacion-de-contenidos\/","title":{"rendered":"Les invitamos a las Jornadas de Actualizaci\u00f3n de Contenidos"},"content":{"rendered":"<p><img fetchpriority=\"high\" decoding=\"async\" class=\" size-full wp-image-12012\" src=\"http:\/\/ec2-34-218-253-251.us-west-2.compute.amazonaws.com\/wp-content\/uploads\/2015\/06\/0b064409bc8133374f639de99049e80c.jpg\" alt=\"\" width=\"536\" height=\"196\" \/><\/p>\n<p>Como ya es tradici\u00f3n, el PAR EXPLORA Biob\u00edo todos los a\u00f1os realiza sus Jornadas de Actualizaci\u00f3n de Contenidos. \u201cConocer Ilumina\u201d es el tema que guiar\u00e1 la gran mayor\u00eda de las acciones, enmarcado en el a\u00f1o internacional de la luz, decretado as\u00ed por la Unesco.<span style=\"font-size: 12.1599998474121px;line-height: 1.3em\">\u00a0<\/span><\/p>\n<p>En ese sentido, las jornadas, que son de car\u00e1cter de provincial, \u00a0tendr\u00e1n a la luz como protagonista, y de acuerdo a la votaci\u00f3n realizada por los y las profesores\/as, se eligieron los siguientes ejes:<\/p>\n<ul>\n<li>Luz y medio ambiente<\/li>\n<li>Luz y energ\u00eda<\/li>\n<li>Luz y astronom\u00eda<\/li>\n<li>Luz y sus fen\u00f3menos y propiedades.<span style=\"font-size: 12.1599998474121px;line-height: 1.3em\">\u00a0<\/span><\/li>\n<\/ul>\n<p>En la provincia de \u00d1uble se realizar\u00e1 el pr\u00f3ximo martes 16 de junio, desde las 10 a 16 horas, en el campus UdeC de Chill\u00e1n. Las inscripciones para esta jornada ya se encuentran abiertas y disponibles en el link:\u00a0 <span style=\"color: #003300\"><a href=\"https:\/\/goo.gl\/HQLKBN\" target=\"_blank\" rel=\"noopener noreferrer\"><span style=\"color: #003300\">https:\/\/goo.gl\/HQLKBN<\/span><\/a><\/span><\/p>\n<p><span style=\"color: #003300;font-size: medium\"><span style=\"line-height: 1.3em\">\u00a0Cupos limitados!<\/span><\/span><\/p>\n<p>Para revisar el programa, haz click <span style=\"color: #003300\"><a href=\"biobio\/noticias-biobio\/download\/892_60d5737ac8baa41e5899ffe4c110c6ac\" target=\"_blank\" rel=\"noopener noreferrer\"><span style=\"color: #003300\">aqu\u00ed<\/span><\/a><span style=\"font-size: 12.1599998474121px;line-height: 1.3em\">\u00a0<\/span><\/span><\/p>\n<p>Pronto estaremos informando acerca de las otras provincias.<\/p>\n<p>\u00a0<\/p>\n<p>\u00a0<\/p>\n","protected":false},"excerpt":{"rendered":"<p>Como ya es tradici\u00f3n, el PAR EXPLORA Biob\u00edo todos los a\u00f1os realiza sus Jornadas de Actualizaci\u00f3n de Contenidos. \u201cConocer Ilumina\u201d es el tema que guiar\u00e1 la gran mayor\u00eda de las acciones, enmarcado en el a\u00f1o internacional de la luz, decretado as\u00ed por la Unesco.\u00a0 En ese sentido, las jornadas, que son de car\u00e1cter de provincial, [&hellip;]<\/p>\n","protected":false},"author":2,"featured_media":731,"comment_status":"open","ping_status":"open","sticky":false,"template":"","format":"standard","meta":{"_acf_changed":false,"_exactmetrics_skip_tracking":false,"_exactmetrics_sitenote_active":false,"_exactmetrics_sitenote_note":"","_exactmetrics_sitenote_category":0,"footnotes":"","_links_to":"","_links_to_target":""},"categories":[4],"tags":[],"class_list":["post-730","post","type-post","status-publish","format-standard","has-post-thumbnail","hentry","category-noticias"],"acf":[],"yoast_head":"<!-- This site is optimized with the Yoast SEO plugin v26.9 - https:\/\/yoast.com\/product\/yoast-seo-wordpress\/ -->\n<title>Les invitamos a las Jornadas de Actualizaci\u00f3n de Contenidos - Biob\u00edo<\/title>\n<meta name=\"robots\" content=\"index, follow, max-snippet:-1, max-image-preview:large, max-video-preview:-1\" \/>\n<link rel=\"canonical\" href=\"https:\/\/explora.cl\/biobio\/les-invitamos-a-las-jornadas-de-actualizacion-de-contenidos\/\" class=\"yoast-seo-meta-tag\" \/>\n<meta property=\"og:locale\" content=\"es_ES\" class=\"yoast-seo-meta-tag\" \/>\n<meta property=\"og:type\" content=\"article\" class=\"yoast-seo-meta-tag\" \/>\n<meta property=\"og:title\" content=\"Les invitamos a las Jornadas de Actualizaci\u00f3n de Contenidos - Biob\u00edo\" class=\"yoast-seo-meta-tag\" \/>\n<meta property=\"og:description\" content=\"Como ya es tradici\u00f3n, el PAR EXPLORA Biob\u00edo todos los a\u00f1os realiza sus Jornadas de Actualizaci\u00f3n de Contenidos. \u201cConocer Ilumina\u201d es el tema que guiar\u00e1 la gran mayor\u00eda de las acciones, enmarcado en el a\u00f1o internacional de la luz, decretado as\u00ed por la Unesco.\u00a0 En ese sentido, las jornadas, que son de car\u00e1cter de provincial, [&hellip;]\" class=\"yoast-seo-meta-tag\" \/>\n<meta property=\"og:url\" content=\"https:\/\/explora.cl\/biobio\/les-invitamos-a-las-jornadas-de-actualizacion-de-contenidos\/\" class=\"yoast-seo-meta-tag\" \/>\n<meta property=\"og:site_name\" content=\"Biob\u00edo\" class=\"yoast-seo-meta-tag\" \/>\n<meta property=\"article:published_time\" content=\"2015-06-10T04:00:00+00:00\" class=\"yoast-seo-meta-tag\" \/>\n<meta property=\"article:modified_time\" content=\"2019-05-20T18:33:02+00:00\" class=\"yoast-seo-meta-tag\" \/>\n<meta property=\"og:image\" content=\"https:\/\/explora.cl\/biobio\/wp-content\/uploads\/sites\/14\/2018\/06\/0b064409bc8133374f639de99049e80c.jpg\" class=\"yoast-seo-meta-tag\" \/>\n\t<meta property=\"og:image:width\" content=\"536\" class=\"yoast-seo-meta-tag\" \/>\n\t<meta property=\"og:image:height\" content=\"196\" class=\"yoast-seo-meta-tag\" \/>\n\t<meta property=\"og:image:type\" content=\"image\/jpeg\" class=\"yoast-seo-meta-tag\" \/>\n<meta name=\"author\" content=\"webman\" class=\"yoast-seo-meta-tag\" \/>\n<meta name=\"twitter:card\" content=\"summary_large_image\" class=\"yoast-seo-meta-tag\" \/>\n<meta name=\"twitter:label1\" content=\"Escrito por\" class=\"yoast-seo-meta-tag\" \/>\n\t<meta name=\"twitter:data1\" content=\"webman\" class=\"yoast-seo-meta-tag\" \/>\n\t<meta name=\"twitter:label2\" content=\"Tiempo estimado de lectura\" class=\"yoast-seo-meta-tag\" \/>\n\t<meta name=\"twitter:data2\" content=\"1 minuto\" class=\"yoast-seo-meta-tag\" \/>\n<script type=\"application\/ld+json\" class=\"yoast-schema-graph\">{\"@context\":\"https:\/\/schema.org\",\"@graph\":[{\"@type\":\"Article\",\"@id\":\"https:\/\/explora.cl\/biobio\/les-invitamos-a-las-jornadas-de-actualizacion-de-contenidos\/#article\",\"isPartOf\":{\"@id\":\"https:\/\/explora.cl\/biobio\/les-invitamos-a-las-jornadas-de-actualizacion-de-contenidos\/\"},\"author\":{\"name\":\"webman\",\"@id\":\"https:\/\/explora.cl\/biobio\/#\/schema\/person\/cb8349c13ea2d324080adf8480d7ba5d\"},\"headline\":\"Les invitamos a las Jornadas de Actualizaci\u00f3n de Contenidos\",\"datePublished\":\"2015-06-10T04:00:00+00:00\",\"dateModified\":\"2019-05-20T18:33:02+00:00\",\"mainEntityOfPage\":{\"@id\":\"https:\/\/explora.cl\/biobio\/les-invitamos-a-las-jornadas-de-actualizacion-de-contenidos\/\"},\"wordCount\":176,\"commentCount\":0,\"image\":{\"@id\":\"https:\/\/explora.cl\/biobio\/les-invitamos-a-las-jornadas-de-actualizacion-de-contenidos\/#primaryimage\"},\"thumbnailUrl\":\"https:\/\/explora.cl\/biobio\/wp-content\/uploads\/sites\/14\/2018\/06\/0b064409bc8133374f639de99049e80c.jpg\",\"articleSection\":[\"Noticias\"],\"inLanguage\":\"es-CL\",\"potentialAction\":[{\"@type\":\"CommentAction\",\"name\":\"Comment\",\"target\":[\"https:\/\/explora.cl\/biobio\/les-invitamos-a-las-jornadas-de-actualizacion-de-contenidos\/#respond\"]}]},{\"@type\":\"WebPage\",\"@id\":\"https:\/\/explora.cl\/biobio\/les-invitamos-a-las-jornadas-de-actualizacion-de-contenidos\/\",\"url\":\"https:\/\/explora.cl\/biobio\/les-invitamos-a-las-jornadas-de-actualizacion-de-contenidos\/\",\"name\":\"Les invitamos a las Jornadas de Actualizaci\u00f3n de Contenidos - Biob\u00edo\",\"isPartOf\":{\"@id\":\"https:\/\/explora.cl\/biobio\/#website\"},\"primaryImageOfPage\":{\"@id\":\"https:\/\/explora.cl\/biobio\/les-invitamos-a-las-jornadas-de-actualizacion-de-contenidos\/#primaryimage\"},\"image\":{\"@id\":\"https:\/\/explora.cl\/biobio\/les-invitamos-a-las-jornadas-de-actualizacion-de-contenidos\/#primaryimage\"},\"thumbnailUrl\":\"https:\/\/explora.cl\/biobio\/wp-content\/uploads\/sites\/14\/2018\/06\/0b064409bc8133374f639de99049e80c.jpg\",\"datePublished\":\"2015-06-10T04:00:00+00:00\",\"dateModified\":\"2019-05-20T18:33:02+00:00\",\"author\":{\"@id\":\"https:\/\/explora.cl\/biobio\/#\/schema\/person\/cb8349c13ea2d324080adf8480d7ba5d\"},\"breadcrumb\":{\"@id\":\"https:\/\/explora.cl\/biobio\/les-invitamos-a-las-jornadas-de-actualizacion-de-contenidos\/#breadcrumb\"},\"inLanguage\":\"es-CL\",\"potentialAction\":[{\"@type\":\"ReadAction\",\"target\":[\"https:\/\/explora.cl\/biobio\/les-invitamos-a-las-jornadas-de-actualizacion-de-contenidos\/\"]}]},{\"@type\":\"ImageObject\",\"inLanguage\":\"es-CL\",\"@id\":\"https:\/\/explora.cl\/biobio\/les-invitamos-a-las-jornadas-de-actualizacion-de-contenidos\/#primaryimage\",\"url\":\"https:\/\/explora.cl\/biobio\/wp-content\/uploads\/sites\/14\/2018\/06\/0b064409bc8133374f639de99049e80c.jpg\",\"contentUrl\":\"https:\/\/explora.cl\/biobio\/wp-content\/uploads\/sites\/14\/2018\/06\/0b064409bc8133374f639de99049e80c.jpg\",\"width\":536,\"height\":196},{\"@type\":\"BreadcrumbList\",\"@id\":\"https:\/\/explora.cl\/biobio\/les-invitamos-a-las-jornadas-de-actualizacion-de-contenidos\/#breadcrumb\",\"itemListElement\":[{\"@type\":\"ListItem\",\"position\":1,\"name\":\"Portada\",\"item\":\"https:\/\/explora.cl\/biobio\/\"},{\"@type\":\"ListItem\",\"position\":2,\"name\":\"Les invitamos a las Jornadas de Actualizaci\u00f3n de Contenidos\"}]},{\"@type\":\"WebSite\",\"@id\":\"https:\/\/explora.cl\/biobio\/#website\",\"url\":\"https:\/\/explora.cl\/biobio\/\",\"name\":\"Biob\u00edo\",\"description\":\"Otro sitio m\u00e1s de explora.cl\",\"potentialAction\":[{\"@type\":\"SearchAction\",\"target\":{\"@type\":\"EntryPoint\",\"urlTemplate\":\"https:\/\/explora.cl\/biobio\/?s={search_term_string}\"},\"query-input\":{\"@type\":\"PropertyValueSpecification\",\"valueRequired\":true,\"valueName\":\"search_term_string\"}}],\"inLanguage\":\"es-CL\"},{\"@type\":\"Person\",\"@id\":\"https:\/\/explora.cl\/biobio\/#\/schema\/person\/cb8349c13ea2d324080adf8480d7ba5d\",\"name\":\"webman\",\"image\":{\"@type\":\"ImageObject\",\"inLanguage\":\"es-CL\",\"@id\":\"https:\/\/explora.cl\/biobio\/#\/schema\/person\/image\/\",\"url\":\"https:\/\/secure.gravatar.com\/avatar\/eeff3c82f2c02f7177d13663b7e6f890e9a6a0647ce9bb29cae02dcb094c7312?s=96&d=mm&r=g\",\"contentUrl\":\"https:\/\/secure.gravatar.com\/avatar\/eeff3c82f2c02f7177d13663b7e6f890e9a6a0647ce9bb29cae02dcb094c7312?s=96&d=mm&r=g\",\"caption\":\"webman\"},\"url\":\"https:\/\/explora.cl\/biobio\/author\/webman\/\"}]}<\/script>\n<!-- \/ Yoast SEO plugin. -->","yoast_head_json":{"title":"Les invitamos a las Jornadas de Actualizaci\u00f3n de Contenidos - Biob\u00edo","robots":{"index":"index","follow":"follow","max-snippet":"max-snippet:-1","max-image-preview":"max-image-preview:large","max-video-preview":"max-video-preview:-1"},"canonical":"https:\/\/explora.cl\/biobio\/les-invitamos-a-las-jornadas-de-actualizacion-de-contenidos\/","og_locale":"es_ES","og_type":"article","og_title":"Les invitamos a las Jornadas de Actualizaci\u00f3n de Contenidos - Biob\u00edo","og_description":"Como ya es tradici\u00f3n, el PAR EXPLORA Biob\u00edo todos los a\u00f1os realiza sus Jornadas de Actualizaci\u00f3n de Contenidos. \u201cConocer Ilumina\u201d es el tema que guiar\u00e1 la gran mayor\u00eda de las acciones, enmarcado en el a\u00f1o internacional de la luz, decretado as\u00ed por la Unesco.\u00a0 En ese sentido, las jornadas, que son de car\u00e1cter de provincial, [&hellip;]","og_url":"https:\/\/explora.cl\/biobio\/les-invitamos-a-las-jornadas-de-actualizacion-de-contenidos\/","og_site_name":"Biob\u00edo","article_published_time":"2015-06-10T04:00:00+00:00","article_modified_time":"2019-05-20T18:33:02+00:00","og_image":[{"width":536,"height":196,"url":"https:\/\/explora.cl\/biobio\/wp-content\/uploads\/sites\/14\/2018\/06\/0b064409bc8133374f639de99049e80c.jpg","type":"image\/jpeg"}],"author":"webman","twitter_card":"summary_large_image","twitter_misc":{"Escrito por":"webman","Tiempo estimado de lectura":"1 minuto"},"schema":{"@context":"https:\/\/schema.org","@graph":[{"@type":"Article","@id":"https:\/\/explora.cl\/biobio\/les-invitamos-a-las-jornadas-de-actualizacion-de-contenidos\/#article","isPartOf":{"@id":"https:\/\/explora.cl\/biobio\/les-invitamos-a-las-jornadas-de-actualizacion-de-contenidos\/"},"author":{"name":"webman","@id":"https:\/\/explora.cl\/biobio\/#\/schema\/person\/cb8349c13ea2d324080adf8480d7ba5d"},"headline":"Les invitamos a las Jornadas de Actualizaci\u00f3n de Contenidos","datePublished":"2015-06-10T04:00:00+00:00","dateModified":"2019-05-20T18:33:02+00:00","mainEntityOfPage":{"@id":"https:\/\/explora.cl\/biobio\/les-invitamos-a-las-jornadas-de-actualizacion-de-contenidos\/"},"wordCount":176,"commentCount":0,"image":{"@id":"https:\/\/explora.cl\/biobio\/les-invitamos-a-las-jornadas-de-actualizacion-de-contenidos\/#primaryimage"},"thumbnailUrl":"https:\/\/explora.cl\/biobio\/wp-content\/uploads\/sites\/14\/2018\/06\/0b064409bc8133374f639de99049e80c.jpg","articleSection":["Noticias"],"inLanguage":"es-CL","potentialAction":[{"@type":"CommentAction","name":"Comment","target":["https:\/\/explora.cl\/biobio\/les-invitamos-a-las-jornadas-de-actualizacion-de-contenidos\/#respond"]}]},{"@type":"WebPage","@id":"https:\/\/explora.cl\/biobio\/les-invitamos-a-las-jornadas-de-actualizacion-de-contenidos\/","url":"https:\/\/explora.cl\/biobio\/les-invitamos-a-las-jornadas-de-actualizacion-de-contenidos\/","name":"Les invitamos a las Jornadas de Actualizaci\u00f3n de Contenidos - Biob\u00edo","isPartOf":{"@id":"https:\/\/explora.cl\/biobio\/#website"},"primaryImageOfPage":{"@id":"https:\/\/explora.cl\/biobio\/les-invitamos-a-las-jornadas-de-actualizacion-de-contenidos\/#primaryimage"},"image":{"@id":"https:\/\/explora.cl\/biobio\/les-invitamos-a-las-jornadas-de-actualizacion-de-contenidos\/#primaryimage"},"thumbnailUrl":"https:\/\/explora.cl\/biobio\/wp-content\/uploads\/sites\/14\/2018\/06\/0b064409bc8133374f639de99049e80c.jpg","datePublished":"2015-06-10T04:00:00+00:00","dateModified":"2019-05-20T18:33:02+00:00","author":{"@id":"https:\/\/explora.cl\/biobio\/#\/schema\/person\/cb8349c13ea2d324080adf8480d7ba5d"},"breadcrumb":{"@id":"https:\/\/explora.cl\/biobio\/les-invitamos-a-las-jornadas-de-actualizacion-de-contenidos\/#breadcrumb"},"inLanguage":"es-CL","potentialAction":[{"@type":"ReadAction","target":["https:\/\/explora.cl\/biobio\/les-invitamos-a-las-jornadas-de-actualizacion-de-contenidos\/"]}]},{"@type":"ImageObject","inLanguage":"es-CL","@id":"https:\/\/explora.cl\/biobio\/les-invitamos-a-las-jornadas-de-actualizacion-de-contenidos\/#primaryimage","url":"https:\/\/explora.cl\/biobio\/wp-content\/uploads\/sites\/14\/2018\/06\/0b064409bc8133374f639de99049e80c.jpg","contentUrl":"https:\/\/explora.cl\/biobio\/wp-content\/uploads\/sites\/14\/2018\/06\/0b064409bc8133374f639de99049e80c.jpg","width":536,"height":196},{"@type":"BreadcrumbList","@id":"https:\/\/explora.cl\/biobio\/les-invitamos-a-las-jornadas-de-actualizacion-de-contenidos\/#breadcrumb","itemListElement":[{"@type":"ListItem","position":1,"name":"Portada","item":"https:\/\/explora.cl\/biobio\/"},{"@type":"ListItem","position":2,"name":"Les invitamos a las Jornadas de Actualizaci\u00f3n de Contenidos"}]},{"@type":"WebSite","@id":"https:\/\/explora.cl\/biobio\/#website","url":"https:\/\/explora.cl\/biobio\/","name":"Biob\u00edo","description":"Otro sitio m\u00e1s de explora.cl","potentialAction":[{"@type":"SearchAction","target":{"@type":"EntryPoint","urlTemplate":"https:\/\/explora.cl\/biobio\/?s={search_term_string}"},"query-input":{"@type":"PropertyValueSpecification","valueRequired":true,"valueName":"search_term_string"}}],"inLanguage":"es-CL"},{"@type":"Person","@id":"https:\/\/explora.cl\/biobio\/#\/schema\/person\/cb8349c13ea2d324080adf8480d7ba5d","name":"webman","image":{"@type":"ImageObject","inLanguage":"es-CL","@id":"https:\/\/explora.cl\/biobio\/#\/schema\/person\/image\/","url":"https:\/\/secure.gravatar.com\/avatar\/eeff3c82f2c02f7177d13663b7e6f890e9a6a0647ce9bb29cae02dcb094c7312?s=96&d=mm&r=g","contentUrl":"https:\/\/secure.gravatar.com\/avatar\/eeff3c82f2c02f7177d13663b7e6f890e9a6a0647ce9bb29cae02dcb094c7312?s=96&d=mm&r=g","caption":"webman"},"url":"https:\/\/explora.cl\/biobio\/author\/webman\/"}]}},"_links":{"self":[{"href":"https:\/\/explora.cl\/biobio\/wp-json\/wp\/v2\/posts\/730","targetHints":{"allow":["GET"]}}],"collection":[{"href":"https:\/\/explora.cl\/biobio\/wp-json\/wp\/v2\/posts"}],"about":[{"href":"https:\/\/explora.cl\/biobio\/wp-json\/wp\/v2\/types\/post"}],"author":[{"embeddable":true,"href":"https:\/\/explora.cl\/biobio\/wp-json\/wp\/v2\/users\/2"}],"replies":[{"embeddable":true,"href":"https:\/\/explora.cl\/biobio\/wp-json\/wp\/v2\/comments?post=730"}],"version-history":[{"count":1,"href":"https:\/\/explora.cl\/biobio\/wp-json\/wp\/v2\/posts\/730\/revisions"}],"predecessor-version":[{"id":37898,"href":"https:\/\/explora.cl\/biobio\/wp-json\/wp\/v2\/posts\/730\/revisions\/37898"}],"wp:featuredmedia":[{"embeddable":true,"href":"https:\/\/explora.cl\/biobio\/wp-json\/wp\/v2\/media\/731"}],"wp:attachment":[{"href":"https:\/\/explora.cl\/biobio\/wp-json\/wp\/v2\/media?parent=730"}],"wp:term":[{"taxonomy":"category","embeddable":true,"href":"https:\/\/explora.cl\/biobio\/wp-json\/wp\/v2\/categories?post=730"},{"taxonomy":"post_tag","embeddable":true,"href":"https:\/\/explora.cl\/biobio\/wp-json\/wp\/v2\/tags?post=730"}],"curies":[{"name":"wp","href":"https:\/\/api.w.org\/{rel}","templated":true}]}}