{"id":720,"date":"2015-06-05T00:00:00","date_gmt":"2015-06-05T04:00:00","guid":{"rendered":"https:\/\/explora.cl\/biobio\/blog\/2015\/06\/05\/geofisica-udec-conmemoro-el-dia-mundial-del-medioambiente\/"},"modified":"2019-05-20T18:33:04","modified_gmt":"2019-05-20T18:33:04","slug":"geofisica-udec-conmemoro-el-dia-mundial-del-medioambiente","status":"publish","type":"post","link":"https:\/\/explora.cl\/biobio\/geofisica-udec-conmemoro-el-dia-mundial-del-medioambiente\/","title":{"rendered":"Geof\u00edsica UdeC conmemor\u00f3 el D\u00eda Mundial del Medioambiente"},"content":{"rendered":"<p><img fetchpriority=\"high\" decoding=\"async\" class=\" size-full wp-image-11747\" src=\"http:\/\/ec2-34-218-253-251.us-west-2.compute.amazonaws.com\/wp-content\/uploads\/2015\/06\/a171bf6d108ab3429593ad59874db3c5.jpg\" alt=\"\" width=\"2304\" height=\"1728\" \/><\/p>\n<div style=\"text-align: justify\">Desde el a\u00f1o 1973 que se celebra el \u201cD\u00eda mundial del Medio ambiente\u201d el 5 de junio de cada a\u00f1o, establecido as\u00ed por la Asamblea General de Naciones Unidas, en su resoluci\u00f3n del 15 de diciembre de 1972. Desde ese entonces, durante esta jornada, se busca sensibilizar a la poblaci\u00f3n mundial en relaci\u00f3n a temas ambientales, intensificando la atenci\u00f3n y la acci\u00f3n pol\u00edtica.<\/div>\n<div style=\"text-align: justify\">\u00a0<\/div>\n<div style=\"text-align: justify\">Este a\u00f1o, la carrera de Geof\u00edsica de la Universidad de Concepci\u00f3n conmemor\u00f3 el d\u00eda con una actividad cient\u00edfica \u2013 ambiental denominada \u201cPienso Verde\u201d, que se realiz\u00f3 en v\u00edsperas de la jornada, el mi\u00e9rcoles 27 de mayo, en el Parque Tumbes, y en ella participaron nueve colegios provenientes de los cerros de Talcahuano, con una delegaci\u00f3n de ni\u00f1os de entre quinto y octavo b\u00e1sico.<\/div>\n<div style=\"text-align: justify\">\u00a0<\/div>\n<div style=\"text-align: justify\">La actividad se inici\u00f3 con dos talleres de Geof\u00edsica, dictadas por los alumnos Carolina Medel, Sebasti\u00e1n Inzunza, Isadora D\u00edaz y Katherine Gaete, quienes desarrollaron con los ni\u00f1os, desde una perspectiva medioambiental, los temas \u201cLa verdad del Cambio Clim\u00e1tico\u201d y \u201cNieves y glaciares: \u00a1es hora de actuar!\u201d. Cada uno de los talleres si inici\u00f3 con una charla introductoria, para luego dar paso a un sencillo experimento en el sal\u00f3n del parque, que ejemplific\u00f3 de manera sencilla y did\u00e1ctica los conceptos analizados.\u00a0<\/div>\n<div style=\"text-align: justify\">\u00a0<\/div>\n<div style=\"text-align: justify\">Finalmente, los ni\u00f1os y ni\u00f1as realizaron una caminata por el Parque Tumbes. Cabe destacar que la iniciativa fue coordinada entre la carrera de la Universidad de Concepci\u00f3n, la Municipalidad de Talcahuano, y el colegio San Francisco de Talcahuano, a trav\u00e9s de su profesor Luciano Figueroa, quien actu\u00f3 como coordinador general de la iniciativa.\u00a0<\/div>\n<div>\u00a0<\/div>\n","protected":false},"excerpt":{"rendered":"<p>Desde el a\u00f1o 1973 que se celebra el \u201cD\u00eda mundial del Medio ambiente\u201d el 5 de junio de cada a\u00f1o, establecido as\u00ed por la Asamblea General de Naciones Unidas, en su resoluci\u00f3n del 15 de diciembre de 1972. Desde ese entonces, durante esta jornada, se busca sensibilizar a la poblaci\u00f3n mundial en relaci\u00f3n a temas [&hellip;]<\/p>\n","protected":false},"author":2,"featured_media":721,"comment_status":"open","ping_status":"open","sticky":false,"template":"","format":"standard","meta":{"_acf_changed":false,"_exactmetrics_skip_tracking":false,"_exactmetrics_sitenote_active":false,"_exactmetrics_sitenote_note":"","_exactmetrics_sitenote_category":0,"footnotes":"","_links_to":"","_links_to_target":""},"categories":[4],"tags":[],"class_list":["post-720","post","type-post","status-publish","format-standard","has-post-thumbnail","hentry","category-noticias"],"acf":[],"yoast_head":"<!-- This site is optimized with the Yoast SEO plugin v26.9 - https:\/\/yoast.com\/product\/yoast-seo-wordpress\/ -->\n<title>Geof\u00edsica UdeC conmemor\u00f3 el D\u00eda Mundial del Medioambiente - Biob\u00edo<\/title>\n<meta name=\"robots\" content=\"index, follow, max-snippet:-1, max-image-preview:large, max-video-preview:-1\" \/>\n<link rel=\"canonical\" href=\"https:\/\/explora.cl\/biobio\/geofisica-udec-conmemoro-el-dia-mundial-del-medioambiente\/\" class=\"yoast-seo-meta-tag\" \/>\n<meta property=\"og:locale\" content=\"es_ES\" class=\"yoast-seo-meta-tag\" \/>\n<meta property=\"og:type\" content=\"article\" class=\"yoast-seo-meta-tag\" \/>\n<meta property=\"og:title\" content=\"Geof\u00edsica UdeC conmemor\u00f3 el D\u00eda Mundial del Medioambiente - Biob\u00edo\" class=\"yoast-seo-meta-tag\" \/>\n<meta property=\"og:description\" content=\"Desde el a\u00f1o 1973 que se celebra el \u201cD\u00eda mundial del Medio ambiente\u201d el 5 de junio de cada a\u00f1o, establecido as\u00ed por la Asamblea General de Naciones Unidas, en su resoluci\u00f3n del 15 de diciembre de 1972. Desde ese entonces, durante esta jornada, se busca sensibilizar a la poblaci\u00f3n mundial en relaci\u00f3n a temas [&hellip;]\" class=\"yoast-seo-meta-tag\" \/>\n<meta property=\"og:url\" content=\"https:\/\/explora.cl\/biobio\/geofisica-udec-conmemoro-el-dia-mundial-del-medioambiente\/\" class=\"yoast-seo-meta-tag\" \/>\n<meta property=\"og:site_name\" content=\"Biob\u00edo\" class=\"yoast-seo-meta-tag\" \/>\n<meta property=\"article:published_time\" content=\"2015-06-05T04:00:00+00:00\" class=\"yoast-seo-meta-tag\" \/>\n<meta property=\"article:modified_time\" content=\"2019-05-20T18:33:04+00:00\" class=\"yoast-seo-meta-tag\" \/>\n<meta property=\"og:image\" content=\"https:\/\/explora.cl\/biobio\/wp-content\/uploads\/sites\/14\/2018\/06\/a171bf6d108ab3429593ad59874db3c5.jpg\" class=\"yoast-seo-meta-tag\" \/>\n\t<meta property=\"og:image:width\" content=\"2304\" class=\"yoast-seo-meta-tag\" \/>\n\t<meta property=\"og:image:height\" content=\"1728\" class=\"yoast-seo-meta-tag\" \/>\n\t<meta property=\"og:image:type\" content=\"image\/jpeg\" class=\"yoast-seo-meta-tag\" \/>\n<meta name=\"author\" content=\"webman\" class=\"yoast-seo-meta-tag\" \/>\n<meta name=\"twitter:card\" content=\"summary_large_image\" class=\"yoast-seo-meta-tag\" \/>\n<meta name=\"twitter:label1\" content=\"Escrito por\" class=\"yoast-seo-meta-tag\" \/>\n\t<meta name=\"twitter:data1\" content=\"webman\" class=\"yoast-seo-meta-tag\" \/>\n\t<meta name=\"twitter:label2\" content=\"Tiempo estimado de lectura\" class=\"yoast-seo-meta-tag\" \/>\n\t<meta name=\"twitter:data2\" content=\"1 minuto\" class=\"yoast-seo-meta-tag\" \/>\n<script type=\"application\/ld+json\" class=\"yoast-schema-graph\">{\"@context\":\"https:\/\/schema.org\",\"@graph\":[{\"@type\":\"Article\",\"@id\":\"https:\/\/explora.cl\/biobio\/geofisica-udec-conmemoro-el-dia-mundial-del-medioambiente\/#article\",\"isPartOf\":{\"@id\":\"https:\/\/explora.cl\/biobio\/geofisica-udec-conmemoro-el-dia-mundial-del-medioambiente\/\"},\"author\":{\"name\":\"webman\",\"@id\":\"https:\/\/explora.cl\/biobio\/#\/schema\/person\/cb8349c13ea2d324080adf8480d7ba5d\"},\"headline\":\"Geof\u00edsica UdeC conmemor\u00f3 el D\u00eda Mundial del Medioambiente\",\"datePublished\":\"2015-06-05T04:00:00+00:00\",\"dateModified\":\"2019-05-20T18:33:04+00:00\",\"mainEntityOfPage\":{\"@id\":\"https:\/\/explora.cl\/biobio\/geofisica-udec-conmemoro-el-dia-mundial-del-medioambiente\/\"},\"wordCount\":293,\"commentCount\":0,\"image\":{\"@id\":\"https:\/\/explora.cl\/biobio\/geofisica-udec-conmemoro-el-dia-mundial-del-medioambiente\/#primaryimage\"},\"thumbnailUrl\":\"https:\/\/explora.cl\/biobio\/wp-content\/uploads\/sites\/14\/2018\/06\/a171bf6d108ab3429593ad59874db3c5.jpg\",\"articleSection\":[\"Noticias\"],\"inLanguage\":\"es-CL\",\"potentialAction\":[{\"@type\":\"CommentAction\",\"name\":\"Comment\",\"target\":[\"https:\/\/explora.cl\/biobio\/geofisica-udec-conmemoro-el-dia-mundial-del-medioambiente\/#respond\"]}]},{\"@type\":\"WebPage\",\"@id\":\"https:\/\/explora.cl\/biobio\/geofisica-udec-conmemoro-el-dia-mundial-del-medioambiente\/\",\"url\":\"https:\/\/explora.cl\/biobio\/geofisica-udec-conmemoro-el-dia-mundial-del-medioambiente\/\",\"name\":\"Geof\u00edsica UdeC conmemor\u00f3 el D\u00eda Mundial del Medioambiente - Biob\u00edo\",\"isPartOf\":{\"@id\":\"https:\/\/explora.cl\/biobio\/#website\"},\"primaryImageOfPage\":{\"@id\":\"https:\/\/explora.cl\/biobio\/geofisica-udec-conmemoro-el-dia-mundial-del-medioambiente\/#primaryimage\"},\"image\":{\"@id\":\"https:\/\/explora.cl\/biobio\/geofisica-udec-conmemoro-el-dia-mundial-del-medioambiente\/#primaryimage\"},\"thumbnailUrl\":\"https:\/\/explora.cl\/biobio\/wp-content\/uploads\/sites\/14\/2018\/06\/a171bf6d108ab3429593ad59874db3c5.jpg\",\"datePublished\":\"2015-06-05T04:00:00+00:00\",\"dateModified\":\"2019-05-20T18:33:04+00:00\",\"author\":{\"@id\":\"https:\/\/explora.cl\/biobio\/#\/schema\/person\/cb8349c13ea2d324080adf8480d7ba5d\"},\"breadcrumb\":{\"@id\":\"https:\/\/explora.cl\/biobio\/geofisica-udec-conmemoro-el-dia-mundial-del-medioambiente\/#breadcrumb\"},\"inLanguage\":\"es-CL\",\"potentialAction\":[{\"@type\":\"ReadAction\",\"target\":[\"https:\/\/explora.cl\/biobio\/geofisica-udec-conmemoro-el-dia-mundial-del-medioambiente\/\"]}]},{\"@type\":\"ImageObject\",\"inLanguage\":\"es-CL\",\"@id\":\"https:\/\/explora.cl\/biobio\/geofisica-udec-conmemoro-el-dia-mundial-del-medioambiente\/#primaryimage\",\"url\":\"https:\/\/explora.cl\/biobio\/wp-content\/uploads\/sites\/14\/2018\/06\/a171bf6d108ab3429593ad59874db3c5.jpg\",\"contentUrl\":\"https:\/\/explora.cl\/biobio\/wp-content\/uploads\/sites\/14\/2018\/06\/a171bf6d108ab3429593ad59874db3c5.jpg\",\"width\":2304,\"height\":1728},{\"@type\":\"BreadcrumbList\",\"@id\":\"https:\/\/explora.cl\/biobio\/geofisica-udec-conmemoro-el-dia-mundial-del-medioambiente\/#breadcrumb\",\"itemListElement\":[{\"@type\":\"ListItem\",\"position\":1,\"name\":\"Portada\",\"item\":\"https:\/\/explora.cl\/biobio\/\"},{\"@type\":\"ListItem\",\"position\":2,\"name\":\"Geof\u00edsica UdeC conmemor\u00f3 el D\u00eda Mundial del Medioambiente\"}]},{\"@type\":\"WebSite\",\"@id\":\"https:\/\/explora.cl\/biobio\/#website\",\"url\":\"https:\/\/explora.cl\/biobio\/\",\"name\":\"Biob\u00edo\",\"description\":\"Otro sitio m\u00e1s de explora.cl\",\"potentialAction\":[{\"@type\":\"SearchAction\",\"target\":{\"@type\":\"EntryPoint\",\"urlTemplate\":\"https:\/\/explora.cl\/biobio\/?s={search_term_string}\"},\"query-input\":{\"@type\":\"PropertyValueSpecification\",\"valueRequired\":true,\"valueName\":\"search_term_string\"}}],\"inLanguage\":\"es-CL\"},{\"@type\":\"Person\",\"@id\":\"https:\/\/explora.cl\/biobio\/#\/schema\/person\/cb8349c13ea2d324080adf8480d7ba5d\",\"name\":\"webman\",\"image\":{\"@type\":\"ImageObject\",\"inLanguage\":\"es-CL\",\"@id\":\"https:\/\/explora.cl\/biobio\/#\/schema\/person\/image\/\",\"url\":\"https:\/\/secure.gravatar.com\/avatar\/eeff3c82f2c02f7177d13663b7e6f890e9a6a0647ce9bb29cae02dcb094c7312?s=96&d=mm&r=g\",\"contentUrl\":\"https:\/\/secure.gravatar.com\/avatar\/eeff3c82f2c02f7177d13663b7e6f890e9a6a0647ce9bb29cae02dcb094c7312?s=96&d=mm&r=g\",\"caption\":\"webman\"},\"url\":\"https:\/\/explora.cl\/biobio\/author\/webman\/\"}]}<\/script>\n<!-- \/ Yoast SEO plugin. -->","yoast_head_json":{"title":"Geof\u00edsica UdeC conmemor\u00f3 el D\u00eda Mundial del Medioambiente - Biob\u00edo","robots":{"index":"index","follow":"follow","max-snippet":"max-snippet:-1","max-image-preview":"max-image-preview:large","max-video-preview":"max-video-preview:-1"},"canonical":"https:\/\/explora.cl\/biobio\/geofisica-udec-conmemoro-el-dia-mundial-del-medioambiente\/","og_locale":"es_ES","og_type":"article","og_title":"Geof\u00edsica UdeC conmemor\u00f3 el D\u00eda Mundial del Medioambiente - Biob\u00edo","og_description":"Desde el a\u00f1o 1973 que se celebra el \u201cD\u00eda mundial del Medio ambiente\u201d el 5 de junio de cada a\u00f1o, establecido as\u00ed por la Asamblea General de Naciones Unidas, en su resoluci\u00f3n del 15 de diciembre de 1972. Desde ese entonces, durante esta jornada, se busca sensibilizar a la poblaci\u00f3n mundial en relaci\u00f3n a temas [&hellip;]","og_url":"https:\/\/explora.cl\/biobio\/geofisica-udec-conmemoro-el-dia-mundial-del-medioambiente\/","og_site_name":"Biob\u00edo","article_published_time":"2015-06-05T04:00:00+00:00","article_modified_time":"2019-05-20T18:33:04+00:00","og_image":[{"width":2304,"height":1728,"url":"https:\/\/explora.cl\/biobio\/wp-content\/uploads\/sites\/14\/2018\/06\/a171bf6d108ab3429593ad59874db3c5.jpg","type":"image\/jpeg"}],"author":"webman","twitter_card":"summary_large_image","twitter_misc":{"Escrito por":"webman","Tiempo estimado de lectura":"1 minuto"},"schema":{"@context":"https:\/\/schema.org","@graph":[{"@type":"Article","@id":"https:\/\/explora.cl\/biobio\/geofisica-udec-conmemoro-el-dia-mundial-del-medioambiente\/#article","isPartOf":{"@id":"https:\/\/explora.cl\/biobio\/geofisica-udec-conmemoro-el-dia-mundial-del-medioambiente\/"},"author":{"name":"webman","@id":"https:\/\/explora.cl\/biobio\/#\/schema\/person\/cb8349c13ea2d324080adf8480d7ba5d"},"headline":"Geof\u00edsica UdeC conmemor\u00f3 el D\u00eda Mundial del Medioambiente","datePublished":"2015-06-05T04:00:00+00:00","dateModified":"2019-05-20T18:33:04+00:00","mainEntityOfPage":{"@id":"https:\/\/explora.cl\/biobio\/geofisica-udec-conmemoro-el-dia-mundial-del-medioambiente\/"},"wordCount":293,"commentCount":0,"image":{"@id":"https:\/\/explora.cl\/biobio\/geofisica-udec-conmemoro-el-dia-mundial-del-medioambiente\/#primaryimage"},"thumbnailUrl":"https:\/\/explora.cl\/biobio\/wp-content\/uploads\/sites\/14\/2018\/06\/a171bf6d108ab3429593ad59874db3c5.jpg","articleSection":["Noticias"],"inLanguage":"es-CL","potentialAction":[{"@type":"CommentAction","name":"Comment","target":["https:\/\/explora.cl\/biobio\/geofisica-udec-conmemoro-el-dia-mundial-del-medioambiente\/#respond"]}]},{"@type":"WebPage","@id":"https:\/\/explora.cl\/biobio\/geofisica-udec-conmemoro-el-dia-mundial-del-medioambiente\/","url":"https:\/\/explora.cl\/biobio\/geofisica-udec-conmemoro-el-dia-mundial-del-medioambiente\/","name":"Geof\u00edsica UdeC conmemor\u00f3 el D\u00eda Mundial del Medioambiente - Biob\u00edo","isPartOf":{"@id":"https:\/\/explora.cl\/biobio\/#website"},"primaryImageOfPage":{"@id":"https:\/\/explora.cl\/biobio\/geofisica-udec-conmemoro-el-dia-mundial-del-medioambiente\/#primaryimage"},"image":{"@id":"https:\/\/explora.cl\/biobio\/geofisica-udec-conmemoro-el-dia-mundial-del-medioambiente\/#primaryimage"},"thumbnailUrl":"https:\/\/explora.cl\/biobio\/wp-content\/uploads\/sites\/14\/2018\/06\/a171bf6d108ab3429593ad59874db3c5.jpg","datePublished":"2015-06-05T04:00:00+00:00","dateModified":"2019-05-20T18:33:04+00:00","author":{"@id":"https:\/\/explora.cl\/biobio\/#\/schema\/person\/cb8349c13ea2d324080adf8480d7ba5d"},"breadcrumb":{"@id":"https:\/\/explora.cl\/biobio\/geofisica-udec-conmemoro-el-dia-mundial-del-medioambiente\/#breadcrumb"},"inLanguage":"es-CL","potentialAction":[{"@type":"ReadAction","target":["https:\/\/explora.cl\/biobio\/geofisica-udec-conmemoro-el-dia-mundial-del-medioambiente\/"]}]},{"@type":"ImageObject","inLanguage":"es-CL","@id":"https:\/\/explora.cl\/biobio\/geofisica-udec-conmemoro-el-dia-mundial-del-medioambiente\/#primaryimage","url":"https:\/\/explora.cl\/biobio\/wp-content\/uploads\/sites\/14\/2018\/06\/a171bf6d108ab3429593ad59874db3c5.jpg","contentUrl":"https:\/\/explora.cl\/biobio\/wp-content\/uploads\/sites\/14\/2018\/06\/a171bf6d108ab3429593ad59874db3c5.jpg","width":2304,"height":1728},{"@type":"BreadcrumbList","@id":"https:\/\/explora.cl\/biobio\/geofisica-udec-conmemoro-el-dia-mundial-del-medioambiente\/#breadcrumb","itemListElement":[{"@type":"ListItem","position":1,"name":"Portada","item":"https:\/\/explora.cl\/biobio\/"},{"@type":"ListItem","position":2,"name":"Geof\u00edsica UdeC conmemor\u00f3 el D\u00eda Mundial del Medioambiente"}]},{"@type":"WebSite","@id":"https:\/\/explora.cl\/biobio\/#website","url":"https:\/\/explora.cl\/biobio\/","name":"Biob\u00edo","description":"Otro sitio m\u00e1s de explora.cl","potentialAction":[{"@type":"SearchAction","target":{"@type":"EntryPoint","urlTemplate":"https:\/\/explora.cl\/biobio\/?s={search_term_string}"},"query-input":{"@type":"PropertyValueSpecification","valueRequired":true,"valueName":"search_term_string"}}],"inLanguage":"es-CL"},{"@type":"Person","@id":"https:\/\/explora.cl\/biobio\/#\/schema\/person\/cb8349c13ea2d324080adf8480d7ba5d","name":"webman","image":{"@type":"ImageObject","inLanguage":"es-CL","@id":"https:\/\/explora.cl\/biobio\/#\/schema\/person\/image\/","url":"https:\/\/secure.gravatar.com\/avatar\/eeff3c82f2c02f7177d13663b7e6f890e9a6a0647ce9bb29cae02dcb094c7312?s=96&d=mm&r=g","contentUrl":"https:\/\/secure.gravatar.com\/avatar\/eeff3c82f2c02f7177d13663b7e6f890e9a6a0647ce9bb29cae02dcb094c7312?s=96&d=mm&r=g","caption":"webman"},"url":"https:\/\/explora.cl\/biobio\/author\/webman\/"}]}},"_links":{"self":[{"href":"https:\/\/explora.cl\/biobio\/wp-json\/wp\/v2\/posts\/720","targetHints":{"allow":["GET"]}}],"collection":[{"href":"https:\/\/explora.cl\/biobio\/wp-json\/wp\/v2\/posts"}],"about":[{"href":"https:\/\/explora.cl\/biobio\/wp-json\/wp\/v2\/types\/post"}],"author":[{"embeddable":true,"href":"https:\/\/explora.cl\/biobio\/wp-json\/wp\/v2\/users\/2"}],"replies":[{"embeddable":true,"href":"https:\/\/explora.cl\/biobio\/wp-json\/wp\/v2\/comments?post=720"}],"version-history":[{"count":1,"href":"https:\/\/explora.cl\/biobio\/wp-json\/wp\/v2\/posts\/720\/revisions"}],"predecessor-version":[{"id":37902,"href":"https:\/\/explora.cl\/biobio\/wp-json\/wp\/v2\/posts\/720\/revisions\/37902"}],"wp:featuredmedia":[{"embeddable":true,"href":"https:\/\/explora.cl\/biobio\/wp-json\/wp\/v2\/media\/721"}],"wp:attachment":[{"href":"https:\/\/explora.cl\/biobio\/wp-json\/wp\/v2\/media?parent=720"}],"wp:term":[{"taxonomy":"category","embeddable":true,"href":"https:\/\/explora.cl\/biobio\/wp-json\/wp\/v2\/categories?post=720"},{"taxonomy":"post_tag","embeddable":true,"href":"https:\/\/explora.cl\/biobio\/wp-json\/wp\/v2\/tags?post=720"}],"curies":[{"name":"wp","href":"https:\/\/api.w.org\/{rel}","templated":true}]}}