{"id":712,"date":"2015-06-01T00:00:00","date_gmt":"2015-06-01T04:00:00","guid":{"rendered":"https:\/\/explora.cl\/biobio\/blog\/2015\/06\/01\/biobio-y-nuble-dieron-el-vamos-a-las-actividades-y-tema-del-ano-explora\/"},"modified":"2019-05-20T18:33:06","modified_gmt":"2019-05-20T18:33:06","slug":"biobio-y-nuble-dieron-el-vamos-a-las-actividades-y-tema-del-ano-explora","status":"publish","type":"post","link":"https:\/\/explora.cl\/biobio\/biobio-y-nuble-dieron-el-vamos-a-las-actividades-y-tema-del-ano-explora\/","title":{"rendered":"Biob\u00edo y \u00d1uble dieron el vamos a las actividades y tema del a\u00f1o EXPLORA"},"content":{"rendered":"<p><img fetchpriority=\"high\" decoding=\"async\" class=\" size-full wp-image-11516\" src=\"http:\/\/ec2-34-218-253-251.us-west-2.compute.amazonaws.com\/wp-content\/uploads\/2015\/06\/c929067de21be8fedfb318890aed424d.jpg\" alt=\"\" width=\"4272\" height=\"2848\" \/><\/p>\n<div style=\"text-align: justify\">Yungay y Antuco fueron las comunas elegidas para realizar los lanzamientos provinciales de las actividades del Proyecto Asociativo Regional (PAR) EXPLORA Biob\u00edo, as\u00ed como del tema del a\u00f1o dedicado a la luz, Conocer Ilumina. En ambas actividades, se demostr\u00f3 el compromiso de sus coordinadores y DAEM\/DEM, organizando jornadas impecables para la comunidad estudiantil.\u00a0<\/div>\n<div style=\"text-align: justify\">\u00a0<\/div>\n<div style=\"text-align: justify\">El alcalde de Yungay, Pedro Inostroza, coment\u00f3 lo feliz que estaba con la elecci\u00f3n de su municipio para realizar la ceremonia. Adem\u00e1s, relev\u00f3 la importancia de la existencia de programas como EXPLORA que apoyan la curiosidad de los ni\u00f1os y ni\u00f1as, \u201cya que esto \u00faltimo es un elemento que podr\u00eda llevarlos a lugares inimaginables\u201d agreg\u00f3.\u00a0<\/div>\n<div style=\"text-align: justify\">\u00a0<\/div>\n<div style=\"text-align: justify\">En su caso, se cont\u00f3 con la participaci\u00f3n de la soci\u00f3loga Daniela Dresdner, quien desarroll\u00f3 la charla \u201cLa luz, la oscuridad, y la sociedad humana\u201d, y se llev\u00f3 a cabo en las dependencias del auditorio de la Biblioteca Municipal.\u00a0<\/div>\n<div style=\"text-align: justify\">\u00a0<\/div>\n<div style=\"text-align: justify\">Antuco, por su parte no fue menos. Su Jefa DEM, Janette Panes Garrido, sostuvo que las actividades de Explora, que se realizan ac\u00e1 a trav\u00e9s de su coordinador, el profesor Pedro Novoa, son muy importantes, \u201cya que permiten que nuestros alumnos empiecen a desarrollar el conocimiento cient\u00edfico. Adem\u00e1s, la naturaleza nos ha premiado con un aire puro, lindo sol, nieve, es bastante diversa, pero tambi\u00e9n queremos que ellos la conozcan y la transmitan, que se apropien de esta belleza natural que tenemos y se transformen en un aporte al pa\u00eds. Gracias a esto, nuestros alumnos aprenden haciendo y esa es la educaci\u00f3n que queremos\u201d, finaliz\u00f3.\u00a0<\/div>\n<div style=\"text-align: justify\">\u00a0<\/div>\n<div style=\"text-align: justify\">La encargada de dar la charla fue la acad\u00e9mica UdeC, Berta Schultz Ba\u00f1ares, Qu\u00edmico Farmac\u00e9utico UdeC, Doctora en Toxicolog\u00eda, de la Universidad Regensburg, Alemania y Jefe de Carrera Qu\u00edmica y Farmacia UdeC, quien convers\u00f3 con los presentes acerca de \u201cLa luz al servicio del an\u00e1lisis de muestras\u201d.\u00a0<\/div>\n<div style=\"text-align: justify\">\u00a0<\/div>\n<div style=\"text-align: justify\">Roc\u00edo Cruces, Coordinadora Ejecutiva del PAR EXPLORA Biob\u00edo, destac\u00f3 el alto nivel de los eventos organizados. \u201cEl PAR EXPLORA Biob\u00edo cuenta con el apoyo de 44 comunas de la Regi\u00f3n, pero Yungay y Antuco se ha caracterizado por su alta participaci\u00f3n nuestras actividades; lo que es fundamental para cumplir con el objetivo que perseguimos: el contribuir a la creaci\u00f3n de una cultura cient\u00edfica y tecnol\u00f3gica en \u00a0la comunidad, principalmente en los ni\u00f1os y ni\u00f1as de la Regi\u00f3n del Biob\u00edo\u201d asever\u00f3.\u00a0<\/div>\n<div style=\"text-align: justify\">\u00a0<\/div>\n<div style=\"text-align: justify\">Y agreg\u00f3 \u201csobre este pilar se sustenta el trabajo del PAR Explora Biob\u00edo, en mostrar a ni\u00f1os y ni\u00f1as que la ciencia no s\u00f3lo est\u00e1 en los grandes laboratorios, ni en las grandes ciudades, la ciencia est\u00e1 en todas partes y s\u00f3lo basta un ingrediente para echar a andar cualquier tipo de investigaci\u00f3n: la curiosidad\u201d.\u00a0<\/div>\n<div>\u00a0<\/div>\n","protected":false},"excerpt":{"rendered":"<p>Yungay y Antuco fueron las comunas elegidas para realizar los lanzamientos provinciales de las actividades del Proyecto Asociativo Regional (PAR) EXPLORA Biob\u00edo, as\u00ed como del tema del a\u00f1o dedicado a la luz, Conocer Ilumina. En ambas actividades, se demostr\u00f3 el compromiso de sus coordinadores y DAEM\/DEM, organizando jornadas impecables para la comunidad estudiantil.\u00a0 \u00a0 El [&hellip;]<\/p>\n","protected":false},"author":2,"featured_media":713,"comment_status":"open","ping_status":"open","sticky":false,"template":"","format":"standard","meta":{"_acf_changed":false,"_exactmetrics_skip_tracking":false,"_exactmetrics_sitenote_active":false,"_exactmetrics_sitenote_note":"","_exactmetrics_sitenote_category":0,"footnotes":"","_links_to":"","_links_to_target":""},"categories":[4],"tags":[],"class_list":["post-712","post","type-post","status-publish","format-standard","has-post-thumbnail","hentry","category-noticias"],"acf":[],"yoast_head":"<!-- This site is optimized with the Yoast SEO plugin v26.9 - https:\/\/yoast.com\/product\/yoast-seo-wordpress\/ -->\n<title>Biob\u00edo y \u00d1uble dieron el vamos a las actividades y tema del a\u00f1o EXPLORA - Biob\u00edo<\/title>\n<meta name=\"robots\" content=\"index, follow, max-snippet:-1, max-image-preview:large, max-video-preview:-1\" \/>\n<link rel=\"canonical\" href=\"https:\/\/explora.cl\/biobio\/biobio-y-nuble-dieron-el-vamos-a-las-actividades-y-tema-del-ano-explora\/\" class=\"yoast-seo-meta-tag\" \/>\n<meta property=\"og:locale\" content=\"es_ES\" class=\"yoast-seo-meta-tag\" \/>\n<meta property=\"og:type\" content=\"article\" class=\"yoast-seo-meta-tag\" \/>\n<meta property=\"og:title\" content=\"Biob\u00edo y \u00d1uble dieron el vamos a las actividades y tema del a\u00f1o EXPLORA - Biob\u00edo\" class=\"yoast-seo-meta-tag\" \/>\n<meta property=\"og:description\" content=\"Yungay y Antuco fueron las comunas elegidas para realizar los lanzamientos provinciales de las actividades del Proyecto Asociativo Regional (PAR) EXPLORA Biob\u00edo, as\u00ed como del tema del a\u00f1o dedicado a la luz, Conocer Ilumina. En ambas actividades, se demostr\u00f3 el compromiso de sus coordinadores y DAEM\/DEM, organizando jornadas impecables para la comunidad estudiantil.\u00a0 \u00a0 El [&hellip;]\" class=\"yoast-seo-meta-tag\" \/>\n<meta property=\"og:url\" content=\"https:\/\/explora.cl\/biobio\/biobio-y-nuble-dieron-el-vamos-a-las-actividades-y-tema-del-ano-explora\/\" class=\"yoast-seo-meta-tag\" \/>\n<meta property=\"og:site_name\" content=\"Biob\u00edo\" class=\"yoast-seo-meta-tag\" \/>\n<meta property=\"article:published_time\" content=\"2015-06-01T04:00:00+00:00\" class=\"yoast-seo-meta-tag\" \/>\n<meta property=\"article:modified_time\" content=\"2019-05-20T18:33:06+00:00\" class=\"yoast-seo-meta-tag\" \/>\n<meta property=\"og:image\" content=\"https:\/\/explora.cl\/biobio\/wp-content\/uploads\/sites\/14\/2018\/06\/c929067de21be8fedfb318890aed424d-1024x683.jpg\" class=\"yoast-seo-meta-tag\" \/>\n\t<meta property=\"og:image:width\" content=\"1024\" class=\"yoast-seo-meta-tag\" \/>\n\t<meta property=\"og:image:height\" content=\"683\" class=\"yoast-seo-meta-tag\" \/>\n\t<meta property=\"og:image:type\" content=\"image\/jpeg\" class=\"yoast-seo-meta-tag\" \/>\n<meta name=\"author\" content=\"webman\" class=\"yoast-seo-meta-tag\" \/>\n<meta name=\"twitter:card\" content=\"summary_large_image\" class=\"yoast-seo-meta-tag\" \/>\n<meta name=\"twitter:label1\" content=\"Escrito por\" class=\"yoast-seo-meta-tag\" \/>\n\t<meta name=\"twitter:data1\" content=\"webman\" class=\"yoast-seo-meta-tag\" \/>\n\t<meta name=\"twitter:label2\" content=\"Tiempo estimado de lectura\" class=\"yoast-seo-meta-tag\" \/>\n\t<meta name=\"twitter:data2\" content=\"2 minutos\" class=\"yoast-seo-meta-tag\" \/>\n<script type=\"application\/ld+json\" class=\"yoast-schema-graph\">{\"@context\":\"https:\/\/schema.org\",\"@graph\":[{\"@type\":\"Article\",\"@id\":\"https:\/\/explora.cl\/biobio\/biobio-y-nuble-dieron-el-vamos-a-las-actividades-y-tema-del-ano-explora\/#article\",\"isPartOf\":{\"@id\":\"https:\/\/explora.cl\/biobio\/biobio-y-nuble-dieron-el-vamos-a-las-actividades-y-tema-del-ano-explora\/\"},\"author\":{\"name\":\"webman\",\"@id\":\"https:\/\/explora.cl\/biobio\/#\/schema\/person\/cb8349c13ea2d324080adf8480d7ba5d\"},\"headline\":\"Biob\u00edo y \u00d1uble dieron el vamos a las actividades y tema del a\u00f1o EXPLORA\",\"datePublished\":\"2015-06-01T04:00:00+00:00\",\"dateModified\":\"2019-05-20T18:33:06+00:00\",\"mainEntityOfPage\":{\"@id\":\"https:\/\/explora.cl\/biobio\/biobio-y-nuble-dieron-el-vamos-a-las-actividades-y-tema-del-ano-explora\/\"},\"wordCount\":490,\"commentCount\":0,\"image\":{\"@id\":\"https:\/\/explora.cl\/biobio\/biobio-y-nuble-dieron-el-vamos-a-las-actividades-y-tema-del-ano-explora\/#primaryimage\"},\"thumbnailUrl\":\"https:\/\/explora.cl\/biobio\/wp-content\/uploads\/sites\/14\/2018\/06\/c929067de21be8fedfb318890aed424d.jpg\",\"articleSection\":[\"Noticias\"],\"inLanguage\":\"es-CL\",\"potentialAction\":[{\"@type\":\"CommentAction\",\"name\":\"Comment\",\"target\":[\"https:\/\/explora.cl\/biobio\/biobio-y-nuble-dieron-el-vamos-a-las-actividades-y-tema-del-ano-explora\/#respond\"]}]},{\"@type\":\"WebPage\",\"@id\":\"https:\/\/explora.cl\/biobio\/biobio-y-nuble-dieron-el-vamos-a-las-actividades-y-tema-del-ano-explora\/\",\"url\":\"https:\/\/explora.cl\/biobio\/biobio-y-nuble-dieron-el-vamos-a-las-actividades-y-tema-del-ano-explora\/\",\"name\":\"Biob\u00edo y \u00d1uble dieron el vamos a las actividades y tema del a\u00f1o EXPLORA - Biob\u00edo\",\"isPartOf\":{\"@id\":\"https:\/\/explora.cl\/biobio\/#website\"},\"primaryImageOfPage\":{\"@id\":\"https:\/\/explora.cl\/biobio\/biobio-y-nuble-dieron-el-vamos-a-las-actividades-y-tema-del-ano-explora\/#primaryimage\"},\"image\":{\"@id\":\"https:\/\/explora.cl\/biobio\/biobio-y-nuble-dieron-el-vamos-a-las-actividades-y-tema-del-ano-explora\/#primaryimage\"},\"thumbnailUrl\":\"https:\/\/explora.cl\/biobio\/wp-content\/uploads\/sites\/14\/2018\/06\/c929067de21be8fedfb318890aed424d.jpg\",\"datePublished\":\"2015-06-01T04:00:00+00:00\",\"dateModified\":\"2019-05-20T18:33:06+00:00\",\"author\":{\"@id\":\"https:\/\/explora.cl\/biobio\/#\/schema\/person\/cb8349c13ea2d324080adf8480d7ba5d\"},\"breadcrumb\":{\"@id\":\"https:\/\/explora.cl\/biobio\/biobio-y-nuble-dieron-el-vamos-a-las-actividades-y-tema-del-ano-explora\/#breadcrumb\"},\"inLanguage\":\"es-CL\",\"potentialAction\":[{\"@type\":\"ReadAction\",\"target\":[\"https:\/\/explora.cl\/biobio\/biobio-y-nuble-dieron-el-vamos-a-las-actividades-y-tema-del-ano-explora\/\"]}]},{\"@type\":\"ImageObject\",\"inLanguage\":\"es-CL\",\"@id\":\"https:\/\/explora.cl\/biobio\/biobio-y-nuble-dieron-el-vamos-a-las-actividades-y-tema-del-ano-explora\/#primaryimage\",\"url\":\"https:\/\/explora.cl\/biobio\/wp-content\/uploads\/sites\/14\/2018\/06\/c929067de21be8fedfb318890aed424d.jpg\",\"contentUrl\":\"https:\/\/explora.cl\/biobio\/wp-content\/uploads\/sites\/14\/2018\/06\/c929067de21be8fedfb318890aed424d.jpg\",\"width\":4272,\"height\":2848},{\"@type\":\"BreadcrumbList\",\"@id\":\"https:\/\/explora.cl\/biobio\/biobio-y-nuble-dieron-el-vamos-a-las-actividades-y-tema-del-ano-explora\/#breadcrumb\",\"itemListElement\":[{\"@type\":\"ListItem\",\"position\":1,\"name\":\"Portada\",\"item\":\"https:\/\/explora.cl\/biobio\/\"},{\"@type\":\"ListItem\",\"position\":2,\"name\":\"Biob\u00edo y \u00d1uble dieron el vamos a las actividades y tema del a\u00f1o EXPLORA\"}]},{\"@type\":\"WebSite\",\"@id\":\"https:\/\/explora.cl\/biobio\/#website\",\"url\":\"https:\/\/explora.cl\/biobio\/\",\"name\":\"Biob\u00edo\",\"description\":\"Otro sitio m\u00e1s de explora.cl\",\"potentialAction\":[{\"@type\":\"SearchAction\",\"target\":{\"@type\":\"EntryPoint\",\"urlTemplate\":\"https:\/\/explora.cl\/biobio\/?s={search_term_string}\"},\"query-input\":{\"@type\":\"PropertyValueSpecification\",\"valueRequired\":true,\"valueName\":\"search_term_string\"}}],\"inLanguage\":\"es-CL\"},{\"@type\":\"Person\",\"@id\":\"https:\/\/explora.cl\/biobio\/#\/schema\/person\/cb8349c13ea2d324080adf8480d7ba5d\",\"name\":\"webman\",\"image\":{\"@type\":\"ImageObject\",\"inLanguage\":\"es-CL\",\"@id\":\"https:\/\/explora.cl\/biobio\/#\/schema\/person\/image\/\",\"url\":\"https:\/\/secure.gravatar.com\/avatar\/eeff3c82f2c02f7177d13663b7e6f890e9a6a0647ce9bb29cae02dcb094c7312?s=96&d=mm&r=g\",\"contentUrl\":\"https:\/\/secure.gravatar.com\/avatar\/eeff3c82f2c02f7177d13663b7e6f890e9a6a0647ce9bb29cae02dcb094c7312?s=96&d=mm&r=g\",\"caption\":\"webman\"},\"url\":\"https:\/\/explora.cl\/biobio\/author\/webman\/\"}]}<\/script>\n<!-- \/ Yoast SEO plugin. -->","yoast_head_json":{"title":"Biob\u00edo y \u00d1uble dieron el vamos a las actividades y tema del a\u00f1o EXPLORA - Biob\u00edo","robots":{"index":"index","follow":"follow","max-snippet":"max-snippet:-1","max-image-preview":"max-image-preview:large","max-video-preview":"max-video-preview:-1"},"canonical":"https:\/\/explora.cl\/biobio\/biobio-y-nuble-dieron-el-vamos-a-las-actividades-y-tema-del-ano-explora\/","og_locale":"es_ES","og_type":"article","og_title":"Biob\u00edo y \u00d1uble dieron el vamos a las actividades y tema del a\u00f1o EXPLORA - Biob\u00edo","og_description":"Yungay y Antuco fueron las comunas elegidas para realizar los lanzamientos provinciales de las actividades del Proyecto Asociativo Regional (PAR) EXPLORA Biob\u00edo, as\u00ed como del tema del a\u00f1o dedicado a la luz, Conocer Ilumina. En ambas actividades, se demostr\u00f3 el compromiso de sus coordinadores y DAEM\/DEM, organizando jornadas impecables para la comunidad estudiantil.\u00a0 \u00a0 El [&hellip;]","og_url":"https:\/\/explora.cl\/biobio\/biobio-y-nuble-dieron-el-vamos-a-las-actividades-y-tema-del-ano-explora\/","og_site_name":"Biob\u00edo","article_published_time":"2015-06-01T04:00:00+00:00","article_modified_time":"2019-05-20T18:33:06+00:00","og_image":[{"width":1024,"height":683,"url":"https:\/\/explora.cl\/biobio\/wp-content\/uploads\/sites\/14\/2018\/06\/c929067de21be8fedfb318890aed424d-1024x683.jpg","type":"image\/jpeg"}],"author":"webman","twitter_card":"summary_large_image","twitter_misc":{"Escrito por":"webman","Tiempo estimado de lectura":"2 minutos"},"schema":{"@context":"https:\/\/schema.org","@graph":[{"@type":"Article","@id":"https:\/\/explora.cl\/biobio\/biobio-y-nuble-dieron-el-vamos-a-las-actividades-y-tema-del-ano-explora\/#article","isPartOf":{"@id":"https:\/\/explora.cl\/biobio\/biobio-y-nuble-dieron-el-vamos-a-las-actividades-y-tema-del-ano-explora\/"},"author":{"name":"webman","@id":"https:\/\/explora.cl\/biobio\/#\/schema\/person\/cb8349c13ea2d324080adf8480d7ba5d"},"headline":"Biob\u00edo y \u00d1uble dieron el vamos a las actividades y tema del a\u00f1o EXPLORA","datePublished":"2015-06-01T04:00:00+00:00","dateModified":"2019-05-20T18:33:06+00:00","mainEntityOfPage":{"@id":"https:\/\/explora.cl\/biobio\/biobio-y-nuble-dieron-el-vamos-a-las-actividades-y-tema-del-ano-explora\/"},"wordCount":490,"commentCount":0,"image":{"@id":"https:\/\/explora.cl\/biobio\/biobio-y-nuble-dieron-el-vamos-a-las-actividades-y-tema-del-ano-explora\/#primaryimage"},"thumbnailUrl":"https:\/\/explora.cl\/biobio\/wp-content\/uploads\/sites\/14\/2018\/06\/c929067de21be8fedfb318890aed424d.jpg","articleSection":["Noticias"],"inLanguage":"es-CL","potentialAction":[{"@type":"CommentAction","name":"Comment","target":["https:\/\/explora.cl\/biobio\/biobio-y-nuble-dieron-el-vamos-a-las-actividades-y-tema-del-ano-explora\/#respond"]}]},{"@type":"WebPage","@id":"https:\/\/explora.cl\/biobio\/biobio-y-nuble-dieron-el-vamos-a-las-actividades-y-tema-del-ano-explora\/","url":"https:\/\/explora.cl\/biobio\/biobio-y-nuble-dieron-el-vamos-a-las-actividades-y-tema-del-ano-explora\/","name":"Biob\u00edo y \u00d1uble dieron el vamos a las actividades y tema del a\u00f1o EXPLORA - Biob\u00edo","isPartOf":{"@id":"https:\/\/explora.cl\/biobio\/#website"},"primaryImageOfPage":{"@id":"https:\/\/explora.cl\/biobio\/biobio-y-nuble-dieron-el-vamos-a-las-actividades-y-tema-del-ano-explora\/#primaryimage"},"image":{"@id":"https:\/\/explora.cl\/biobio\/biobio-y-nuble-dieron-el-vamos-a-las-actividades-y-tema-del-ano-explora\/#primaryimage"},"thumbnailUrl":"https:\/\/explora.cl\/biobio\/wp-content\/uploads\/sites\/14\/2018\/06\/c929067de21be8fedfb318890aed424d.jpg","datePublished":"2015-06-01T04:00:00+00:00","dateModified":"2019-05-20T18:33:06+00:00","author":{"@id":"https:\/\/explora.cl\/biobio\/#\/schema\/person\/cb8349c13ea2d324080adf8480d7ba5d"},"breadcrumb":{"@id":"https:\/\/explora.cl\/biobio\/biobio-y-nuble-dieron-el-vamos-a-las-actividades-y-tema-del-ano-explora\/#breadcrumb"},"inLanguage":"es-CL","potentialAction":[{"@type":"ReadAction","target":["https:\/\/explora.cl\/biobio\/biobio-y-nuble-dieron-el-vamos-a-las-actividades-y-tema-del-ano-explora\/"]}]},{"@type":"ImageObject","inLanguage":"es-CL","@id":"https:\/\/explora.cl\/biobio\/biobio-y-nuble-dieron-el-vamos-a-las-actividades-y-tema-del-ano-explora\/#primaryimage","url":"https:\/\/explora.cl\/biobio\/wp-content\/uploads\/sites\/14\/2018\/06\/c929067de21be8fedfb318890aed424d.jpg","contentUrl":"https:\/\/explora.cl\/biobio\/wp-content\/uploads\/sites\/14\/2018\/06\/c929067de21be8fedfb318890aed424d.jpg","width":4272,"height":2848},{"@type":"BreadcrumbList","@id":"https:\/\/explora.cl\/biobio\/biobio-y-nuble-dieron-el-vamos-a-las-actividades-y-tema-del-ano-explora\/#breadcrumb","itemListElement":[{"@type":"ListItem","position":1,"name":"Portada","item":"https:\/\/explora.cl\/biobio\/"},{"@type":"ListItem","position":2,"name":"Biob\u00edo y \u00d1uble dieron el vamos a las actividades y tema del a\u00f1o EXPLORA"}]},{"@type":"WebSite","@id":"https:\/\/explora.cl\/biobio\/#website","url":"https:\/\/explora.cl\/biobio\/","name":"Biob\u00edo","description":"Otro sitio m\u00e1s de explora.cl","potentialAction":[{"@type":"SearchAction","target":{"@type":"EntryPoint","urlTemplate":"https:\/\/explora.cl\/biobio\/?s={search_term_string}"},"query-input":{"@type":"PropertyValueSpecification","valueRequired":true,"valueName":"search_term_string"}}],"inLanguage":"es-CL"},{"@type":"Person","@id":"https:\/\/explora.cl\/biobio\/#\/schema\/person\/cb8349c13ea2d324080adf8480d7ba5d","name":"webman","image":{"@type":"ImageObject","inLanguage":"es-CL","@id":"https:\/\/explora.cl\/biobio\/#\/schema\/person\/image\/","url":"https:\/\/secure.gravatar.com\/avatar\/eeff3c82f2c02f7177d13663b7e6f890e9a6a0647ce9bb29cae02dcb094c7312?s=96&d=mm&r=g","contentUrl":"https:\/\/secure.gravatar.com\/avatar\/eeff3c82f2c02f7177d13663b7e6f890e9a6a0647ce9bb29cae02dcb094c7312?s=96&d=mm&r=g","caption":"webman"},"url":"https:\/\/explora.cl\/biobio\/author\/webman\/"}]}},"_links":{"self":[{"href":"https:\/\/explora.cl\/biobio\/wp-json\/wp\/v2\/posts\/712","targetHints":{"allow":["GET"]}}],"collection":[{"href":"https:\/\/explora.cl\/biobio\/wp-json\/wp\/v2\/posts"}],"about":[{"href":"https:\/\/explora.cl\/biobio\/wp-json\/wp\/v2\/types\/post"}],"author":[{"embeddable":true,"href":"https:\/\/explora.cl\/biobio\/wp-json\/wp\/v2\/users\/2"}],"replies":[{"embeddable":true,"href":"https:\/\/explora.cl\/biobio\/wp-json\/wp\/v2\/comments?post=712"}],"version-history":[{"count":1,"href":"https:\/\/explora.cl\/biobio\/wp-json\/wp\/v2\/posts\/712\/revisions"}],"predecessor-version":[{"id":37908,"href":"https:\/\/explora.cl\/biobio\/wp-json\/wp\/v2\/posts\/712\/revisions\/37908"}],"wp:featuredmedia":[{"embeddable":true,"href":"https:\/\/explora.cl\/biobio\/wp-json\/wp\/v2\/media\/713"}],"wp:attachment":[{"href":"https:\/\/explora.cl\/biobio\/wp-json\/wp\/v2\/media?parent=712"}],"wp:term":[{"taxonomy":"category","embeddable":true,"href":"https:\/\/explora.cl\/biobio\/wp-json\/wp\/v2\/categories?post=712"},{"taxonomy":"post_tag","embeddable":true,"href":"https:\/\/explora.cl\/biobio\/wp-json\/wp\/v2\/tags?post=712"}],"curies":[{"name":"wp","href":"https:\/\/api.w.org\/{rel}","templated":true}]}}