{"id":710,"date":"2015-06-01T00:00:00","date_gmt":"2015-06-01T04:00:00","guid":{"rendered":"https:\/\/explora.cl\/biobio\/blog\/2015\/06\/01\/servicio-meteorologico-de-la-armada-esta-de-aniversario\/"},"modified":"2019-05-20T18:33:06","modified_gmt":"2019-05-20T18:33:06","slug":"servicio-meteorologico-de-la-armada-esta-de-aniversario","status":"publish","type":"post","link":"https:\/\/explora.cl\/biobio\/servicio-meteorologico-de-la-armada-esta-de-aniversario\/","title":{"rendered":"Servicio Meteorol\u00f3gico de la Armada cumple medio siglo de vida"},"content":{"rendered":"<p><img fetchpriority=\"high\" decoding=\"async\" class=\" size-full wp-image-11498\" src=\"http:\/\/ec2-34-218-253-251.us-west-2.compute.amazonaws.com\/wp-content\/uploads\/2015\/06\/8d26dba169645749d8097f7d2b4cc197.jpg\" alt=\"\" width=\"3160\" height=\"2370\" \/><\/p>\n<div style=\"text-align: justify\">Por Decreto de la Comandancia en Jefe de la Armada N\u00ba 6030\/1 del 1 de junio de 1964, se cre\u00f3 el Servicio Meteorol\u00f3gico de la Armada de Chile (SMA), cumpli\u00e9ndose hoy 51 a\u00f1os de tal evento. Su quehacer est\u00e1 orientado hacia el \u00e1mbito marino, lo que incluye navegaci\u00f3n comercial, pesca artesanal, actividades deportivas, cient\u00edficas etc, lo que se materializa en pron\u00f3sticos diarios, avisos de mal tiempo, en idioma espa\u00f1ol e ingl\u00e9s y emisi\u00f3n de cartas meteorol\u00f3gicas, hielo marino \u00a0v\u00eda Internet y radiofacs\u00edmil.\u00a0<\/div>\n<div style=\"text-align: justify\">\u00a0<\/div>\n<div style=\"text-align: justify\">Lo anteriormente mencionado se encuentra incorporado como emisiones regulares en el contexto de compromisos internacionales adquiridos ante la organizaci\u00f3n Meteorol\u00f3gica Mundial (WMO) para la vigilancia meteorol\u00f3gica del Pac\u00edfico Suroriental, (Metarea XV) como apoyo al resguardo de la vida humana en el mar. Asimismo, se suma la incorporaci\u00f3n de nuevas tecnolog\u00edas, en las que destaca el modelamiento num\u00e9rico de olas, viento y meteogramas, que permiten prever condiciones meteorol\u00f3gicas a mayor plazo y con m\u00e1s facilidad para los usuarios.<\/div>\n<div style=\"text-align: justify\">\u00a0<\/div>\n<div style=\"text-align: justify\">En este \u00faltimo tiempo, el SMA ha realizado un esfuerzo por promover el conocimiento meteorol\u00f3gico entre la comunidad. Tanto as\u00ed, que durante el a\u00f1o pasado se trabaj\u00f3 con tres liceos de las zonas costeras de Cobquecura, Tir\u00faa y Corral. A los establecimientos se les entreg\u00f3 material instrumental y fueron los mismos estudiantes, los encargados de observar las condiciones de visibilidad, viento, temperatura y estado del mar.\u00a0<\/div>\n<div style=\"text-align: justify\">\u00a0<\/div>\n<div style=\"text-align: justify\">Debido al \u00e9xito de la iniciativa, este a\u00f1o 2015, con el apoyo del PAR EXPLORA Biob\u00edo, la Seremi de Educaci\u00f3n de la Regi\u00f3n del Biob\u00edo y el Departamento de Geof\u00edsica UdeC, el SMA desea aumentar la cantidad de liceos y escuelas de zonas costeras que participen en este proyecto, ya que contar con una peque\u00f1a estaci\u00f3n meteorol\u00f3gica en los establecimientos permitir\u00eda a los estudiantes complementar, en la pr\u00e1ctica, \u00e1reas como matem\u00e1ticas, estad\u00edsticas, entre otros.\u00a0<\/div>\n<div style=\"text-align: justify\">\u00a0<\/div>\n<div style=\"text-align: justify\">Adem\u00e1s, en los pr\u00f3ximos meses, se capacitar\u00e1 a estudiantes como observadores Mercalli, as\u00ed los ni\u00f1os y ni\u00f1as se convertir\u00edan en potenciales observadores de su entorno y podr\u00e1n generar informaci\u00f3n de suma importancia a nivel nacional e internacional.<\/div>\n<div>\u00a0<\/div>\n","protected":false},"excerpt":{"rendered":"<p>Por Decreto de la Comandancia en Jefe de la Armada N\u00ba 6030\/1 del 1 de junio de 1964, se cre\u00f3 el Servicio Meteorol\u00f3gico de la Armada de Chile (SMA), cumpli\u00e9ndose hoy 51 a\u00f1os de tal evento. Su quehacer est\u00e1 orientado hacia el \u00e1mbito marino, lo que incluye navegaci\u00f3n comercial, pesca artesanal, actividades deportivas, cient\u00edficas etc, [&hellip;]<\/p>\n","protected":false},"author":2,"featured_media":711,"comment_status":"open","ping_status":"open","sticky":false,"template":"","format":"standard","meta":{"_acf_changed":false,"_exactmetrics_skip_tracking":false,"_exactmetrics_sitenote_active":false,"_exactmetrics_sitenote_note":"","_exactmetrics_sitenote_category":0,"footnotes":"","_links_to":"","_links_to_target":""},"categories":[4],"tags":[],"class_list":["post-710","post","type-post","status-publish","format-standard","has-post-thumbnail","hentry","category-noticias"],"acf":[],"yoast_head":"<!-- This site is optimized with the Yoast SEO plugin v26.9 - https:\/\/yoast.com\/product\/yoast-seo-wordpress\/ -->\n<title>Servicio Meteorol\u00f3gico de la Armada cumple medio siglo de vida - Biob\u00edo<\/title>\n<meta name=\"robots\" content=\"index, follow, max-snippet:-1, max-image-preview:large, max-video-preview:-1\" \/>\n<link rel=\"canonical\" href=\"https:\/\/explora.cl\/biobio\/servicio-meteorologico-de-la-armada-esta-de-aniversario\/\" class=\"yoast-seo-meta-tag\" \/>\n<meta property=\"og:locale\" content=\"es_ES\" class=\"yoast-seo-meta-tag\" \/>\n<meta property=\"og:type\" content=\"article\" class=\"yoast-seo-meta-tag\" \/>\n<meta property=\"og:title\" content=\"Servicio Meteorol\u00f3gico de la Armada cumple medio siglo de vida - Biob\u00edo\" class=\"yoast-seo-meta-tag\" \/>\n<meta property=\"og:description\" content=\"Por Decreto de la Comandancia en Jefe de la Armada N\u00ba 6030\/1 del 1 de junio de 1964, se cre\u00f3 el Servicio Meteorol\u00f3gico de la Armada de Chile (SMA), cumpli\u00e9ndose hoy 51 a\u00f1os de tal evento. Su quehacer est\u00e1 orientado hacia el \u00e1mbito marino, lo que incluye navegaci\u00f3n comercial, pesca artesanal, actividades deportivas, cient\u00edficas etc, [&hellip;]\" class=\"yoast-seo-meta-tag\" \/>\n<meta property=\"og:url\" content=\"https:\/\/explora.cl\/biobio\/servicio-meteorologico-de-la-armada-esta-de-aniversario\/\" class=\"yoast-seo-meta-tag\" \/>\n<meta property=\"og:site_name\" content=\"Biob\u00edo\" class=\"yoast-seo-meta-tag\" \/>\n<meta property=\"article:published_time\" content=\"2015-06-01T04:00:00+00:00\" class=\"yoast-seo-meta-tag\" \/>\n<meta property=\"article:modified_time\" content=\"2019-05-20T18:33:06+00:00\" class=\"yoast-seo-meta-tag\" \/>\n<meta property=\"og:image\" content=\"https:\/\/explora.cl\/biobio\/wp-content\/uploads\/sites\/14\/2018\/06\/8d26dba169645749d8097f7d2b4cc197.jpg\" class=\"yoast-seo-meta-tag\" \/>\n\t<meta property=\"og:image:width\" content=\"3160\" class=\"yoast-seo-meta-tag\" \/>\n\t<meta property=\"og:image:height\" content=\"2370\" class=\"yoast-seo-meta-tag\" \/>\n\t<meta property=\"og:image:type\" content=\"image\/jpeg\" class=\"yoast-seo-meta-tag\" \/>\n<meta name=\"author\" content=\"webman\" class=\"yoast-seo-meta-tag\" \/>\n<meta name=\"twitter:card\" content=\"summary_large_image\" class=\"yoast-seo-meta-tag\" \/>\n<meta name=\"twitter:label1\" content=\"Escrito por\" class=\"yoast-seo-meta-tag\" \/>\n\t<meta name=\"twitter:data1\" content=\"webman\" class=\"yoast-seo-meta-tag\" \/>\n\t<meta name=\"twitter:label2\" content=\"Tiempo estimado de lectura\" class=\"yoast-seo-meta-tag\" \/>\n\t<meta name=\"twitter:data2\" content=\"2 minutos\" class=\"yoast-seo-meta-tag\" \/>\n<script type=\"application\/ld+json\" class=\"yoast-schema-graph\">{\"@context\":\"https:\/\/schema.org\",\"@graph\":[{\"@type\":\"Article\",\"@id\":\"https:\/\/explora.cl\/biobio\/servicio-meteorologico-de-la-armada-esta-de-aniversario\/#article\",\"isPartOf\":{\"@id\":\"https:\/\/explora.cl\/biobio\/servicio-meteorologico-de-la-armada-esta-de-aniversario\/\"},\"author\":{\"name\":\"webman\",\"@id\":\"https:\/\/explora.cl\/biobio\/#\/schema\/person\/cb8349c13ea2d324080adf8480d7ba5d\"},\"headline\":\"Servicio Meteorol\u00f3gico de la Armada cumple medio siglo de vida\",\"datePublished\":\"2015-06-01T04:00:00+00:00\",\"dateModified\":\"2019-05-20T18:33:06+00:00\",\"mainEntityOfPage\":{\"@id\":\"https:\/\/explora.cl\/biobio\/servicio-meteorologico-de-la-armada-esta-de-aniversario\/\"},\"wordCount\":386,\"commentCount\":0,\"image\":{\"@id\":\"https:\/\/explora.cl\/biobio\/servicio-meteorologico-de-la-armada-esta-de-aniversario\/#primaryimage\"},\"thumbnailUrl\":\"https:\/\/explora.cl\/biobio\/wp-content\/uploads\/sites\/14\/2018\/06\/8d26dba169645749d8097f7d2b4cc197.jpg\",\"articleSection\":[\"Noticias\"],\"inLanguage\":\"es-CL\",\"potentialAction\":[{\"@type\":\"CommentAction\",\"name\":\"Comment\",\"target\":[\"https:\/\/explora.cl\/biobio\/servicio-meteorologico-de-la-armada-esta-de-aniversario\/#respond\"]}]},{\"@type\":\"WebPage\",\"@id\":\"https:\/\/explora.cl\/biobio\/servicio-meteorologico-de-la-armada-esta-de-aniversario\/\",\"url\":\"https:\/\/explora.cl\/biobio\/servicio-meteorologico-de-la-armada-esta-de-aniversario\/\",\"name\":\"Servicio Meteorol\u00f3gico de la Armada cumple medio siglo de vida - Biob\u00edo\",\"isPartOf\":{\"@id\":\"https:\/\/explora.cl\/biobio\/#website\"},\"primaryImageOfPage\":{\"@id\":\"https:\/\/explora.cl\/biobio\/servicio-meteorologico-de-la-armada-esta-de-aniversario\/#primaryimage\"},\"image\":{\"@id\":\"https:\/\/explora.cl\/biobio\/servicio-meteorologico-de-la-armada-esta-de-aniversario\/#primaryimage\"},\"thumbnailUrl\":\"https:\/\/explora.cl\/biobio\/wp-content\/uploads\/sites\/14\/2018\/06\/8d26dba169645749d8097f7d2b4cc197.jpg\",\"datePublished\":\"2015-06-01T04:00:00+00:00\",\"dateModified\":\"2019-05-20T18:33:06+00:00\",\"author\":{\"@id\":\"https:\/\/explora.cl\/biobio\/#\/schema\/person\/cb8349c13ea2d324080adf8480d7ba5d\"},\"breadcrumb\":{\"@id\":\"https:\/\/explora.cl\/biobio\/servicio-meteorologico-de-la-armada-esta-de-aniversario\/#breadcrumb\"},\"inLanguage\":\"es-CL\",\"potentialAction\":[{\"@type\":\"ReadAction\",\"target\":[\"https:\/\/explora.cl\/biobio\/servicio-meteorologico-de-la-armada-esta-de-aniversario\/\"]}]},{\"@type\":\"ImageObject\",\"inLanguage\":\"es-CL\",\"@id\":\"https:\/\/explora.cl\/biobio\/servicio-meteorologico-de-la-armada-esta-de-aniversario\/#primaryimage\",\"url\":\"https:\/\/explora.cl\/biobio\/wp-content\/uploads\/sites\/14\/2018\/06\/8d26dba169645749d8097f7d2b4cc197.jpg\",\"contentUrl\":\"https:\/\/explora.cl\/biobio\/wp-content\/uploads\/sites\/14\/2018\/06\/8d26dba169645749d8097f7d2b4cc197.jpg\",\"width\":3160,\"height\":2370},{\"@type\":\"BreadcrumbList\",\"@id\":\"https:\/\/explora.cl\/biobio\/servicio-meteorologico-de-la-armada-esta-de-aniversario\/#breadcrumb\",\"itemListElement\":[{\"@type\":\"ListItem\",\"position\":1,\"name\":\"Portada\",\"item\":\"https:\/\/explora.cl\/biobio\/\"},{\"@type\":\"ListItem\",\"position\":2,\"name\":\"Servicio Meteorol\u00f3gico de la Armada cumple medio siglo de vida\"}]},{\"@type\":\"WebSite\",\"@id\":\"https:\/\/explora.cl\/biobio\/#website\",\"url\":\"https:\/\/explora.cl\/biobio\/\",\"name\":\"Biob\u00edo\",\"description\":\"Otro sitio m\u00e1s de explora.cl\",\"potentialAction\":[{\"@type\":\"SearchAction\",\"target\":{\"@type\":\"EntryPoint\",\"urlTemplate\":\"https:\/\/explora.cl\/biobio\/?s={search_term_string}\"},\"query-input\":{\"@type\":\"PropertyValueSpecification\",\"valueRequired\":true,\"valueName\":\"search_term_string\"}}],\"inLanguage\":\"es-CL\"},{\"@type\":\"Person\",\"@id\":\"https:\/\/explora.cl\/biobio\/#\/schema\/person\/cb8349c13ea2d324080adf8480d7ba5d\",\"name\":\"webman\",\"image\":{\"@type\":\"ImageObject\",\"inLanguage\":\"es-CL\",\"@id\":\"https:\/\/explora.cl\/biobio\/#\/schema\/person\/image\/\",\"url\":\"https:\/\/secure.gravatar.com\/avatar\/eeff3c82f2c02f7177d13663b7e6f890e9a6a0647ce9bb29cae02dcb094c7312?s=96&d=mm&r=g\",\"contentUrl\":\"https:\/\/secure.gravatar.com\/avatar\/eeff3c82f2c02f7177d13663b7e6f890e9a6a0647ce9bb29cae02dcb094c7312?s=96&d=mm&r=g\",\"caption\":\"webman\"},\"url\":\"https:\/\/explora.cl\/biobio\/author\/webman\/\"}]}<\/script>\n<!-- \/ Yoast SEO plugin. -->","yoast_head_json":{"title":"Servicio Meteorol\u00f3gico de la Armada cumple medio siglo de vida - Biob\u00edo","robots":{"index":"index","follow":"follow","max-snippet":"max-snippet:-1","max-image-preview":"max-image-preview:large","max-video-preview":"max-video-preview:-1"},"canonical":"https:\/\/explora.cl\/biobio\/servicio-meteorologico-de-la-armada-esta-de-aniversario\/","og_locale":"es_ES","og_type":"article","og_title":"Servicio Meteorol\u00f3gico de la Armada cumple medio siglo de vida - Biob\u00edo","og_description":"Por Decreto de la Comandancia en Jefe de la Armada N\u00ba 6030\/1 del 1 de junio de 1964, se cre\u00f3 el Servicio Meteorol\u00f3gico de la Armada de Chile (SMA), cumpli\u00e9ndose hoy 51 a\u00f1os de tal evento. Su quehacer est\u00e1 orientado hacia el \u00e1mbito marino, lo que incluye navegaci\u00f3n comercial, pesca artesanal, actividades deportivas, cient\u00edficas etc, [&hellip;]","og_url":"https:\/\/explora.cl\/biobio\/servicio-meteorologico-de-la-armada-esta-de-aniversario\/","og_site_name":"Biob\u00edo","article_published_time":"2015-06-01T04:00:00+00:00","article_modified_time":"2019-05-20T18:33:06+00:00","og_image":[{"width":3160,"height":2370,"url":"https:\/\/explora.cl\/biobio\/wp-content\/uploads\/sites\/14\/2018\/06\/8d26dba169645749d8097f7d2b4cc197.jpg","type":"image\/jpeg"}],"author":"webman","twitter_card":"summary_large_image","twitter_misc":{"Escrito por":"webman","Tiempo estimado de lectura":"2 minutos"},"schema":{"@context":"https:\/\/schema.org","@graph":[{"@type":"Article","@id":"https:\/\/explora.cl\/biobio\/servicio-meteorologico-de-la-armada-esta-de-aniversario\/#article","isPartOf":{"@id":"https:\/\/explora.cl\/biobio\/servicio-meteorologico-de-la-armada-esta-de-aniversario\/"},"author":{"name":"webman","@id":"https:\/\/explora.cl\/biobio\/#\/schema\/person\/cb8349c13ea2d324080adf8480d7ba5d"},"headline":"Servicio Meteorol\u00f3gico de la Armada cumple medio siglo de vida","datePublished":"2015-06-01T04:00:00+00:00","dateModified":"2019-05-20T18:33:06+00:00","mainEntityOfPage":{"@id":"https:\/\/explora.cl\/biobio\/servicio-meteorologico-de-la-armada-esta-de-aniversario\/"},"wordCount":386,"commentCount":0,"image":{"@id":"https:\/\/explora.cl\/biobio\/servicio-meteorologico-de-la-armada-esta-de-aniversario\/#primaryimage"},"thumbnailUrl":"https:\/\/explora.cl\/biobio\/wp-content\/uploads\/sites\/14\/2018\/06\/8d26dba169645749d8097f7d2b4cc197.jpg","articleSection":["Noticias"],"inLanguage":"es-CL","potentialAction":[{"@type":"CommentAction","name":"Comment","target":["https:\/\/explora.cl\/biobio\/servicio-meteorologico-de-la-armada-esta-de-aniversario\/#respond"]}]},{"@type":"WebPage","@id":"https:\/\/explora.cl\/biobio\/servicio-meteorologico-de-la-armada-esta-de-aniversario\/","url":"https:\/\/explora.cl\/biobio\/servicio-meteorologico-de-la-armada-esta-de-aniversario\/","name":"Servicio Meteorol\u00f3gico de la Armada cumple medio siglo de vida - Biob\u00edo","isPartOf":{"@id":"https:\/\/explora.cl\/biobio\/#website"},"primaryImageOfPage":{"@id":"https:\/\/explora.cl\/biobio\/servicio-meteorologico-de-la-armada-esta-de-aniversario\/#primaryimage"},"image":{"@id":"https:\/\/explora.cl\/biobio\/servicio-meteorologico-de-la-armada-esta-de-aniversario\/#primaryimage"},"thumbnailUrl":"https:\/\/explora.cl\/biobio\/wp-content\/uploads\/sites\/14\/2018\/06\/8d26dba169645749d8097f7d2b4cc197.jpg","datePublished":"2015-06-01T04:00:00+00:00","dateModified":"2019-05-20T18:33:06+00:00","author":{"@id":"https:\/\/explora.cl\/biobio\/#\/schema\/person\/cb8349c13ea2d324080adf8480d7ba5d"},"breadcrumb":{"@id":"https:\/\/explora.cl\/biobio\/servicio-meteorologico-de-la-armada-esta-de-aniversario\/#breadcrumb"},"inLanguage":"es-CL","potentialAction":[{"@type":"ReadAction","target":["https:\/\/explora.cl\/biobio\/servicio-meteorologico-de-la-armada-esta-de-aniversario\/"]}]},{"@type":"ImageObject","inLanguage":"es-CL","@id":"https:\/\/explora.cl\/biobio\/servicio-meteorologico-de-la-armada-esta-de-aniversario\/#primaryimage","url":"https:\/\/explora.cl\/biobio\/wp-content\/uploads\/sites\/14\/2018\/06\/8d26dba169645749d8097f7d2b4cc197.jpg","contentUrl":"https:\/\/explora.cl\/biobio\/wp-content\/uploads\/sites\/14\/2018\/06\/8d26dba169645749d8097f7d2b4cc197.jpg","width":3160,"height":2370},{"@type":"BreadcrumbList","@id":"https:\/\/explora.cl\/biobio\/servicio-meteorologico-de-la-armada-esta-de-aniversario\/#breadcrumb","itemListElement":[{"@type":"ListItem","position":1,"name":"Portada","item":"https:\/\/explora.cl\/biobio\/"},{"@type":"ListItem","position":2,"name":"Servicio Meteorol\u00f3gico de la Armada cumple medio siglo de vida"}]},{"@type":"WebSite","@id":"https:\/\/explora.cl\/biobio\/#website","url":"https:\/\/explora.cl\/biobio\/","name":"Biob\u00edo","description":"Otro sitio m\u00e1s de explora.cl","potentialAction":[{"@type":"SearchAction","target":{"@type":"EntryPoint","urlTemplate":"https:\/\/explora.cl\/biobio\/?s={search_term_string}"},"query-input":{"@type":"PropertyValueSpecification","valueRequired":true,"valueName":"search_term_string"}}],"inLanguage":"es-CL"},{"@type":"Person","@id":"https:\/\/explora.cl\/biobio\/#\/schema\/person\/cb8349c13ea2d324080adf8480d7ba5d","name":"webman","image":{"@type":"ImageObject","inLanguage":"es-CL","@id":"https:\/\/explora.cl\/biobio\/#\/schema\/person\/image\/","url":"https:\/\/secure.gravatar.com\/avatar\/eeff3c82f2c02f7177d13663b7e6f890e9a6a0647ce9bb29cae02dcb094c7312?s=96&d=mm&r=g","contentUrl":"https:\/\/secure.gravatar.com\/avatar\/eeff3c82f2c02f7177d13663b7e6f890e9a6a0647ce9bb29cae02dcb094c7312?s=96&d=mm&r=g","caption":"webman"},"url":"https:\/\/explora.cl\/biobio\/author\/webman\/"}]}},"_links":{"self":[{"href":"https:\/\/explora.cl\/biobio\/wp-json\/wp\/v2\/posts\/710","targetHints":{"allow":["GET"]}}],"collection":[{"href":"https:\/\/explora.cl\/biobio\/wp-json\/wp\/v2\/posts"}],"about":[{"href":"https:\/\/explora.cl\/biobio\/wp-json\/wp\/v2\/types\/post"}],"author":[{"embeddable":true,"href":"https:\/\/explora.cl\/biobio\/wp-json\/wp\/v2\/users\/2"}],"replies":[{"embeddable":true,"href":"https:\/\/explora.cl\/biobio\/wp-json\/wp\/v2\/comments?post=710"}],"version-history":[{"count":1,"href":"https:\/\/explora.cl\/biobio\/wp-json\/wp\/v2\/posts\/710\/revisions"}],"predecessor-version":[{"id":37907,"href":"https:\/\/explora.cl\/biobio\/wp-json\/wp\/v2\/posts\/710\/revisions\/37907"}],"wp:featuredmedia":[{"embeddable":true,"href":"https:\/\/explora.cl\/biobio\/wp-json\/wp\/v2\/media\/711"}],"wp:attachment":[{"href":"https:\/\/explora.cl\/biobio\/wp-json\/wp\/v2\/media?parent=710"}],"wp:term":[{"taxonomy":"category","embeddable":true,"href":"https:\/\/explora.cl\/biobio\/wp-json\/wp\/v2\/categories?post=710"},{"taxonomy":"post_tag","embeddable":true,"href":"https:\/\/explora.cl\/biobio\/wp-json\/wp\/v2\/tags?post=710"}],"curies":[{"name":"wp","href":"https:\/\/api.w.org\/{rel}","templated":true}]}}