{"id":702,"date":"2015-05-26T00:00:00","date_gmt":"2015-05-26T04:00:00","guid":{"rendered":"https:\/\/explora.cl\/biobio\/blog\/2015\/05\/26\/ciencias-forestales-udec-realizara-congreso-flora-nativa\/"},"modified":"2019-05-20T18:33:07","modified_gmt":"2019-05-20T18:33:07","slug":"ciencias-forestales-udec-realizara-congreso-flora-nativa","status":"publish","type":"post","link":"https:\/\/explora.cl\/biobio\/ciencias-forestales-udec-realizara-congreso-flora-nativa\/","title":{"rendered":"Ciencias Forestales UdeC realizar\u00e1 Congreso Flora Nativa"},"content":{"rendered":"<p><img fetchpriority=\"high\" decoding=\"async\" class=\" size-full wp-image-11314\" src=\"http:\/\/ec2-34-218-253-251.us-west-2.compute.amazonaws.com\/wp-content\/uploads\/2015\/05\/413fd1751d1dc4d7fa34dba0af98fdc4.jpg\" alt=\"\" width=\"1600\" height=\"1200\" \/><\/p>\n<div style=\"text-align: justify\">Entre el <span style=\"color: #003300\"><strong>14 y 17 de octubre<\/strong> <\/span>se realizar\u00e1 la 4ta versi\u00f3n del<strong><span style=\"color: #003300\"> Congreso Flora Nativa<\/span><\/strong>, organizado por cient\u00edficos de la Facultad de Ciencias Forestales de la Universidad Concepci\u00f3n. Su objetivo es visualizar el escenario actual del bosque y la flora nativa chilena en pro de la protecci\u00f3n de los recursos naturales, orientado espec\u00edficamente \u00a0al conocimiento, protecci\u00f3n y uso sustentable de \u00e9l.<\/div>\n<div style=\"text-align: justify\">\u00a0<\/div>\n<div style=\"text-align: justify\">Otras de las metas de esta versi\u00f3n, es fortalecer el v\u00ednculo y equilibrio entre conservaci\u00f3n y uso sustentable de los recursos fitogen\u00e9ticos, a trav\u00e9s del conocimiento de la flora nativa. Asimismo, se analizar\u00e1 la conservaci\u00f3n de la biodiversidad, servicios ecosist\u00e9micos y mitigaci\u00f3n ambiental; sanidad y protecci\u00f3n de recursos vegetales; paisajismo y educaci\u00f3n ambiental; domesticaci\u00f3n, mejoramiento gen\u00e9tico y biotecnolog\u00eda; fitoqu\u00edmica y bioprospecci\u00f3n; y emprendimiento y negocios en plantas nativas.<\/div>\n<div style=\"text-align: justify\">\u00a0<\/div>\n<div style=\"text-align: justify\">\u201cQueremos saber cu\u00e1n estudiado, manejado y manipulado est\u00e1 el bosque nativo, en instancias como \u00e9stas podemos visualizar cu\u00e1l es el trabajo que se est\u00e1 realizando en todo \u00e1mbito, lo que nos permitir\u00e1 darnos cuenta en qu\u00e9 escenario estamos, y cu\u00e1les son las necesidades inmediatas de investigaci\u00f3n\u201d, se\u00f1al\u00f3 la Dra. Darcy R\u00edos, Presidenta del Comit\u00e9 Organizador del Congreso de Flora Nativa.<\/div>\n<div style=\"text-align: justify\">\u00a0<\/div>\n<div style=\"text-align: justify\">En ese sentido, la Dra. R\u00edos se\u00f1al\u00f3 que este a\u00f1o se le dar\u00e1 una mayor connotaci\u00f3n al conocimiento, protecci\u00f3n y uso sustentable. Por otro lado, como el recurso del bosque nativo es transversal desde el trabajo de investigaci\u00f3n en ciencia b\u00e1sica y aplicada, hasta su uso en recreaci\u00f3n, el congreso est\u00e1 destinado a personas que se relacionen con ello en todo \u00e1mbito de trabajo, ya sea productores, particulares, estudiantes, j\u00f3venes cient\u00edficos, connotados investigadores, etc. \u201cMuchos de ellos utilizan este recurso desde labores cotidianas y recreativas, por lo tanto la flora nativa da para toda esa amplia gama de estudios\u201d, destac\u00f3.\u00a0<\/div>\n<div style=\"text-align: justify\">\u00a0<\/div>\n<div style=\"text-align: justify\">Los organizadores invitan a todas las personas que de alguna u otra forma est\u00e9n involucrados en el quehacer del bosque nativo o de la flora nativa a participar. La forma de hacerlo es a trav\u00e9s de presentaciones orales o poster, o simplemente como p\u00fablico. En el caso de los expositores, en alguno de los dos formatos, deben enviar su resumen hasta el 15 de junio a <span style=\"color: #003300\"><a href=\"mailto:infocongresoflora@udec.cl\"><span style=\"color: #003300\">infocongresoflora@udec.cl\u00a0<\/span><\/a><\/span><\/div>\n<div style=\"text-align: justify\">\u00a0<\/div>\n<div style=\"text-align: justify\"><span style=\"color: #003300\"><strong>Expositores connotados<\/strong><\/span><\/div>\n<div style=\"text-align: justify\">Entre los expositores de gran trayectoria que participar\u00e1n del congreso, destaca la Dra. <span style=\"color: #003300\"><strong>Sara Oldfield<\/strong><\/span>, bot\u00e1nica con m\u00e1s de 30 a\u00f1os de experiencia en la conservaci\u00f3n internacional de la biodiversidad, tambi\u00e9n el Dr. Roberto Rodr\u00edguez de la Facultad de Ciencias Naturales de la Universidad de Concepci\u00f3n, quien ha sido reconocido con diversos premios de ciencia y es autor de diversos libros de flora chilena.\u00a0<\/div>\n<div style=\"text-align: justify\">\u00a0<\/div>\n<div style=\"text-align: justify\">Por otro lado, estar\u00e1 presente la Dra. <strong><span style=\"color: #003300\">Mary Kalin Arroyo<\/span><\/strong>, directora del Instituto de Ecolog\u00eda y Biodiversidad y Premio Nacional de Ciencias Naturales 2010, quien se ha desempe\u00f1ado en la biolog\u00eda reproductiva de plantas, espec\u00edficamente en evoluci\u00f3n de sistemas reproductivos y polinizaci\u00f3n en los ecosistemas y g\u00e9neros de alta monta\u00f1a.\u00a0<\/div>\n<div style=\"text-align: justify\">\u00a0<\/div>\n<div style=\"text-align: justify\">Tambi\u00e9n, estar\u00e1 presente el Dr.<strong><span style=\"color: #003300\"> Wagner Bettiol<\/span><\/strong> de la Universidad Estatal Paulista de Brasil, e investigador de la Empresa Brasileira de Pesquisa Agropecu\u00e1ria (EMBRAPA), quien posee vasta experiencia en control biol\u00f3gico de enfermedades de plantas y supresividad de suelos mediante uso de materia org\u00e1nica.\u00a0<\/div>\n<div style=\"text-align: justify\">\u00a0<\/div>\n<div style=\"text-align: justify\">Por \u00faltimo, expondr\u00e1n los cient\u00edficos nacionales, Dra. <span style=\"color: #003300\"><strong>Cecilia Smith Ram\u00edrez<\/strong><\/span> del Instituto de Ecolog\u00eda y Biodiversidad, Dr. <strong><span style=\"color: #003300\">Luis Aguayo<\/span><\/strong> de la Facultad de Ciencias Biol\u00f3gicas y Dr. <span style=\"color: #003300\"><strong>Cristian Echeverr\u00eda<\/strong><\/span> de la Facultad de Ciencias Forestales, ambos de la Universidad de Concepci\u00f3n.<\/div>\n<div style=\"text-align: justify\">\u00a0<\/div>\n<div style=\"text-align: justify\">\n<p>Para mayor informaci\u00f3n visitar <a href=\"http:\/\/www.congresofloranativa.cl\/\"><strong>http:\/\/www.congresofloranativa.cl<\/strong><\/a><\/p>\n<\/p><\/div>\n<div style=\"text-align: justify\">\u00a0<\/div>\n","protected":false},"excerpt":{"rendered":"<p>Entre el 14 y 17 de octubre se realizar\u00e1 la 4ta versi\u00f3n del Congreso Flora Nativa, organizado por cient\u00edficos de la Facultad de Ciencias Forestales de la Universidad Concepci\u00f3n. Su objetivo es visualizar el escenario actual del bosque y la flora nativa chilena en pro de la protecci\u00f3n de los recursos naturales, orientado espec\u00edficamente \u00a0al [&hellip;]<\/p>\n","protected":false},"author":2,"featured_media":703,"comment_status":"open","ping_status":"open","sticky":false,"template":"","format":"standard","meta":{"_acf_changed":false,"_exactmetrics_skip_tracking":false,"_exactmetrics_sitenote_active":false,"_exactmetrics_sitenote_note":"","_exactmetrics_sitenote_category":0,"footnotes":"","_links_to":"","_links_to_target":""},"categories":[4],"tags":[],"class_list":["post-702","post","type-post","status-publish","format-standard","has-post-thumbnail","hentry","category-noticias"],"acf":[],"yoast_head":"<!-- This site is optimized with the Yoast SEO plugin v26.9 - https:\/\/yoast.com\/product\/yoast-seo-wordpress\/ -->\n<title>Ciencias Forestales UdeC realizar\u00e1 Congreso Flora Nativa - Biob\u00edo<\/title>\n<meta name=\"robots\" content=\"index, follow, max-snippet:-1, max-image-preview:large, max-video-preview:-1\" \/>\n<link rel=\"canonical\" href=\"https:\/\/explora.cl\/biobio\/ciencias-forestales-udec-realizara-congreso-flora-nativa\/\" class=\"yoast-seo-meta-tag\" \/>\n<meta property=\"og:locale\" content=\"es_ES\" class=\"yoast-seo-meta-tag\" \/>\n<meta property=\"og:type\" content=\"article\" class=\"yoast-seo-meta-tag\" \/>\n<meta property=\"og:title\" content=\"Ciencias Forestales UdeC realizar\u00e1 Congreso Flora Nativa - Biob\u00edo\" class=\"yoast-seo-meta-tag\" \/>\n<meta property=\"og:description\" content=\"Entre el 14 y 17 de octubre se realizar\u00e1 la 4ta versi\u00f3n del Congreso Flora Nativa, organizado por cient\u00edficos de la Facultad de Ciencias Forestales de la Universidad Concepci\u00f3n. Su objetivo es visualizar el escenario actual del bosque y la flora nativa chilena en pro de la protecci\u00f3n de los recursos naturales, orientado espec\u00edficamente \u00a0al [&hellip;]\" class=\"yoast-seo-meta-tag\" \/>\n<meta property=\"og:url\" content=\"https:\/\/explora.cl\/biobio\/ciencias-forestales-udec-realizara-congreso-flora-nativa\/\" class=\"yoast-seo-meta-tag\" \/>\n<meta property=\"og:site_name\" content=\"Biob\u00edo\" class=\"yoast-seo-meta-tag\" \/>\n<meta property=\"article:published_time\" content=\"2015-05-26T04:00:00+00:00\" class=\"yoast-seo-meta-tag\" \/>\n<meta property=\"article:modified_time\" content=\"2019-05-20T18:33:07+00:00\" class=\"yoast-seo-meta-tag\" \/>\n<meta property=\"og:image\" content=\"https:\/\/explora.cl\/biobio\/wp-content\/uploads\/sites\/14\/2018\/06\/413fd1751d1dc4d7fa34dba0af98fdc4.jpg\" class=\"yoast-seo-meta-tag\" \/>\n\t<meta property=\"og:image:width\" content=\"1600\" class=\"yoast-seo-meta-tag\" \/>\n\t<meta property=\"og:image:height\" content=\"1200\" class=\"yoast-seo-meta-tag\" \/>\n\t<meta property=\"og:image:type\" content=\"image\/jpeg\" class=\"yoast-seo-meta-tag\" \/>\n<meta name=\"author\" content=\"webman\" class=\"yoast-seo-meta-tag\" \/>\n<meta name=\"twitter:card\" content=\"summary_large_image\" class=\"yoast-seo-meta-tag\" \/>\n<meta name=\"twitter:label1\" content=\"Escrito por\" class=\"yoast-seo-meta-tag\" \/>\n\t<meta name=\"twitter:data1\" content=\"webman\" class=\"yoast-seo-meta-tag\" \/>\n\t<meta name=\"twitter:label2\" content=\"Tiempo estimado de lectura\" class=\"yoast-seo-meta-tag\" \/>\n\t<meta name=\"twitter:data2\" content=\"3 minutos\" class=\"yoast-seo-meta-tag\" \/>\n<script type=\"application\/ld+json\" class=\"yoast-schema-graph\">{\"@context\":\"https:\/\/schema.org\",\"@graph\":[{\"@type\":\"Article\",\"@id\":\"https:\/\/explora.cl\/biobio\/ciencias-forestales-udec-realizara-congreso-flora-nativa\/#article\",\"isPartOf\":{\"@id\":\"https:\/\/explora.cl\/biobio\/ciencias-forestales-udec-realizara-congreso-flora-nativa\/\"},\"author\":{\"name\":\"webman\",\"@id\":\"https:\/\/explora.cl\/biobio\/#\/schema\/person\/cb8349c13ea2d324080adf8480d7ba5d\"},\"headline\":\"Ciencias Forestales UdeC realizar\u00e1 Congreso Flora Nativa\",\"datePublished\":\"2015-05-26T04:00:00+00:00\",\"dateModified\":\"2019-05-20T18:33:07+00:00\",\"mainEntityOfPage\":{\"@id\":\"https:\/\/explora.cl\/biobio\/ciencias-forestales-udec-realizara-congreso-flora-nativa\/\"},\"wordCount\":638,\"commentCount\":0,\"image\":{\"@id\":\"https:\/\/explora.cl\/biobio\/ciencias-forestales-udec-realizara-congreso-flora-nativa\/#primaryimage\"},\"thumbnailUrl\":\"https:\/\/explora.cl\/biobio\/wp-content\/uploads\/sites\/14\/2018\/06\/413fd1751d1dc4d7fa34dba0af98fdc4.jpg\",\"articleSection\":[\"Noticias\"],\"inLanguage\":\"es-CL\",\"potentialAction\":[{\"@type\":\"CommentAction\",\"name\":\"Comment\",\"target\":[\"https:\/\/explora.cl\/biobio\/ciencias-forestales-udec-realizara-congreso-flora-nativa\/#respond\"]}]},{\"@type\":\"WebPage\",\"@id\":\"https:\/\/explora.cl\/biobio\/ciencias-forestales-udec-realizara-congreso-flora-nativa\/\",\"url\":\"https:\/\/explora.cl\/biobio\/ciencias-forestales-udec-realizara-congreso-flora-nativa\/\",\"name\":\"Ciencias Forestales UdeC realizar\u00e1 Congreso Flora Nativa - Biob\u00edo\",\"isPartOf\":{\"@id\":\"https:\/\/explora.cl\/biobio\/#website\"},\"primaryImageOfPage\":{\"@id\":\"https:\/\/explora.cl\/biobio\/ciencias-forestales-udec-realizara-congreso-flora-nativa\/#primaryimage\"},\"image\":{\"@id\":\"https:\/\/explora.cl\/biobio\/ciencias-forestales-udec-realizara-congreso-flora-nativa\/#primaryimage\"},\"thumbnailUrl\":\"https:\/\/explora.cl\/biobio\/wp-content\/uploads\/sites\/14\/2018\/06\/413fd1751d1dc4d7fa34dba0af98fdc4.jpg\",\"datePublished\":\"2015-05-26T04:00:00+00:00\",\"dateModified\":\"2019-05-20T18:33:07+00:00\",\"author\":{\"@id\":\"https:\/\/explora.cl\/biobio\/#\/schema\/person\/cb8349c13ea2d324080adf8480d7ba5d\"},\"breadcrumb\":{\"@id\":\"https:\/\/explora.cl\/biobio\/ciencias-forestales-udec-realizara-congreso-flora-nativa\/#breadcrumb\"},\"inLanguage\":\"es-CL\",\"potentialAction\":[{\"@type\":\"ReadAction\",\"target\":[\"https:\/\/explora.cl\/biobio\/ciencias-forestales-udec-realizara-congreso-flora-nativa\/\"]}]},{\"@type\":\"ImageObject\",\"inLanguage\":\"es-CL\",\"@id\":\"https:\/\/explora.cl\/biobio\/ciencias-forestales-udec-realizara-congreso-flora-nativa\/#primaryimage\",\"url\":\"https:\/\/explora.cl\/biobio\/wp-content\/uploads\/sites\/14\/2018\/06\/413fd1751d1dc4d7fa34dba0af98fdc4.jpg\",\"contentUrl\":\"https:\/\/explora.cl\/biobio\/wp-content\/uploads\/sites\/14\/2018\/06\/413fd1751d1dc4d7fa34dba0af98fdc4.jpg\",\"width\":1600,\"height\":1200},{\"@type\":\"BreadcrumbList\",\"@id\":\"https:\/\/explora.cl\/biobio\/ciencias-forestales-udec-realizara-congreso-flora-nativa\/#breadcrumb\",\"itemListElement\":[{\"@type\":\"ListItem\",\"position\":1,\"name\":\"Portada\",\"item\":\"https:\/\/explora.cl\/biobio\/\"},{\"@type\":\"ListItem\",\"position\":2,\"name\":\"Ciencias Forestales UdeC realizar\u00e1 Congreso Flora Nativa\"}]},{\"@type\":\"WebSite\",\"@id\":\"https:\/\/explora.cl\/biobio\/#website\",\"url\":\"https:\/\/explora.cl\/biobio\/\",\"name\":\"Biob\u00edo\",\"description\":\"Otro sitio m\u00e1s de explora.cl\",\"potentialAction\":[{\"@type\":\"SearchAction\",\"target\":{\"@type\":\"EntryPoint\",\"urlTemplate\":\"https:\/\/explora.cl\/biobio\/?s={search_term_string}\"},\"query-input\":{\"@type\":\"PropertyValueSpecification\",\"valueRequired\":true,\"valueName\":\"search_term_string\"}}],\"inLanguage\":\"es-CL\"},{\"@type\":\"Person\",\"@id\":\"https:\/\/explora.cl\/biobio\/#\/schema\/person\/cb8349c13ea2d324080adf8480d7ba5d\",\"name\":\"webman\",\"image\":{\"@type\":\"ImageObject\",\"inLanguage\":\"es-CL\",\"@id\":\"https:\/\/explora.cl\/biobio\/#\/schema\/person\/image\/\",\"url\":\"https:\/\/secure.gravatar.com\/avatar\/eeff3c82f2c02f7177d13663b7e6f890e9a6a0647ce9bb29cae02dcb094c7312?s=96&d=mm&r=g\",\"contentUrl\":\"https:\/\/secure.gravatar.com\/avatar\/eeff3c82f2c02f7177d13663b7e6f890e9a6a0647ce9bb29cae02dcb094c7312?s=96&d=mm&r=g\",\"caption\":\"webman\"},\"url\":\"https:\/\/explora.cl\/biobio\/author\/webman\/\"}]}<\/script>\n<!-- \/ Yoast SEO plugin. -->","yoast_head_json":{"title":"Ciencias Forestales UdeC realizar\u00e1 Congreso Flora Nativa - Biob\u00edo","robots":{"index":"index","follow":"follow","max-snippet":"max-snippet:-1","max-image-preview":"max-image-preview:large","max-video-preview":"max-video-preview:-1"},"canonical":"https:\/\/explora.cl\/biobio\/ciencias-forestales-udec-realizara-congreso-flora-nativa\/","og_locale":"es_ES","og_type":"article","og_title":"Ciencias Forestales UdeC realizar\u00e1 Congreso Flora Nativa - Biob\u00edo","og_description":"Entre el 14 y 17 de octubre se realizar\u00e1 la 4ta versi\u00f3n del Congreso Flora Nativa, organizado por cient\u00edficos de la Facultad de Ciencias Forestales de la Universidad Concepci\u00f3n. Su objetivo es visualizar el escenario actual del bosque y la flora nativa chilena en pro de la protecci\u00f3n de los recursos naturales, orientado espec\u00edficamente \u00a0al [&hellip;]","og_url":"https:\/\/explora.cl\/biobio\/ciencias-forestales-udec-realizara-congreso-flora-nativa\/","og_site_name":"Biob\u00edo","article_published_time":"2015-05-26T04:00:00+00:00","article_modified_time":"2019-05-20T18:33:07+00:00","og_image":[{"width":1600,"height":1200,"url":"https:\/\/explora.cl\/biobio\/wp-content\/uploads\/sites\/14\/2018\/06\/413fd1751d1dc4d7fa34dba0af98fdc4.jpg","type":"image\/jpeg"}],"author":"webman","twitter_card":"summary_large_image","twitter_misc":{"Escrito por":"webman","Tiempo estimado de lectura":"3 minutos"},"schema":{"@context":"https:\/\/schema.org","@graph":[{"@type":"Article","@id":"https:\/\/explora.cl\/biobio\/ciencias-forestales-udec-realizara-congreso-flora-nativa\/#article","isPartOf":{"@id":"https:\/\/explora.cl\/biobio\/ciencias-forestales-udec-realizara-congreso-flora-nativa\/"},"author":{"name":"webman","@id":"https:\/\/explora.cl\/biobio\/#\/schema\/person\/cb8349c13ea2d324080adf8480d7ba5d"},"headline":"Ciencias Forestales UdeC realizar\u00e1 Congreso Flora Nativa","datePublished":"2015-05-26T04:00:00+00:00","dateModified":"2019-05-20T18:33:07+00:00","mainEntityOfPage":{"@id":"https:\/\/explora.cl\/biobio\/ciencias-forestales-udec-realizara-congreso-flora-nativa\/"},"wordCount":638,"commentCount":0,"image":{"@id":"https:\/\/explora.cl\/biobio\/ciencias-forestales-udec-realizara-congreso-flora-nativa\/#primaryimage"},"thumbnailUrl":"https:\/\/explora.cl\/biobio\/wp-content\/uploads\/sites\/14\/2018\/06\/413fd1751d1dc4d7fa34dba0af98fdc4.jpg","articleSection":["Noticias"],"inLanguage":"es-CL","potentialAction":[{"@type":"CommentAction","name":"Comment","target":["https:\/\/explora.cl\/biobio\/ciencias-forestales-udec-realizara-congreso-flora-nativa\/#respond"]}]},{"@type":"WebPage","@id":"https:\/\/explora.cl\/biobio\/ciencias-forestales-udec-realizara-congreso-flora-nativa\/","url":"https:\/\/explora.cl\/biobio\/ciencias-forestales-udec-realizara-congreso-flora-nativa\/","name":"Ciencias Forestales UdeC realizar\u00e1 Congreso Flora Nativa - Biob\u00edo","isPartOf":{"@id":"https:\/\/explora.cl\/biobio\/#website"},"primaryImageOfPage":{"@id":"https:\/\/explora.cl\/biobio\/ciencias-forestales-udec-realizara-congreso-flora-nativa\/#primaryimage"},"image":{"@id":"https:\/\/explora.cl\/biobio\/ciencias-forestales-udec-realizara-congreso-flora-nativa\/#primaryimage"},"thumbnailUrl":"https:\/\/explora.cl\/biobio\/wp-content\/uploads\/sites\/14\/2018\/06\/413fd1751d1dc4d7fa34dba0af98fdc4.jpg","datePublished":"2015-05-26T04:00:00+00:00","dateModified":"2019-05-20T18:33:07+00:00","author":{"@id":"https:\/\/explora.cl\/biobio\/#\/schema\/person\/cb8349c13ea2d324080adf8480d7ba5d"},"breadcrumb":{"@id":"https:\/\/explora.cl\/biobio\/ciencias-forestales-udec-realizara-congreso-flora-nativa\/#breadcrumb"},"inLanguage":"es-CL","potentialAction":[{"@type":"ReadAction","target":["https:\/\/explora.cl\/biobio\/ciencias-forestales-udec-realizara-congreso-flora-nativa\/"]}]},{"@type":"ImageObject","inLanguage":"es-CL","@id":"https:\/\/explora.cl\/biobio\/ciencias-forestales-udec-realizara-congreso-flora-nativa\/#primaryimage","url":"https:\/\/explora.cl\/biobio\/wp-content\/uploads\/sites\/14\/2018\/06\/413fd1751d1dc4d7fa34dba0af98fdc4.jpg","contentUrl":"https:\/\/explora.cl\/biobio\/wp-content\/uploads\/sites\/14\/2018\/06\/413fd1751d1dc4d7fa34dba0af98fdc4.jpg","width":1600,"height":1200},{"@type":"BreadcrumbList","@id":"https:\/\/explora.cl\/biobio\/ciencias-forestales-udec-realizara-congreso-flora-nativa\/#breadcrumb","itemListElement":[{"@type":"ListItem","position":1,"name":"Portada","item":"https:\/\/explora.cl\/biobio\/"},{"@type":"ListItem","position":2,"name":"Ciencias Forestales UdeC realizar\u00e1 Congreso Flora Nativa"}]},{"@type":"WebSite","@id":"https:\/\/explora.cl\/biobio\/#website","url":"https:\/\/explora.cl\/biobio\/","name":"Biob\u00edo","description":"Otro sitio m\u00e1s de explora.cl","potentialAction":[{"@type":"SearchAction","target":{"@type":"EntryPoint","urlTemplate":"https:\/\/explora.cl\/biobio\/?s={search_term_string}"},"query-input":{"@type":"PropertyValueSpecification","valueRequired":true,"valueName":"search_term_string"}}],"inLanguage":"es-CL"},{"@type":"Person","@id":"https:\/\/explora.cl\/biobio\/#\/schema\/person\/cb8349c13ea2d324080adf8480d7ba5d","name":"webman","image":{"@type":"ImageObject","inLanguage":"es-CL","@id":"https:\/\/explora.cl\/biobio\/#\/schema\/person\/image\/","url":"https:\/\/secure.gravatar.com\/avatar\/eeff3c82f2c02f7177d13663b7e6f890e9a6a0647ce9bb29cae02dcb094c7312?s=96&d=mm&r=g","contentUrl":"https:\/\/secure.gravatar.com\/avatar\/eeff3c82f2c02f7177d13663b7e6f890e9a6a0647ce9bb29cae02dcb094c7312?s=96&d=mm&r=g","caption":"webman"},"url":"https:\/\/explora.cl\/biobio\/author\/webman\/"}]}},"_links":{"self":[{"href":"https:\/\/explora.cl\/biobio\/wp-json\/wp\/v2\/posts\/702","targetHints":{"allow":["GET"]}}],"collection":[{"href":"https:\/\/explora.cl\/biobio\/wp-json\/wp\/v2\/posts"}],"about":[{"href":"https:\/\/explora.cl\/biobio\/wp-json\/wp\/v2\/types\/post"}],"author":[{"embeddable":true,"href":"https:\/\/explora.cl\/biobio\/wp-json\/wp\/v2\/users\/2"}],"replies":[{"embeddable":true,"href":"https:\/\/explora.cl\/biobio\/wp-json\/wp\/v2\/comments?post=702"}],"version-history":[{"count":1,"href":"https:\/\/explora.cl\/biobio\/wp-json\/wp\/v2\/posts\/702\/revisions"}],"predecessor-version":[{"id":37910,"href":"https:\/\/explora.cl\/biobio\/wp-json\/wp\/v2\/posts\/702\/revisions\/37910"}],"wp:featuredmedia":[{"embeddable":true,"href":"https:\/\/explora.cl\/biobio\/wp-json\/wp\/v2\/media\/703"}],"wp:attachment":[{"href":"https:\/\/explora.cl\/biobio\/wp-json\/wp\/v2\/media?parent=702"}],"wp:term":[{"taxonomy":"category","embeddable":true,"href":"https:\/\/explora.cl\/biobio\/wp-json\/wp\/v2\/categories?post=702"},{"taxonomy":"post_tag","embeddable":true,"href":"https:\/\/explora.cl\/biobio\/wp-json\/wp\/v2\/tags?post=702"}],"curies":[{"name":"wp","href":"https:\/\/api.w.org\/{rel}","templated":true}]}}