{"id":691,"date":"2015-05-19T00:00:00","date_gmt":"2015-05-19T04:00:00","guid":{"rendered":"https:\/\/explora.cl\/biobio\/blog\/2015\/05\/19\/departamento-de-geofisica-udec-conmemoro-dia-internacional-del-reciclaje-con-talleres-para-nin-s\/"},"modified":"2019-05-20T18:33:10","modified_gmt":"2019-05-20T18:33:10","slug":"departamento-de-geofisica-udec-conmemoro-dia-internacional-del-reciclaje-con-talleres-para-nin-s","status":"publish","type":"post","link":"https:\/\/explora.cl\/biobio\/departamento-de-geofisica-udec-conmemoro-dia-internacional-del-reciclaje-con-talleres-para-nin-s\/","title":{"rendered":"Departamento de Geof\u00edsica UdeC conmemor\u00f3 D\u00eda Internacional del reciclaje con talleres para ni\u00f1@s"},"content":{"rendered":"<p><img fetchpriority=\"high\" decoding=\"async\" class=\" size-full wp-image-11148\" src=\"http:\/\/ec2-34-218-253-251.us-west-2.compute.amazonaws.com\/wp-content\/uploads\/2015\/05\/cb6ee0365058f9c4b4932cf7c6058ebd.jpg\" alt=\"\" width=\"1280\" height=\"722\" \/><\/p>\n<div style=\"text-align: justify\"><em>\u201cAprendiendo a reciclar\u201d es el nombre del taller de educaci\u00f3n medioambiental con que la carrera de Geof\u00edsica de la Universidad de Concepci\u00f3n, estar\u00e1 recorriendo diversos establecimientos de la regi\u00f3n del Biob\u00edo para conmemorar el D\u00eda Internacional del Reciclaje. Su objetivo es concientizar a ni\u00f1os en edad escolar, de la importancia de cuidar el medio ambiente, y el entorno que habitan.\u00a0<span style=\"font-size: 12.1599998474121px;line-height: 1.3em\">\u00a0<\/span><\/em><\/div>\n<div style=\"text-align: justify\"> <!--more--> <\/div>\n<div style=\"text-align: justify\">\u00a0<\/div>\n<div style=\"text-align: justify\">El 17 de mayo fue declarado por la UNESCO (Organizaci\u00f3n de las Naciones Unidas para la Educaci\u00f3n, la Ciencia y la Cultura) como el D\u00eda Internacional del Reciclaje, con el fin de promocionar en la poblaci\u00f3n la importancia de disminuir el impacto de la contaminaci\u00f3n al medioambiente, y por supuesto, de promover la cultura de las tres \u201cR\u201d (reducir, reutilizar y reciclar).\u00a0<\/div>\n<div style=\"text-align: justify\">\u00a0<\/div>\n<div style=\"text-align: justify\">Por su parte, nuestro pa\u00eds no quiso quedar al debe en esta materia, y en el a\u00f1o 2012 declar\u00f3 ese mismo d\u00eda como \u201cD\u00eda Nacional del Reciclaje\u201d, esto por medio de un decreto emanado por el Ministerio del Medio Ambiente.\u00a0<\/div>\n<div style=\"text-align: justify\">\u00a0<\/div>\n<div style=\"text-align: justify\">Es en este contexto que la carrera de Geof\u00edsica de la Universidad de Concepci\u00f3n, a trav\u00e9s de su Programa de Extensi\u00f3n y divulgaci\u00f3n cient\u00edfica, se propuso conmemorar este d\u00eda, trabajando en talleres medioambientales con ni\u00f1os y ni\u00f1as de la regi\u00f3n del Biob\u00edo.\u00a0<\/div>\n<div style=\"text-align: justify\">\u00a0<\/div>\n<div style=\"text-align: justify\">\u201cLa actividad comienza con una charla introductoria, donde se explica a los ni\u00f1os \u00a0el proceso del reciclaje en el hogar y en sus comunidades, y tambi\u00e9n la importancia de la reutilizaci\u00f3n de materiales reciclados. Finalmente, los ni\u00f1os participan en un taller de manualidades con materiales reciclados\u201d, explica Adriana Zapata, alumna de la carrera de Geof\u00edsica de la casa de estudios penquista, y parte del equipo de monitores universitarios que visita los establecimientos.<\/div>\n<div style=\"text-align: justify\">\u00a0<\/div>\n<div style=\"text-align: justify\">Hasta ahora, el equipo de monitores ha visitado la Escuela Rosa Medel Aguilera (Coronel), la Escuela Rep\u00fablica de Israel de Los \u00c1ngeles, y el Colegio Santa Sabina de Concepci\u00f3n, donde ya han trabajado con m\u00e1s de un centenar de ni\u00f1os entre quinto y octavo b\u00e1sico.<\/div>\n<div style=\"text-align: justify\">\u00a0<\/div>\n<div style=\"text-align: justify\">\u201cPara nosotros como profesores, estas son instancias que no se dan en lo cotidiano, y nos ayuda a entregarle nuevos conocimientos a nuestros alumnos, de manera m\u00e1s l\u00fadica y pr\u00e1ctica\u201d, explica Paola D\u00edaz, profesora y Jefa de UTP de la Escuela Republica de Israel de Los \u00c1ngeles, quien fue la encargada de coordinar la visita de los universitarios a su establecimiento.<\/div>\n<div style=\"text-align: justify\">\u00a0<\/div>\n<div style=\"text-align: justify\">Estos talleres medioambientales comenzaron a realizarse el viernes 15 de mayo, en v\u00edspera del D\u00eda Internacional del Reciclaje, y se llevar\u00e1n a cabo durante todo lo que queda del mes. Para recibir mayor informaci\u00f3n respecto a estas actividades, se invita a padres, apoderados y profesores a contactarse al correo electr\u00f3nico <a href=\"mailto:ydiaz@dgeo.udec.cl\" target=\"_blank\" rel=\"noopener noreferrer\">ydiaz@dgeo.udec.cl<\/a>.<\/div>\n<div style=\"text-align: justify\">\u00a0<\/div>\n<div>\u00a0<\/div>\n","protected":false},"excerpt":{"rendered":"<p>\u201cAprendiendo a reciclar\u201d es el nombre del taller de educaci\u00f3n medioambiental con que la carrera de Geof\u00edsica de la Universidad de Concepci\u00f3n, estar\u00e1 recorriendo diversos establecimientos de la regi\u00f3n del Biob\u00edo para conmemorar el D\u00eda Internacional del Reciclaje. Su objetivo es concientizar a ni\u00f1os en edad escolar, de la importancia de cuidar el medio ambiente, [&hellip;]<\/p>\n","protected":false},"author":2,"featured_media":692,"comment_status":"open","ping_status":"open","sticky":false,"template":"","format":"standard","meta":{"_acf_changed":false,"_exactmetrics_skip_tracking":false,"_exactmetrics_sitenote_active":false,"_exactmetrics_sitenote_note":"","_exactmetrics_sitenote_category":0,"footnotes":"","_links_to":"","_links_to_target":""},"categories":[4],"tags":[],"class_list":["post-691","post","type-post","status-publish","format-standard","has-post-thumbnail","hentry","category-noticias"],"acf":[],"yoast_head":"<!-- This site is optimized with the Yoast SEO plugin v26.9 - https:\/\/yoast.com\/product\/yoast-seo-wordpress\/ -->\n<title>Departamento de Geof\u00edsica UdeC conmemor\u00f3 D\u00eda Internacional del reciclaje con talleres para ni\u00f1@s - Biob\u00edo<\/title>\n<meta name=\"robots\" content=\"index, follow, max-snippet:-1, max-image-preview:large, max-video-preview:-1\" \/>\n<link rel=\"canonical\" href=\"https:\/\/explora.cl\/biobio\/departamento-de-geofisica-udec-conmemoro-dia-internacional-del-reciclaje-con-talleres-para-nin-s\/\" class=\"yoast-seo-meta-tag\" \/>\n<meta property=\"og:locale\" content=\"es_ES\" class=\"yoast-seo-meta-tag\" \/>\n<meta property=\"og:type\" content=\"article\" class=\"yoast-seo-meta-tag\" \/>\n<meta property=\"og:title\" content=\"Departamento de Geof\u00edsica UdeC conmemor\u00f3 D\u00eda Internacional del reciclaje con talleres para ni\u00f1@s - Biob\u00edo\" class=\"yoast-seo-meta-tag\" \/>\n<meta property=\"og:description\" content=\"\u201cAprendiendo a reciclar\u201d es el nombre del taller de educaci\u00f3n medioambiental con que la carrera de Geof\u00edsica de la Universidad de Concepci\u00f3n, estar\u00e1 recorriendo diversos establecimientos de la regi\u00f3n del Biob\u00edo para conmemorar el D\u00eda Internacional del Reciclaje. Su objetivo es concientizar a ni\u00f1os en edad escolar, de la importancia de cuidar el medio ambiente, [&hellip;]\" class=\"yoast-seo-meta-tag\" \/>\n<meta property=\"og:url\" content=\"https:\/\/explora.cl\/biobio\/departamento-de-geofisica-udec-conmemoro-dia-internacional-del-reciclaje-con-talleres-para-nin-s\/\" class=\"yoast-seo-meta-tag\" \/>\n<meta property=\"og:site_name\" content=\"Biob\u00edo\" class=\"yoast-seo-meta-tag\" \/>\n<meta property=\"article:published_time\" content=\"2015-05-19T04:00:00+00:00\" class=\"yoast-seo-meta-tag\" \/>\n<meta property=\"article:modified_time\" content=\"2019-05-20T18:33:10+00:00\" class=\"yoast-seo-meta-tag\" \/>\n<meta property=\"og:image\" content=\"https:\/\/explora.cl\/biobio\/wp-content\/uploads\/sites\/14\/2018\/06\/cb6ee0365058f9c4b4932cf7c6058ebd.jpg\" class=\"yoast-seo-meta-tag\" \/>\n\t<meta property=\"og:image:width\" content=\"1280\" class=\"yoast-seo-meta-tag\" \/>\n\t<meta property=\"og:image:height\" content=\"722\" class=\"yoast-seo-meta-tag\" \/>\n\t<meta property=\"og:image:type\" content=\"image\/jpeg\" class=\"yoast-seo-meta-tag\" \/>\n<meta name=\"author\" content=\"webman\" class=\"yoast-seo-meta-tag\" \/>\n<meta name=\"twitter:card\" content=\"summary_large_image\" class=\"yoast-seo-meta-tag\" \/>\n<meta name=\"twitter:label1\" content=\"Escrito por\" class=\"yoast-seo-meta-tag\" \/>\n\t<meta name=\"twitter:data1\" content=\"webman\" class=\"yoast-seo-meta-tag\" \/>\n\t<meta name=\"twitter:label2\" content=\"Tiempo estimado de lectura\" class=\"yoast-seo-meta-tag\" \/>\n\t<meta name=\"twitter:data2\" content=\"2 minutos\" class=\"yoast-seo-meta-tag\" \/>\n<script type=\"application\/ld+json\" class=\"yoast-schema-graph\">{\"@context\":\"https:\/\/schema.org\",\"@graph\":[{\"@type\":\"Article\",\"@id\":\"https:\/\/explora.cl\/biobio\/departamento-de-geofisica-udec-conmemoro-dia-internacional-del-reciclaje-con-talleres-para-nin-s\/#article\",\"isPartOf\":{\"@id\":\"https:\/\/explora.cl\/biobio\/departamento-de-geofisica-udec-conmemoro-dia-internacional-del-reciclaje-con-talleres-para-nin-s\/\"},\"author\":{\"name\":\"webman\",\"@id\":\"https:\/\/explora.cl\/biobio\/#\/schema\/person\/cb8349c13ea2d324080adf8480d7ba5d\"},\"headline\":\"Departamento de Geof\u00edsica UdeC conmemor\u00f3 D\u00eda Internacional del reciclaje con talleres para ni\u00f1@s\",\"datePublished\":\"2015-05-19T04:00:00+00:00\",\"dateModified\":\"2019-05-20T18:33:10+00:00\",\"mainEntityOfPage\":{\"@id\":\"https:\/\/explora.cl\/biobio\/departamento-de-geofisica-udec-conmemoro-dia-internacional-del-reciclaje-con-talleres-para-nin-s\/\"},\"wordCount\":495,\"commentCount\":0,\"image\":{\"@id\":\"https:\/\/explora.cl\/biobio\/departamento-de-geofisica-udec-conmemoro-dia-internacional-del-reciclaje-con-talleres-para-nin-s\/#primaryimage\"},\"thumbnailUrl\":\"https:\/\/explora.cl\/biobio\/wp-content\/uploads\/sites\/14\/2018\/06\/cb6ee0365058f9c4b4932cf7c6058ebd.jpg\",\"articleSection\":[\"Noticias\"],\"inLanguage\":\"es-CL\",\"potentialAction\":[{\"@type\":\"CommentAction\",\"name\":\"Comment\",\"target\":[\"https:\/\/explora.cl\/biobio\/departamento-de-geofisica-udec-conmemoro-dia-internacional-del-reciclaje-con-talleres-para-nin-s\/#respond\"]}]},{\"@type\":\"WebPage\",\"@id\":\"https:\/\/explora.cl\/biobio\/departamento-de-geofisica-udec-conmemoro-dia-internacional-del-reciclaje-con-talleres-para-nin-s\/\",\"url\":\"https:\/\/explora.cl\/biobio\/departamento-de-geofisica-udec-conmemoro-dia-internacional-del-reciclaje-con-talleres-para-nin-s\/\",\"name\":\"Departamento de Geof\u00edsica UdeC conmemor\u00f3 D\u00eda Internacional del reciclaje con talleres para ni\u00f1@s - Biob\u00edo\",\"isPartOf\":{\"@id\":\"https:\/\/explora.cl\/biobio\/#website\"},\"primaryImageOfPage\":{\"@id\":\"https:\/\/explora.cl\/biobio\/departamento-de-geofisica-udec-conmemoro-dia-internacional-del-reciclaje-con-talleres-para-nin-s\/#primaryimage\"},\"image\":{\"@id\":\"https:\/\/explora.cl\/biobio\/departamento-de-geofisica-udec-conmemoro-dia-internacional-del-reciclaje-con-talleres-para-nin-s\/#primaryimage\"},\"thumbnailUrl\":\"https:\/\/explora.cl\/biobio\/wp-content\/uploads\/sites\/14\/2018\/06\/cb6ee0365058f9c4b4932cf7c6058ebd.jpg\",\"datePublished\":\"2015-05-19T04:00:00+00:00\",\"dateModified\":\"2019-05-20T18:33:10+00:00\",\"author\":{\"@id\":\"https:\/\/explora.cl\/biobio\/#\/schema\/person\/cb8349c13ea2d324080adf8480d7ba5d\"},\"breadcrumb\":{\"@id\":\"https:\/\/explora.cl\/biobio\/departamento-de-geofisica-udec-conmemoro-dia-internacional-del-reciclaje-con-talleres-para-nin-s\/#breadcrumb\"},\"inLanguage\":\"es-CL\",\"potentialAction\":[{\"@type\":\"ReadAction\",\"target\":[\"https:\/\/explora.cl\/biobio\/departamento-de-geofisica-udec-conmemoro-dia-internacional-del-reciclaje-con-talleres-para-nin-s\/\"]}]},{\"@type\":\"ImageObject\",\"inLanguage\":\"es-CL\",\"@id\":\"https:\/\/explora.cl\/biobio\/departamento-de-geofisica-udec-conmemoro-dia-internacional-del-reciclaje-con-talleres-para-nin-s\/#primaryimage\",\"url\":\"https:\/\/explora.cl\/biobio\/wp-content\/uploads\/sites\/14\/2018\/06\/cb6ee0365058f9c4b4932cf7c6058ebd.jpg\",\"contentUrl\":\"https:\/\/explora.cl\/biobio\/wp-content\/uploads\/sites\/14\/2018\/06\/cb6ee0365058f9c4b4932cf7c6058ebd.jpg\",\"width\":1280,\"height\":722},{\"@type\":\"BreadcrumbList\",\"@id\":\"https:\/\/explora.cl\/biobio\/departamento-de-geofisica-udec-conmemoro-dia-internacional-del-reciclaje-con-talleres-para-nin-s\/#breadcrumb\",\"itemListElement\":[{\"@type\":\"ListItem\",\"position\":1,\"name\":\"Portada\",\"item\":\"https:\/\/explora.cl\/biobio\/\"},{\"@type\":\"ListItem\",\"position\":2,\"name\":\"Departamento de Geof\u00edsica UdeC conmemor\u00f3 D\u00eda Internacional del reciclaje con talleres para ni\u00f1@s\"}]},{\"@type\":\"WebSite\",\"@id\":\"https:\/\/explora.cl\/biobio\/#website\",\"url\":\"https:\/\/explora.cl\/biobio\/\",\"name\":\"Biob\u00edo\",\"description\":\"Otro sitio m\u00e1s de explora.cl\",\"potentialAction\":[{\"@type\":\"SearchAction\",\"target\":{\"@type\":\"EntryPoint\",\"urlTemplate\":\"https:\/\/explora.cl\/biobio\/?s={search_term_string}\"},\"query-input\":{\"@type\":\"PropertyValueSpecification\",\"valueRequired\":true,\"valueName\":\"search_term_string\"}}],\"inLanguage\":\"es-CL\"},{\"@type\":\"Person\",\"@id\":\"https:\/\/explora.cl\/biobio\/#\/schema\/person\/cb8349c13ea2d324080adf8480d7ba5d\",\"name\":\"webman\",\"image\":{\"@type\":\"ImageObject\",\"inLanguage\":\"es-CL\",\"@id\":\"https:\/\/explora.cl\/biobio\/#\/schema\/person\/image\/\",\"url\":\"https:\/\/secure.gravatar.com\/avatar\/eeff3c82f2c02f7177d13663b7e6f890e9a6a0647ce9bb29cae02dcb094c7312?s=96&d=mm&r=g\",\"contentUrl\":\"https:\/\/secure.gravatar.com\/avatar\/eeff3c82f2c02f7177d13663b7e6f890e9a6a0647ce9bb29cae02dcb094c7312?s=96&d=mm&r=g\",\"caption\":\"webman\"},\"url\":\"https:\/\/explora.cl\/biobio\/author\/webman\/\"}]}<\/script>\n<!-- \/ Yoast SEO plugin. -->","yoast_head_json":{"title":"Departamento de Geof\u00edsica UdeC conmemor\u00f3 D\u00eda Internacional del reciclaje con talleres para ni\u00f1@s - Biob\u00edo","robots":{"index":"index","follow":"follow","max-snippet":"max-snippet:-1","max-image-preview":"max-image-preview:large","max-video-preview":"max-video-preview:-1"},"canonical":"https:\/\/explora.cl\/biobio\/departamento-de-geofisica-udec-conmemoro-dia-internacional-del-reciclaje-con-talleres-para-nin-s\/","og_locale":"es_ES","og_type":"article","og_title":"Departamento de Geof\u00edsica UdeC conmemor\u00f3 D\u00eda Internacional del reciclaje con talleres para ni\u00f1@s - Biob\u00edo","og_description":"\u201cAprendiendo a reciclar\u201d es el nombre del taller de educaci\u00f3n medioambiental con que la carrera de Geof\u00edsica de la Universidad de Concepci\u00f3n, estar\u00e1 recorriendo diversos establecimientos de la regi\u00f3n del Biob\u00edo para conmemorar el D\u00eda Internacional del Reciclaje. Su objetivo es concientizar a ni\u00f1os en edad escolar, de la importancia de cuidar el medio ambiente, [&hellip;]","og_url":"https:\/\/explora.cl\/biobio\/departamento-de-geofisica-udec-conmemoro-dia-internacional-del-reciclaje-con-talleres-para-nin-s\/","og_site_name":"Biob\u00edo","article_published_time":"2015-05-19T04:00:00+00:00","article_modified_time":"2019-05-20T18:33:10+00:00","og_image":[{"width":1280,"height":722,"url":"https:\/\/explora.cl\/biobio\/wp-content\/uploads\/sites\/14\/2018\/06\/cb6ee0365058f9c4b4932cf7c6058ebd.jpg","type":"image\/jpeg"}],"author":"webman","twitter_card":"summary_large_image","twitter_misc":{"Escrito por":"webman","Tiempo estimado de lectura":"2 minutos"},"schema":{"@context":"https:\/\/schema.org","@graph":[{"@type":"Article","@id":"https:\/\/explora.cl\/biobio\/departamento-de-geofisica-udec-conmemoro-dia-internacional-del-reciclaje-con-talleres-para-nin-s\/#article","isPartOf":{"@id":"https:\/\/explora.cl\/biobio\/departamento-de-geofisica-udec-conmemoro-dia-internacional-del-reciclaje-con-talleres-para-nin-s\/"},"author":{"name":"webman","@id":"https:\/\/explora.cl\/biobio\/#\/schema\/person\/cb8349c13ea2d324080adf8480d7ba5d"},"headline":"Departamento de Geof\u00edsica UdeC conmemor\u00f3 D\u00eda Internacional del reciclaje con talleres para ni\u00f1@s","datePublished":"2015-05-19T04:00:00+00:00","dateModified":"2019-05-20T18:33:10+00:00","mainEntityOfPage":{"@id":"https:\/\/explora.cl\/biobio\/departamento-de-geofisica-udec-conmemoro-dia-internacional-del-reciclaje-con-talleres-para-nin-s\/"},"wordCount":495,"commentCount":0,"image":{"@id":"https:\/\/explora.cl\/biobio\/departamento-de-geofisica-udec-conmemoro-dia-internacional-del-reciclaje-con-talleres-para-nin-s\/#primaryimage"},"thumbnailUrl":"https:\/\/explora.cl\/biobio\/wp-content\/uploads\/sites\/14\/2018\/06\/cb6ee0365058f9c4b4932cf7c6058ebd.jpg","articleSection":["Noticias"],"inLanguage":"es-CL","potentialAction":[{"@type":"CommentAction","name":"Comment","target":["https:\/\/explora.cl\/biobio\/departamento-de-geofisica-udec-conmemoro-dia-internacional-del-reciclaje-con-talleres-para-nin-s\/#respond"]}]},{"@type":"WebPage","@id":"https:\/\/explora.cl\/biobio\/departamento-de-geofisica-udec-conmemoro-dia-internacional-del-reciclaje-con-talleres-para-nin-s\/","url":"https:\/\/explora.cl\/biobio\/departamento-de-geofisica-udec-conmemoro-dia-internacional-del-reciclaje-con-talleres-para-nin-s\/","name":"Departamento de Geof\u00edsica UdeC conmemor\u00f3 D\u00eda Internacional del reciclaje con talleres para ni\u00f1@s - Biob\u00edo","isPartOf":{"@id":"https:\/\/explora.cl\/biobio\/#website"},"primaryImageOfPage":{"@id":"https:\/\/explora.cl\/biobio\/departamento-de-geofisica-udec-conmemoro-dia-internacional-del-reciclaje-con-talleres-para-nin-s\/#primaryimage"},"image":{"@id":"https:\/\/explora.cl\/biobio\/departamento-de-geofisica-udec-conmemoro-dia-internacional-del-reciclaje-con-talleres-para-nin-s\/#primaryimage"},"thumbnailUrl":"https:\/\/explora.cl\/biobio\/wp-content\/uploads\/sites\/14\/2018\/06\/cb6ee0365058f9c4b4932cf7c6058ebd.jpg","datePublished":"2015-05-19T04:00:00+00:00","dateModified":"2019-05-20T18:33:10+00:00","author":{"@id":"https:\/\/explora.cl\/biobio\/#\/schema\/person\/cb8349c13ea2d324080adf8480d7ba5d"},"breadcrumb":{"@id":"https:\/\/explora.cl\/biobio\/departamento-de-geofisica-udec-conmemoro-dia-internacional-del-reciclaje-con-talleres-para-nin-s\/#breadcrumb"},"inLanguage":"es-CL","potentialAction":[{"@type":"ReadAction","target":["https:\/\/explora.cl\/biobio\/departamento-de-geofisica-udec-conmemoro-dia-internacional-del-reciclaje-con-talleres-para-nin-s\/"]}]},{"@type":"ImageObject","inLanguage":"es-CL","@id":"https:\/\/explora.cl\/biobio\/departamento-de-geofisica-udec-conmemoro-dia-internacional-del-reciclaje-con-talleres-para-nin-s\/#primaryimage","url":"https:\/\/explora.cl\/biobio\/wp-content\/uploads\/sites\/14\/2018\/06\/cb6ee0365058f9c4b4932cf7c6058ebd.jpg","contentUrl":"https:\/\/explora.cl\/biobio\/wp-content\/uploads\/sites\/14\/2018\/06\/cb6ee0365058f9c4b4932cf7c6058ebd.jpg","width":1280,"height":722},{"@type":"BreadcrumbList","@id":"https:\/\/explora.cl\/biobio\/departamento-de-geofisica-udec-conmemoro-dia-internacional-del-reciclaje-con-talleres-para-nin-s\/#breadcrumb","itemListElement":[{"@type":"ListItem","position":1,"name":"Portada","item":"https:\/\/explora.cl\/biobio\/"},{"@type":"ListItem","position":2,"name":"Departamento de Geof\u00edsica UdeC conmemor\u00f3 D\u00eda Internacional del reciclaje con talleres para ni\u00f1@s"}]},{"@type":"WebSite","@id":"https:\/\/explora.cl\/biobio\/#website","url":"https:\/\/explora.cl\/biobio\/","name":"Biob\u00edo","description":"Otro sitio m\u00e1s de explora.cl","potentialAction":[{"@type":"SearchAction","target":{"@type":"EntryPoint","urlTemplate":"https:\/\/explora.cl\/biobio\/?s={search_term_string}"},"query-input":{"@type":"PropertyValueSpecification","valueRequired":true,"valueName":"search_term_string"}}],"inLanguage":"es-CL"},{"@type":"Person","@id":"https:\/\/explora.cl\/biobio\/#\/schema\/person\/cb8349c13ea2d324080adf8480d7ba5d","name":"webman","image":{"@type":"ImageObject","inLanguage":"es-CL","@id":"https:\/\/explora.cl\/biobio\/#\/schema\/person\/image\/","url":"https:\/\/secure.gravatar.com\/avatar\/eeff3c82f2c02f7177d13663b7e6f890e9a6a0647ce9bb29cae02dcb094c7312?s=96&d=mm&r=g","contentUrl":"https:\/\/secure.gravatar.com\/avatar\/eeff3c82f2c02f7177d13663b7e6f890e9a6a0647ce9bb29cae02dcb094c7312?s=96&d=mm&r=g","caption":"webman"},"url":"https:\/\/explora.cl\/biobio\/author\/webman\/"}]}},"_links":{"self":[{"href":"https:\/\/explora.cl\/biobio\/wp-json\/wp\/v2\/posts\/691","targetHints":{"allow":["GET"]}}],"collection":[{"href":"https:\/\/explora.cl\/biobio\/wp-json\/wp\/v2\/posts"}],"about":[{"href":"https:\/\/explora.cl\/biobio\/wp-json\/wp\/v2\/types\/post"}],"author":[{"embeddable":true,"href":"https:\/\/explora.cl\/biobio\/wp-json\/wp\/v2\/users\/2"}],"replies":[{"embeddable":true,"href":"https:\/\/explora.cl\/biobio\/wp-json\/wp\/v2\/comments?post=691"}],"version-history":[{"count":1,"href":"https:\/\/explora.cl\/biobio\/wp-json\/wp\/v2\/posts\/691\/revisions"}],"predecessor-version":[{"id":37915,"href":"https:\/\/explora.cl\/biobio\/wp-json\/wp\/v2\/posts\/691\/revisions\/37915"}],"wp:featuredmedia":[{"embeddable":true,"href":"https:\/\/explora.cl\/biobio\/wp-json\/wp\/v2\/media\/692"}],"wp:attachment":[{"href":"https:\/\/explora.cl\/biobio\/wp-json\/wp\/v2\/media?parent=691"}],"wp:term":[{"taxonomy":"category","embeddable":true,"href":"https:\/\/explora.cl\/biobio\/wp-json\/wp\/v2\/categories?post=691"},{"taxonomy":"post_tag","embeddable":true,"href":"https:\/\/explora.cl\/biobio\/wp-json\/wp\/v2\/tags?post=691"}],"curies":[{"name":"wp","href":"https:\/\/api.w.org\/{rel}","templated":true}]}}