{"id":41219,"date":"2025-10-30T14:06:27","date_gmt":"2025-10-30T17:06:27","guid":{"rendered":"https:\/\/explora.cl\/biobio\/?p=41219"},"modified":"2025-10-30T14:07:20","modified_gmt":"2025-10-30T17:07:20","slug":"ctt-reunion-octubre","status":"publish","type":"post","link":"https:\/\/explora.cl\/biobio\/ctt-reunion-octubre\/","title":{"rendered":"Comit\u00e9 Tem\u00e1tico Transdisciplinar de Explora Biob\u00edo articul\u00f3 trabajo para el cierre del 2025"},"content":{"rendered":"<p style=\"text-align: center\"><i><span style=\"font-weight: 400\">Con m\u00e1s de 10 instituciones presentes, el encuentro abord\u00f3 principalmente el trabajo que las comunidades cient\u00edficas y escolares pueden articular con las primeras edades.<\/span><\/i><\/p>\n<p><span style=\"font-weight: 400\">Con m\u00e1s de 20 asistentes se desarroll\u00f3 la reuni\u00f3n del <\/span><b>Comit\u00e9 Tem\u00e1tico Transdisciplinar (CTT) <\/b><span style=\"font-weight: 400\">de <\/span><a href=\"https:\/\/explora.cl\/biobio\/\"><b>Explora Biob\u00edo<\/b><\/a><span style=\"font-weight: 400\">, donde conocieron los avances del Programa Explora y las oportunidades de colaboraci\u00f3n con las comunidades educativas de la regi\u00f3n.<\/span><\/p>\n<p><span style=\"font-weight: 400\">El encuentro cont\u00f3 con la participaci\u00f3n de diversas instituciones, entre las que destaca Centro EULA, la Facultad de Ciencias F\u00edsicas y Matem\u00e1ticas UdeC, SLEP Andali\u00e9n Sur, Fundaci\u00f3n Integra, Junji, Direcci\u00f3n de Extensi\u00f3n UdeC, Centro INCAR, representantes de la Facultad de Educaci\u00f3n UdeC y de la Facultad de Ciencias Biol\u00f3gicas, Fundaci\u00f3n Enlazados, COPAS Coastal, CRHIAM, Instituto Milenio en Socioecolog\u00eda Costera (SECOS) o el Instituto de Ecolog\u00eda y Biodiversidad (IEB).<\/span><\/p>\n<p><span style=\"font-weight: 400\">En la oportunidad, desde el equipo de Explora Biob\u00edo se destacaron los alcances del Proyecto, como alcanzar una cobertura de m\u00e1s de 150 comunidades educativas de la regi\u00f3n y trabajar con al menos un establecimiento en las 33 comunas de la regi\u00f3n.<\/span><\/p>\n<p><span style=\"font-weight: 400\">De igual manera, destac\u00f3 la experiencia que la acad\u00e9mica de la Facultad de Arquitectura y Urbanismo UdeC, Marianela Cama\u00f1o Saavedra, quien en la Semana de las Ciencias lleg\u00f3 hasta una comunidad escolar de educaci\u00f3n parvularia para exponer sobre su trabajo, incentivando a las y los presentes a trabajar con las primeras edades de PIPE.<\/span><\/p>\n<p><span style=\"font-weight: 400\">El CTT es la instancia donde se articulan las comunidades educativas y cient\u00edficas para propiciar la apropiaci\u00f3n de las competencias cient\u00edficas por parte de los establecimientos que participan en Explora Biob\u00edo.<\/span><\/p>\n","protected":false},"excerpt":{"rendered":"<p>Con m\u00e1s de 20 asistentes se desarroll\u00f3 la reuni\u00f3n del Comit\u00e9 Tem\u00e1tico Transdisciplinar (CTT) de Explora Biob\u00edo, donde conocieron los avances del Programa Explora y las oportunidades de colaboraci\u00f3n con las comunidades educativas de la regi\u00f3n.<\/p>\n","protected":false},"author":30,"featured_media":41220,"comment_status":"open","ping_status":"open","sticky":false,"template":"","format":"standard","meta":{"_acf_changed":false,"_exactmetrics_skip_tracking":false,"_exactmetrics_sitenote_active":false,"_exactmetrics_sitenote_note":"","_exactmetrics_sitenote_category":0,"footnotes":"","_links_to":"","_links_to_target":""},"categories":[151,341,136,4,126,1,342],"tags":[386,157],"class_list":["post-41219","post","type-post","status-publish","format-standard","has-post-thumbnail","hentry","category-banner","category-destacado","category-lugar-1","category-noticias","category-para-publico-general","category-sin-categoria","category-ultimas-noticias","tag-ctt","tag-explora-biobio"],"acf":[],"yoast_head":"<!-- This site is optimized with the Yoast SEO plugin v26.9 - https:\/\/yoast.com\/product\/yoast-seo-wordpress\/ -->\n<title>Comit\u00e9 Tem\u00e1tico Transdisciplinar de Explora Biob\u00edo articul\u00f3 trabajo<\/title>\n<meta name=\"description\" content=\"El Comit\u00e9 Tem\u00e1tico Transdisciplinar se reuni\u00f3 para articular el trabajo en el cierre del 2025, con \u00e9nfasis en las primeras edades.\" class=\"yoast-seo-meta-tag\" \/>\n<meta name=\"robots\" content=\"index, follow, max-snippet:-1, max-image-preview:large, max-video-preview:-1\" \/>\n<link rel=\"canonical\" href=\"https:\/\/explora.cl\/biobio\/ctt-reunion-octubre\/\" class=\"yoast-seo-meta-tag\" \/>\n<meta property=\"og:locale\" content=\"es_ES\" class=\"yoast-seo-meta-tag\" \/>\n<meta property=\"og:type\" content=\"article\" class=\"yoast-seo-meta-tag\" \/>\n<meta property=\"og:title\" content=\"Comit\u00e9 Tem\u00e1tico Transdisciplinar de Explora Biob\u00edo articul\u00f3 trabajo\" class=\"yoast-seo-meta-tag\" \/>\n<meta property=\"og:description\" content=\"El Comit\u00e9 Tem\u00e1tico Transdisciplinar se reuni\u00f3 para articular el trabajo en el cierre del 2025, con \u00e9nfasis en las primeras edades.\" class=\"yoast-seo-meta-tag\" \/>\n<meta property=\"og:url\" content=\"https:\/\/explora.cl\/biobio\/ctt-reunion-octubre\/\" class=\"yoast-seo-meta-tag\" \/>\n<meta property=\"og:site_name\" content=\"Biob\u00edo\" class=\"yoast-seo-meta-tag\" \/>\n<meta property=\"article:published_time\" content=\"2025-10-30T17:06:27+00:00\" class=\"yoast-seo-meta-tag\" \/>\n<meta property=\"article:modified_time\" content=\"2025-10-30T17:07:20+00:00\" class=\"yoast-seo-meta-tag\" \/>\n<meta property=\"og:image\" content=\"https:\/\/explora.cl\/biobio\/wp-content\/uploads\/sites\/14\/2025\/10\/CTT-3.png\" class=\"yoast-seo-meta-tag\" \/>\n\t<meta property=\"og:image:width\" content=\"735\" class=\"yoast-seo-meta-tag\" \/>\n\t<meta property=\"og:image:height\" content=\"470\" class=\"yoast-seo-meta-tag\" \/>\n\t<meta property=\"og:image:type\" content=\"image\/png\" class=\"yoast-seo-meta-tag\" \/>\n<meta name=\"author\" content=\"froldan\" class=\"yoast-seo-meta-tag\" \/>\n<meta name=\"twitter:card\" content=\"summary_large_image\" class=\"yoast-seo-meta-tag\" \/>\n<meta name=\"twitter:label1\" content=\"Escrito por\" class=\"yoast-seo-meta-tag\" \/>\n\t<meta name=\"twitter:data1\" content=\"froldan\" class=\"yoast-seo-meta-tag\" \/>\n\t<meta name=\"twitter:label2\" content=\"Tiempo estimado de lectura\" class=\"yoast-seo-meta-tag\" \/>\n\t<meta name=\"twitter:data2\" content=\"2 minutos\" class=\"yoast-seo-meta-tag\" \/>\n<script type=\"application\/ld+json\" class=\"yoast-schema-graph\">{\"@context\":\"https:\/\/schema.org\",\"@graph\":[{\"@type\":\"Article\",\"@id\":\"https:\/\/explora.cl\/biobio\/ctt-reunion-octubre\/#article\",\"isPartOf\":{\"@id\":\"https:\/\/explora.cl\/biobio\/ctt-reunion-octubre\/\"},\"author\":{\"name\":\"froldan\",\"@id\":\"https:\/\/explora.cl\/biobio\/#\/schema\/person\/28e098d9fbc79016ed58bab1c631252b\"},\"headline\":\"Comit\u00e9 Tem\u00e1tico Transdisciplinar de Explora Biob\u00edo articul\u00f3 trabajo para el cierre del 2025\",\"datePublished\":\"2025-10-30T17:06:27+00:00\",\"dateModified\":\"2025-10-30T17:07:20+00:00\",\"mainEntityOfPage\":{\"@id\":\"https:\/\/explora.cl\/biobio\/ctt-reunion-octubre\/\"},\"wordCount\":296,\"commentCount\":0,\"image\":{\"@id\":\"https:\/\/explora.cl\/biobio\/ctt-reunion-octubre\/#primaryimage\"},\"thumbnailUrl\":\"https:\/\/explora.cl\/biobio\/wp-content\/uploads\/sites\/14\/2025\/10\/CTT-3.png\",\"keywords\":[\"CTT\",\"EXPLORA Biob\u00edo\"],\"articleSection\":{\"0\":\"Banner\",\"1\":\"Destacado\",\"2\":\"Lugar 1\",\"3\":\"Noticias\",\"4\":\"Para P\u00fablico General\",\"6\":\"Ultimas noticias\"},\"inLanguage\":\"es-CL\",\"potentialAction\":[{\"@type\":\"CommentAction\",\"name\":\"Comment\",\"target\":[\"https:\/\/explora.cl\/biobio\/ctt-reunion-octubre\/#respond\"]}]},{\"@type\":\"WebPage\",\"@id\":\"https:\/\/explora.cl\/biobio\/ctt-reunion-octubre\/\",\"url\":\"https:\/\/explora.cl\/biobio\/ctt-reunion-octubre\/\",\"name\":\"Comit\u00e9 Tem\u00e1tico Transdisciplinar de Explora Biob\u00edo articul\u00f3 trabajo\",\"isPartOf\":{\"@id\":\"https:\/\/explora.cl\/biobio\/#website\"},\"primaryImageOfPage\":{\"@id\":\"https:\/\/explora.cl\/biobio\/ctt-reunion-octubre\/#primaryimage\"},\"image\":{\"@id\":\"https:\/\/explora.cl\/biobio\/ctt-reunion-octubre\/#primaryimage\"},\"thumbnailUrl\":\"https:\/\/explora.cl\/biobio\/wp-content\/uploads\/sites\/14\/2025\/10\/CTT-3.png\",\"datePublished\":\"2025-10-30T17:06:27+00:00\",\"dateModified\":\"2025-10-30T17:07:20+00:00\",\"author\":{\"@id\":\"https:\/\/explora.cl\/biobio\/#\/schema\/person\/28e098d9fbc79016ed58bab1c631252b\"},\"description\":\"El Comit\u00e9 Tem\u00e1tico Transdisciplinar se reuni\u00f3 para articular el trabajo en el cierre del 2025, con \u00e9nfasis en las primeras edades.\",\"breadcrumb\":{\"@id\":\"https:\/\/explora.cl\/biobio\/ctt-reunion-octubre\/#breadcrumb\"},\"inLanguage\":\"es-CL\",\"potentialAction\":[{\"@type\":\"ReadAction\",\"target\":[\"https:\/\/explora.cl\/biobio\/ctt-reunion-octubre\/\"]}]},{\"@type\":\"ImageObject\",\"inLanguage\":\"es-CL\",\"@id\":\"https:\/\/explora.cl\/biobio\/ctt-reunion-octubre\/#primaryimage\",\"url\":\"https:\/\/explora.cl\/biobio\/wp-content\/uploads\/sites\/14\/2025\/10\/CTT-3.png\",\"contentUrl\":\"https:\/\/explora.cl\/biobio\/wp-content\/uploads\/sites\/14\/2025\/10\/CTT-3.png\",\"width\":735,\"height\":470},{\"@type\":\"BreadcrumbList\",\"@id\":\"https:\/\/explora.cl\/biobio\/ctt-reunion-octubre\/#breadcrumb\",\"itemListElement\":[{\"@type\":\"ListItem\",\"position\":1,\"name\":\"Portada\",\"item\":\"https:\/\/explora.cl\/biobio\/\"},{\"@type\":\"ListItem\",\"position\":2,\"name\":\"Comit\u00e9 Tem\u00e1tico Transdisciplinar de Explora Biob\u00edo articul\u00f3 trabajo para el cierre del 2025\"}]},{\"@type\":\"WebSite\",\"@id\":\"https:\/\/explora.cl\/biobio\/#website\",\"url\":\"https:\/\/explora.cl\/biobio\/\",\"name\":\"Biob\u00edo\",\"description\":\"Otro sitio m\u00e1s de explora.cl\",\"potentialAction\":[{\"@type\":\"SearchAction\",\"target\":{\"@type\":\"EntryPoint\",\"urlTemplate\":\"https:\/\/explora.cl\/biobio\/?s={search_term_string}\"},\"query-input\":{\"@type\":\"PropertyValueSpecification\",\"valueRequired\":true,\"valueName\":\"search_term_string\"}}],\"inLanguage\":\"es-CL\"},{\"@type\":\"Person\",\"@id\":\"https:\/\/explora.cl\/biobio\/#\/schema\/person\/28e098d9fbc79016ed58bab1c631252b\",\"name\":\"froldan\",\"image\":{\"@type\":\"ImageObject\",\"inLanguage\":\"es-CL\",\"@id\":\"https:\/\/explora.cl\/biobio\/#\/schema\/person\/image\/\",\"url\":\"https:\/\/secure.gravatar.com\/avatar\/07411080a6eab15b4aa8ebd4adb95b647d8ae9592fad7632257da2a562da9b88?s=96&d=mm&r=g\",\"contentUrl\":\"https:\/\/secure.gravatar.com\/avatar\/07411080a6eab15b4aa8ebd4adb95b647d8ae9592fad7632257da2a562da9b88?s=96&d=mm&r=g\",\"caption\":\"froldan\"},\"url\":\"https:\/\/explora.cl\/biobio\/author\/froldan\/\"}]}<\/script>\n<!-- \/ Yoast SEO plugin. -->","yoast_head_json":{"title":"Comit\u00e9 Tem\u00e1tico Transdisciplinar de Explora Biob\u00edo articul\u00f3 trabajo","description":"El Comit\u00e9 Tem\u00e1tico Transdisciplinar se reuni\u00f3 para articular el trabajo en el cierre del 2025, con \u00e9nfasis en las primeras edades.","robots":{"index":"index","follow":"follow","max-snippet":"max-snippet:-1","max-image-preview":"max-image-preview:large","max-video-preview":"max-video-preview:-1"},"canonical":"https:\/\/explora.cl\/biobio\/ctt-reunion-octubre\/","og_locale":"es_ES","og_type":"article","og_title":"Comit\u00e9 Tem\u00e1tico Transdisciplinar de Explora Biob\u00edo articul\u00f3 trabajo","og_description":"El Comit\u00e9 Tem\u00e1tico Transdisciplinar se reuni\u00f3 para articular el trabajo en el cierre del 2025, con \u00e9nfasis en las primeras edades.","og_url":"https:\/\/explora.cl\/biobio\/ctt-reunion-octubre\/","og_site_name":"Biob\u00edo","article_published_time":"2025-10-30T17:06:27+00:00","article_modified_time":"2025-10-30T17:07:20+00:00","og_image":[{"width":735,"height":470,"url":"https:\/\/explora.cl\/biobio\/wp-content\/uploads\/sites\/14\/2025\/10\/CTT-3.png","type":"image\/png"}],"author":"froldan","twitter_card":"summary_large_image","twitter_misc":{"Escrito por":"froldan","Tiempo estimado de lectura":"2 minutos"},"schema":{"@context":"https:\/\/schema.org","@graph":[{"@type":"Article","@id":"https:\/\/explora.cl\/biobio\/ctt-reunion-octubre\/#article","isPartOf":{"@id":"https:\/\/explora.cl\/biobio\/ctt-reunion-octubre\/"},"author":{"name":"froldan","@id":"https:\/\/explora.cl\/biobio\/#\/schema\/person\/28e098d9fbc79016ed58bab1c631252b"},"headline":"Comit\u00e9 Tem\u00e1tico Transdisciplinar de Explora Biob\u00edo articul\u00f3 trabajo para el cierre del 2025","datePublished":"2025-10-30T17:06:27+00:00","dateModified":"2025-10-30T17:07:20+00:00","mainEntityOfPage":{"@id":"https:\/\/explora.cl\/biobio\/ctt-reunion-octubre\/"},"wordCount":296,"commentCount":0,"image":{"@id":"https:\/\/explora.cl\/biobio\/ctt-reunion-octubre\/#primaryimage"},"thumbnailUrl":"https:\/\/explora.cl\/biobio\/wp-content\/uploads\/sites\/14\/2025\/10\/CTT-3.png","keywords":["CTT","EXPLORA Biob\u00edo"],"articleSection":{"0":"Banner","1":"Destacado","2":"Lugar 1","3":"Noticias","4":"Para P\u00fablico General","6":"Ultimas noticias"},"inLanguage":"es-CL","potentialAction":[{"@type":"CommentAction","name":"Comment","target":["https:\/\/explora.cl\/biobio\/ctt-reunion-octubre\/#respond"]}]},{"@type":"WebPage","@id":"https:\/\/explora.cl\/biobio\/ctt-reunion-octubre\/","url":"https:\/\/explora.cl\/biobio\/ctt-reunion-octubre\/","name":"Comit\u00e9 Tem\u00e1tico Transdisciplinar de Explora Biob\u00edo articul\u00f3 trabajo","isPartOf":{"@id":"https:\/\/explora.cl\/biobio\/#website"},"primaryImageOfPage":{"@id":"https:\/\/explora.cl\/biobio\/ctt-reunion-octubre\/#primaryimage"},"image":{"@id":"https:\/\/explora.cl\/biobio\/ctt-reunion-octubre\/#primaryimage"},"thumbnailUrl":"https:\/\/explora.cl\/biobio\/wp-content\/uploads\/sites\/14\/2025\/10\/CTT-3.png","datePublished":"2025-10-30T17:06:27+00:00","dateModified":"2025-10-30T17:07:20+00:00","author":{"@id":"https:\/\/explora.cl\/biobio\/#\/schema\/person\/28e098d9fbc79016ed58bab1c631252b"},"description":"El Comit\u00e9 Tem\u00e1tico Transdisciplinar se reuni\u00f3 para articular el trabajo en el cierre del 2025, con \u00e9nfasis en las primeras edades.","breadcrumb":{"@id":"https:\/\/explora.cl\/biobio\/ctt-reunion-octubre\/#breadcrumb"},"inLanguage":"es-CL","potentialAction":[{"@type":"ReadAction","target":["https:\/\/explora.cl\/biobio\/ctt-reunion-octubre\/"]}]},{"@type":"ImageObject","inLanguage":"es-CL","@id":"https:\/\/explora.cl\/biobio\/ctt-reunion-octubre\/#primaryimage","url":"https:\/\/explora.cl\/biobio\/wp-content\/uploads\/sites\/14\/2025\/10\/CTT-3.png","contentUrl":"https:\/\/explora.cl\/biobio\/wp-content\/uploads\/sites\/14\/2025\/10\/CTT-3.png","width":735,"height":470},{"@type":"BreadcrumbList","@id":"https:\/\/explora.cl\/biobio\/ctt-reunion-octubre\/#breadcrumb","itemListElement":[{"@type":"ListItem","position":1,"name":"Portada","item":"https:\/\/explora.cl\/biobio\/"},{"@type":"ListItem","position":2,"name":"Comit\u00e9 Tem\u00e1tico Transdisciplinar de Explora Biob\u00edo articul\u00f3 trabajo para el cierre del 2025"}]},{"@type":"WebSite","@id":"https:\/\/explora.cl\/biobio\/#website","url":"https:\/\/explora.cl\/biobio\/","name":"Biob\u00edo","description":"Otro sitio m\u00e1s de explora.cl","potentialAction":[{"@type":"SearchAction","target":{"@type":"EntryPoint","urlTemplate":"https:\/\/explora.cl\/biobio\/?s={search_term_string}"},"query-input":{"@type":"PropertyValueSpecification","valueRequired":true,"valueName":"search_term_string"}}],"inLanguage":"es-CL"},{"@type":"Person","@id":"https:\/\/explora.cl\/biobio\/#\/schema\/person\/28e098d9fbc79016ed58bab1c631252b","name":"froldan","image":{"@type":"ImageObject","inLanguage":"es-CL","@id":"https:\/\/explora.cl\/biobio\/#\/schema\/person\/image\/","url":"https:\/\/secure.gravatar.com\/avatar\/07411080a6eab15b4aa8ebd4adb95b647d8ae9592fad7632257da2a562da9b88?s=96&d=mm&r=g","contentUrl":"https:\/\/secure.gravatar.com\/avatar\/07411080a6eab15b4aa8ebd4adb95b647d8ae9592fad7632257da2a562da9b88?s=96&d=mm&r=g","caption":"froldan"},"url":"https:\/\/explora.cl\/biobio\/author\/froldan\/"}]}},"_links":{"self":[{"href":"https:\/\/explora.cl\/biobio\/wp-json\/wp\/v2\/posts\/41219","targetHints":{"allow":["GET"]}}],"collection":[{"href":"https:\/\/explora.cl\/biobio\/wp-json\/wp\/v2\/posts"}],"about":[{"href":"https:\/\/explora.cl\/biobio\/wp-json\/wp\/v2\/types\/post"}],"author":[{"embeddable":true,"href":"https:\/\/explora.cl\/biobio\/wp-json\/wp\/v2\/users\/30"}],"replies":[{"embeddable":true,"href":"https:\/\/explora.cl\/biobio\/wp-json\/wp\/v2\/comments?post=41219"}],"version-history":[{"count":2,"href":"https:\/\/explora.cl\/biobio\/wp-json\/wp\/v2\/posts\/41219\/revisions"}],"predecessor-version":[{"id":41222,"href":"https:\/\/explora.cl\/biobio\/wp-json\/wp\/v2\/posts\/41219\/revisions\/41222"}],"wp:featuredmedia":[{"embeddable":true,"href":"https:\/\/explora.cl\/biobio\/wp-json\/wp\/v2\/media\/41220"}],"wp:attachment":[{"href":"https:\/\/explora.cl\/biobio\/wp-json\/wp\/v2\/media?parent=41219"}],"wp:term":[{"taxonomy":"category","embeddable":true,"href":"https:\/\/explora.cl\/biobio\/wp-json\/wp\/v2\/categories?post=41219"},{"taxonomy":"post_tag","embeddable":true,"href":"https:\/\/explora.cl\/biobio\/wp-json\/wp\/v2\/tags?post=41219"}],"curies":[{"name":"wp","href":"https:\/\/api.w.org\/{rel}","templated":true}]}}