{"id":41215,"date":"2025-10-28T16:36:06","date_gmt":"2025-10-28T19:36:06","guid":{"rendered":"https:\/\/explora.cl\/biobio\/?p=41215"},"modified":"2025-10-28T16:36:06","modified_gmt":"2025-10-28T19:36:06","slug":"representantes-congreso-nacional-explora-biobio","status":"publish","type":"post","link":"https:\/\/explora.cl\/biobio\/representantes-congreso-nacional-explora-biobio\/","title":{"rendered":"Estudiantes representan al Biob\u00edo en Congreso Nacional Explora de ciencia e innovaci\u00f3n"},"content":{"rendered":"<p style=\"text-align: center\"><i><span style=\"font-weight: 400\">Desde Lota y Los \u00c1ngeles, dos equipos presentar\u00e1n en Santiago sus investigaciones realizadas junto a Explora Biob\u00edo en la iniciativa de Investigaci\u00f3n e Innovaci\u00f3n Escolar.\u00a0<\/span><\/i><\/p>\n<p>&nbsp;<\/p>\n<p><span style=\"font-weight: 400\">Dos equipos que participan en la iniciativa \u201cInvestigaci\u00f3n e Innovaci\u00f3n Escolar\u201d (IIE) de <a href=\"https:\/\/explora.cl\/biobio\/\">Explora Biob\u00edo<\/a> representar\u00e1n a la regi\u00f3n en el Congreso Nacional Explora, evento que reunir\u00e1 a escolares, docentes y la comunidad cient\u00edfica para compartir experiencias y conocimientos respecto a la ciencia e innovaci\u00f3n.<\/span><\/p>\n<p><span style=\"font-weight: 400\">El evento es realizado por el Ministerio de Ciencia, Tecnolog\u00eda, Conocimiento e Innovaci\u00f3n, tendr\u00e1 lugar en Santiago, donde las estudiantes expondr\u00e1n sus proyectos de investigaci\u00f3n\u00a0 innovaci\u00f3n ante un p\u00fablico general, adem\u00e1s de vivir experiencias \u00fanicas relacionadas con las ciencias y el conocimiento.<\/span><\/p>\n<p><span style=\"font-weight: 400\">Desde la comuna de Los \u00c1ngeles, junto a la docente Paola Mar\u00edn del Liceo Agroindustrial Llano Blanco, viajar\u00e1n las estudiantes Antonella Bravo y Catalina Sep\u00falveda, ambas de sexto b\u00e1sico; mientras que desde el Liceo Baldomero Lillo de Lota, viajar\u00e1 la profesora Olimpia Cifuentes con Catalina C\u00e1rdenas y Melody Cavieres.<\/span><\/p>\n<h3><b>El Congreso Nacional de Explora: Reconocimiento al trabajo<\/b><\/h3>\n<p><span style=\"font-weight: 400\">Son m\u00e1s de 70 los equipos de distintos establecimientos que est\u00e1n desarrollando una investigaci\u00f3n o propuesta de innovaci\u00f3n en IIE de Explora Biob\u00edo, de los cuales salieron seleccionados los dos equipos mencionados.<\/span><\/p>\n<p><i><span style=\"font-weight: 400\">\u201cEs un orgullo contar con representantes en el Congreso Nacional\u201d<\/span><\/i><span style=\"font-weight: 400\">, dice el Director Ejecutivo de Explora Biob\u00edo, Cristi\u00e1n Espinoza, agregando que<\/span><i><span style=\"font-weight: 400\"> \u201csin duda, esta ser\u00e1 una experiencia significativa en los conocimientos para las estudiantes\u201d<\/span><\/i><span style=\"font-weight: 400\">.<\/span><\/p>\n<p><span style=\"font-weight: 400\">La selecci\u00f3n se dio a partir de diversos factores, entre los que se encuentra la participaci\u00f3n en los diversos hitos formativos y la exposici\u00f3n en el Congreso Regional. \u201c<\/span><i><span style=\"font-weight: 400\">Este Congreso, adem\u00e1s, marca los 30 a\u00f1os del Programa Explora, en los cuales ha incluso marcado trayectorias y vocaciones cient\u00edficas en las y los estudiantes\u201d<\/span><\/i><span style=\"font-weight: 400\">, finaliza Cristi\u00e1n Espinoza.<\/span><\/p>\n<p><span style=\"font-weight: 400\">Para la docente de Los \u00c1ngeles, este proyecto fue un primer acercamiento a la investigaci\u00f3n de su comunidad educativa, y destaca c\u00f3mo la participaci\u00f3n en IIE ha reforzado el trabajo colaborativo entre las y los estudiantes.<\/span><\/p>\n<p><i><span style=\"font-weight: 400\">\u201cLas dos estudiantes se han complementado en el trabajo colaborativo, y no solo entre ellas, sino que con el resto del equipo que hoy hacen investigaci\u00f3n en el establecimiento\u201d<\/span><\/i><span style=\"font-weight: 400\">, comenta la profesora Paola Mar\u00edn.<\/span><\/p>\n<p><span style=\"font-weight: 400\">Por su parte, la estudiante Melody Cavieres de III\u00b0 medio, destaca la alegr\u00eda de esta oportunidad de viajar a la capital en representaci\u00f3n de la regi\u00f3n y confiesa que sus conocimientos aumentaron, ya que <\/span><i><span style=\"font-weight: 400\">\u201cantes sab\u00eda de investigaci\u00f3n, pero ahora aprend\u00ed a hacerlo de mejor manera\u201d<\/span><\/i><span style=\"font-weight: 400\">.<\/span><\/p>\n<h3><b><i>\u201cLa ciencia no es solo teor\u00eda\u201d<\/i><\/b><\/h3>\n<p><span style=\"font-weight: 400\">El Liceo Agroindustrial Llano Blanco investiga un iniciador de fuego natural como alternativa a las pastillas de parafina para encender las estufas a le\u00f1a. <\/span><i><span style=\"font-weight: 400\">\u201cAmbas tenemos estufa a le\u00f1a y cuesta mucho encender el fuego\u201d<\/span><\/i><span style=\"font-weight: 400\">, comenta Antonella, agregando que <\/span><i><span style=\"font-weight: 400\">\u201cotras alternativas son muy contaminantes\u201d.<\/span><\/i><\/p>\n<p><span style=\"font-weight: 400\">La investigaci\u00f3n nace desde la realidad que observan en su territorio, contexto de comunidad rural que viven las estudiantes de Los \u00c1ngeles. Por su parte, la investigaci\u00f3n de Lota nace al observar los residuos generados por la feria de la comuna.<\/span><\/p>\n<p><span style=\"font-weight: 400\">As\u00ed, investigan c\u00f3mo crear una celda de combustible microbiano, trabajo que ha impactado profundamente en las estudiantes. <\/span><i><span style=\"font-weight: 400\">\u201cCon IIE aprend\u00ed que la ciencia no es solo teor\u00eda, sino que tambien se vive y se aprende haciendo cosas\u201d<\/span><\/i><span style=\"font-weight: 400\">, comenta Catalina C\u00e1rdenas, estudiante de I\u00b0 medio del Liceo Baldomero Lillo que viajar\u00e1 al Congreso Nacional de Explora.<\/span><\/p>\n<p><span style=\"font-weight: 400\">La docente lotina, Olimpia Cifuentes, ha destacado por su participaci\u00f3n en diversas instancias ligada a las ciencias e innovaci\u00f3n, reconociendo que en gran medida es gracias a su trayectoria con Explora Biob\u00edo.<\/span><\/p>\n<p><i><span style=\"font-weight: 400\">\u201cEl aprendizaje con Explora me ha permitido participar de convocatorias nacionales e internacionales, con los actores m\u00e1s importantes:\u00a0 las y los estudiantes<\/span><\/i><span style=\"font-weight: 400\">\u201d, comenta la profesora, quien ha llegado a la Ant\u00e1rtica y Dub\u00e1i con diversos proyectos que iniciaron en Explora.<\/span><\/p>\n<h3><b>Congreso Nacional de Explora: 30 a\u00f1os promoviendo las ciencias<\/b><\/h3>\n<p><span style=\"font-weight: 400\">El Programa Explora cumple 30 a\u00f1os, en los cuales ha destacado por forjar vocaciones cient\u00edficas y acercar la ciencia a la ciudadan\u00eda y comunidades educativas.<\/span><\/p>\n<p><span style=\"font-weight: 400\">Actualmente pertenece al Ministerio de Ciencia, Tecnolog\u00eda, Conocimiento e Innovaci\u00f3n, y en el Biob\u00edo ha sido siempre ejecutado por la Universidad de Concepci\u00f3n, hoy a trav\u00e9s de su Centro Interactivo de Ciencias, Artes y Tecnolog\u00edas (CICAT).<\/span><\/p>\n<p><span style=\"font-weight: 400\">Este a\u00f1o, junto con la celebraci\u00f3n de los 30 a\u00f1os, las estudiantes se encontrar\u00e1n en la ciudad de Santiago con representantes de todas las regiones para compartir sus aprendizajes y experiencias en torno a las competencias cient\u00edficas.<\/span><\/p>\n<p><span style=\"font-weight: 400\">En la cita tambi\u00e9n compartir\u00e1n con grandes y renombrados investigadores e investigadoras, adem\u00e1s de disfrutar de diversas instancias culturales que les permitir\u00e1n acercarse a la ciencia como nunca antes.<\/span><\/p>\n","protected":false},"excerpt":{"rendered":"<p>Desde Los \u00c1ngeles y Lota, dos equipos representar\u00e1n a la regi\u00f3n en el Congreso Nacional Explora de ciencias e innovaci\u00f3n.<\/p>\n","protected":false},"author":30,"featured_media":41216,"comment_status":"open","ping_status":"open","sticky":false,"template":"","format":"standard","meta":{"_acf_changed":false,"_exactmetrics_skip_tracking":false,"_exactmetrics_sitenote_active":false,"_exactmetrics_sitenote_note":"","_exactmetrics_sitenote_category":0,"footnotes":"","_links_to":"","_links_to_target":""},"categories":[341,136,4,116,1,342],"tags":[197,299],"class_list":["post-41215","post","type-post","status-publish","format-standard","has-post-thumbnail","hentry","category-destacado","category-lugar-1","category-noticias","category-para-comunidad-escolar","category-sin-categoria","category-ultimas-noticias","tag-congreso-nacional","tag-iie"],"acf":[],"yoast_head":"<!-- This site is optimized with the Yoast SEO plugin v26.9 - https:\/\/yoast.com\/product\/yoast-seo-wordpress\/ -->\n<title>Estudiantes del Biob\u00edo participan en Congreso Nacional de ciencias<\/title>\n<meta name=\"description\" content=\"Desde Los \u00c1ngeles y Lota, dos equipos representar\u00e1n a la regi\u00f3n en el Congreso Nacional Explora de ciencias e innovaci\u00f3n.\" class=\"yoast-seo-meta-tag\" \/>\n<meta name=\"robots\" content=\"index, follow, max-snippet:-1, max-image-preview:large, max-video-preview:-1\" \/>\n<link rel=\"canonical\" href=\"https:\/\/explora.cl\/biobio\/representantes-congreso-nacional-explora-biobio\/\" class=\"yoast-seo-meta-tag\" \/>\n<meta property=\"og:locale\" content=\"es_ES\" class=\"yoast-seo-meta-tag\" \/>\n<meta property=\"og:type\" content=\"article\" class=\"yoast-seo-meta-tag\" \/>\n<meta property=\"og:title\" content=\"Estudiantes del Biob\u00edo participan en Congreso Nacional de ciencias\" class=\"yoast-seo-meta-tag\" \/>\n<meta property=\"og:description\" content=\"Desde Los \u00c1ngeles y Lota, dos equipos representar\u00e1n a la regi\u00f3n en el Congreso Nacional Explora de ciencias e innovaci\u00f3n.\" class=\"yoast-seo-meta-tag\" \/>\n<meta property=\"og:url\" content=\"https:\/\/explora.cl\/biobio\/representantes-congreso-nacional-explora-biobio\/\" class=\"yoast-seo-meta-tag\" \/>\n<meta property=\"og:site_name\" content=\"Biob\u00edo\" class=\"yoast-seo-meta-tag\" \/>\n<meta property=\"article:published_time\" content=\"2025-10-28T19:36:06+00:00\" class=\"yoast-seo-meta-tag\" \/>\n<meta property=\"og:image\" content=\"https:\/\/explora.cl\/biobio\/wp-content\/uploads\/sites\/14\/2025\/10\/Diseno-sin-titulo-8.png\" class=\"yoast-seo-meta-tag\" \/>\n\t<meta property=\"og:image:width\" content=\"845\" class=\"yoast-seo-meta-tag\" \/>\n\t<meta property=\"og:image:height\" content=\"560\" class=\"yoast-seo-meta-tag\" \/>\n\t<meta property=\"og:image:type\" content=\"image\/png\" class=\"yoast-seo-meta-tag\" \/>\n<meta name=\"author\" content=\"froldan\" class=\"yoast-seo-meta-tag\" \/>\n<meta name=\"twitter:card\" content=\"summary_large_image\" class=\"yoast-seo-meta-tag\" \/>\n<meta name=\"twitter:label1\" content=\"Escrito por\" class=\"yoast-seo-meta-tag\" \/>\n\t<meta name=\"twitter:data1\" content=\"froldan\" class=\"yoast-seo-meta-tag\" \/>\n\t<meta name=\"twitter:label2\" content=\"Tiempo estimado de lectura\" class=\"yoast-seo-meta-tag\" \/>\n\t<meta name=\"twitter:data2\" content=\"4 minutos\" class=\"yoast-seo-meta-tag\" \/>\n<script type=\"application\/ld+json\" class=\"yoast-schema-graph\">{\"@context\":\"https:\/\/schema.org\",\"@graph\":[{\"@type\":\"Article\",\"@id\":\"https:\/\/explora.cl\/biobio\/representantes-congreso-nacional-explora-biobio\/#article\",\"isPartOf\":{\"@id\":\"https:\/\/explora.cl\/biobio\/representantes-congreso-nacional-explora-biobio\/\"},\"author\":{\"name\":\"froldan\",\"@id\":\"https:\/\/explora.cl\/biobio\/#\/schema\/person\/28e098d9fbc79016ed58bab1c631252b\"},\"headline\":\"Estudiantes representan al Biob\u00edo en Congreso Nacional Explora de ciencia e innovaci\u00f3n\",\"datePublished\":\"2025-10-28T19:36:06+00:00\",\"mainEntityOfPage\":{\"@id\":\"https:\/\/explora.cl\/biobio\/representantes-congreso-nacional-explora-biobio\/\"},\"wordCount\":851,\"commentCount\":0,\"image\":{\"@id\":\"https:\/\/explora.cl\/biobio\/representantes-congreso-nacional-explora-biobio\/#primaryimage\"},\"thumbnailUrl\":\"https:\/\/explora.cl\/biobio\/wp-content\/uploads\/sites\/14\/2025\/10\/Diseno-sin-titulo-8.png\",\"keywords\":[\"congreso nacional\",\"IIE\"],\"articleSection\":{\"0\":\"Destacado\",\"1\":\"Lugar 1\",\"2\":\"Noticias\",\"3\":\"Para Comunidad Escolar\",\"5\":\"Ultimas noticias\"},\"inLanguage\":\"es-CL\",\"potentialAction\":[{\"@type\":\"CommentAction\",\"name\":\"Comment\",\"target\":[\"https:\/\/explora.cl\/biobio\/representantes-congreso-nacional-explora-biobio\/#respond\"]}]},{\"@type\":\"WebPage\",\"@id\":\"https:\/\/explora.cl\/biobio\/representantes-congreso-nacional-explora-biobio\/\",\"url\":\"https:\/\/explora.cl\/biobio\/representantes-congreso-nacional-explora-biobio\/\",\"name\":\"Estudiantes del Biob\u00edo participan en Congreso Nacional de ciencias\",\"isPartOf\":{\"@id\":\"https:\/\/explora.cl\/biobio\/#website\"},\"primaryImageOfPage\":{\"@id\":\"https:\/\/explora.cl\/biobio\/representantes-congreso-nacional-explora-biobio\/#primaryimage\"},\"image\":{\"@id\":\"https:\/\/explora.cl\/biobio\/representantes-congreso-nacional-explora-biobio\/#primaryimage\"},\"thumbnailUrl\":\"https:\/\/explora.cl\/biobio\/wp-content\/uploads\/sites\/14\/2025\/10\/Diseno-sin-titulo-8.png\",\"datePublished\":\"2025-10-28T19:36:06+00:00\",\"author\":{\"@id\":\"https:\/\/explora.cl\/biobio\/#\/schema\/person\/28e098d9fbc79016ed58bab1c631252b\"},\"description\":\"Desde Los \u00c1ngeles y Lota, dos equipos representar\u00e1n a la regi\u00f3n en el Congreso Nacional Explora de ciencias e innovaci\u00f3n.\",\"breadcrumb\":{\"@id\":\"https:\/\/explora.cl\/biobio\/representantes-congreso-nacional-explora-biobio\/#breadcrumb\"},\"inLanguage\":\"es-CL\",\"potentialAction\":[{\"@type\":\"ReadAction\",\"target\":[\"https:\/\/explora.cl\/biobio\/representantes-congreso-nacional-explora-biobio\/\"]}]},{\"@type\":\"ImageObject\",\"inLanguage\":\"es-CL\",\"@id\":\"https:\/\/explora.cl\/biobio\/representantes-congreso-nacional-explora-biobio\/#primaryimage\",\"url\":\"https:\/\/explora.cl\/biobio\/wp-content\/uploads\/sites\/14\/2025\/10\/Diseno-sin-titulo-8.png\",\"contentUrl\":\"https:\/\/explora.cl\/biobio\/wp-content\/uploads\/sites\/14\/2025\/10\/Diseno-sin-titulo-8.png\",\"width\":845,\"height\":560},{\"@type\":\"BreadcrumbList\",\"@id\":\"https:\/\/explora.cl\/biobio\/representantes-congreso-nacional-explora-biobio\/#breadcrumb\",\"itemListElement\":[{\"@type\":\"ListItem\",\"position\":1,\"name\":\"Portada\",\"item\":\"https:\/\/explora.cl\/biobio\/\"},{\"@type\":\"ListItem\",\"position\":2,\"name\":\"Estudiantes representan al Biob\u00edo en Congreso Nacional Explora de ciencia e innovaci\u00f3n\"}]},{\"@type\":\"WebSite\",\"@id\":\"https:\/\/explora.cl\/biobio\/#website\",\"url\":\"https:\/\/explora.cl\/biobio\/\",\"name\":\"Biob\u00edo\",\"description\":\"Otro sitio m\u00e1s de explora.cl\",\"potentialAction\":[{\"@type\":\"SearchAction\",\"target\":{\"@type\":\"EntryPoint\",\"urlTemplate\":\"https:\/\/explora.cl\/biobio\/?s={search_term_string}\"},\"query-input\":{\"@type\":\"PropertyValueSpecification\",\"valueRequired\":true,\"valueName\":\"search_term_string\"}}],\"inLanguage\":\"es-CL\"},{\"@type\":\"Person\",\"@id\":\"https:\/\/explora.cl\/biobio\/#\/schema\/person\/28e098d9fbc79016ed58bab1c631252b\",\"name\":\"froldan\",\"image\":{\"@type\":\"ImageObject\",\"inLanguage\":\"es-CL\",\"@id\":\"https:\/\/explora.cl\/biobio\/#\/schema\/person\/image\/\",\"url\":\"https:\/\/secure.gravatar.com\/avatar\/07411080a6eab15b4aa8ebd4adb95b647d8ae9592fad7632257da2a562da9b88?s=96&d=mm&r=g\",\"contentUrl\":\"https:\/\/secure.gravatar.com\/avatar\/07411080a6eab15b4aa8ebd4adb95b647d8ae9592fad7632257da2a562da9b88?s=96&d=mm&r=g\",\"caption\":\"froldan\"},\"url\":\"https:\/\/explora.cl\/biobio\/author\/froldan\/\"}]}<\/script>\n<!-- \/ Yoast SEO plugin. -->","yoast_head_json":{"title":"Estudiantes del Biob\u00edo participan en Congreso Nacional de ciencias","description":"Desde Los \u00c1ngeles y Lota, dos equipos representar\u00e1n a la regi\u00f3n en el Congreso Nacional Explora de ciencias e innovaci\u00f3n.","robots":{"index":"index","follow":"follow","max-snippet":"max-snippet:-1","max-image-preview":"max-image-preview:large","max-video-preview":"max-video-preview:-1"},"canonical":"https:\/\/explora.cl\/biobio\/representantes-congreso-nacional-explora-biobio\/","og_locale":"es_ES","og_type":"article","og_title":"Estudiantes del Biob\u00edo participan en Congreso Nacional de ciencias","og_description":"Desde Los \u00c1ngeles y Lota, dos equipos representar\u00e1n a la regi\u00f3n en el Congreso Nacional Explora de ciencias e innovaci\u00f3n.","og_url":"https:\/\/explora.cl\/biobio\/representantes-congreso-nacional-explora-biobio\/","og_site_name":"Biob\u00edo","article_published_time":"2025-10-28T19:36:06+00:00","og_image":[{"width":845,"height":560,"url":"https:\/\/explora.cl\/biobio\/wp-content\/uploads\/sites\/14\/2025\/10\/Diseno-sin-titulo-8.png","type":"image\/png"}],"author":"froldan","twitter_card":"summary_large_image","twitter_misc":{"Escrito por":"froldan","Tiempo estimado de lectura":"4 minutos"},"schema":{"@context":"https:\/\/schema.org","@graph":[{"@type":"Article","@id":"https:\/\/explora.cl\/biobio\/representantes-congreso-nacional-explora-biobio\/#article","isPartOf":{"@id":"https:\/\/explora.cl\/biobio\/representantes-congreso-nacional-explora-biobio\/"},"author":{"name":"froldan","@id":"https:\/\/explora.cl\/biobio\/#\/schema\/person\/28e098d9fbc79016ed58bab1c631252b"},"headline":"Estudiantes representan al Biob\u00edo en Congreso Nacional Explora de ciencia e innovaci\u00f3n","datePublished":"2025-10-28T19:36:06+00:00","mainEntityOfPage":{"@id":"https:\/\/explora.cl\/biobio\/representantes-congreso-nacional-explora-biobio\/"},"wordCount":851,"commentCount":0,"image":{"@id":"https:\/\/explora.cl\/biobio\/representantes-congreso-nacional-explora-biobio\/#primaryimage"},"thumbnailUrl":"https:\/\/explora.cl\/biobio\/wp-content\/uploads\/sites\/14\/2025\/10\/Diseno-sin-titulo-8.png","keywords":["congreso nacional","IIE"],"articleSection":{"0":"Destacado","1":"Lugar 1","2":"Noticias","3":"Para Comunidad Escolar","5":"Ultimas noticias"},"inLanguage":"es-CL","potentialAction":[{"@type":"CommentAction","name":"Comment","target":["https:\/\/explora.cl\/biobio\/representantes-congreso-nacional-explora-biobio\/#respond"]}]},{"@type":"WebPage","@id":"https:\/\/explora.cl\/biobio\/representantes-congreso-nacional-explora-biobio\/","url":"https:\/\/explora.cl\/biobio\/representantes-congreso-nacional-explora-biobio\/","name":"Estudiantes del Biob\u00edo participan en Congreso Nacional de ciencias","isPartOf":{"@id":"https:\/\/explora.cl\/biobio\/#website"},"primaryImageOfPage":{"@id":"https:\/\/explora.cl\/biobio\/representantes-congreso-nacional-explora-biobio\/#primaryimage"},"image":{"@id":"https:\/\/explora.cl\/biobio\/representantes-congreso-nacional-explora-biobio\/#primaryimage"},"thumbnailUrl":"https:\/\/explora.cl\/biobio\/wp-content\/uploads\/sites\/14\/2025\/10\/Diseno-sin-titulo-8.png","datePublished":"2025-10-28T19:36:06+00:00","author":{"@id":"https:\/\/explora.cl\/biobio\/#\/schema\/person\/28e098d9fbc79016ed58bab1c631252b"},"description":"Desde Los \u00c1ngeles y Lota, dos equipos representar\u00e1n a la regi\u00f3n en el Congreso Nacional Explora de ciencias e innovaci\u00f3n.","breadcrumb":{"@id":"https:\/\/explora.cl\/biobio\/representantes-congreso-nacional-explora-biobio\/#breadcrumb"},"inLanguage":"es-CL","potentialAction":[{"@type":"ReadAction","target":["https:\/\/explora.cl\/biobio\/representantes-congreso-nacional-explora-biobio\/"]}]},{"@type":"ImageObject","inLanguage":"es-CL","@id":"https:\/\/explora.cl\/biobio\/representantes-congreso-nacional-explora-biobio\/#primaryimage","url":"https:\/\/explora.cl\/biobio\/wp-content\/uploads\/sites\/14\/2025\/10\/Diseno-sin-titulo-8.png","contentUrl":"https:\/\/explora.cl\/biobio\/wp-content\/uploads\/sites\/14\/2025\/10\/Diseno-sin-titulo-8.png","width":845,"height":560},{"@type":"BreadcrumbList","@id":"https:\/\/explora.cl\/biobio\/representantes-congreso-nacional-explora-biobio\/#breadcrumb","itemListElement":[{"@type":"ListItem","position":1,"name":"Portada","item":"https:\/\/explora.cl\/biobio\/"},{"@type":"ListItem","position":2,"name":"Estudiantes representan al Biob\u00edo en Congreso Nacional Explora de ciencia e innovaci\u00f3n"}]},{"@type":"WebSite","@id":"https:\/\/explora.cl\/biobio\/#website","url":"https:\/\/explora.cl\/biobio\/","name":"Biob\u00edo","description":"Otro sitio m\u00e1s de explora.cl","potentialAction":[{"@type":"SearchAction","target":{"@type":"EntryPoint","urlTemplate":"https:\/\/explora.cl\/biobio\/?s={search_term_string}"},"query-input":{"@type":"PropertyValueSpecification","valueRequired":true,"valueName":"search_term_string"}}],"inLanguage":"es-CL"},{"@type":"Person","@id":"https:\/\/explora.cl\/biobio\/#\/schema\/person\/28e098d9fbc79016ed58bab1c631252b","name":"froldan","image":{"@type":"ImageObject","inLanguage":"es-CL","@id":"https:\/\/explora.cl\/biobio\/#\/schema\/person\/image\/","url":"https:\/\/secure.gravatar.com\/avatar\/07411080a6eab15b4aa8ebd4adb95b647d8ae9592fad7632257da2a562da9b88?s=96&d=mm&r=g","contentUrl":"https:\/\/secure.gravatar.com\/avatar\/07411080a6eab15b4aa8ebd4adb95b647d8ae9592fad7632257da2a562da9b88?s=96&d=mm&r=g","caption":"froldan"},"url":"https:\/\/explora.cl\/biobio\/author\/froldan\/"}]}},"_links":{"self":[{"href":"https:\/\/explora.cl\/biobio\/wp-json\/wp\/v2\/posts\/41215","targetHints":{"allow":["GET"]}}],"collection":[{"href":"https:\/\/explora.cl\/biobio\/wp-json\/wp\/v2\/posts"}],"about":[{"href":"https:\/\/explora.cl\/biobio\/wp-json\/wp\/v2\/types\/post"}],"author":[{"embeddable":true,"href":"https:\/\/explora.cl\/biobio\/wp-json\/wp\/v2\/users\/30"}],"replies":[{"embeddable":true,"href":"https:\/\/explora.cl\/biobio\/wp-json\/wp\/v2\/comments?post=41215"}],"version-history":[{"count":1,"href":"https:\/\/explora.cl\/biobio\/wp-json\/wp\/v2\/posts\/41215\/revisions"}],"predecessor-version":[{"id":41217,"href":"https:\/\/explora.cl\/biobio\/wp-json\/wp\/v2\/posts\/41215\/revisions\/41217"}],"wp:featuredmedia":[{"embeddable":true,"href":"https:\/\/explora.cl\/biobio\/wp-json\/wp\/v2\/media\/41216"}],"wp:attachment":[{"href":"https:\/\/explora.cl\/biobio\/wp-json\/wp\/v2\/media?parent=41215"}],"wp:term":[{"taxonomy":"category","embeddable":true,"href":"https:\/\/explora.cl\/biobio\/wp-json\/wp\/v2\/categories?post=41215"},{"taxonomy":"post_tag","embeddable":true,"href":"https:\/\/explora.cl\/biobio\/wp-json\/wp\/v2\/tags?post=41215"}],"curies":[{"name":"wp","href":"https:\/\/api.w.org\/{rel}","templated":true}]}}