{"id":41028,"date":"2024-11-19T16:22:21","date_gmt":"2024-11-19T19:22:21","guid":{"rendered":"https:\/\/explora.cl\/biobio\/?p=41028"},"modified":"2025-03-26T12:55:13","modified_gmt":"2025-03-26T15:55:13","slug":"cierre-iie-2024","status":"publish","type":"post","link":"https:\/\/explora.cl\/biobio\/cierre-iie-2024\/","title":{"rendered":"Con m\u00e1s de 150 estudiantes se realiz\u00f3 feria de Investigaci\u00f3n e Innovaci\u00f3n Escolar"},"content":{"rendered":"<p style=\"text-align: center\"><i><span style=\"font-weight: 400\">El evento reuni\u00f3 a 72 equipos escolares de la regi\u00f3n, quienes expusieron el trabajo realizado durante todo este a\u00f1o buscando soluciones a problem\u00e1ticas locales.<\/span><\/i><\/p>\n<p><span style=\"font-weight: 400\">El martes 12 de noviembre se realiz\u00f3 el \u201cEncuentro Regional de Socializaci\u00f3n IIE 2024\u201d, donde se reunieron m\u00e1s de 150 estudiantes para compartir una jornada en torno a la ciencia e innovaci\u00f3n.<\/span><\/p>\n<p><span style=\"font-weight: 400\">En la actividad participaron 72 equipos y se enmarca en Investigaci\u00f3n e Innovaci\u00f3n Escolar (IIE), iniciativa nacional del Ministerio de Ciencia, Tecnolog\u00eda, Conocimiento e Innovaci\u00f3n, a trav\u00e9s del Proyecto Asociativo Regional Explora Biob\u00edo, que es ejecutado por el Centro Interactivo de Ciencias, Artes y Tecnolog\u00edas (CICAT) de la Universidad de Concepci\u00f3n.<\/span><\/p>\n<p><span style=\"font-weight: 400\">La jornada inici\u00f3 con una ceremonia de reconocimiento a los equipos que representaron a la regi\u00f3n en el Encuentro de la Macrozona Centro Sur. En la ceremonia estuvo presente <\/span><b>Daniela Dresdner Vicencio, Delegada Presidencial del Biob\u00edo<\/b><span style=\"font-weight: 400\">, quien destac\u00f3 la importancia para el pa\u00eds de fomentar estos espacios.<\/span><\/p>\n<p><i><span style=\"font-weight: 400\">\u201cPara nuestro Gobierno, la divulgaci\u00f3n cient\u00edfica y tecnol\u00f3gica son fundamentales en la formaci\u00f3n de estudiantes en todo el pa\u00eds\u201d<\/span><\/i><span style=\"font-weight: 400\">, destac\u00f3 la Delegada Presidencial, quien agreg\u00f3 que estas \u00e1reas son <\/span><i><span style=\"font-weight: 400\">\u201cun insumo clave para la innovaci\u00f3n en las comunidades educativas y una forma de promover la ciencia desde una edad temprana\u201d<\/span><\/i><span style=\"font-weight: 400\">.<\/span><\/p>\n<p><span style=\"font-weight: 400\">En la misma l\u00ednea, el<\/span><b> Seremi de Ciencia de la Macrozona Centro Sur<\/b><span style=\"font-weight: 400\">, <\/span><b>Gustavo N\u00fa\u00f1ez Acu\u00f1a<\/b><span style=\"font-weight: 400\">, resalt\u00f3 la importancia de la iniciativa, comentando que instancias como IIE\u00a0 <\/span><i><span style=\"font-weight: 400\">\u201cpermiten desarrollar competencias cient\u00edficas y valorar la ciencia, tecnolog\u00eda e innovaci\u00f3n desde temprana edad, promoviendo soluciones para las problem\u00e1ticas locales\u201d<\/span><\/i><span style=\"font-weight: 400\">.<\/span><\/p>\n<h2><b>Encuentro Regional de Socializaci\u00f3n: Feria y picnic cient\u00edfico<\/b><\/h2>\n<p><span style=\"font-weight: 400\">Tras la ceremonia de reconocimiento se vivi\u00f3 la feria, donde equipos escolares presentaron sus trabajos a la comunidad cient\u00edfica, instancia donde estudiantes de primer y segundo ciclo de Educaci\u00f3n B\u00e1sica, y de Educaci\u00f3n Media, expusieron el trabajo que realizaron durante todo el a\u00f1o.<\/span><\/p>\n<p><span style=\"font-weight: 400\">Una de las estudiantes que particip\u00f3 en la feria fue <\/span><b><i>Darling Leal Ponce<\/i><\/b><span style=\"font-weight: 400\">, del Liceo T\u00e9cnico Bicentenario Juanita Fern\u00e1ndez Solar de la comuna de Los \u00c1ngeles, quien disfrut\u00f3 de la iniciativa. <\/span><i><span style=\"font-weight: 400\">\u201cFue una actividad muy bonita, pude conocer los proyectos de los dem\u00e1s equipos\u201d<\/span><\/i><span style=\"font-weight: 400\">, coment\u00f3 la estudiante , quien adem\u00e1s coment\u00f3 que IIE le<\/span><i><span style=\"font-weight: 400\"> \u201centusiasm\u00f3 much\u00edsimo m\u00e1s con la ciencia\u201d<\/span><\/i><span style=\"font-weight: 400\">.<\/span><\/p>\n<p><span style=\"font-weight: 400\">La jornada tambi\u00e9n cont\u00f3 con una instancia de socializaci\u00f3n entre estudiantes y la comunidad cient\u00edfica, donde a trav\u00e9s de un p\u00edcnic compartieron sobre las experiencias de su trabajo con las ciencias. En este Encuentro Regional, m\u00e1s de 120 personas de la academia y el mundo cient\u00edfico participaron, entregando una retroalimentaci\u00f3n a la presentaci\u00f3n del trabajo de los equipos escolares, as\u00ed como posteriormente en el p\u00edcnic cient\u00edfico.<\/span><\/p>\n<p><span style=\"font-weight: 400\">Tras la socializaci\u00f3n, la m\u00fasica se hizo presente, donde las distintas comunidades pudieron disfrutar de la banda Larrea Trip con temas como \u201cEscenas del Apocalipsis\u201d o \u201cJueves de S\u00e1bado por la Noche\u201d.<\/span><\/p>\n<h2><b>\u201cIIE les abre otras expectativas de vida\u201d<\/b><\/h2>\n<p><span style=\"font-weight: 400\">La iniciativa de IIE este 2024 cont\u00f3 con la participaci\u00f3n de 22 comunas de la regi\u00f3n, alcance que responde tambi\u00e9n al trabajo de docentes l\u00edderes de sus comunidades, con equipos que provienen de las tres provincias.<\/span><\/p>\n<p><span style=\"font-weight: 400\">Una de las docentes l\u00edderes es<\/span><b> Palmenia Malio Orme\u00f1o<\/b><span style=\"font-weight: 400\">, del Liceo Bicentenario de Excelencia Industrial de Tom\u00e9, cuyo equipo realiza un trabajo de divulgaci\u00f3n cient\u00edfica del hidr\u00f3geno verde, quien considera que IIE ha sido significativa para sus estudiantes.<\/span><\/p>\n<p><i><span style=\"font-weight: 400\">\u201cDe ser estudiantes que no cre\u00edan en sus capacidades, que no ten\u00edan mayor conocimiento del mundo cient\u00edfico, pasaron a ser estudiantes empoderados y que conf\u00edan en sus capacidades\u201d<\/span><\/i><span style=\"font-weight: 400\">, precisa la docente de la comuna de Tom\u00e9, quien concluye <\/span><i><span style=\"font-weight: 400\">\u201clas y los estudiantes tienen objetivos de vida diferente a cuando partimos algunos meses atr\u00e1s\u201d<\/span><\/i><span style=\"font-weight: 400\">.<\/span><\/p>\n<p><span style=\"font-weight: 400\">Este tipo de experiencias son compartidas por diversos docentes, quienes valoran IIE como un gran elemento para fortalecer las competencias cient\u00edficas en sus comunidades. Para la <\/span><b>directora de Explora Biob\u00edo<\/b><span style=\"font-weight: 400\">, <\/span><b>M\u00f3nica Badilla Ram\u00edrez<\/b><span style=\"font-weight: 400\">, esta reflexi\u00f3n es relevante, ya que permite que m\u00e1s estudiantes conozcan y vivan las ciencias.<\/span><\/p>\n<p><i><span style=\"font-weight: 400\">\u201cIIE es capaz de forjar vocaciones en las y los estudiantes, quienes son marcados por el aprendizaje y los v\u00ednculos con la comunidad cient\u00edfica, con oportunidades muchas veces de\u00a0 conocer laboratorios o centros de investigaci\u00f3n\u201d<\/span><\/i><span style=\"font-weight: 400\">, comenta la directora de Explora Biob\u00edo, agregando que estos conocimientos<\/span><i><span style=\"font-weight: 400\"> \u201ctambi\u00e9n colaboran en la formaci\u00f3n de personas cr\u00edticas y con capacidad de an\u00e1lisis, elementos importantes y transversales para la vida de todas y todos\u201d<\/span><\/i><span style=\"font-weight: 400\">.<\/span><\/p>\n","protected":false},"excerpt":{"rendered":"<p>El evento reuni\u00f3 a 72 equipos escolares de la regi\u00f3n, quienes expusieron el trabajo realizado durante todo este a\u00f1o buscando soluciones a problem\u00e1ticas locales.<\/p>\n","protected":false},"author":30,"featured_media":41029,"comment_status":"open","ping_status":"open","sticky":false,"template":"","format":"standard","meta":{"_acf_changed":false,"_exactmetrics_skip_tracking":false,"_exactmetrics_sitenote_active":false,"_exactmetrics_sitenote_note":"","_exactmetrics_sitenote_category":0,"footnotes":"","_links_to":"","_links_to_target":""},"categories":[130,151,138],"tags":[299],"class_list":["post-41028","post","type-post","status-publish","format-standard","has-post-thumbnail","hentry","category-acceso-a-educacion-superior_publ_grl","category-banner","category-lugar-3","tag-iie"],"acf":[],"yoast_head":"<!-- This site is optimized with the Yoast SEO plugin v26.9 - https:\/\/yoast.com\/product\/yoast-seo-wordpress\/ -->\n<title>Explora Biob\u00edo realiz\u00f3 feria cient\u00edfica con m\u00e1s de 150 estudiantes<\/title>\n<meta name=\"description\" content=\"Estudiantes expusieron sus trabajos de investigaci\u00f3n e innovaci\u00f3n a la comunidad cient\u00edfica, y compartieron entre s\u00ed en un picnic cient\u00edfico.\" class=\"yoast-seo-meta-tag\" \/>\n<meta name=\"robots\" content=\"index, follow, max-snippet:-1, max-image-preview:large, max-video-preview:-1\" \/>\n<link rel=\"canonical\" href=\"https:\/\/explora.cl\/biobio\/cierre-iie-2024\/\" class=\"yoast-seo-meta-tag\" \/>\n<meta property=\"og:locale\" content=\"es_ES\" class=\"yoast-seo-meta-tag\" \/>\n<meta property=\"og:type\" content=\"article\" class=\"yoast-seo-meta-tag\" \/>\n<meta property=\"og:title\" content=\"Explora Biob\u00edo realiz\u00f3 feria cient\u00edfica con m\u00e1s de 150 estudiantes\" class=\"yoast-seo-meta-tag\" \/>\n<meta property=\"og:description\" content=\"Estudiantes expusieron sus trabajos de investigaci\u00f3n e innovaci\u00f3n a la comunidad cient\u00edfica, y compartieron entre s\u00ed en un picnic cient\u00edfico.\" class=\"yoast-seo-meta-tag\" \/>\n<meta property=\"og:url\" content=\"https:\/\/explora.cl\/biobio\/cierre-iie-2024\/\" class=\"yoast-seo-meta-tag\" \/>\n<meta property=\"og:site_name\" content=\"Biob\u00edo\" class=\"yoast-seo-meta-tag\" \/>\n<meta property=\"article:published_time\" content=\"2024-11-19T19:22:21+00:00\" class=\"yoast-seo-meta-tag\" \/>\n<meta property=\"article:modified_time\" content=\"2025-03-26T15:55:13+00:00\" class=\"yoast-seo-meta-tag\" \/>\n<meta property=\"og:image\" content=\"https:\/\/explora.cl\/biobio\/wp-content\/uploads\/sites\/14\/2024\/11\/imagen-destacada-blog-9.png\" class=\"yoast-seo-meta-tag\" \/>\n\t<meta property=\"og:image:width\" content=\"735\" class=\"yoast-seo-meta-tag\" \/>\n\t<meta property=\"og:image:height\" content=\"470\" class=\"yoast-seo-meta-tag\" \/>\n\t<meta property=\"og:image:type\" content=\"image\/png\" class=\"yoast-seo-meta-tag\" \/>\n<meta name=\"author\" content=\"froldan\" class=\"yoast-seo-meta-tag\" \/>\n<meta name=\"twitter:card\" content=\"summary_large_image\" class=\"yoast-seo-meta-tag\" \/>\n<meta name=\"twitter:label1\" content=\"Escrito por\" class=\"yoast-seo-meta-tag\" \/>\n\t<meta name=\"twitter:data1\" content=\"froldan\" class=\"yoast-seo-meta-tag\" \/>\n\t<meta name=\"twitter:label2\" content=\"Tiempo estimado de lectura\" class=\"yoast-seo-meta-tag\" \/>\n\t<meta name=\"twitter:data2\" content=\"4 minutos\" class=\"yoast-seo-meta-tag\" \/>\n<script type=\"application\/ld+json\" class=\"yoast-schema-graph\">{\"@context\":\"https:\/\/schema.org\",\"@graph\":[{\"@type\":\"Article\",\"@id\":\"https:\/\/explora.cl\/biobio\/cierre-iie-2024\/#article\",\"isPartOf\":{\"@id\":\"https:\/\/explora.cl\/biobio\/cierre-iie-2024\/\"},\"author\":{\"name\":\"froldan\",\"@id\":\"https:\/\/explora.cl\/biobio\/#\/schema\/person\/28e098d9fbc79016ed58bab1c631252b\"},\"headline\":\"Con m\u00e1s de 150 estudiantes se realiz\u00f3 feria de Investigaci\u00f3n e Innovaci\u00f3n Escolar\",\"datePublished\":\"2024-11-19T19:22:21+00:00\",\"dateModified\":\"2025-03-26T15:55:13+00:00\",\"mainEntityOfPage\":{\"@id\":\"https:\/\/explora.cl\/biobio\/cierre-iie-2024\/\"},\"wordCount\":802,\"commentCount\":0,\"image\":{\"@id\":\"https:\/\/explora.cl\/biobio\/cierre-iie-2024\/#primaryimage\"},\"thumbnailUrl\":\"https:\/\/explora.cl\/biobio\/wp-content\/uploads\/sites\/14\/2024\/11\/imagen-destacada-blog-9.png\",\"keywords\":[\"IIE\"],\"articleSection\":[\"Acceso a educaci\u00f3n superior\",\"Banner\",\"Lugar 3\"],\"inLanguage\":\"es-CL\",\"potentialAction\":[{\"@type\":\"CommentAction\",\"name\":\"Comment\",\"target\":[\"https:\/\/explora.cl\/biobio\/cierre-iie-2024\/#respond\"]}]},{\"@type\":\"WebPage\",\"@id\":\"https:\/\/explora.cl\/biobio\/cierre-iie-2024\/\",\"url\":\"https:\/\/explora.cl\/biobio\/cierre-iie-2024\/\",\"name\":\"Explora Biob\u00edo realiz\u00f3 feria cient\u00edfica con m\u00e1s de 150 estudiantes\",\"isPartOf\":{\"@id\":\"https:\/\/explora.cl\/biobio\/#website\"},\"primaryImageOfPage\":{\"@id\":\"https:\/\/explora.cl\/biobio\/cierre-iie-2024\/#primaryimage\"},\"image\":{\"@id\":\"https:\/\/explora.cl\/biobio\/cierre-iie-2024\/#primaryimage\"},\"thumbnailUrl\":\"https:\/\/explora.cl\/biobio\/wp-content\/uploads\/sites\/14\/2024\/11\/imagen-destacada-blog-9.png\",\"datePublished\":\"2024-11-19T19:22:21+00:00\",\"dateModified\":\"2025-03-26T15:55:13+00:00\",\"author\":{\"@id\":\"https:\/\/explora.cl\/biobio\/#\/schema\/person\/28e098d9fbc79016ed58bab1c631252b\"},\"description\":\"Estudiantes expusieron sus trabajos de investigaci\u00f3n e innovaci\u00f3n a la comunidad cient\u00edfica, y compartieron entre s\u00ed en un picnic cient\u00edfico.\",\"breadcrumb\":{\"@id\":\"https:\/\/explora.cl\/biobio\/cierre-iie-2024\/#breadcrumb\"},\"inLanguage\":\"es-CL\",\"potentialAction\":[{\"@type\":\"ReadAction\",\"target\":[\"https:\/\/explora.cl\/biobio\/cierre-iie-2024\/\"]}]},{\"@type\":\"ImageObject\",\"inLanguage\":\"es-CL\",\"@id\":\"https:\/\/explora.cl\/biobio\/cierre-iie-2024\/#primaryimage\",\"url\":\"https:\/\/explora.cl\/biobio\/wp-content\/uploads\/sites\/14\/2024\/11\/imagen-destacada-blog-9.png\",\"contentUrl\":\"https:\/\/explora.cl\/biobio\/wp-content\/uploads\/sites\/14\/2024\/11\/imagen-destacada-blog-9.png\",\"width\":735,\"height\":470},{\"@type\":\"BreadcrumbList\",\"@id\":\"https:\/\/explora.cl\/biobio\/cierre-iie-2024\/#breadcrumb\",\"itemListElement\":[{\"@type\":\"ListItem\",\"position\":1,\"name\":\"Portada\",\"item\":\"https:\/\/explora.cl\/biobio\/\"},{\"@type\":\"ListItem\",\"position\":2,\"name\":\"Con m\u00e1s de 150 estudiantes se realiz\u00f3 feria de Investigaci\u00f3n e Innovaci\u00f3n Escolar\"}]},{\"@type\":\"WebSite\",\"@id\":\"https:\/\/explora.cl\/biobio\/#website\",\"url\":\"https:\/\/explora.cl\/biobio\/\",\"name\":\"Biob\u00edo\",\"description\":\"Otro sitio m\u00e1s de explora.cl\",\"potentialAction\":[{\"@type\":\"SearchAction\",\"target\":{\"@type\":\"EntryPoint\",\"urlTemplate\":\"https:\/\/explora.cl\/biobio\/?s={search_term_string}\"},\"query-input\":{\"@type\":\"PropertyValueSpecification\",\"valueRequired\":true,\"valueName\":\"search_term_string\"}}],\"inLanguage\":\"es-CL\"},{\"@type\":\"Person\",\"@id\":\"https:\/\/explora.cl\/biobio\/#\/schema\/person\/28e098d9fbc79016ed58bab1c631252b\",\"name\":\"froldan\",\"image\":{\"@type\":\"ImageObject\",\"inLanguage\":\"es-CL\",\"@id\":\"https:\/\/explora.cl\/biobio\/#\/schema\/person\/image\/\",\"url\":\"https:\/\/secure.gravatar.com\/avatar\/07411080a6eab15b4aa8ebd4adb95b647d8ae9592fad7632257da2a562da9b88?s=96&d=mm&r=g\",\"contentUrl\":\"https:\/\/secure.gravatar.com\/avatar\/07411080a6eab15b4aa8ebd4adb95b647d8ae9592fad7632257da2a562da9b88?s=96&d=mm&r=g\",\"caption\":\"froldan\"},\"url\":\"https:\/\/explora.cl\/biobio\/author\/froldan\/\"}]}<\/script>\n<!-- \/ Yoast SEO plugin. -->","yoast_head_json":{"title":"Explora Biob\u00edo realiz\u00f3 feria cient\u00edfica con m\u00e1s de 150 estudiantes","description":"Estudiantes expusieron sus trabajos de investigaci\u00f3n e innovaci\u00f3n a la comunidad cient\u00edfica, y compartieron entre s\u00ed en un picnic cient\u00edfico.","robots":{"index":"index","follow":"follow","max-snippet":"max-snippet:-1","max-image-preview":"max-image-preview:large","max-video-preview":"max-video-preview:-1"},"canonical":"https:\/\/explora.cl\/biobio\/cierre-iie-2024\/","og_locale":"es_ES","og_type":"article","og_title":"Explora Biob\u00edo realiz\u00f3 feria cient\u00edfica con m\u00e1s de 150 estudiantes","og_description":"Estudiantes expusieron sus trabajos de investigaci\u00f3n e innovaci\u00f3n a la comunidad cient\u00edfica, y compartieron entre s\u00ed en un picnic cient\u00edfico.","og_url":"https:\/\/explora.cl\/biobio\/cierre-iie-2024\/","og_site_name":"Biob\u00edo","article_published_time":"2024-11-19T19:22:21+00:00","article_modified_time":"2025-03-26T15:55:13+00:00","og_image":[{"width":735,"height":470,"url":"https:\/\/explora.cl\/biobio\/wp-content\/uploads\/sites\/14\/2024\/11\/imagen-destacada-blog-9.png","type":"image\/png"}],"author":"froldan","twitter_card":"summary_large_image","twitter_misc":{"Escrito por":"froldan","Tiempo estimado de lectura":"4 minutos"},"schema":{"@context":"https:\/\/schema.org","@graph":[{"@type":"Article","@id":"https:\/\/explora.cl\/biobio\/cierre-iie-2024\/#article","isPartOf":{"@id":"https:\/\/explora.cl\/biobio\/cierre-iie-2024\/"},"author":{"name":"froldan","@id":"https:\/\/explora.cl\/biobio\/#\/schema\/person\/28e098d9fbc79016ed58bab1c631252b"},"headline":"Con m\u00e1s de 150 estudiantes se realiz\u00f3 feria de Investigaci\u00f3n e Innovaci\u00f3n Escolar","datePublished":"2024-11-19T19:22:21+00:00","dateModified":"2025-03-26T15:55:13+00:00","mainEntityOfPage":{"@id":"https:\/\/explora.cl\/biobio\/cierre-iie-2024\/"},"wordCount":802,"commentCount":0,"image":{"@id":"https:\/\/explora.cl\/biobio\/cierre-iie-2024\/#primaryimage"},"thumbnailUrl":"https:\/\/explora.cl\/biobio\/wp-content\/uploads\/sites\/14\/2024\/11\/imagen-destacada-blog-9.png","keywords":["IIE"],"articleSection":["Acceso a educaci\u00f3n superior","Banner","Lugar 3"],"inLanguage":"es-CL","potentialAction":[{"@type":"CommentAction","name":"Comment","target":["https:\/\/explora.cl\/biobio\/cierre-iie-2024\/#respond"]}]},{"@type":"WebPage","@id":"https:\/\/explora.cl\/biobio\/cierre-iie-2024\/","url":"https:\/\/explora.cl\/biobio\/cierre-iie-2024\/","name":"Explora Biob\u00edo realiz\u00f3 feria cient\u00edfica con m\u00e1s de 150 estudiantes","isPartOf":{"@id":"https:\/\/explora.cl\/biobio\/#website"},"primaryImageOfPage":{"@id":"https:\/\/explora.cl\/biobio\/cierre-iie-2024\/#primaryimage"},"image":{"@id":"https:\/\/explora.cl\/biobio\/cierre-iie-2024\/#primaryimage"},"thumbnailUrl":"https:\/\/explora.cl\/biobio\/wp-content\/uploads\/sites\/14\/2024\/11\/imagen-destacada-blog-9.png","datePublished":"2024-11-19T19:22:21+00:00","dateModified":"2025-03-26T15:55:13+00:00","author":{"@id":"https:\/\/explora.cl\/biobio\/#\/schema\/person\/28e098d9fbc79016ed58bab1c631252b"},"description":"Estudiantes expusieron sus trabajos de investigaci\u00f3n e innovaci\u00f3n a la comunidad cient\u00edfica, y compartieron entre s\u00ed en un picnic cient\u00edfico.","breadcrumb":{"@id":"https:\/\/explora.cl\/biobio\/cierre-iie-2024\/#breadcrumb"},"inLanguage":"es-CL","potentialAction":[{"@type":"ReadAction","target":["https:\/\/explora.cl\/biobio\/cierre-iie-2024\/"]}]},{"@type":"ImageObject","inLanguage":"es-CL","@id":"https:\/\/explora.cl\/biobio\/cierre-iie-2024\/#primaryimage","url":"https:\/\/explora.cl\/biobio\/wp-content\/uploads\/sites\/14\/2024\/11\/imagen-destacada-blog-9.png","contentUrl":"https:\/\/explora.cl\/biobio\/wp-content\/uploads\/sites\/14\/2024\/11\/imagen-destacada-blog-9.png","width":735,"height":470},{"@type":"BreadcrumbList","@id":"https:\/\/explora.cl\/biobio\/cierre-iie-2024\/#breadcrumb","itemListElement":[{"@type":"ListItem","position":1,"name":"Portada","item":"https:\/\/explora.cl\/biobio\/"},{"@type":"ListItem","position":2,"name":"Con m\u00e1s de 150 estudiantes se realiz\u00f3 feria de Investigaci\u00f3n e Innovaci\u00f3n Escolar"}]},{"@type":"WebSite","@id":"https:\/\/explora.cl\/biobio\/#website","url":"https:\/\/explora.cl\/biobio\/","name":"Biob\u00edo","description":"Otro sitio m\u00e1s de explora.cl","potentialAction":[{"@type":"SearchAction","target":{"@type":"EntryPoint","urlTemplate":"https:\/\/explora.cl\/biobio\/?s={search_term_string}"},"query-input":{"@type":"PropertyValueSpecification","valueRequired":true,"valueName":"search_term_string"}}],"inLanguage":"es-CL"},{"@type":"Person","@id":"https:\/\/explora.cl\/biobio\/#\/schema\/person\/28e098d9fbc79016ed58bab1c631252b","name":"froldan","image":{"@type":"ImageObject","inLanguage":"es-CL","@id":"https:\/\/explora.cl\/biobio\/#\/schema\/person\/image\/","url":"https:\/\/secure.gravatar.com\/avatar\/07411080a6eab15b4aa8ebd4adb95b647d8ae9592fad7632257da2a562da9b88?s=96&d=mm&r=g","contentUrl":"https:\/\/secure.gravatar.com\/avatar\/07411080a6eab15b4aa8ebd4adb95b647d8ae9592fad7632257da2a562da9b88?s=96&d=mm&r=g","caption":"froldan"},"url":"https:\/\/explora.cl\/biobio\/author\/froldan\/"}]}},"_links":{"self":[{"href":"https:\/\/explora.cl\/biobio\/wp-json\/wp\/v2\/posts\/41028","targetHints":{"allow":["GET"]}}],"collection":[{"href":"https:\/\/explora.cl\/biobio\/wp-json\/wp\/v2\/posts"}],"about":[{"href":"https:\/\/explora.cl\/biobio\/wp-json\/wp\/v2\/types\/post"}],"author":[{"embeddable":true,"href":"https:\/\/explora.cl\/biobio\/wp-json\/wp\/v2\/users\/30"}],"replies":[{"embeddable":true,"href":"https:\/\/explora.cl\/biobio\/wp-json\/wp\/v2\/comments?post=41028"}],"version-history":[{"count":1,"href":"https:\/\/explora.cl\/biobio\/wp-json\/wp\/v2\/posts\/41028\/revisions"}],"predecessor-version":[{"id":41030,"href":"https:\/\/explora.cl\/biobio\/wp-json\/wp\/v2\/posts\/41028\/revisions\/41030"}],"wp:featuredmedia":[{"embeddable":true,"href":"https:\/\/explora.cl\/biobio\/wp-json\/wp\/v2\/media\/41029"}],"wp:attachment":[{"href":"https:\/\/explora.cl\/biobio\/wp-json\/wp\/v2\/media?parent=41028"}],"wp:term":[{"taxonomy":"category","embeddable":true,"href":"https:\/\/explora.cl\/biobio\/wp-json\/wp\/v2\/categories?post=41028"},{"taxonomy":"post_tag","embeddable":true,"href":"https:\/\/explora.cl\/biobio\/wp-json\/wp\/v2\/tags?post=41028"}],"curies":[{"name":"wp","href":"https:\/\/api.w.org\/{rel}","templated":true}]}}