{"id":37528,"date":"2014-05-20T00:00:00","date_gmt":"2014-05-20T04:00:00","guid":{"rendered":"https:\/\/explora.cl\/biobio\/blog\/2014\/05\/20\/plantilla-noticias-regionales-biobio-6\/"},"modified":"2019-05-20T18:41:47","modified_gmt":"2019-05-20T18:41:47","slug":"plantilla-noticias-regionales-biobio-6","status":"publish","type":"post","link":"https:\/\/explora.cl\/biobio\/plantilla-noticias-regionales-biobio-6\/","title":{"rendered":"Con \u00e9xito se realizaron las Jornadas de Actualizaci\u00f3n de Contenido para profesionales de la educaci\u00f3n"},"content":{"rendered":"<table style=\"height: 269px;width: 540px\" border=\"0\">\n<tbody>\n<tr>\n<td valign=\"top\"><img fetchpriority=\"high\" decoding=\"async\" class=\" size-full wp-image-2391\" src=\"http:\/\/ec2-34-218-253-251.us-west-2.compute.amazonaws.com\/wp-content\/uploads\/2014\/05\/IMG_5633_Mobile.jpg\" alt=\"IMG 5633 Mobile\" width=\"300\" height=\"190\" \/><\/td>\n<td>\n<p style=\"margin-top: 10px;margin-bottom: 5px;color: #444444;font-family: 'Trebuchet MS', sans-serif;font-size: 12px;line-height: 16px;text-align: justify\"><span style=\"color: #444444;font-family: 'Trebuchet MS', sans-serif;font-size: 12px;line-height: 16px\">Entre el 12 y el 16 de mayo se realizaron las jornadas de actualizaci\u00f3n para profesionales de la educaci\u00f3n, en el tema Explora del a\u00f1o &#8220;Vida, Ciencia y Tecnolog\u00eda&#8221;, para las provincias de \u00d1uble, Concepci\u00f3n, Arauco y Biob\u00edo. Las instancias contaron con el apoyo de la Facultad de Ciencias Biol\u00f3gicas, el Centro Interactivo de Ciencias, Artes y Tecnolog\u00edas, CiCAT, y de la Carrera de Kinesiolog\u00eda, todos profesionales de la Universidad de Concepci\u00f3n.<\/span><\/p>\n<\/td>\n<\/tr>\n<tr>\n<td colspan=\"2\">&nbsp; <\/p>\n<p style=\"margin-top: 10px;margin-bottom: 5px;color: #444444;font-family: 'Trebuchet MS', sans-serif;font-size: 12px;line-height: 16px\">\u201cC\u00e9lulas madre diferenciadas in vitro y su aplicaci\u00f3n en pacientes con lesiones osteocondrales\u201d; \u201cDise\u00f1o de nuevos f\u00e1rmacos utilizando la cristalograf\u00eda de prote\u00ednas\u201d, \u201cUso de los videojuegos como herramienta de aprendizaje\u201d y \u201cTaller de innovaci\u00f3n para educadores\u201d fueron las tem\u00e1ticas que se trataron en la mayor\u00eda de las provincias.<\/p>\n<p style=\"margin-top: 10px;margin-bottom: 5px;color: #444444;font-family: 'Trebuchet MS', sans-serif;font-size: 12px;line-height: 16px\">En el caso de la charla sobre c\u00e9lulas madres busca mostrar las potencialidades que presentan el uso de c\u00e9lulas madres para el tratamiento algunas patolog\u00edas y la experiencia que se ha desarrollado en la regi\u00f3n del Biob\u00edo al servicio de la comunidad.<\/p>\n<p style=\"margin-top: 10px;margin-bottom: 5px;color: #444444;font-family: 'Trebuchet MS', sans-serif;font-size: 12px;line-height: 16px\">El director de Explora Biob\u00edo, Jos\u00e9 Mart\u00ednez Oyanedel, coment\u00f3 que el taller relacionado con videojuegos busca explicar \u201cc\u00f3mo se pueden utilizar tecnolog\u00edas que son para jugar, como son las famosas consolas WII para trabajar kin\u00e9sicamente la recuperaci\u00f3n de personas enfermas, o como se pueden usar las tablets y celulares para hacer clases en el aula\u201d.<\/p>\n<p style=\"margin-top: 10px;margin-bottom: 5px;color: #444444;font-family: 'Trebuchet MS', sans-serif;font-size: 12px;line-height: 16px\">Cabe destacar, a pesar de haber desarrollado estas jornadas en todas las provincias, se agreg\u00f3 la correspondiente a \u00d1uble Costa, que se realizar\u00e1 el d\u00eda 22 de mayo, en el Colegio San Agust\u00edn de Quirihue.<\/p>\n<p style=\"margin-top: 10px;margin-bottom: 5px;color: #444444;font-family: 'Trebuchet MS', sans-serif;font-size: 12px;line-height: 16px\">Si desea descargar el resumen de las charlas, pinche&nbsp;<a style=\"color: #007399\" href=\"https:\/\/explora.cl\/images\/stories\/Resumen_de_Conferencias_Jornadas_de_Actualizacin.pdf\" target=\"_blank\" rel=\"noopener noreferrer\">aqu\u00ed<\/a><\/p>\n<\/td>\n<\/tr>\n<\/tbody>\n<\/table>\n","protected":false},"excerpt":{"rendered":"<p>Entre el 12 y el 16 de mayo se realizaron las jornadas de actualizaci\u00f3n para profesionales de la educaci\u00f3n, en el tema Explora del a\u00f1o &#8220;Vida, Ciencia y Tecnolog\u00eda&#8221;, para las provincias de \u00d1uble, Concepci\u00f3n, Arauco y Biob\u00edo. Las instancias contaron con el apoyo de la Facultad de Ciencias Biol\u00f3gicas, el Centro Interactivo de Ciencias, [&hellip;]<\/p>\n","protected":false},"author":2,"featured_media":33766,"comment_status":"open","ping_status":"open","sticky":false,"template":"","format":"standard","meta":{"_acf_changed":false,"_exactmetrics_skip_tracking":false,"_exactmetrics_sitenote_active":false,"_exactmetrics_sitenote_note":"","_exactmetrics_sitenote_category":0,"footnotes":"","_links_to":"","_links_to_target":""},"categories":[4],"tags":[],"class_list":["post-37528","post","type-post","status-publish","format-standard","has-post-thumbnail","hentry","category-noticias"],"acf":[],"yoast_head":"<!-- This site is optimized with the Yoast SEO plugin v26.9 - https:\/\/yoast.com\/product\/yoast-seo-wordpress\/ -->\n<title>Con \u00e9xito se realizaron las Jornadas de Actualizaci\u00f3n de Contenido para profesionales de la educaci\u00f3n - Biob\u00edo<\/title>\n<meta name=\"robots\" content=\"index, follow, max-snippet:-1, max-image-preview:large, max-video-preview:-1\" \/>\n<link rel=\"canonical\" href=\"https:\/\/explora.cl\/biobio\/plantilla-noticias-regionales-biobio-6\/\" class=\"yoast-seo-meta-tag\" \/>\n<meta property=\"og:locale\" content=\"es_ES\" class=\"yoast-seo-meta-tag\" \/>\n<meta property=\"og:type\" content=\"article\" class=\"yoast-seo-meta-tag\" \/>\n<meta property=\"og:title\" content=\"Con \u00e9xito se realizaron las Jornadas de Actualizaci\u00f3n de Contenido para profesionales de la educaci\u00f3n - Biob\u00edo\" class=\"yoast-seo-meta-tag\" \/>\n<meta property=\"og:description\" content=\"Entre el 12 y el 16 de mayo se realizaron las jornadas de actualizaci\u00f3n para profesionales de la educaci\u00f3n, en el tema Explora del a\u00f1o &#8220;Vida, Ciencia y Tecnolog\u00eda&#8221;, para las provincias de \u00d1uble, Concepci\u00f3n, Arauco y Biob\u00edo. Las instancias contaron con el apoyo de la Facultad de Ciencias Biol\u00f3gicas, el Centro Interactivo de Ciencias, [&hellip;]\" class=\"yoast-seo-meta-tag\" \/>\n<meta property=\"og:url\" content=\"https:\/\/explora.cl\/biobio\/plantilla-noticias-regionales-biobio-6\/\" class=\"yoast-seo-meta-tag\" \/>\n<meta property=\"og:site_name\" content=\"Biob\u00edo\" class=\"yoast-seo-meta-tag\" \/>\n<meta property=\"article:published_time\" content=\"2014-05-20T04:00:00+00:00\" class=\"yoast-seo-meta-tag\" \/>\n<meta property=\"article:modified_time\" content=\"2019-05-20T18:41:47+00:00\" class=\"yoast-seo-meta-tag\" \/>\n<meta property=\"og:image\" content=\"https:\/\/explora.cl\/biobio\/wp-content\/uploads\/sites\/14\/2018\/06\/IMG_5633_Mobile.jpg\" class=\"yoast-seo-meta-tag\" \/>\n\t<meta property=\"og:image:width\" content=\"320\" class=\"yoast-seo-meta-tag\" \/>\n\t<meta property=\"og:image:height\" content=\"203\" class=\"yoast-seo-meta-tag\" \/>\n\t<meta property=\"og:image:type\" content=\"image\/jpeg\" class=\"yoast-seo-meta-tag\" \/>\n<meta name=\"author\" content=\"webman\" class=\"yoast-seo-meta-tag\" \/>\n<meta name=\"twitter:card\" content=\"summary_large_image\" class=\"yoast-seo-meta-tag\" \/>\n<meta name=\"twitter:label1\" content=\"Escrito por\" class=\"yoast-seo-meta-tag\" \/>\n\t<meta name=\"twitter:data1\" content=\"webman\" class=\"yoast-seo-meta-tag\" \/>\n\t<meta name=\"twitter:label2\" content=\"Tiempo estimado de lectura\" class=\"yoast-seo-meta-tag\" \/>\n\t<meta name=\"twitter:data2\" content=\"1 minuto\" class=\"yoast-seo-meta-tag\" \/>\n<script type=\"application\/ld+json\" class=\"yoast-schema-graph\">{\"@context\":\"https:\/\/schema.org\",\"@graph\":[{\"@type\":\"Article\",\"@id\":\"https:\/\/explora.cl\/biobio\/plantilla-noticias-regionales-biobio-6\/#article\",\"isPartOf\":{\"@id\":\"https:\/\/explora.cl\/biobio\/plantilla-noticias-regionales-biobio-6\/\"},\"author\":{\"name\":\"webman\",\"@id\":\"https:\/\/explora.cl\/biobio\/#\/schema\/person\/cb8349c13ea2d324080adf8480d7ba5d\"},\"headline\":\"Con \u00e9xito se realizaron las Jornadas de Actualizaci\u00f3n de Contenido para profesionales de la educaci\u00f3n\",\"datePublished\":\"2014-05-20T04:00:00+00:00\",\"dateModified\":\"2019-05-20T18:41:47+00:00\",\"mainEntityOfPage\":{\"@id\":\"https:\/\/explora.cl\/biobio\/plantilla-noticias-regionales-biobio-6\/\"},\"wordCount\":310,\"commentCount\":0,\"image\":{\"@id\":\"https:\/\/explora.cl\/biobio\/plantilla-noticias-regionales-biobio-6\/#primaryimage\"},\"thumbnailUrl\":\"https:\/\/explora.cl\/biobio\/wp-content\/uploads\/sites\/14\/2018\/06\/IMG_5633_Mobile.jpg\",\"articleSection\":[\"Noticias\"],\"inLanguage\":\"es-CL\",\"potentialAction\":[{\"@type\":\"CommentAction\",\"name\":\"Comment\",\"target\":[\"https:\/\/explora.cl\/biobio\/plantilla-noticias-regionales-biobio-6\/#respond\"]}]},{\"@type\":\"WebPage\",\"@id\":\"https:\/\/explora.cl\/biobio\/plantilla-noticias-regionales-biobio-6\/\",\"url\":\"https:\/\/explora.cl\/biobio\/plantilla-noticias-regionales-biobio-6\/\",\"name\":\"Con \u00e9xito se realizaron las Jornadas de Actualizaci\u00f3n de Contenido para profesionales de la educaci\u00f3n - Biob\u00edo\",\"isPartOf\":{\"@id\":\"https:\/\/explora.cl\/biobio\/#website\"},\"primaryImageOfPage\":{\"@id\":\"https:\/\/explora.cl\/biobio\/plantilla-noticias-regionales-biobio-6\/#primaryimage\"},\"image\":{\"@id\":\"https:\/\/explora.cl\/biobio\/plantilla-noticias-regionales-biobio-6\/#primaryimage\"},\"thumbnailUrl\":\"https:\/\/explora.cl\/biobio\/wp-content\/uploads\/sites\/14\/2018\/06\/IMG_5633_Mobile.jpg\",\"datePublished\":\"2014-05-20T04:00:00+00:00\",\"dateModified\":\"2019-05-20T18:41:47+00:00\",\"author\":{\"@id\":\"https:\/\/explora.cl\/biobio\/#\/schema\/person\/cb8349c13ea2d324080adf8480d7ba5d\"},\"breadcrumb\":{\"@id\":\"https:\/\/explora.cl\/biobio\/plantilla-noticias-regionales-biobio-6\/#breadcrumb\"},\"inLanguage\":\"es-CL\",\"potentialAction\":[{\"@type\":\"ReadAction\",\"target\":[\"https:\/\/explora.cl\/biobio\/plantilla-noticias-regionales-biobio-6\/\"]}]},{\"@type\":\"ImageObject\",\"inLanguage\":\"es-CL\",\"@id\":\"https:\/\/explora.cl\/biobio\/plantilla-noticias-regionales-biobio-6\/#primaryimage\",\"url\":\"https:\/\/explora.cl\/biobio\/wp-content\/uploads\/sites\/14\/2018\/06\/IMG_5633_Mobile.jpg\",\"contentUrl\":\"https:\/\/explora.cl\/biobio\/wp-content\/uploads\/sites\/14\/2018\/06\/IMG_5633_Mobile.jpg\",\"caption\":\"IMG 5633 Mobile\"},{\"@type\":\"BreadcrumbList\",\"@id\":\"https:\/\/explora.cl\/biobio\/plantilla-noticias-regionales-biobio-6\/#breadcrumb\",\"itemListElement\":[{\"@type\":\"ListItem\",\"position\":1,\"name\":\"Portada\",\"item\":\"https:\/\/explora.cl\/biobio\/\"},{\"@type\":\"ListItem\",\"position\":2,\"name\":\"Con \u00e9xito se realizaron las Jornadas de Actualizaci\u00f3n de Contenido para profesionales de la educaci\u00f3n\"}]},{\"@type\":\"WebSite\",\"@id\":\"https:\/\/explora.cl\/biobio\/#website\",\"url\":\"https:\/\/explora.cl\/biobio\/\",\"name\":\"Biob\u00edo\",\"description\":\"Otro sitio m\u00e1s de explora.cl\",\"potentialAction\":[{\"@type\":\"SearchAction\",\"target\":{\"@type\":\"EntryPoint\",\"urlTemplate\":\"https:\/\/explora.cl\/biobio\/?s={search_term_string}\"},\"query-input\":{\"@type\":\"PropertyValueSpecification\",\"valueRequired\":true,\"valueName\":\"search_term_string\"}}],\"inLanguage\":\"es-CL\"},{\"@type\":\"Person\",\"@id\":\"https:\/\/explora.cl\/biobio\/#\/schema\/person\/cb8349c13ea2d324080adf8480d7ba5d\",\"name\":\"webman\",\"image\":{\"@type\":\"ImageObject\",\"inLanguage\":\"es-CL\",\"@id\":\"https:\/\/explora.cl\/biobio\/#\/schema\/person\/image\/\",\"url\":\"https:\/\/secure.gravatar.com\/avatar\/eeff3c82f2c02f7177d13663b7e6f890e9a6a0647ce9bb29cae02dcb094c7312?s=96&d=mm&r=g\",\"contentUrl\":\"https:\/\/secure.gravatar.com\/avatar\/eeff3c82f2c02f7177d13663b7e6f890e9a6a0647ce9bb29cae02dcb094c7312?s=96&d=mm&r=g\",\"caption\":\"webman\"},\"url\":\"https:\/\/explora.cl\/biobio\/author\/webman\/\"}]}<\/script>\n<!-- \/ Yoast SEO plugin. -->","yoast_head_json":{"title":"Con \u00e9xito se realizaron las Jornadas de Actualizaci\u00f3n de Contenido para profesionales de la educaci\u00f3n - Biob\u00edo","robots":{"index":"index","follow":"follow","max-snippet":"max-snippet:-1","max-image-preview":"max-image-preview:large","max-video-preview":"max-video-preview:-1"},"canonical":"https:\/\/explora.cl\/biobio\/plantilla-noticias-regionales-biobio-6\/","og_locale":"es_ES","og_type":"article","og_title":"Con \u00e9xito se realizaron las Jornadas de Actualizaci\u00f3n de Contenido para profesionales de la educaci\u00f3n - Biob\u00edo","og_description":"Entre el 12 y el 16 de mayo se realizaron las jornadas de actualizaci\u00f3n para profesionales de la educaci\u00f3n, en el tema Explora del a\u00f1o &#8220;Vida, Ciencia y Tecnolog\u00eda&#8221;, para las provincias de \u00d1uble, Concepci\u00f3n, Arauco y Biob\u00edo. Las instancias contaron con el apoyo de la Facultad de Ciencias Biol\u00f3gicas, el Centro Interactivo de Ciencias, [&hellip;]","og_url":"https:\/\/explora.cl\/biobio\/plantilla-noticias-regionales-biobio-6\/","og_site_name":"Biob\u00edo","article_published_time":"2014-05-20T04:00:00+00:00","article_modified_time":"2019-05-20T18:41:47+00:00","og_image":[{"width":320,"height":203,"url":"https:\/\/explora.cl\/biobio\/wp-content\/uploads\/sites\/14\/2018\/06\/IMG_5633_Mobile.jpg","type":"image\/jpeg"}],"author":"webman","twitter_card":"summary_large_image","twitter_misc":{"Escrito por":"webman","Tiempo estimado de lectura":"1 minuto"},"schema":{"@context":"https:\/\/schema.org","@graph":[{"@type":"Article","@id":"https:\/\/explora.cl\/biobio\/plantilla-noticias-regionales-biobio-6\/#article","isPartOf":{"@id":"https:\/\/explora.cl\/biobio\/plantilla-noticias-regionales-biobio-6\/"},"author":{"name":"webman","@id":"https:\/\/explora.cl\/biobio\/#\/schema\/person\/cb8349c13ea2d324080adf8480d7ba5d"},"headline":"Con \u00e9xito se realizaron las Jornadas de Actualizaci\u00f3n de Contenido para profesionales de la educaci\u00f3n","datePublished":"2014-05-20T04:00:00+00:00","dateModified":"2019-05-20T18:41:47+00:00","mainEntityOfPage":{"@id":"https:\/\/explora.cl\/biobio\/plantilla-noticias-regionales-biobio-6\/"},"wordCount":310,"commentCount":0,"image":{"@id":"https:\/\/explora.cl\/biobio\/plantilla-noticias-regionales-biobio-6\/#primaryimage"},"thumbnailUrl":"https:\/\/explora.cl\/biobio\/wp-content\/uploads\/sites\/14\/2018\/06\/IMG_5633_Mobile.jpg","articleSection":["Noticias"],"inLanguage":"es-CL","potentialAction":[{"@type":"CommentAction","name":"Comment","target":["https:\/\/explora.cl\/biobio\/plantilla-noticias-regionales-biobio-6\/#respond"]}]},{"@type":"WebPage","@id":"https:\/\/explora.cl\/biobio\/plantilla-noticias-regionales-biobio-6\/","url":"https:\/\/explora.cl\/biobio\/plantilla-noticias-regionales-biobio-6\/","name":"Con \u00e9xito se realizaron las Jornadas de Actualizaci\u00f3n de Contenido para profesionales de la educaci\u00f3n - Biob\u00edo","isPartOf":{"@id":"https:\/\/explora.cl\/biobio\/#website"},"primaryImageOfPage":{"@id":"https:\/\/explora.cl\/biobio\/plantilla-noticias-regionales-biobio-6\/#primaryimage"},"image":{"@id":"https:\/\/explora.cl\/biobio\/plantilla-noticias-regionales-biobio-6\/#primaryimage"},"thumbnailUrl":"https:\/\/explora.cl\/biobio\/wp-content\/uploads\/sites\/14\/2018\/06\/IMG_5633_Mobile.jpg","datePublished":"2014-05-20T04:00:00+00:00","dateModified":"2019-05-20T18:41:47+00:00","author":{"@id":"https:\/\/explora.cl\/biobio\/#\/schema\/person\/cb8349c13ea2d324080adf8480d7ba5d"},"breadcrumb":{"@id":"https:\/\/explora.cl\/biobio\/plantilla-noticias-regionales-biobio-6\/#breadcrumb"},"inLanguage":"es-CL","potentialAction":[{"@type":"ReadAction","target":["https:\/\/explora.cl\/biobio\/plantilla-noticias-regionales-biobio-6\/"]}]},{"@type":"ImageObject","inLanguage":"es-CL","@id":"https:\/\/explora.cl\/biobio\/plantilla-noticias-regionales-biobio-6\/#primaryimage","url":"https:\/\/explora.cl\/biobio\/wp-content\/uploads\/sites\/14\/2018\/06\/IMG_5633_Mobile.jpg","contentUrl":"https:\/\/explora.cl\/biobio\/wp-content\/uploads\/sites\/14\/2018\/06\/IMG_5633_Mobile.jpg","caption":"IMG 5633 Mobile"},{"@type":"BreadcrumbList","@id":"https:\/\/explora.cl\/biobio\/plantilla-noticias-regionales-biobio-6\/#breadcrumb","itemListElement":[{"@type":"ListItem","position":1,"name":"Portada","item":"https:\/\/explora.cl\/biobio\/"},{"@type":"ListItem","position":2,"name":"Con \u00e9xito se realizaron las Jornadas de Actualizaci\u00f3n de Contenido para profesionales de la educaci\u00f3n"}]},{"@type":"WebSite","@id":"https:\/\/explora.cl\/biobio\/#website","url":"https:\/\/explora.cl\/biobio\/","name":"Biob\u00edo","description":"Otro sitio m\u00e1s de explora.cl","potentialAction":[{"@type":"SearchAction","target":{"@type":"EntryPoint","urlTemplate":"https:\/\/explora.cl\/biobio\/?s={search_term_string}"},"query-input":{"@type":"PropertyValueSpecification","valueRequired":true,"valueName":"search_term_string"}}],"inLanguage":"es-CL"},{"@type":"Person","@id":"https:\/\/explora.cl\/biobio\/#\/schema\/person\/cb8349c13ea2d324080adf8480d7ba5d","name":"webman","image":{"@type":"ImageObject","inLanguage":"es-CL","@id":"https:\/\/explora.cl\/biobio\/#\/schema\/person\/image\/","url":"https:\/\/secure.gravatar.com\/avatar\/eeff3c82f2c02f7177d13663b7e6f890e9a6a0647ce9bb29cae02dcb094c7312?s=96&d=mm&r=g","contentUrl":"https:\/\/secure.gravatar.com\/avatar\/eeff3c82f2c02f7177d13663b7e6f890e9a6a0647ce9bb29cae02dcb094c7312?s=96&d=mm&r=g","caption":"webman"},"url":"https:\/\/explora.cl\/biobio\/author\/webman\/"}]}},"_links":{"self":[{"href":"https:\/\/explora.cl\/biobio\/wp-json\/wp\/v2\/posts\/37528","targetHints":{"allow":["GET"]}}],"collection":[{"href":"https:\/\/explora.cl\/biobio\/wp-json\/wp\/v2\/posts"}],"about":[{"href":"https:\/\/explora.cl\/biobio\/wp-json\/wp\/v2\/types\/post"}],"author":[{"embeddable":true,"href":"https:\/\/explora.cl\/biobio\/wp-json\/wp\/v2\/users\/2"}],"replies":[{"embeddable":true,"href":"https:\/\/explora.cl\/biobio\/wp-json\/wp\/v2\/comments?post=37528"}],"version-history":[{"count":1,"href":"https:\/\/explora.cl\/biobio\/wp-json\/wp\/v2\/posts\/37528\/revisions"}],"predecessor-version":[{"id":38117,"href":"https:\/\/explora.cl\/biobio\/wp-json\/wp\/v2\/posts\/37528\/revisions\/38117"}],"wp:featuredmedia":[{"embeddable":true,"href":"https:\/\/explora.cl\/biobio\/wp-json\/wp\/v2\/media\/33766"}],"wp:attachment":[{"href":"https:\/\/explora.cl\/biobio\/wp-json\/wp\/v2\/media?parent=37528"}],"wp:term":[{"taxonomy":"category","embeddable":true,"href":"https:\/\/explora.cl\/biobio\/wp-json\/wp\/v2\/categories?post=37528"},{"taxonomy":"post_tag","embeddable":true,"href":"https:\/\/explora.cl\/biobio\/wp-json\/wp\/v2\/tags?post=37528"}],"curies":[{"name":"wp","href":"https:\/\/api.w.org\/{rel}","templated":true}]}}