{"id":35317,"date":"2018-08-20T17:00:10","date_gmt":"2018-08-20T21:00:10","guid":{"rendered":"https:\/\/explora.cl\/blog\/2018\/08\/20\/con-enfasis-en-las-ciencias-sociales-se-realizo-una-nueva-reunion-de-red-territorial-explora-conicyt-biobio\/"},"modified":"2019-05-20T18:46:48","modified_gmt":"2019-05-20T18:46:48","slug":"con-enfasis-en-las-ciencias-sociales-se-realizo-una-nueva-reunion-de-red-territorial-explora-conicyt-biobio","status":"publish","type":"post","link":"https:\/\/explora.cl\/biobio\/con-enfasis-en-las-ciencias-sociales-se-realizo-una-nueva-reunion-de-red-territorial-explora-conicyt-biobio\/","title":{"rendered":"Con \u00e9nfasis en las ciencias sociales se realiz\u00f3 una nueva reuni\u00f3n de Red territorial Explora Conicyt Biob\u00edo"},"content":{"rendered":"<ul>\n<li>Los profesores y profesoras recibieron una introducci\u00f3n a la investigaci\u00f3n en Ciencias Sociales, la que cumple con la serie de exposiciones que se realizan con regularidad en cada uno de los encuentros, abarcando diversas \u00e1reas de la ciencia y la tecnolog\u00eda.<\/li>\n<\/ul>\n<p>Con representantes de las comunas de Pemuco, San Pedro de la Paz, Bulnes, Cabrero, Lota, Concepci\u00f3n, Arauco, Quill\u00f3n, Cobquecura, Quirihue, Trehuaco, San Nicol\u00e1s, Hualpencillo, Hualqui, Santa Juana, Chill\u00e1n, Laja, Ca\u00f1ete, Coronel, Curanilahue, Tom\u00e9, Chill\u00e1n Viejo y Los \u00c1ngeles, se realiz\u00f3 una nueva reuni\u00f3n de la Red Territorial organizada por el Proyecto Asociativo Regional (PAR) Explora Biob\u00edo de la Comisi\u00f3n Nacional de Investigaci\u00f3n Cient\u00edfica y Tecnol\u00f3gica, Conicyt.<\/p>\n<p>La actividad se inici\u00f3 con la presentaci\u00f3n de la&nbsp; periodista e investigadora de la ONG Amaranta, Cecilia Anan\u00edas, quien present\u00f3 la charla, \u201c\u00bfPor qu\u00e9 <img fetchpriority=\"high\" decoding=\"async\" class=\" alignright size-full wp-image-35315\" src=\"https:\/\/explora.cl\/wp-content\/uploads\/2018\/08\/Cecilia-Ananas.JPG\" alt=\"\" width=\"364\" height=\"289\" style=\"float: right\" \/>necesitamos la investigaci\u00f3n en las Ciencias Sociales? Caso: El tratamiento informativo del femicidio&#8221;, donde a trav\u00e9s de diversos ejemplos, desvel\u00f3 los vicios de la prensa nacional frente al tratamiento del asesinato de mujeres, y como a trav\u00e9s de la investigaci\u00f3n se pueden desvelar malas pr\u00e1cticas.<\/p>\n<p>&nbsp;\u201cDurante la actividad, sent\u00ed que profesores y profesoras mostraron gran inter\u00e9s en el estudio de las Ciencias Sociales y especialmente, en su aplicaci\u00f3n a tem\u00e1ticas actuales, como ocurre con la violencia contra la mujer, que es un problema a nivel mundial y que ning\u00fan pa\u00eds ha logrado solucionar, ya que es multicausal y se sustenta en una sociedad que es machista. Mas, esta no es la \u00fanica tem\u00e1tica que podemos estudiar: cada vez que se toman decisiones sobre vivienda, pol\u00edticas o delincuencia, es importante contar con las Ciencias Sociales, ya que nos permiten visualizar estas problem\u00e1ticas de una forma no tan &#8216;plana&#8217; y viendo las ra\u00edces humanas y sociales detr\u00e1s de lo que ocurre. Muchas veces, vemos solo el &#8216;s\u00edntoma social&#8217; y no lo que lo origina&#8221;, declar\u00f3.<\/p>\n<p>La charla de Anan\u00edas cumple con el ciclo de exposiciones que Explora Biob\u00edo ha puesto en cada una de sus reuniones territoriales, con el fin de otorgar a los acad\u00e9micos miembros de la red, una introducci\u00f3n a la investigaci\u00f3n vista desde distintas ramas del conocimiento.<\/p>\n<p><strong>Semana Nacional de la Ciencia y la Tecnolog\u00eda<\/strong><\/p>\n<p>La segunda parte de la jornada estuvo marcada por la calendarizaci\u00f3n y la difusi\u00f3n de actividades propias de la Red, as\u00ed como de actividades externas enmarcadas en la Semana de la Ciencia y la Tecnolog\u00eda (SNCyT). &nbsp;<\/p>\n<p>Desde el 7 hasta el 12 de octubre se celebrar\u00e1, en todo el pa\u00eds, la XXIV versi\u00f3n de la SNCyT. Durante seis d\u00edas una serie de acciones de divulgaci\u00f3n y valoraci\u00f3n abrir\u00e1n las puertas del mundo de la ciencia y la tecnolog\u00eda a la comunidad.<\/p>\n<p>En Concepci\u00f3n, una de las actividades ser\u00e1 \u201cCiencia Sin Ficci\u00f3n\u201d, co-organizado por la Fundaci\u00f3n Chile 2100, el Centro Interactivo de Ciencias, Artes y Tecnolog\u00edas (CICAT) de la Universidad de Concepci\u00f3n y el PAR Explora Biob\u00edo, adem\u00e1s cuenta con el auspicio de la Universidad de Concepci\u00f3n, INACAP y empresas Arauco. La iniciativa se desarrollar\u00e1 entre el 9 y 10 octubre y tendr\u00e1 como eje descentralizar las actividades de divulgaci\u00f3n cient\u00edfica, mediante un evento de impacto nacional organizado desde el Biob\u00edo, promoviendo el pensamiento cr\u00edtico y razonamiento cient\u00edfico entre la comunidad. Dentro de los conferencistas ya confirmados se encuentran: Jos\u00e9 Maza, Gabriel Le\u00f3n, Rafael Sagredo, Judith Lisoni, Aldo Rodr\u00edguez, Barbarita Lara, entre otros<\/p>\n<p><img decoding=\"async\" class=\" alignleft size-full wp-image-35316\" src=\"https:\/\/explora.cl\/wp-content\/uploads\/2018\/08\/IMG_0728.JPG\" alt=\"\" width=\"351\" height=\"227\" style=\"float: left\" \/>De la misma forma, diversas actividades se celebrar\u00e1n en museos, centros de investigaci\u00f3n, bibliotecas, academias de ciencia, universidades, exposiciones de clubes de investigaci\u00f3n cient\u00edfica escolar y escuelas, quienes mostrar\u00e1n sus descubrimientos e inquietudes con el fin de hacer de estos d\u00edas una gran celebraci\u00f3n entorno a la ciencia.<\/p>\n<p>Juan Carlos Gacit\u00faa, Director de CICAT y Explora Conicyt Biob\u00edo, se refiri\u00f3 a la importancia de esta fecha y a la necesidad de que todos los actores sean entes activos en el desarrollo de todas las iniciativas. \u201cCada a\u00f1o, nos esforzamos por brindar una agenda de actividades en la Semana Nacional de la Ciencia y la Tecnolog\u00eda, con el prop\u00f3sito de que la comunidad se acerque de manera l\u00fadica a la ciencia y la tecnolog\u00eda. Este a\u00f1o, no ser\u00e1 la excepci\u00f3n. Gracias al trabajo de la Red Territorial, integrada por profesores y profesoras de las regiones de Biob\u00edo y \u00d1uble, se esperan desarrollar los Congresos Provinciales de Ciencia y Tecnolog\u00eda, charlas expositivas, desaf\u00edos tecnol\u00f3gicos, talleres, entre otras actividades. Sin duda, una semana en que el conocimiento permear\u00e1 las calles del pa\u00eds\u201d, expres\u00f3 Gacit\u00faa.<\/p>\n<p>&nbsp;<\/p>\n<p><strong>Congresos Provinciales de Ciencia y Tecnolog\u00eda <\/strong><\/p>\n<p>Adem\u00e1s, en la reuni\u00f3n se inform\u00f3 sobre las fechas de los pr\u00f3ximos CONGRESOS PROVINCIALES DE CIENCIA Y TECNOLOG\u00cdA a realizar entre el 8 y 12 de octubre. &nbsp;<\/p>\n<p>Las fechas y comunas son las siguientes:<\/p>\n<p>San Carlos: Lunes 8 de octubre de 2018<\/p>\n<p>Concepci\u00f3n: Mi\u00e9rcoles 10 de octubre<\/p>\n<p>Arauco: Jueves 11 de octubre<\/p>\n<p>Los \u00c1ngeles: Viernes 12 de octubre<\/p>\n<p>Las direcciones y horarios exactos de los Congresos ser\u00e1n informados oportunamente por la organizaci\u00f3n a trav\u00e9s de sus redes sociales.<\/p>\n","protected":false},"excerpt":{"rendered":"<p>Los profesores y profesoras recibieron una introducci\u00f3n a la investigaci\u00f3n en Ciencias Sociales, la que cumple con la serie de exposiciones que se realizan con regularidad en cada uno de los encuentros, abarcando diversas \u00e1reas de la ciencia y la tecnolog\u00eda. Con representantes de las comunas de Pemuco, San Pedro de la Paz, Bulnes, Cabrero, [&hellip;]<\/p>\n","protected":false},"author":2,"featured_media":35314,"comment_status":"closed","ping_status":"open","sticky":false,"template":"","format":"standard","meta":{"_acf_changed":false,"_exactmetrics_skip_tracking":false,"_exactmetrics_sitenote_active":false,"_exactmetrics_sitenote_note":"","_exactmetrics_sitenote_category":0,"footnotes":"","_links_to":"","_links_to_target":""},"categories":[4,1],"tags":[],"class_list":["post-35317","post","type-post","status-publish","format-standard","has-post-thumbnail","hentry","category-noticias","category-sin-categoria"],"acf":[],"yoast_head":"<!-- This site is optimized with the Yoast SEO plugin v26.9 - https:\/\/yoast.com\/product\/yoast-seo-wordpress\/ -->\n<title>Con \u00e9nfasis en las ciencias sociales se realiz\u00f3 una nueva reuni\u00f3n de Red territorial Explora Conicyt Biob\u00edo - Biob\u00edo<\/title>\n<meta name=\"robots\" content=\"index, follow, max-snippet:-1, max-image-preview:large, max-video-preview:-1\" \/>\n<link rel=\"canonical\" href=\"https:\/\/explora.cl\/biobio\/con-enfasis-en-las-ciencias-sociales-se-realizo-una-nueva-reunion-de-red-territorial-explora-conicyt-biobio\/\" class=\"yoast-seo-meta-tag\" \/>\n<meta property=\"og:locale\" content=\"es_ES\" class=\"yoast-seo-meta-tag\" \/>\n<meta property=\"og:type\" content=\"article\" class=\"yoast-seo-meta-tag\" \/>\n<meta property=\"og:title\" content=\"Con \u00e9nfasis en las ciencias sociales se realiz\u00f3 una nueva reuni\u00f3n de Red territorial Explora Conicyt Biob\u00edo - Biob\u00edo\" class=\"yoast-seo-meta-tag\" \/>\n<meta property=\"og:description\" content=\"Los profesores y profesoras recibieron una introducci\u00f3n a la investigaci\u00f3n en Ciencias Sociales, la que cumple con la serie de exposiciones que se realizan con regularidad en cada uno de los encuentros, abarcando diversas \u00e1reas de la ciencia y la tecnolog\u00eda. Con representantes de las comunas de Pemuco, San Pedro de la Paz, Bulnes, Cabrero, [&hellip;]\" class=\"yoast-seo-meta-tag\" \/>\n<meta property=\"og:url\" content=\"https:\/\/explora.cl\/biobio\/con-enfasis-en-las-ciencias-sociales-se-realizo-una-nueva-reunion-de-red-territorial-explora-conicyt-biobio\/\" class=\"yoast-seo-meta-tag\" \/>\n<meta property=\"og:site_name\" content=\"Biob\u00edo\" class=\"yoast-seo-meta-tag\" \/>\n<meta property=\"article:published_time\" content=\"2018-08-20T21:00:10+00:00\" class=\"yoast-seo-meta-tag\" \/>\n<meta property=\"article:modified_time\" content=\"2019-05-20T18:46:48+00:00\" class=\"yoast-seo-meta-tag\" \/>\n<meta name=\"author\" content=\"webman\" class=\"yoast-seo-meta-tag\" \/>\n<meta name=\"twitter:card\" content=\"summary_large_image\" class=\"yoast-seo-meta-tag\" \/>\n<meta name=\"twitter:label1\" content=\"Escrito por\" class=\"yoast-seo-meta-tag\" \/>\n\t<meta name=\"twitter:data1\" content=\"webman\" class=\"yoast-seo-meta-tag\" \/>\n\t<meta name=\"twitter:label2\" content=\"Tiempo estimado de lectura\" class=\"yoast-seo-meta-tag\" \/>\n\t<meta name=\"twitter:data2\" content=\"5 minutos\" class=\"yoast-seo-meta-tag\" \/>\n<script type=\"application\/ld+json\" class=\"yoast-schema-graph\">{\"@context\":\"https:\/\/schema.org\",\"@graph\":[{\"@type\":\"Article\",\"@id\":\"https:\/\/explora.cl\/biobio\/con-enfasis-en-las-ciencias-sociales-se-realizo-una-nueva-reunion-de-red-territorial-explora-conicyt-biobio\/#article\",\"isPartOf\":{\"@id\":\"https:\/\/explora.cl\/biobio\/con-enfasis-en-las-ciencias-sociales-se-realizo-una-nueva-reunion-de-red-territorial-explora-conicyt-biobio\/\"},\"author\":{\"name\":\"webman\",\"@id\":\"https:\/\/explora.cl\/biobio\/#\/schema\/person\/cb8349c13ea2d324080adf8480d7ba5d\"},\"headline\":\"Con \u00e9nfasis en las ciencias sociales se realiz\u00f3 una nueva reuni\u00f3n de Red territorial Explora Conicyt Biob\u00edo\",\"datePublished\":\"2018-08-20T21:00:10+00:00\",\"dateModified\":\"2019-05-20T18:46:48+00:00\",\"mainEntityOfPage\":{\"@id\":\"https:\/\/explora.cl\/biobio\/con-enfasis-en-las-ciencias-sociales-se-realizo-una-nueva-reunion-de-red-territorial-explora-conicyt-biobio\/\"},\"wordCount\":922,\"image\":{\"@id\":\"https:\/\/explora.cl\/biobio\/con-enfasis-en-las-ciencias-sociales-se-realizo-una-nueva-reunion-de-red-territorial-explora-conicyt-biobio\/#primaryimage\"},\"thumbnailUrl\":\"\",\"articleSection\":[\"Noticias\"],\"inLanguage\":\"es-CL\"},{\"@type\":\"WebPage\",\"@id\":\"https:\/\/explora.cl\/biobio\/con-enfasis-en-las-ciencias-sociales-se-realizo-una-nueva-reunion-de-red-territorial-explora-conicyt-biobio\/\",\"url\":\"https:\/\/explora.cl\/biobio\/con-enfasis-en-las-ciencias-sociales-se-realizo-una-nueva-reunion-de-red-territorial-explora-conicyt-biobio\/\",\"name\":\"Con \u00e9nfasis en las ciencias sociales se realiz\u00f3 una nueva reuni\u00f3n de Red territorial Explora Conicyt Biob\u00edo - Biob\u00edo\",\"isPartOf\":{\"@id\":\"https:\/\/explora.cl\/biobio\/#website\"},\"primaryImageOfPage\":{\"@id\":\"https:\/\/explora.cl\/biobio\/con-enfasis-en-las-ciencias-sociales-se-realizo-una-nueva-reunion-de-red-territorial-explora-conicyt-biobio\/#primaryimage\"},\"image\":{\"@id\":\"https:\/\/explora.cl\/biobio\/con-enfasis-en-las-ciencias-sociales-se-realizo-una-nueva-reunion-de-red-territorial-explora-conicyt-biobio\/#primaryimage\"},\"thumbnailUrl\":\"\",\"datePublished\":\"2018-08-20T21:00:10+00:00\",\"dateModified\":\"2019-05-20T18:46:48+00:00\",\"author\":{\"@id\":\"https:\/\/explora.cl\/biobio\/#\/schema\/person\/cb8349c13ea2d324080adf8480d7ba5d\"},\"breadcrumb\":{\"@id\":\"https:\/\/explora.cl\/biobio\/con-enfasis-en-las-ciencias-sociales-se-realizo-una-nueva-reunion-de-red-territorial-explora-conicyt-biobio\/#breadcrumb\"},\"inLanguage\":\"es-CL\",\"potentialAction\":[{\"@type\":\"ReadAction\",\"target\":[\"https:\/\/explora.cl\/biobio\/con-enfasis-en-las-ciencias-sociales-se-realizo-una-nueva-reunion-de-red-territorial-explora-conicyt-biobio\/\"]}]},{\"@type\":\"ImageObject\",\"inLanguage\":\"es-CL\",\"@id\":\"https:\/\/explora.cl\/biobio\/con-enfasis-en-las-ciencias-sociales-se-realizo-una-nueva-reunion-de-red-territorial-explora-conicyt-biobio\/#primaryimage\",\"url\":\"\",\"contentUrl\":\"\"},{\"@type\":\"BreadcrumbList\",\"@id\":\"https:\/\/explora.cl\/biobio\/con-enfasis-en-las-ciencias-sociales-se-realizo-una-nueva-reunion-de-red-territorial-explora-conicyt-biobio\/#breadcrumb\",\"itemListElement\":[{\"@type\":\"ListItem\",\"position\":1,\"name\":\"Portada\",\"item\":\"https:\/\/explora.cl\/biobio\/\"},{\"@type\":\"ListItem\",\"position\":2,\"name\":\"Con \u00e9nfasis en las ciencias sociales se realiz\u00f3 una nueva reuni\u00f3n de Red territorial Explora Conicyt Biob\u00edo\"}]},{\"@type\":\"WebSite\",\"@id\":\"https:\/\/explora.cl\/biobio\/#website\",\"url\":\"https:\/\/explora.cl\/biobio\/\",\"name\":\"Biob\u00edo\",\"description\":\"Otro sitio m\u00e1s de explora.cl\",\"potentialAction\":[{\"@type\":\"SearchAction\",\"target\":{\"@type\":\"EntryPoint\",\"urlTemplate\":\"https:\/\/explora.cl\/biobio\/?s={search_term_string}\"},\"query-input\":{\"@type\":\"PropertyValueSpecification\",\"valueRequired\":true,\"valueName\":\"search_term_string\"}}],\"inLanguage\":\"es-CL\"},{\"@type\":\"Person\",\"@id\":\"https:\/\/explora.cl\/biobio\/#\/schema\/person\/cb8349c13ea2d324080adf8480d7ba5d\",\"name\":\"webman\",\"image\":{\"@type\":\"ImageObject\",\"inLanguage\":\"es-CL\",\"@id\":\"https:\/\/explora.cl\/biobio\/#\/schema\/person\/image\/\",\"url\":\"https:\/\/secure.gravatar.com\/avatar\/eeff3c82f2c02f7177d13663b7e6f890e9a6a0647ce9bb29cae02dcb094c7312?s=96&d=mm&r=g\",\"contentUrl\":\"https:\/\/secure.gravatar.com\/avatar\/eeff3c82f2c02f7177d13663b7e6f890e9a6a0647ce9bb29cae02dcb094c7312?s=96&d=mm&r=g\",\"caption\":\"webman\"},\"url\":\"https:\/\/explora.cl\/biobio\/author\/webman\/\"}]}<\/script>\n<!-- \/ Yoast SEO plugin. -->","yoast_head_json":{"title":"Con \u00e9nfasis en las ciencias sociales se realiz\u00f3 una nueva reuni\u00f3n de Red territorial Explora Conicyt Biob\u00edo - Biob\u00edo","robots":{"index":"index","follow":"follow","max-snippet":"max-snippet:-1","max-image-preview":"max-image-preview:large","max-video-preview":"max-video-preview:-1"},"canonical":"https:\/\/explora.cl\/biobio\/con-enfasis-en-las-ciencias-sociales-se-realizo-una-nueva-reunion-de-red-territorial-explora-conicyt-biobio\/","og_locale":"es_ES","og_type":"article","og_title":"Con \u00e9nfasis en las ciencias sociales se realiz\u00f3 una nueva reuni\u00f3n de Red territorial Explora Conicyt Biob\u00edo - Biob\u00edo","og_description":"Los profesores y profesoras recibieron una introducci\u00f3n a la investigaci\u00f3n en Ciencias Sociales, la que cumple con la serie de exposiciones que se realizan con regularidad en cada uno de los encuentros, abarcando diversas \u00e1reas de la ciencia y la tecnolog\u00eda. Con representantes de las comunas de Pemuco, San Pedro de la Paz, Bulnes, Cabrero, [&hellip;]","og_url":"https:\/\/explora.cl\/biobio\/con-enfasis-en-las-ciencias-sociales-se-realizo-una-nueva-reunion-de-red-territorial-explora-conicyt-biobio\/","og_site_name":"Biob\u00edo","article_published_time":"2018-08-20T21:00:10+00:00","article_modified_time":"2019-05-20T18:46:48+00:00","author":"webman","twitter_card":"summary_large_image","twitter_misc":{"Escrito por":"webman","Tiempo estimado de lectura":"5 minutos"},"schema":{"@context":"https:\/\/schema.org","@graph":[{"@type":"Article","@id":"https:\/\/explora.cl\/biobio\/con-enfasis-en-las-ciencias-sociales-se-realizo-una-nueva-reunion-de-red-territorial-explora-conicyt-biobio\/#article","isPartOf":{"@id":"https:\/\/explora.cl\/biobio\/con-enfasis-en-las-ciencias-sociales-se-realizo-una-nueva-reunion-de-red-territorial-explora-conicyt-biobio\/"},"author":{"name":"webman","@id":"https:\/\/explora.cl\/biobio\/#\/schema\/person\/cb8349c13ea2d324080adf8480d7ba5d"},"headline":"Con \u00e9nfasis en las ciencias sociales se realiz\u00f3 una nueva reuni\u00f3n de Red territorial Explora Conicyt Biob\u00edo","datePublished":"2018-08-20T21:00:10+00:00","dateModified":"2019-05-20T18:46:48+00:00","mainEntityOfPage":{"@id":"https:\/\/explora.cl\/biobio\/con-enfasis-en-las-ciencias-sociales-se-realizo-una-nueva-reunion-de-red-territorial-explora-conicyt-biobio\/"},"wordCount":922,"image":{"@id":"https:\/\/explora.cl\/biobio\/con-enfasis-en-las-ciencias-sociales-se-realizo-una-nueva-reunion-de-red-territorial-explora-conicyt-biobio\/#primaryimage"},"thumbnailUrl":"","articleSection":["Noticias"],"inLanguage":"es-CL"},{"@type":"WebPage","@id":"https:\/\/explora.cl\/biobio\/con-enfasis-en-las-ciencias-sociales-se-realizo-una-nueva-reunion-de-red-territorial-explora-conicyt-biobio\/","url":"https:\/\/explora.cl\/biobio\/con-enfasis-en-las-ciencias-sociales-se-realizo-una-nueva-reunion-de-red-territorial-explora-conicyt-biobio\/","name":"Con \u00e9nfasis en las ciencias sociales se realiz\u00f3 una nueva reuni\u00f3n de Red territorial Explora Conicyt Biob\u00edo - Biob\u00edo","isPartOf":{"@id":"https:\/\/explora.cl\/biobio\/#website"},"primaryImageOfPage":{"@id":"https:\/\/explora.cl\/biobio\/con-enfasis-en-las-ciencias-sociales-se-realizo-una-nueva-reunion-de-red-territorial-explora-conicyt-biobio\/#primaryimage"},"image":{"@id":"https:\/\/explora.cl\/biobio\/con-enfasis-en-las-ciencias-sociales-se-realizo-una-nueva-reunion-de-red-territorial-explora-conicyt-biobio\/#primaryimage"},"thumbnailUrl":"","datePublished":"2018-08-20T21:00:10+00:00","dateModified":"2019-05-20T18:46:48+00:00","author":{"@id":"https:\/\/explora.cl\/biobio\/#\/schema\/person\/cb8349c13ea2d324080adf8480d7ba5d"},"breadcrumb":{"@id":"https:\/\/explora.cl\/biobio\/con-enfasis-en-las-ciencias-sociales-se-realizo-una-nueva-reunion-de-red-territorial-explora-conicyt-biobio\/#breadcrumb"},"inLanguage":"es-CL","potentialAction":[{"@type":"ReadAction","target":["https:\/\/explora.cl\/biobio\/con-enfasis-en-las-ciencias-sociales-se-realizo-una-nueva-reunion-de-red-territorial-explora-conicyt-biobio\/"]}]},{"@type":"ImageObject","inLanguage":"es-CL","@id":"https:\/\/explora.cl\/biobio\/con-enfasis-en-las-ciencias-sociales-se-realizo-una-nueva-reunion-de-red-territorial-explora-conicyt-biobio\/#primaryimage","url":"","contentUrl":""},{"@type":"BreadcrumbList","@id":"https:\/\/explora.cl\/biobio\/con-enfasis-en-las-ciencias-sociales-se-realizo-una-nueva-reunion-de-red-territorial-explora-conicyt-biobio\/#breadcrumb","itemListElement":[{"@type":"ListItem","position":1,"name":"Portada","item":"https:\/\/explora.cl\/biobio\/"},{"@type":"ListItem","position":2,"name":"Con \u00e9nfasis en las ciencias sociales se realiz\u00f3 una nueva reuni\u00f3n de Red territorial Explora Conicyt Biob\u00edo"}]},{"@type":"WebSite","@id":"https:\/\/explora.cl\/biobio\/#website","url":"https:\/\/explora.cl\/biobio\/","name":"Biob\u00edo","description":"Otro sitio m\u00e1s de explora.cl","potentialAction":[{"@type":"SearchAction","target":{"@type":"EntryPoint","urlTemplate":"https:\/\/explora.cl\/biobio\/?s={search_term_string}"},"query-input":{"@type":"PropertyValueSpecification","valueRequired":true,"valueName":"search_term_string"}}],"inLanguage":"es-CL"},{"@type":"Person","@id":"https:\/\/explora.cl\/biobio\/#\/schema\/person\/cb8349c13ea2d324080adf8480d7ba5d","name":"webman","image":{"@type":"ImageObject","inLanguage":"es-CL","@id":"https:\/\/explora.cl\/biobio\/#\/schema\/person\/image\/","url":"https:\/\/secure.gravatar.com\/avatar\/eeff3c82f2c02f7177d13663b7e6f890e9a6a0647ce9bb29cae02dcb094c7312?s=96&d=mm&r=g","contentUrl":"https:\/\/secure.gravatar.com\/avatar\/eeff3c82f2c02f7177d13663b7e6f890e9a6a0647ce9bb29cae02dcb094c7312?s=96&d=mm&r=g","caption":"webman"},"url":"https:\/\/explora.cl\/biobio\/author\/webman\/"}]}},"_links":{"self":[{"href":"https:\/\/explora.cl\/biobio\/wp-json\/wp\/v2\/posts\/35317","targetHints":{"allow":["GET"]}}],"collection":[{"href":"https:\/\/explora.cl\/biobio\/wp-json\/wp\/v2\/posts"}],"about":[{"href":"https:\/\/explora.cl\/biobio\/wp-json\/wp\/v2\/types\/post"}],"author":[{"embeddable":true,"href":"https:\/\/explora.cl\/biobio\/wp-json\/wp\/v2\/users\/2"}],"replies":[{"embeddable":true,"href":"https:\/\/explora.cl\/biobio\/wp-json\/wp\/v2\/comments?post=35317"}],"version-history":[{"count":1,"href":"https:\/\/explora.cl\/biobio\/wp-json\/wp\/v2\/posts\/35317\/revisions"}],"predecessor-version":[{"id":38154,"href":"https:\/\/explora.cl\/biobio\/wp-json\/wp\/v2\/posts\/35317\/revisions\/38154"}],"wp:featuredmedia":[{"embeddable":true,"href":"https:\/\/explora.cl\/biobio\/wp-json\/"}],"wp:attachment":[{"href":"https:\/\/explora.cl\/biobio\/wp-json\/wp\/v2\/media?parent=35317"}],"wp:term":[{"taxonomy":"category","embeddable":true,"href":"https:\/\/explora.cl\/biobio\/wp-json\/wp\/v2\/categories?post=35317"},{"taxonomy":"post_tag","embeddable":true,"href":"https:\/\/explora.cl\/biobio\/wp-json\/wp\/v2\/tags?post=35317"}],"curies":[{"name":"wp","href":"https:\/\/api.w.org\/{rel}","templated":true}]}}