{"id":35235,"date":"2018-08-14T12:53:36","date_gmt":"2018-08-14T16:53:36","guid":{"rendered":"https:\/\/explora.cl\/blog\/2018\/08\/14\/promlugada-ley-que-crea-el-ministerio-de-ciencia-tecnologia-conocimiento-e-innovacion\/"},"modified":"2019-05-20T18:46:48","modified_gmt":"2019-05-20T18:46:48","slug":"promlugada-ley-que-crea-el-ministerio-de-ciencia-tecnologia-conocimiento-e-innovacion","status":"publish","type":"post","link":"https:\/\/explora.cl\/biobio\/promlugada-ley-que-crea-el-ministerio-de-ciencia-tecnologia-conocimiento-e-innovacion\/","title":{"rendered":"Promulgada ley que crea el Ministerio de Ciencia, Tecnolog\u00eda, Conocimiento e Innovaci\u00f3n"},"content":{"rendered":"<p style=\"margin: 0px 0px 18px;padding: 0px;border: 0px;font-size: 15px;vertical-align: baseline;color: #333333;font-family: Arial, Helvetica, sans-serif;font-style: normal;font-weight: 400;letter-spacing: normal;text-indent: 0px\">Con su promulgaci\u00f3n en el Diario Oficial del 13 de agosto de 2018, entra en vigencia la Ley N\u00ba21.105, que crea el Ministerio de Ciencia, Tecnolog\u00eda, Conocimiento e Innovaci\u00f3n y establece una nueva institucionalidad en torno a estas tem\u00e1ticas, el Sistema Nacional de Ciencia, Tecnolog\u00eda, Conocimiento e Innovaci\u00f3n.<img fetchpriority=\"high\" decoding=\"async\" class=\" alignright size-full wp-image-35234\" src=\"https:\/\/explora.cl\/wp-content\/uploads\/2018\/08\/22788875_1487785221287539_941855252801417562_n.jpg\" alt=\"\" width=\"375\" height=\"250\" style=\"color: #000000;font-family: 'Helvetica Neue', Helvetica, Arial, sans-serif;font-size: 13px;float: right\" \/><\/p>\n<p style=\"margin: 0px 0px 18px;padding: 0px;border: 0px;font-size: 15px;vertical-align: baseline;color: #333333;font-family: Arial, Helvetica, sans-serif;font-style: normal;font-weight: 400;letter-spacing: normal;text-align: justify;text-indent: 0px\">El marco legal define al Ministerio como &#8220;la secretar\u00eda de Estado encargada de asesorar y colaborar con el Presidente o la Presidenta de la Rep\u00fablica en el dise\u00f1o, formulaci\u00f3n, coordinaci\u00f3n, implementaci\u00f3n y evaluaci\u00f3n de las pol\u00edticas, planes y programas destinados a fomentar y fortalecer la ciencia, la tecnolog\u00eda y la innovaci\u00f3n derivada de la investigaci\u00f3n cient\u00edfico-tecnol\u00f3gicacon el prop\u00f3sito de contribuir al desarrollo, incrementando el patrimonio cultural, educativo, social y econ\u00f3mico del pa\u00eds y sus regiones, y propendiendo al bien com\u00fan, al fortalecimiento de la identidad nacional y regional y a la sustentabilidad del medio ambiente&#8221;. Asimismo, indica que el Ministerio &#8220;velar\u00e1 por la coordinaci\u00f3n, consistencia y coherencia de las pol\u00edticas, planes y programas que promuevan y orienten la investigaci\u00f3n en todas las \u00e1reas del conocimiento, el desarrollo tecnol\u00f3gico y la innovaci\u00f3n de base cient\u00edfico-tecnol\u00f3gica tanto a nivel nacional como regional, considerando las caracter\u00edsticas espec\u00edficas de los territorios y sus estrategias y potencialidades de desarrollo&#8221;.<\/p>\n<p style=\"margin: 0px 0px 18px;padding: 0px;border: 0px;font-size: 15px;vertical-align: baseline;color: #333333;font-family: Arial, Helvetica, sans-serif;font-style: normal;font-weight: 400;letter-spacing: normal;text-align: justify;text-indent: 0px\">En esta l\u00ednea, &#8220;el Ministerio promover\u00e1 que el conocimiento y la innovaci\u00f3n de base cient\u00edfico-tecnol\u00f3gica enriquezcan los procesos de formulaci\u00f3n e implementaci\u00f3n de pol\u00edticas p\u00fablicas, fomentando la coordinaci\u00f3n y colaboraci\u00f3n interministerial e interregional, el desarrollo de iniciativas conjuntas dentro del sector p\u00fablico y la cooperaci\u00f3n p\u00fablico-privada&#8221;.<\/p>\n<p style=\"margin: 0px 0px 18px;padding: 0px;border: 0px;font-size: 15px;vertical-align: baseline;color: #333333;font-family: Arial, Helvetica, sans-serif;font-style: normal;font-weight: 400;letter-spacing: normal;text-align: justify;text-indent: 0px\">La ley dispone adem\u00e1s de la creaci\u00f3n de una Estrategia Nacional de Ciencia, Tecnolog\u00eda, Conocimiento e Innovaci\u00f3n para el Desarrollo, que deber\u00e1 abordar a largo plazo los desaf\u00edos y oportunidades de desarrollo del pa\u00eds y las regiones, generando un marco que oriente las pol\u00edticas p\u00fablicas y los instrumentos de apoyo a la formaci\u00f3n de recursos humanos altamente calificados, la investigaci\u00f3n y generaci\u00f3n de conocimiento, el desarrollo y transferencia de tecnolog\u00eda, la innovaci\u00f3n y el desarrollo de una cultura de ciencia, tecnolog\u00eda e innovaci\u00f3n. Este documento, se se\u00f1ala, dar\u00e1 pie a la Pol\u00edtica Nacional de Ciencia, Tecnolog\u00eda, Conocimiento e Innovaci\u00f3n.<\/p>\n<p style=\"margin: 0px 0px 18px;padding: 0px;border: 0px;font-size: 15px;vertical-align: baseline;color: #333333;font-family: Arial, Helvetica, sans-serif;font-style: normal;font-weight: 400;letter-spacing: normal;text-align: justify;text-indent: 0px\">El Ministerio contar\u00e1, adem\u00e1s de un ministro o ministra, subsecretario y secretarios regionales ministeriales, con un Consejo Asesor Ministerial, designado por el Presidente de la Rep\u00fablica, y que tendr\u00e1 como misi\u00f3n asesorar y apoyar en el an\u00e1lisis y revisi\u00f3n peri\u00f3dica de las pol\u00edticas p\u00fablicas del sector. El Consejo estar\u00e1 integrado por ocho personas con reconocidos m\u00e9ritos en el \u00e1rea de la academia, ciencia, tecnolog\u00eda y de la innovaci\u00f3n de base cient\u00edfico-tecnol\u00f3gica. Los miembros del Consejo Asesor durar\u00e1n cuatro a\u00f1os en sus cargos, se renovar\u00e1n por mitades cada dos a\u00f1os y no podr\u00e1n ser designados para un nuevo per\u00edodo consecutivo.<\/p>\n<p style=\"margin: 0px 0px 18px;padding: 0px;border: 0px;font-size: 15px;vertical-align: baseline;color: #333333;font-family: Arial, Helvetica, sans-serif;font-style: normal;font-weight: 400;letter-spacing: normal;text-align: justify;text-indent: 0px\">El Presidente Sebasti\u00e1n Pi\u00f1era tendr\u00e1 un a\u00f1o desde la fecha de publicaci\u00f3n de esta ley para establecer los decretos con fuerza de ley que determinen la fecha de entrada en funcionamiento del Ministerio de Ciencia, Tecnolog\u00eda, Conocimiento e Innovaci\u00f3n y de la Agencia Nacional de Investigaci\u00f3n y Desarrollo, adem\u00e1s, de la fecha de cese de funciones de la Comisi\u00f3n Nacional de Investigaci\u00f3n Cient\u00edfica y Tecnol\u00f3gica (Conicyt). A la fecha de su entrada en funcionamiento, el Ministerio se desconcentrar\u00e1 territorialmente en cinco secretar\u00edas regionales ministeriales. Durante el quinto a\u00f1o de su funcionamiento se establecer\u00e1 un calendario de instalaci\u00f3n que determine las fechas en que iniciar\u00e1n sus funciones las secretar\u00edas regionales ministeriales restantes, las cuales deber\u00e1n estar en funciones en un plazo m\u00e1ximo de diez a\u00f1os contado desde la entrada en funcionamiento del Ministerio.<\/p>\n<p style=\"margin: 0px 0px 18px;padding: 0px;border: 0px;font-size: 15px;vertical-align: baseline;color: #333333;font-family: Arial, Helvetica, sans-serif;font-style: normal;font-weight: 400;letter-spacing: normal;text-align: justify;text-indent: 0px\">Asimismo, se se\u00f1ala que el decreto supremo que apruebe la primera Pol\u00edtica Nacional de Ciencia, Tecnolog\u00eda, Conocimiento e Innovaci\u00f3n deber\u00e1 ser dictado dentro de los seis meses siguientes desde la entrada en funcionamiento del Ministerio.<\/p>\n<p style=\"margin: 0px 0px 18px;padding: 0px;border: 0px;font-size: 15px;vertical-align: baseline;color: #333333;font-family: Arial, Helvetica, sans-serif;font-style: normal;font-weight: 400;letter-spacing: normal;text-align: justify;text-indent: 0px\">El detalle de la ley se encuentra disponible en&nbsp;<a href=\"http:\/\/www.diariooficial.interior.gob.cl\/publicaciones\/2018\/08\/13\/42131\/01\/1446018.pdf\" style=\"margin: 0px;padding: 0px;border: 0px;font-size: 15px;vertical-align: baseline;color: #00a99d;text-decoration: none\">http:\/\/www.diariooficial.interior.gob.cl\/publicaciones\/2018\/08\/13\/42131\/&#8230;<\/a><\/p>\n<p>Fuente: <a href=\"http:\/\/www.udec.cl\/panoramaweb2016\/?q=node\/17490\">Panorama UdeC&nbsp;<\/a><\/p>\n<p style=\"margin: 0px 0px 18px;padding: 0px;border: 0px;font-size: 15px;vertical-align: baseline;color: #333333;font-family: Arial, Helvetica, sans-serif;font-style: normal;font-weight: 400;letter-spacing: normal;text-align: justify;text-indent: 0px\">Nota de archivo:&nbsp;<a href=\"http:\/\/www.udec.cl\/panoramaweb2016\/content\/comunidad-cient%C3%ADfica-de-la-udec-abord%C3%B3-creaci%C3%B3n-del-ministerio-de-ciencia-y-tecnolog%C3%ADa\" style=\"margin: 0px;padding: 0px;border: 0px;font-size: 15px;vertical-align: baseline;color: #00a99d;text-decoration: none\">Comunidad cient\u00edfica de la UdeC abord\u00f3 creaci\u00f3n del Ministerio de Ciencia y Tecnolog\u00eda<\/a><\/p>\n","protected":false},"excerpt":{"rendered":"<p>Con su promulgaci\u00f3n en el Diario Oficial del 13 de agosto de 2018, entra en vigencia la Ley N\u00ba21.105, que crea el Ministerio de Ciencia, Tecnolog\u00eda, Conocimiento e Innovaci\u00f3n y establece una nueva institucionalidad en torno a estas tem\u00e1ticas, el Sistema Nacional de Ciencia, Tecnolog\u00eda, Conocimiento e Innovaci\u00f3n. El marco legal define al Ministerio como [&hellip;]<\/p>\n","protected":false},"author":2,"featured_media":35234,"comment_status":"closed","ping_status":"open","sticky":false,"template":"","format":"standard","meta":{"_acf_changed":false,"_exactmetrics_skip_tracking":false,"_exactmetrics_sitenote_active":false,"_exactmetrics_sitenote_note":"","_exactmetrics_sitenote_category":0,"footnotes":"","_links_to":"","_links_to_target":""},"categories":[4,1],"tags":[],"class_list":["post-35235","post","type-post","status-publish","format-standard","has-post-thumbnail","hentry","category-noticias","category-sin-categoria"],"acf":[],"yoast_head":"<!-- This site is optimized with the Yoast SEO plugin v26.9 - https:\/\/yoast.com\/product\/yoast-seo-wordpress\/ -->\n<title>Promulgada ley que crea el Ministerio de Ciencia, Tecnolog\u00eda, Conocimiento e Innovaci\u00f3n - Biob\u00edo<\/title>\n<meta name=\"robots\" content=\"index, follow, max-snippet:-1, max-image-preview:large, max-video-preview:-1\" \/>\n<link rel=\"canonical\" href=\"https:\/\/explora.cl\/biobio\/promlugada-ley-que-crea-el-ministerio-de-ciencia-tecnologia-conocimiento-e-innovacion\/\" class=\"yoast-seo-meta-tag\" \/>\n<meta property=\"og:locale\" content=\"es_ES\" class=\"yoast-seo-meta-tag\" \/>\n<meta property=\"og:type\" content=\"article\" class=\"yoast-seo-meta-tag\" \/>\n<meta property=\"og:title\" content=\"Promulgada ley que crea el Ministerio de Ciencia, Tecnolog\u00eda, Conocimiento e Innovaci\u00f3n - Biob\u00edo\" class=\"yoast-seo-meta-tag\" \/>\n<meta property=\"og:description\" content=\"Con su promulgaci\u00f3n en el Diario Oficial del 13 de agosto de 2018, entra en vigencia la Ley N\u00ba21.105, que crea el Ministerio de Ciencia, Tecnolog\u00eda, Conocimiento e Innovaci\u00f3n y establece una nueva institucionalidad en torno a estas tem\u00e1ticas, el Sistema Nacional de Ciencia, Tecnolog\u00eda, Conocimiento e Innovaci\u00f3n. El marco legal define al Ministerio como [&hellip;]\" class=\"yoast-seo-meta-tag\" \/>\n<meta property=\"og:url\" content=\"https:\/\/explora.cl\/biobio\/promlugada-ley-que-crea-el-ministerio-de-ciencia-tecnologia-conocimiento-e-innovacion\/\" class=\"yoast-seo-meta-tag\" \/>\n<meta property=\"og:site_name\" content=\"Biob\u00edo\" class=\"yoast-seo-meta-tag\" \/>\n<meta property=\"article:published_time\" content=\"2018-08-14T16:53:36+00:00\" class=\"yoast-seo-meta-tag\" \/>\n<meta property=\"article:modified_time\" content=\"2019-05-20T18:46:48+00:00\" class=\"yoast-seo-meta-tag\" \/>\n<meta name=\"author\" content=\"webman\" class=\"yoast-seo-meta-tag\" \/>\n<meta name=\"twitter:card\" content=\"summary_large_image\" class=\"yoast-seo-meta-tag\" \/>\n<meta name=\"twitter:label1\" content=\"Escrito por\" class=\"yoast-seo-meta-tag\" \/>\n\t<meta name=\"twitter:data1\" content=\"webman\" class=\"yoast-seo-meta-tag\" \/>\n\t<meta name=\"twitter:label2\" content=\"Tiempo estimado de lectura\" class=\"yoast-seo-meta-tag\" \/>\n\t<meta name=\"twitter:data2\" content=\"4 minutos\" class=\"yoast-seo-meta-tag\" \/>\n<script type=\"application\/ld+json\" class=\"yoast-schema-graph\">{\"@context\":\"https:\/\/schema.org\",\"@graph\":[{\"@type\":\"Article\",\"@id\":\"https:\/\/explora.cl\/biobio\/promlugada-ley-que-crea-el-ministerio-de-ciencia-tecnologia-conocimiento-e-innovacion\/#article\",\"isPartOf\":{\"@id\":\"https:\/\/explora.cl\/biobio\/promlugada-ley-que-crea-el-ministerio-de-ciencia-tecnologia-conocimiento-e-innovacion\/\"},\"author\":{\"name\":\"webman\",\"@id\":\"https:\/\/explora.cl\/biobio\/#\/schema\/person\/cb8349c13ea2d324080adf8480d7ba5d\"},\"headline\":\"Promulgada ley que crea el Ministerio de Ciencia, Tecnolog\u00eda, Conocimiento e Innovaci\u00f3n\",\"datePublished\":\"2018-08-14T16:53:36+00:00\",\"dateModified\":\"2019-05-20T18:46:48+00:00\",\"mainEntityOfPage\":{\"@id\":\"https:\/\/explora.cl\/biobio\/promlugada-ley-que-crea-el-ministerio-de-ciencia-tecnologia-conocimiento-e-innovacion\/\"},\"wordCount\":773,\"image\":{\"@id\":\"https:\/\/explora.cl\/biobio\/promlugada-ley-que-crea-el-ministerio-de-ciencia-tecnologia-conocimiento-e-innovacion\/#primaryimage\"},\"thumbnailUrl\":\"\",\"articleSection\":[\"Noticias\"],\"inLanguage\":\"es-CL\"},{\"@type\":\"WebPage\",\"@id\":\"https:\/\/explora.cl\/biobio\/promlugada-ley-que-crea-el-ministerio-de-ciencia-tecnologia-conocimiento-e-innovacion\/\",\"url\":\"https:\/\/explora.cl\/biobio\/promlugada-ley-que-crea-el-ministerio-de-ciencia-tecnologia-conocimiento-e-innovacion\/\",\"name\":\"Promulgada ley que crea el Ministerio de Ciencia, Tecnolog\u00eda, Conocimiento e Innovaci\u00f3n - Biob\u00edo\",\"isPartOf\":{\"@id\":\"https:\/\/explora.cl\/biobio\/#website\"},\"primaryImageOfPage\":{\"@id\":\"https:\/\/explora.cl\/biobio\/promlugada-ley-que-crea-el-ministerio-de-ciencia-tecnologia-conocimiento-e-innovacion\/#primaryimage\"},\"image\":{\"@id\":\"https:\/\/explora.cl\/biobio\/promlugada-ley-que-crea-el-ministerio-de-ciencia-tecnologia-conocimiento-e-innovacion\/#primaryimage\"},\"thumbnailUrl\":\"\",\"datePublished\":\"2018-08-14T16:53:36+00:00\",\"dateModified\":\"2019-05-20T18:46:48+00:00\",\"author\":{\"@id\":\"https:\/\/explora.cl\/biobio\/#\/schema\/person\/cb8349c13ea2d324080adf8480d7ba5d\"},\"breadcrumb\":{\"@id\":\"https:\/\/explora.cl\/biobio\/promlugada-ley-que-crea-el-ministerio-de-ciencia-tecnologia-conocimiento-e-innovacion\/#breadcrumb\"},\"inLanguage\":\"es-CL\",\"potentialAction\":[{\"@type\":\"ReadAction\",\"target\":[\"https:\/\/explora.cl\/biobio\/promlugada-ley-que-crea-el-ministerio-de-ciencia-tecnologia-conocimiento-e-innovacion\/\"]}]},{\"@type\":\"ImageObject\",\"inLanguage\":\"es-CL\",\"@id\":\"https:\/\/explora.cl\/biobio\/promlugada-ley-que-crea-el-ministerio-de-ciencia-tecnologia-conocimiento-e-innovacion\/#primaryimage\",\"url\":\"\",\"contentUrl\":\"\"},{\"@type\":\"BreadcrumbList\",\"@id\":\"https:\/\/explora.cl\/biobio\/promlugada-ley-que-crea-el-ministerio-de-ciencia-tecnologia-conocimiento-e-innovacion\/#breadcrumb\",\"itemListElement\":[{\"@type\":\"ListItem\",\"position\":1,\"name\":\"Portada\",\"item\":\"https:\/\/explora.cl\/biobio\/\"},{\"@type\":\"ListItem\",\"position\":2,\"name\":\"Promulgada ley que crea el Ministerio de Ciencia, Tecnolog\u00eda, Conocimiento e Innovaci\u00f3n\"}]},{\"@type\":\"WebSite\",\"@id\":\"https:\/\/explora.cl\/biobio\/#website\",\"url\":\"https:\/\/explora.cl\/biobio\/\",\"name\":\"Biob\u00edo\",\"description\":\"Otro sitio m\u00e1s de explora.cl\",\"potentialAction\":[{\"@type\":\"SearchAction\",\"target\":{\"@type\":\"EntryPoint\",\"urlTemplate\":\"https:\/\/explora.cl\/biobio\/?s={search_term_string}\"},\"query-input\":{\"@type\":\"PropertyValueSpecification\",\"valueRequired\":true,\"valueName\":\"search_term_string\"}}],\"inLanguage\":\"es-CL\"},{\"@type\":\"Person\",\"@id\":\"https:\/\/explora.cl\/biobio\/#\/schema\/person\/cb8349c13ea2d324080adf8480d7ba5d\",\"name\":\"webman\",\"image\":{\"@type\":\"ImageObject\",\"inLanguage\":\"es-CL\",\"@id\":\"https:\/\/explora.cl\/biobio\/#\/schema\/person\/image\/\",\"url\":\"https:\/\/secure.gravatar.com\/avatar\/eeff3c82f2c02f7177d13663b7e6f890e9a6a0647ce9bb29cae02dcb094c7312?s=96&d=mm&r=g\",\"contentUrl\":\"https:\/\/secure.gravatar.com\/avatar\/eeff3c82f2c02f7177d13663b7e6f890e9a6a0647ce9bb29cae02dcb094c7312?s=96&d=mm&r=g\",\"caption\":\"webman\"},\"url\":\"https:\/\/explora.cl\/biobio\/author\/webman\/\"}]}<\/script>\n<!-- \/ Yoast SEO plugin. -->","yoast_head_json":{"title":"Promulgada ley que crea el Ministerio de Ciencia, Tecnolog\u00eda, Conocimiento e Innovaci\u00f3n - Biob\u00edo","robots":{"index":"index","follow":"follow","max-snippet":"max-snippet:-1","max-image-preview":"max-image-preview:large","max-video-preview":"max-video-preview:-1"},"canonical":"https:\/\/explora.cl\/biobio\/promlugada-ley-que-crea-el-ministerio-de-ciencia-tecnologia-conocimiento-e-innovacion\/","og_locale":"es_ES","og_type":"article","og_title":"Promulgada ley que crea el Ministerio de Ciencia, Tecnolog\u00eda, Conocimiento e Innovaci\u00f3n - Biob\u00edo","og_description":"Con su promulgaci\u00f3n en el Diario Oficial del 13 de agosto de 2018, entra en vigencia la Ley N\u00ba21.105, que crea el Ministerio de Ciencia, Tecnolog\u00eda, Conocimiento e Innovaci\u00f3n y establece una nueva institucionalidad en torno a estas tem\u00e1ticas, el Sistema Nacional de Ciencia, Tecnolog\u00eda, Conocimiento e Innovaci\u00f3n. El marco legal define al Ministerio como [&hellip;]","og_url":"https:\/\/explora.cl\/biobio\/promlugada-ley-que-crea-el-ministerio-de-ciencia-tecnologia-conocimiento-e-innovacion\/","og_site_name":"Biob\u00edo","article_published_time":"2018-08-14T16:53:36+00:00","article_modified_time":"2019-05-20T18:46:48+00:00","author":"webman","twitter_card":"summary_large_image","twitter_misc":{"Escrito por":"webman","Tiempo estimado de lectura":"4 minutos"},"schema":{"@context":"https:\/\/schema.org","@graph":[{"@type":"Article","@id":"https:\/\/explora.cl\/biobio\/promlugada-ley-que-crea-el-ministerio-de-ciencia-tecnologia-conocimiento-e-innovacion\/#article","isPartOf":{"@id":"https:\/\/explora.cl\/biobio\/promlugada-ley-que-crea-el-ministerio-de-ciencia-tecnologia-conocimiento-e-innovacion\/"},"author":{"name":"webman","@id":"https:\/\/explora.cl\/biobio\/#\/schema\/person\/cb8349c13ea2d324080adf8480d7ba5d"},"headline":"Promulgada ley que crea el Ministerio de Ciencia, Tecnolog\u00eda, Conocimiento e Innovaci\u00f3n","datePublished":"2018-08-14T16:53:36+00:00","dateModified":"2019-05-20T18:46:48+00:00","mainEntityOfPage":{"@id":"https:\/\/explora.cl\/biobio\/promlugada-ley-que-crea-el-ministerio-de-ciencia-tecnologia-conocimiento-e-innovacion\/"},"wordCount":773,"image":{"@id":"https:\/\/explora.cl\/biobio\/promlugada-ley-que-crea-el-ministerio-de-ciencia-tecnologia-conocimiento-e-innovacion\/#primaryimage"},"thumbnailUrl":"","articleSection":["Noticias"],"inLanguage":"es-CL"},{"@type":"WebPage","@id":"https:\/\/explora.cl\/biobio\/promlugada-ley-que-crea-el-ministerio-de-ciencia-tecnologia-conocimiento-e-innovacion\/","url":"https:\/\/explora.cl\/biobio\/promlugada-ley-que-crea-el-ministerio-de-ciencia-tecnologia-conocimiento-e-innovacion\/","name":"Promulgada ley que crea el Ministerio de Ciencia, Tecnolog\u00eda, Conocimiento e Innovaci\u00f3n - Biob\u00edo","isPartOf":{"@id":"https:\/\/explora.cl\/biobio\/#website"},"primaryImageOfPage":{"@id":"https:\/\/explora.cl\/biobio\/promlugada-ley-que-crea-el-ministerio-de-ciencia-tecnologia-conocimiento-e-innovacion\/#primaryimage"},"image":{"@id":"https:\/\/explora.cl\/biobio\/promlugada-ley-que-crea-el-ministerio-de-ciencia-tecnologia-conocimiento-e-innovacion\/#primaryimage"},"thumbnailUrl":"","datePublished":"2018-08-14T16:53:36+00:00","dateModified":"2019-05-20T18:46:48+00:00","author":{"@id":"https:\/\/explora.cl\/biobio\/#\/schema\/person\/cb8349c13ea2d324080adf8480d7ba5d"},"breadcrumb":{"@id":"https:\/\/explora.cl\/biobio\/promlugada-ley-que-crea-el-ministerio-de-ciencia-tecnologia-conocimiento-e-innovacion\/#breadcrumb"},"inLanguage":"es-CL","potentialAction":[{"@type":"ReadAction","target":["https:\/\/explora.cl\/biobio\/promlugada-ley-que-crea-el-ministerio-de-ciencia-tecnologia-conocimiento-e-innovacion\/"]}]},{"@type":"ImageObject","inLanguage":"es-CL","@id":"https:\/\/explora.cl\/biobio\/promlugada-ley-que-crea-el-ministerio-de-ciencia-tecnologia-conocimiento-e-innovacion\/#primaryimage","url":"","contentUrl":""},{"@type":"BreadcrumbList","@id":"https:\/\/explora.cl\/biobio\/promlugada-ley-que-crea-el-ministerio-de-ciencia-tecnologia-conocimiento-e-innovacion\/#breadcrumb","itemListElement":[{"@type":"ListItem","position":1,"name":"Portada","item":"https:\/\/explora.cl\/biobio\/"},{"@type":"ListItem","position":2,"name":"Promulgada ley que crea el Ministerio de Ciencia, Tecnolog\u00eda, Conocimiento e Innovaci\u00f3n"}]},{"@type":"WebSite","@id":"https:\/\/explora.cl\/biobio\/#website","url":"https:\/\/explora.cl\/biobio\/","name":"Biob\u00edo","description":"Otro sitio m\u00e1s de explora.cl","potentialAction":[{"@type":"SearchAction","target":{"@type":"EntryPoint","urlTemplate":"https:\/\/explora.cl\/biobio\/?s={search_term_string}"},"query-input":{"@type":"PropertyValueSpecification","valueRequired":true,"valueName":"search_term_string"}}],"inLanguage":"es-CL"},{"@type":"Person","@id":"https:\/\/explora.cl\/biobio\/#\/schema\/person\/cb8349c13ea2d324080adf8480d7ba5d","name":"webman","image":{"@type":"ImageObject","inLanguage":"es-CL","@id":"https:\/\/explora.cl\/biobio\/#\/schema\/person\/image\/","url":"https:\/\/secure.gravatar.com\/avatar\/eeff3c82f2c02f7177d13663b7e6f890e9a6a0647ce9bb29cae02dcb094c7312?s=96&d=mm&r=g","contentUrl":"https:\/\/secure.gravatar.com\/avatar\/eeff3c82f2c02f7177d13663b7e6f890e9a6a0647ce9bb29cae02dcb094c7312?s=96&d=mm&r=g","caption":"webman"},"url":"https:\/\/explora.cl\/biobio\/author\/webman\/"}]}},"_links":{"self":[{"href":"https:\/\/explora.cl\/biobio\/wp-json\/wp\/v2\/posts\/35235","targetHints":{"allow":["GET"]}}],"collection":[{"href":"https:\/\/explora.cl\/biobio\/wp-json\/wp\/v2\/posts"}],"about":[{"href":"https:\/\/explora.cl\/biobio\/wp-json\/wp\/v2\/types\/post"}],"author":[{"embeddable":true,"href":"https:\/\/explora.cl\/biobio\/wp-json\/wp\/v2\/users\/2"}],"replies":[{"embeddable":true,"href":"https:\/\/explora.cl\/biobio\/wp-json\/wp\/v2\/comments?post=35235"}],"version-history":[{"count":1,"href":"https:\/\/explora.cl\/biobio\/wp-json\/wp\/v2\/posts\/35235\/revisions"}],"predecessor-version":[{"id":38156,"href":"https:\/\/explora.cl\/biobio\/wp-json\/wp\/v2\/posts\/35235\/revisions\/38156"}],"wp:featuredmedia":[{"embeddable":true,"href":"https:\/\/explora.cl\/biobio\/wp-json\/"}],"wp:attachment":[{"href":"https:\/\/explora.cl\/biobio\/wp-json\/wp\/v2\/media?parent=35235"}],"wp:term":[{"taxonomy":"category","embeddable":true,"href":"https:\/\/explora.cl\/biobio\/wp-json\/wp\/v2\/categories?post=35235"},{"taxonomy":"post_tag","embeddable":true,"href":"https:\/\/explora.cl\/biobio\/wp-json\/wp\/v2\/tags?post=35235"}],"curies":[{"name":"wp","href":"https:\/\/api.w.org\/{rel}","templated":true}]}}