{"id":35202,"date":"2018-08-10T16:08:56","date_gmt":"2018-08-10T20:08:56","guid":{"rendered":"https:\/\/explora.cl\/blog\/2018\/08\/10\/red-multi-institucional-se-prepara-para-la-xxiv-semana-nacional-de-la-ciencia-y-la-tecnologia\/"},"modified":"2019-05-20T18:46:50","modified_gmt":"2019-05-20T18:46:50","slug":"red-multi-institucional-se-prepara-para-la-xxiv-semana-nacional-de-la-ciencia-y-la-tecnologia","status":"publish","type":"post","link":"https:\/\/explora.cl\/biobio\/red-multi-institucional-se-prepara-para-la-xxiv-semana-nacional-de-la-ciencia-y-la-tecnologia\/","title":{"rendered":"Red Multi Institucional se prepara para la XXIV Semana Nacional de la Ciencia y la Tecnolog\u00eda"},"content":{"rendered":"<p style=\"text-align: justify\">El mi\u00e9rcoles 8 de agosto, se efectu\u00f3 la reuni\u00f3n mensual de la Red Multi Institucional Explora Conicyt Biob\u00edo en el Centro de Formaci\u00f3n T\u00e9cnica Lota Arauco (CFT). La jornada estuvo marcada por los hitos que se realizar\u00e1n en octubre de este a\u00f1o, con el fin acercar la ciencia y la tecnolog\u00eda a la comunidad.<\/p>\n<p><img fetchpriority=\"high\" decoding=\"async\" class=\" alignright size-full wp-image-35201\" src=\"https:\/\/explora.cl\/wp-content\/uploads\/2018\/08\/IMG_0652.JPG\" alt=\"\" width=\"425\" height=\"283\" style=\"float: right\" \/><\/p>\n<p style=\"text-align: justify\">En esta oportunidad, la mesa de trabajo estuvo conformada por INCAR, Comunidad Ingenio, Museo de Historia Natural, Universidad Andr\u00e9s Bello, Girls In Tech, IMO, Museo de la Historia Natural Penco, Fundaci\u00f3n Chile 2100, Copas Sur Austral, Universidad de las Am\u00e9ricas,&nbsp;Corporaci\u00f3n Yo Tambi\u00e9n, CEDUC UCN, CIEDE Ucsc, Contracooltura y CICAT, con el fin de articular actividades y promover el trabajo colaborativo en torno al desarrollo de&nbsp;la ciencia y la tecnolog\u00eda.<\/p>\n<p style=\"text-align: justify\">La jornada comenz\u00f3 con el saludo de Mar\u00eda Eugenia Hermosilla Sotomayor, Jefa \u00c1rea Acad\u00e9mica CFT Lota Arauco, quien expres\u00f3 el profundo compromiso que siente la instituci\u00f3n con la valoraci\u00f3n y divulgaci\u00f3n del conocimiento cient\u00edfico. \u201cEstamos muy contentos de recibirlos en nuestra casa de estudio. Esperamos que estas instancias nos permitan trabajar colaborativamente para que m\u00e1s estudiantes conozcan la oferta de actividades que preparamos durante el a\u00f1o\u201d.<\/p>\n<p style=\"text-align: justify\"><strong>XXIV Semana Nacional de la Ciencia y la Tecnolog\u00eda Explora Conicyt<\/strong><\/p>\n<p style=\"text-align: justify\">Desde el 7 hasta el 12 de octubre se celebrar\u00e1, en todo el pa\u00eds, la XXIV Semana Nacional de la Ciencia y la Tecnolog\u00eda (SNCyT). Durante seis d\u00edas una serie de acciones de divulgaci\u00f3n y valoraci\u00f3n abrir\u00e1n las puertas del mundo de la ciencia y la tecnolog\u00eda a la comunidad.<\/p>\n<p style=\"text-align: justify\">Museos, centros de investigaci\u00f3n, bibliotecas, academias de ciencia, universidades, clubes de investigaci\u00f3n cient\u00edfica escolar y escuelas, mostrar\u00e1n sus descubrimientos e inquietudes con el fin de hacer de estos d\u00edas una gran celebraci\u00f3n entorno a la ciencia.<\/p>\n<p style=\"text-align: justify\">Para ello, la Red Multi Institucional Explora Biob\u00edo est\u00e1 planificando y coordinando diversas actividades y espacios interactivos que permitir\u00e1n promover la cultura cient\u00edfica del pa\u00eds a trav\u00e9s de charlas y experiencias interactivas.<\/p>\n<p style=\"text-align: justify\">El Director del PAR Explora Biob\u00edo, Dr. Juan Carlos Gacit\u00faa, coment\u00f3 la importancia de fortalecer las redes de colaboraci\u00f3n vinculadas a la ciencia, la tecnolog\u00eda y la innovaci\u00f3n. \u201cCada a\u00f1o, la Red Multi Institucional se organiza para ofertar una serie de actividades que promueven la cultura cient\u00edfica del pa\u00eds. Sin duda, contar con una red de m\u00e1s de 40 instituciones nos permite potenciar acciones y actividades &nbsp;gratuitas para la comunidad\u201d.<\/p>\n<p style=\"text-align: justify\">Cabe destacar que durante esta celebraci\u00f3n se realizar\u00e1n los Congresos Provinciales Escolares de la Ciencia y la Tecnolog\u00eda de CONICYT 2018 PAR Explora Biob\u00edo en las comunas de San Carlos, Los \u00c1ngeles, Concepci\u00f3n y Arauco.<\/p>\n","protected":false},"excerpt":{"rendered":"<p>El mi\u00e9rcoles 8 de agosto, se efectu\u00f3 la reuni\u00f3n mensual de la Red Multi Institucional Explora Conicyt Biob\u00edo en el Centro de Formaci\u00f3n T\u00e9cnica Lota Arauco (CFT). La jornada estuvo marcada por los hitos que se realizar\u00e1n en octubre de este a\u00f1o, con el fin acercar la ciencia y la tecnolog\u00eda a la comunidad. En [&hellip;]<\/p>\n","protected":false},"author":2,"featured_media":35201,"comment_status":"closed","ping_status":"open","sticky":false,"template":"","format":"standard","meta":{"_acf_changed":false,"_exactmetrics_skip_tracking":false,"_exactmetrics_sitenote_active":false,"_exactmetrics_sitenote_note":"","_exactmetrics_sitenote_category":0,"footnotes":"","_links_to":"","_links_to_target":""},"categories":[4,1],"tags":[],"class_list":["post-35202","post","type-post","status-publish","format-standard","has-post-thumbnail","hentry","category-noticias","category-sin-categoria"],"acf":[],"yoast_head":"<!-- This site is optimized with the Yoast SEO plugin v26.9 - https:\/\/yoast.com\/product\/yoast-seo-wordpress\/ -->\n<title>Red Multi Institucional se prepara para la XXIV Semana Nacional de la Ciencia y la Tecnolog\u00eda - Biob\u00edo<\/title>\n<meta name=\"robots\" content=\"index, follow, max-snippet:-1, max-image-preview:large, max-video-preview:-1\" \/>\n<link rel=\"canonical\" href=\"https:\/\/explora.cl\/biobio\/red-multi-institucional-se-prepara-para-la-xxiv-semana-nacional-de-la-ciencia-y-la-tecnologia\/\" class=\"yoast-seo-meta-tag\" \/>\n<meta property=\"og:locale\" content=\"es_ES\" class=\"yoast-seo-meta-tag\" \/>\n<meta property=\"og:type\" content=\"article\" class=\"yoast-seo-meta-tag\" \/>\n<meta property=\"og:title\" content=\"Red Multi Institucional se prepara para la XXIV Semana Nacional de la Ciencia y la Tecnolog\u00eda - Biob\u00edo\" class=\"yoast-seo-meta-tag\" \/>\n<meta property=\"og:description\" content=\"El mi\u00e9rcoles 8 de agosto, se efectu\u00f3 la reuni\u00f3n mensual de la Red Multi Institucional Explora Conicyt Biob\u00edo en el Centro de Formaci\u00f3n T\u00e9cnica Lota Arauco (CFT). La jornada estuvo marcada por los hitos que se realizar\u00e1n en octubre de este a\u00f1o, con el fin acercar la ciencia y la tecnolog\u00eda a la comunidad. En [&hellip;]\" class=\"yoast-seo-meta-tag\" \/>\n<meta property=\"og:url\" content=\"https:\/\/explora.cl\/biobio\/red-multi-institucional-se-prepara-para-la-xxiv-semana-nacional-de-la-ciencia-y-la-tecnologia\/\" class=\"yoast-seo-meta-tag\" \/>\n<meta property=\"og:site_name\" content=\"Biob\u00edo\" class=\"yoast-seo-meta-tag\" \/>\n<meta property=\"article:published_time\" content=\"2018-08-10T20:08:56+00:00\" class=\"yoast-seo-meta-tag\" \/>\n<meta property=\"article:modified_time\" content=\"2019-05-20T18:46:50+00:00\" class=\"yoast-seo-meta-tag\" \/>\n<meta name=\"author\" content=\"webman\" class=\"yoast-seo-meta-tag\" \/>\n<meta name=\"twitter:card\" content=\"summary_large_image\" class=\"yoast-seo-meta-tag\" \/>\n<meta name=\"twitter:label1\" content=\"Escrito por\" class=\"yoast-seo-meta-tag\" \/>\n\t<meta name=\"twitter:data1\" content=\"webman\" class=\"yoast-seo-meta-tag\" \/>\n\t<meta name=\"twitter:label2\" content=\"Tiempo estimado de lectura\" class=\"yoast-seo-meta-tag\" \/>\n\t<meta name=\"twitter:data2\" content=\"2 minutos\" class=\"yoast-seo-meta-tag\" \/>\n<script type=\"application\/ld+json\" class=\"yoast-schema-graph\">{\"@context\":\"https:\/\/schema.org\",\"@graph\":[{\"@type\":\"Article\",\"@id\":\"https:\/\/explora.cl\/biobio\/red-multi-institucional-se-prepara-para-la-xxiv-semana-nacional-de-la-ciencia-y-la-tecnologia\/#article\",\"isPartOf\":{\"@id\":\"https:\/\/explora.cl\/biobio\/red-multi-institucional-se-prepara-para-la-xxiv-semana-nacional-de-la-ciencia-y-la-tecnologia\/\"},\"author\":{\"name\":\"webman\",\"@id\":\"https:\/\/explora.cl\/biobio\/#\/schema\/person\/cb8349c13ea2d324080adf8480d7ba5d\"},\"headline\":\"Red Multi Institucional se prepara para la XXIV Semana Nacional de la Ciencia y la Tecnolog\u00eda\",\"datePublished\":\"2018-08-10T20:08:56+00:00\",\"dateModified\":\"2019-05-20T18:46:50+00:00\",\"mainEntityOfPage\":{\"@id\":\"https:\/\/explora.cl\/biobio\/red-multi-institucional-se-prepara-para-la-xxiv-semana-nacional-de-la-ciencia-y-la-tecnologia\/\"},\"wordCount\":494,\"image\":{\"@id\":\"https:\/\/explora.cl\/biobio\/red-multi-institucional-se-prepara-para-la-xxiv-semana-nacional-de-la-ciencia-y-la-tecnologia\/#primaryimage\"},\"thumbnailUrl\":\"\",\"articleSection\":[\"Noticias\"],\"inLanguage\":\"es-CL\"},{\"@type\":\"WebPage\",\"@id\":\"https:\/\/explora.cl\/biobio\/red-multi-institucional-se-prepara-para-la-xxiv-semana-nacional-de-la-ciencia-y-la-tecnologia\/\",\"url\":\"https:\/\/explora.cl\/biobio\/red-multi-institucional-se-prepara-para-la-xxiv-semana-nacional-de-la-ciencia-y-la-tecnologia\/\",\"name\":\"Red Multi Institucional se prepara para la XXIV Semana Nacional de la Ciencia y la Tecnolog\u00eda - Biob\u00edo\",\"isPartOf\":{\"@id\":\"https:\/\/explora.cl\/biobio\/#website\"},\"primaryImageOfPage\":{\"@id\":\"https:\/\/explora.cl\/biobio\/red-multi-institucional-se-prepara-para-la-xxiv-semana-nacional-de-la-ciencia-y-la-tecnologia\/#primaryimage\"},\"image\":{\"@id\":\"https:\/\/explora.cl\/biobio\/red-multi-institucional-se-prepara-para-la-xxiv-semana-nacional-de-la-ciencia-y-la-tecnologia\/#primaryimage\"},\"thumbnailUrl\":\"\",\"datePublished\":\"2018-08-10T20:08:56+00:00\",\"dateModified\":\"2019-05-20T18:46:50+00:00\",\"author\":{\"@id\":\"https:\/\/explora.cl\/biobio\/#\/schema\/person\/cb8349c13ea2d324080adf8480d7ba5d\"},\"breadcrumb\":{\"@id\":\"https:\/\/explora.cl\/biobio\/red-multi-institucional-se-prepara-para-la-xxiv-semana-nacional-de-la-ciencia-y-la-tecnologia\/#breadcrumb\"},\"inLanguage\":\"es-CL\",\"potentialAction\":[{\"@type\":\"ReadAction\",\"target\":[\"https:\/\/explora.cl\/biobio\/red-multi-institucional-se-prepara-para-la-xxiv-semana-nacional-de-la-ciencia-y-la-tecnologia\/\"]}]},{\"@type\":\"ImageObject\",\"inLanguage\":\"es-CL\",\"@id\":\"https:\/\/explora.cl\/biobio\/red-multi-institucional-se-prepara-para-la-xxiv-semana-nacional-de-la-ciencia-y-la-tecnologia\/#primaryimage\",\"url\":\"\",\"contentUrl\":\"\"},{\"@type\":\"BreadcrumbList\",\"@id\":\"https:\/\/explora.cl\/biobio\/red-multi-institucional-se-prepara-para-la-xxiv-semana-nacional-de-la-ciencia-y-la-tecnologia\/#breadcrumb\",\"itemListElement\":[{\"@type\":\"ListItem\",\"position\":1,\"name\":\"Portada\",\"item\":\"https:\/\/explora.cl\/biobio\/\"},{\"@type\":\"ListItem\",\"position\":2,\"name\":\"Red Multi Institucional se prepara para la XXIV Semana Nacional de la Ciencia y la Tecnolog\u00eda\"}]},{\"@type\":\"WebSite\",\"@id\":\"https:\/\/explora.cl\/biobio\/#website\",\"url\":\"https:\/\/explora.cl\/biobio\/\",\"name\":\"Biob\u00edo\",\"description\":\"Otro sitio m\u00e1s de explora.cl\",\"potentialAction\":[{\"@type\":\"SearchAction\",\"target\":{\"@type\":\"EntryPoint\",\"urlTemplate\":\"https:\/\/explora.cl\/biobio\/?s={search_term_string}\"},\"query-input\":{\"@type\":\"PropertyValueSpecification\",\"valueRequired\":true,\"valueName\":\"search_term_string\"}}],\"inLanguage\":\"es-CL\"},{\"@type\":\"Person\",\"@id\":\"https:\/\/explora.cl\/biobio\/#\/schema\/person\/cb8349c13ea2d324080adf8480d7ba5d\",\"name\":\"webman\",\"image\":{\"@type\":\"ImageObject\",\"inLanguage\":\"es-CL\",\"@id\":\"https:\/\/explora.cl\/biobio\/#\/schema\/person\/image\/\",\"url\":\"https:\/\/secure.gravatar.com\/avatar\/eeff3c82f2c02f7177d13663b7e6f890e9a6a0647ce9bb29cae02dcb094c7312?s=96&d=mm&r=g\",\"contentUrl\":\"https:\/\/secure.gravatar.com\/avatar\/eeff3c82f2c02f7177d13663b7e6f890e9a6a0647ce9bb29cae02dcb094c7312?s=96&d=mm&r=g\",\"caption\":\"webman\"},\"url\":\"https:\/\/explora.cl\/biobio\/author\/webman\/\"}]}<\/script>\n<!-- \/ Yoast SEO plugin. -->","yoast_head_json":{"title":"Red Multi Institucional se prepara para la XXIV Semana Nacional de la Ciencia y la Tecnolog\u00eda - Biob\u00edo","robots":{"index":"index","follow":"follow","max-snippet":"max-snippet:-1","max-image-preview":"max-image-preview:large","max-video-preview":"max-video-preview:-1"},"canonical":"https:\/\/explora.cl\/biobio\/red-multi-institucional-se-prepara-para-la-xxiv-semana-nacional-de-la-ciencia-y-la-tecnologia\/","og_locale":"es_ES","og_type":"article","og_title":"Red Multi Institucional se prepara para la XXIV Semana Nacional de la Ciencia y la Tecnolog\u00eda - Biob\u00edo","og_description":"El mi\u00e9rcoles 8 de agosto, se efectu\u00f3 la reuni\u00f3n mensual de la Red Multi Institucional Explora Conicyt Biob\u00edo en el Centro de Formaci\u00f3n T\u00e9cnica Lota Arauco (CFT). La jornada estuvo marcada por los hitos que se realizar\u00e1n en octubre de este a\u00f1o, con el fin acercar la ciencia y la tecnolog\u00eda a la comunidad. En [&hellip;]","og_url":"https:\/\/explora.cl\/biobio\/red-multi-institucional-se-prepara-para-la-xxiv-semana-nacional-de-la-ciencia-y-la-tecnologia\/","og_site_name":"Biob\u00edo","article_published_time":"2018-08-10T20:08:56+00:00","article_modified_time":"2019-05-20T18:46:50+00:00","author":"webman","twitter_card":"summary_large_image","twitter_misc":{"Escrito por":"webman","Tiempo estimado de lectura":"2 minutos"},"schema":{"@context":"https:\/\/schema.org","@graph":[{"@type":"Article","@id":"https:\/\/explora.cl\/biobio\/red-multi-institucional-se-prepara-para-la-xxiv-semana-nacional-de-la-ciencia-y-la-tecnologia\/#article","isPartOf":{"@id":"https:\/\/explora.cl\/biobio\/red-multi-institucional-se-prepara-para-la-xxiv-semana-nacional-de-la-ciencia-y-la-tecnologia\/"},"author":{"name":"webman","@id":"https:\/\/explora.cl\/biobio\/#\/schema\/person\/cb8349c13ea2d324080adf8480d7ba5d"},"headline":"Red Multi Institucional se prepara para la XXIV Semana Nacional de la Ciencia y la Tecnolog\u00eda","datePublished":"2018-08-10T20:08:56+00:00","dateModified":"2019-05-20T18:46:50+00:00","mainEntityOfPage":{"@id":"https:\/\/explora.cl\/biobio\/red-multi-institucional-se-prepara-para-la-xxiv-semana-nacional-de-la-ciencia-y-la-tecnologia\/"},"wordCount":494,"image":{"@id":"https:\/\/explora.cl\/biobio\/red-multi-institucional-se-prepara-para-la-xxiv-semana-nacional-de-la-ciencia-y-la-tecnologia\/#primaryimage"},"thumbnailUrl":"","articleSection":["Noticias"],"inLanguage":"es-CL"},{"@type":"WebPage","@id":"https:\/\/explora.cl\/biobio\/red-multi-institucional-se-prepara-para-la-xxiv-semana-nacional-de-la-ciencia-y-la-tecnologia\/","url":"https:\/\/explora.cl\/biobio\/red-multi-institucional-se-prepara-para-la-xxiv-semana-nacional-de-la-ciencia-y-la-tecnologia\/","name":"Red Multi Institucional se prepara para la XXIV Semana Nacional de la Ciencia y la Tecnolog\u00eda - Biob\u00edo","isPartOf":{"@id":"https:\/\/explora.cl\/biobio\/#website"},"primaryImageOfPage":{"@id":"https:\/\/explora.cl\/biobio\/red-multi-institucional-se-prepara-para-la-xxiv-semana-nacional-de-la-ciencia-y-la-tecnologia\/#primaryimage"},"image":{"@id":"https:\/\/explora.cl\/biobio\/red-multi-institucional-se-prepara-para-la-xxiv-semana-nacional-de-la-ciencia-y-la-tecnologia\/#primaryimage"},"thumbnailUrl":"","datePublished":"2018-08-10T20:08:56+00:00","dateModified":"2019-05-20T18:46:50+00:00","author":{"@id":"https:\/\/explora.cl\/biobio\/#\/schema\/person\/cb8349c13ea2d324080adf8480d7ba5d"},"breadcrumb":{"@id":"https:\/\/explora.cl\/biobio\/red-multi-institucional-se-prepara-para-la-xxiv-semana-nacional-de-la-ciencia-y-la-tecnologia\/#breadcrumb"},"inLanguage":"es-CL","potentialAction":[{"@type":"ReadAction","target":["https:\/\/explora.cl\/biobio\/red-multi-institucional-se-prepara-para-la-xxiv-semana-nacional-de-la-ciencia-y-la-tecnologia\/"]}]},{"@type":"ImageObject","inLanguage":"es-CL","@id":"https:\/\/explora.cl\/biobio\/red-multi-institucional-se-prepara-para-la-xxiv-semana-nacional-de-la-ciencia-y-la-tecnologia\/#primaryimage","url":"","contentUrl":""},{"@type":"BreadcrumbList","@id":"https:\/\/explora.cl\/biobio\/red-multi-institucional-se-prepara-para-la-xxiv-semana-nacional-de-la-ciencia-y-la-tecnologia\/#breadcrumb","itemListElement":[{"@type":"ListItem","position":1,"name":"Portada","item":"https:\/\/explora.cl\/biobio\/"},{"@type":"ListItem","position":2,"name":"Red Multi Institucional se prepara para la XXIV Semana Nacional de la Ciencia y la Tecnolog\u00eda"}]},{"@type":"WebSite","@id":"https:\/\/explora.cl\/biobio\/#website","url":"https:\/\/explora.cl\/biobio\/","name":"Biob\u00edo","description":"Otro sitio m\u00e1s de explora.cl","potentialAction":[{"@type":"SearchAction","target":{"@type":"EntryPoint","urlTemplate":"https:\/\/explora.cl\/biobio\/?s={search_term_string}"},"query-input":{"@type":"PropertyValueSpecification","valueRequired":true,"valueName":"search_term_string"}}],"inLanguage":"es-CL"},{"@type":"Person","@id":"https:\/\/explora.cl\/biobio\/#\/schema\/person\/cb8349c13ea2d324080adf8480d7ba5d","name":"webman","image":{"@type":"ImageObject","inLanguage":"es-CL","@id":"https:\/\/explora.cl\/biobio\/#\/schema\/person\/image\/","url":"https:\/\/secure.gravatar.com\/avatar\/eeff3c82f2c02f7177d13663b7e6f890e9a6a0647ce9bb29cae02dcb094c7312?s=96&d=mm&r=g","contentUrl":"https:\/\/secure.gravatar.com\/avatar\/eeff3c82f2c02f7177d13663b7e6f890e9a6a0647ce9bb29cae02dcb094c7312?s=96&d=mm&r=g","caption":"webman"},"url":"https:\/\/explora.cl\/biobio\/author\/webman\/"}]}},"_links":{"self":[{"href":"https:\/\/explora.cl\/biobio\/wp-json\/wp\/v2\/posts\/35202","targetHints":{"allow":["GET"]}}],"collection":[{"href":"https:\/\/explora.cl\/biobio\/wp-json\/wp\/v2\/posts"}],"about":[{"href":"https:\/\/explora.cl\/biobio\/wp-json\/wp\/v2\/types\/post"}],"author":[{"embeddable":true,"href":"https:\/\/explora.cl\/biobio\/wp-json\/wp\/v2\/users\/2"}],"replies":[{"embeddable":true,"href":"https:\/\/explora.cl\/biobio\/wp-json\/wp\/v2\/comments?post=35202"}],"version-history":[{"count":1,"href":"https:\/\/explora.cl\/biobio\/wp-json\/wp\/v2\/posts\/35202\/revisions"}],"predecessor-version":[{"id":38159,"href":"https:\/\/explora.cl\/biobio\/wp-json\/wp\/v2\/posts\/35202\/revisions\/38159"}],"wp:featuredmedia":[{"embeddable":true,"href":"https:\/\/explora.cl\/biobio\/wp-json\/"}],"wp:attachment":[{"href":"https:\/\/explora.cl\/biobio\/wp-json\/wp\/v2\/media?parent=35202"}],"wp:term":[{"taxonomy":"category","embeddable":true,"href":"https:\/\/explora.cl\/biobio\/wp-json\/wp\/v2\/categories?post=35202"},{"taxonomy":"post_tag","embeddable":true,"href":"https:\/\/explora.cl\/biobio\/wp-json\/wp\/v2\/tags?post=35202"}],"curies":[{"name":"wp","href":"https:\/\/api.w.org\/{rel}","templated":true}]}}