{"id":35175,"date":"2018-08-09T20:28:03","date_gmt":"2018-08-10T00:28:03","guid":{"rendered":"https:\/\/explora.cl\/blog\/2018\/08\/09\/cedeus-abre-concurso-fotografico-para-estudiantes-de-establecimientos-publicos-de-la-region\/"},"modified":"2019-05-20T18:46:50","modified_gmt":"2019-05-20T18:46:50","slug":"cedeus-abre-concurso-fotografico-para-estudiantes-de-establecimientos-publicos-de-la-region","status":"publish","type":"post","link":"https:\/\/explora.cl\/biobio\/cedeus-abre-concurso-fotografico-para-estudiantes-de-establecimientos-publicos-de-la-region\/","title":{"rendered":"CEDEUS abre concurso fotogr\u00e1fico para estudiantes de establecimientos p\u00fablicos de la Regi\u00f3n"},"content":{"rendered":"<p>El Centro de Desarrollo Urbano Sustentable CEDEUS, miembro de la Red Institucional de Explora Conicyt Biob\u00edo, &nbsp;abre el concurso de fotograf\u00eda \u201cCiudad, Imagen y Espacio P\u00fablico\u201d, donde se invita a la comunidad educativa de establecimientos p\u00fablicos de la regi\u00f3n del Biob\u00edo a participar de este concurso abierto hasta el 30 de agosto.<\/p>\n<p>En una alianza con la direcci\u00f3n de la Biblioteca Viva sede Mall del Tr\u00e9bol de Concepci\u00f3n se dispone del concurso de fotograf\u00eda con convocatoria \u00fanica, el cual <img fetchpriority=\"high\" decoding=\"async\" class=\" alignright size-full wp-image-35174\" src=\"https:\/\/explora.cl\/wp-content\/uploads\/2018\/08\/Afiche-BVTR-Agosto-2018-Concurso-foto-ok.jpg\" alt=\"\" width=\"486\" height=\"629\" style=\"float: right\" \/>tiene por objetivo invitar a la comunidad educativa de establecimientos p\u00fablicos de ense\u00f1anza b\u00e1sica y media de la Regi\u00f3n del Biob\u00edo, a participar en el concurso de fotograf\u00eda \u201cCiudad y Espacio P\u00fablico\u201d. Dicha convocatoria contar\u00e1 con dos actividades de mediaci\u00f3n, que buscan impulsar la visi\u00f3n ciudadana en torno al espacio p\u00fablico, y tambi\u00e9n a la fotograf\u00eda como lenguaje para explorar un territorio.<\/p>\n<p>El concurso consta de un premio para los tres primeros lugares, junto a una exposici\u00f3n fotogr\u00e1fica, donde se presentar\u00e1n las tres fotograf\u00edas ganadoras, m\u00e1s una selecci\u00f3n de las mejores propuestas presentes en el concurso, lo cual ser\u00e1 montado en la sala de exposiciones de la Biblioteca Viva sede Mall Plaza el Tr\u00e9bol.<\/p>\n<p>Un jurado conformado por investigadores CEDEUS y especialistas en el \u00e1rea de las artes visuales a nivel local, ser\u00e1n quienes decidan entre las fotograf\u00edas concursantes de toda la regi\u00f3n.<\/p>\n<p>\u00bfQui\u00e9nes pueden participar en el concurso?:<\/p>\n<ul>\n<li>\u2022 Estudiantes de establecimientos educacionales p\u00fablicos de la Regi\u00f3n del Biob\u00edo.<\/li>\n<\/ul>\n<p>Requisitos del concurso: Para participar, el estudiante, o alg\u00fan representante del estudiante (profesor\/a, jefe\/a de UTP del establecimiento, madre, padre o apoderado\/a) debe enviar de manera individual, y v\u00eda correo electr\u00f3nico la postulaci\u00f3n, insertando nombre completo del\/la concursante, rut, establecimiento y curso, adjuntando la fotograf\u00eda con los datos solicitados al correo: <strong>concursofotografia@cedeus.cl<\/strong>. Se enviar\u00e1 una notificaci\u00f3n a cada participante corroborando la recepci\u00f3n conforme de su participaci\u00f3n en el concurso.<\/p>\n<p>Para la producci\u00f3n de la fotograf\u00eda, se han dispuesto cuatro tem\u00e1ticas a abordar:<\/p>\n<ul>\n<li>\u2022 Acceso y Movilidad: explora la vida urbana y el acceso al transporte que tiene la ciudadan\u00eda en un delimitado territorio, haciendo hincapi\u00e9 en c\u00f3mo esta relaci\u00f3n, modos de transporte-ciudadan\u00eda, influye positiva y negativamente en su calidad de vida.<\/li>\n<li>\u2022 Recursos Cr\u00edticos: explorar los problemas de sostenibilidad relacionados con el agua, disponibilidad, escasez, y calidad para la salud ambiental.<\/li>\n<li>\u2022 Planificaci\u00f3n Integrada-Din\u00e1mica Socioespacial: estudiar la infraestructura verde de las ciudades (parques, patrimonio natural y espacios naturales).<\/li>\n<li>\u2022 Entorno construido: estudiar el consumo de energ\u00eda, y el acceso a vivienda en la ciudad.<\/li>\n<\/ul>\n<p>Requisitos de la fotograf\u00eda:<\/p>\n<ul>\n<li>\u2022 Producir una (1) fotograf\u00eda que aborde al menos una de las tem\u00e1ticas descritas en las tem\u00e1ticas del concurso.<\/li>\n<li>\u2022 Dicha fotograf\u00eda puede ser tomada con una c\u00e1mara digital o en una c\u00e1mara de celular.<\/li>\n<li>\u2022 La fotograf\u00eda enviada al concurso debe tener dimensiones m\u00ednimas de 10 x 15 cm. (Para efectos de la postulaci\u00f3n digital. A los concursantes seleccionados se les solicitar\u00e1 el archivo original para efectos de impresi\u00f3n y exhibici\u00f3n).<\/li>\n<\/ul>\n<p>La premiaci\u00f3n se realizar\u00e1 en la inauguraci\u00f3n de la exhibici\u00f3n en la sala de exposiciones de Biblioteca Viva sede Mall del Tr\u00e9bol de Talcahuano, el d\u00eda s\u00e1bado 06 de octubre a las 18:00 horas. Las y los ganadores ser\u00e1n notificados v\u00eda correo para su oportuna asistencia junto a sus familias, amigos\/as y\/o apoderados\/as.<\/p>\n<p>Para revisar las bases y mayor informaci\u00f3n acerca del concurso, visite <a href=\"https:\/\/www.cedeus.cl\/\">https:\/\/www.cedeus.cl\/<\/a><\/p>\n","protected":false},"excerpt":{"rendered":"<p>El Centro de Desarrollo Urbano Sustentable CEDEUS, miembro de la Red Institucional de Explora Conicyt Biob\u00edo, &nbsp;abre el concurso de fotograf\u00eda \u201cCiudad, Imagen y Espacio P\u00fablico\u201d, donde se invita a la comunidad educativa de establecimientos p\u00fablicos de la regi\u00f3n del Biob\u00edo a participar de este concurso abierto hasta el 30 de agosto. En una alianza [&hellip;]<\/p>\n","protected":false},"author":2,"featured_media":35173,"comment_status":"closed","ping_status":"open","sticky":false,"template":"","format":"standard","meta":{"_acf_changed":false,"_exactmetrics_skip_tracking":false,"_exactmetrics_sitenote_active":false,"_exactmetrics_sitenote_note":"","_exactmetrics_sitenote_category":0,"footnotes":"","_links_to":"","_links_to_target":""},"categories":[4,1],"tags":[],"class_list":["post-35175","post","type-post","status-publish","format-standard","has-post-thumbnail","hentry","category-noticias","category-sin-categoria"],"acf":[],"yoast_head":"<!-- This site is optimized with the Yoast SEO plugin v26.9 - https:\/\/yoast.com\/product\/yoast-seo-wordpress\/ -->\n<title>CEDEUS abre concurso fotogr\u00e1fico para estudiantes de establecimientos p\u00fablicos de la Regi\u00f3n - Biob\u00edo<\/title>\n<meta name=\"robots\" content=\"index, follow, max-snippet:-1, max-image-preview:large, max-video-preview:-1\" \/>\n<link rel=\"canonical\" href=\"https:\/\/explora.cl\/biobio\/cedeus-abre-concurso-fotografico-para-estudiantes-de-establecimientos-publicos-de-la-region\/\" class=\"yoast-seo-meta-tag\" \/>\n<meta property=\"og:locale\" content=\"es_ES\" class=\"yoast-seo-meta-tag\" \/>\n<meta property=\"og:type\" content=\"article\" class=\"yoast-seo-meta-tag\" \/>\n<meta property=\"og:title\" content=\"CEDEUS abre concurso fotogr\u00e1fico para estudiantes de establecimientos p\u00fablicos de la Regi\u00f3n - Biob\u00edo\" class=\"yoast-seo-meta-tag\" \/>\n<meta property=\"og:description\" content=\"El Centro de Desarrollo Urbano Sustentable CEDEUS, miembro de la Red Institucional de Explora Conicyt Biob\u00edo, &nbsp;abre el concurso de fotograf\u00eda \u201cCiudad, Imagen y Espacio P\u00fablico\u201d, donde se invita a la comunidad educativa de establecimientos p\u00fablicos de la regi\u00f3n del Biob\u00edo a participar de este concurso abierto hasta el 30 de agosto. En una alianza [&hellip;]\" class=\"yoast-seo-meta-tag\" \/>\n<meta property=\"og:url\" content=\"https:\/\/explora.cl\/biobio\/cedeus-abre-concurso-fotografico-para-estudiantes-de-establecimientos-publicos-de-la-region\/\" class=\"yoast-seo-meta-tag\" \/>\n<meta property=\"og:site_name\" content=\"Biob\u00edo\" class=\"yoast-seo-meta-tag\" \/>\n<meta property=\"article:published_time\" content=\"2018-08-10T00:28:03+00:00\" class=\"yoast-seo-meta-tag\" \/>\n<meta property=\"article:modified_time\" content=\"2019-05-20T18:46:50+00:00\" class=\"yoast-seo-meta-tag\" \/>\n<meta name=\"author\" content=\"webman\" class=\"yoast-seo-meta-tag\" \/>\n<meta name=\"twitter:card\" content=\"summary_large_image\" class=\"yoast-seo-meta-tag\" \/>\n<meta name=\"twitter:label1\" content=\"Escrito por\" class=\"yoast-seo-meta-tag\" \/>\n\t<meta name=\"twitter:data1\" content=\"webman\" class=\"yoast-seo-meta-tag\" \/>\n\t<meta name=\"twitter:label2\" content=\"Tiempo estimado de lectura\" class=\"yoast-seo-meta-tag\" \/>\n\t<meta name=\"twitter:data2\" content=\"3 minutos\" class=\"yoast-seo-meta-tag\" \/>\n<script type=\"application\/ld+json\" class=\"yoast-schema-graph\">{\"@context\":\"https:\/\/schema.org\",\"@graph\":[{\"@type\":\"Article\",\"@id\":\"https:\/\/explora.cl\/biobio\/cedeus-abre-concurso-fotografico-para-estudiantes-de-establecimientos-publicos-de-la-region\/#article\",\"isPartOf\":{\"@id\":\"https:\/\/explora.cl\/biobio\/cedeus-abre-concurso-fotografico-para-estudiantes-de-establecimientos-publicos-de-la-region\/\"},\"author\":{\"name\":\"webman\",\"@id\":\"https:\/\/explora.cl\/biobio\/#\/schema\/person\/cb8349c13ea2d324080adf8480d7ba5d\"},\"headline\":\"CEDEUS abre concurso fotogr\u00e1fico para estudiantes de establecimientos p\u00fablicos de la Regi\u00f3n\",\"datePublished\":\"2018-08-10T00:28:03+00:00\",\"dateModified\":\"2019-05-20T18:46:50+00:00\",\"mainEntityOfPage\":{\"@id\":\"https:\/\/explora.cl\/biobio\/cedeus-abre-concurso-fotografico-para-estudiantes-de-establecimientos-publicos-de-la-region\/\"},\"wordCount\":644,\"image\":{\"@id\":\"https:\/\/explora.cl\/biobio\/cedeus-abre-concurso-fotografico-para-estudiantes-de-establecimientos-publicos-de-la-region\/#primaryimage\"},\"thumbnailUrl\":\"\",\"articleSection\":[\"Noticias\"],\"inLanguage\":\"es-CL\"},{\"@type\":\"WebPage\",\"@id\":\"https:\/\/explora.cl\/biobio\/cedeus-abre-concurso-fotografico-para-estudiantes-de-establecimientos-publicos-de-la-region\/\",\"url\":\"https:\/\/explora.cl\/biobio\/cedeus-abre-concurso-fotografico-para-estudiantes-de-establecimientos-publicos-de-la-region\/\",\"name\":\"CEDEUS abre concurso fotogr\u00e1fico para estudiantes de establecimientos p\u00fablicos de la Regi\u00f3n - Biob\u00edo\",\"isPartOf\":{\"@id\":\"https:\/\/explora.cl\/biobio\/#website\"},\"primaryImageOfPage\":{\"@id\":\"https:\/\/explora.cl\/biobio\/cedeus-abre-concurso-fotografico-para-estudiantes-de-establecimientos-publicos-de-la-region\/#primaryimage\"},\"image\":{\"@id\":\"https:\/\/explora.cl\/biobio\/cedeus-abre-concurso-fotografico-para-estudiantes-de-establecimientos-publicos-de-la-region\/#primaryimage\"},\"thumbnailUrl\":\"\",\"datePublished\":\"2018-08-10T00:28:03+00:00\",\"dateModified\":\"2019-05-20T18:46:50+00:00\",\"author\":{\"@id\":\"https:\/\/explora.cl\/biobio\/#\/schema\/person\/cb8349c13ea2d324080adf8480d7ba5d\"},\"breadcrumb\":{\"@id\":\"https:\/\/explora.cl\/biobio\/cedeus-abre-concurso-fotografico-para-estudiantes-de-establecimientos-publicos-de-la-region\/#breadcrumb\"},\"inLanguage\":\"es-CL\",\"potentialAction\":[{\"@type\":\"ReadAction\",\"target\":[\"https:\/\/explora.cl\/biobio\/cedeus-abre-concurso-fotografico-para-estudiantes-de-establecimientos-publicos-de-la-region\/\"]}]},{\"@type\":\"ImageObject\",\"inLanguage\":\"es-CL\",\"@id\":\"https:\/\/explora.cl\/biobio\/cedeus-abre-concurso-fotografico-para-estudiantes-de-establecimientos-publicos-de-la-region\/#primaryimage\",\"url\":\"\",\"contentUrl\":\"\"},{\"@type\":\"BreadcrumbList\",\"@id\":\"https:\/\/explora.cl\/biobio\/cedeus-abre-concurso-fotografico-para-estudiantes-de-establecimientos-publicos-de-la-region\/#breadcrumb\",\"itemListElement\":[{\"@type\":\"ListItem\",\"position\":1,\"name\":\"Portada\",\"item\":\"https:\/\/explora.cl\/biobio\/\"},{\"@type\":\"ListItem\",\"position\":2,\"name\":\"CEDEUS abre concurso fotogr\u00e1fico para estudiantes de establecimientos p\u00fablicos de la Regi\u00f3n\"}]},{\"@type\":\"WebSite\",\"@id\":\"https:\/\/explora.cl\/biobio\/#website\",\"url\":\"https:\/\/explora.cl\/biobio\/\",\"name\":\"Biob\u00edo\",\"description\":\"Otro sitio m\u00e1s de explora.cl\",\"potentialAction\":[{\"@type\":\"SearchAction\",\"target\":{\"@type\":\"EntryPoint\",\"urlTemplate\":\"https:\/\/explora.cl\/biobio\/?s={search_term_string}\"},\"query-input\":{\"@type\":\"PropertyValueSpecification\",\"valueRequired\":true,\"valueName\":\"search_term_string\"}}],\"inLanguage\":\"es-CL\"},{\"@type\":\"Person\",\"@id\":\"https:\/\/explora.cl\/biobio\/#\/schema\/person\/cb8349c13ea2d324080adf8480d7ba5d\",\"name\":\"webman\",\"image\":{\"@type\":\"ImageObject\",\"inLanguage\":\"es-CL\",\"@id\":\"https:\/\/explora.cl\/biobio\/#\/schema\/person\/image\/\",\"url\":\"https:\/\/secure.gravatar.com\/avatar\/eeff3c82f2c02f7177d13663b7e6f890e9a6a0647ce9bb29cae02dcb094c7312?s=96&d=mm&r=g\",\"contentUrl\":\"https:\/\/secure.gravatar.com\/avatar\/eeff3c82f2c02f7177d13663b7e6f890e9a6a0647ce9bb29cae02dcb094c7312?s=96&d=mm&r=g\",\"caption\":\"webman\"},\"url\":\"https:\/\/explora.cl\/biobio\/author\/webman\/\"}]}<\/script>\n<!-- \/ Yoast SEO plugin. -->","yoast_head_json":{"title":"CEDEUS abre concurso fotogr\u00e1fico para estudiantes de establecimientos p\u00fablicos de la Regi\u00f3n - Biob\u00edo","robots":{"index":"index","follow":"follow","max-snippet":"max-snippet:-1","max-image-preview":"max-image-preview:large","max-video-preview":"max-video-preview:-1"},"canonical":"https:\/\/explora.cl\/biobio\/cedeus-abre-concurso-fotografico-para-estudiantes-de-establecimientos-publicos-de-la-region\/","og_locale":"es_ES","og_type":"article","og_title":"CEDEUS abre concurso fotogr\u00e1fico para estudiantes de establecimientos p\u00fablicos de la Regi\u00f3n - Biob\u00edo","og_description":"El Centro de Desarrollo Urbano Sustentable CEDEUS, miembro de la Red Institucional de Explora Conicyt Biob\u00edo, &nbsp;abre el concurso de fotograf\u00eda \u201cCiudad, Imagen y Espacio P\u00fablico\u201d, donde se invita a la comunidad educativa de establecimientos p\u00fablicos de la regi\u00f3n del Biob\u00edo a participar de este concurso abierto hasta el 30 de agosto. En una alianza [&hellip;]","og_url":"https:\/\/explora.cl\/biobio\/cedeus-abre-concurso-fotografico-para-estudiantes-de-establecimientos-publicos-de-la-region\/","og_site_name":"Biob\u00edo","article_published_time":"2018-08-10T00:28:03+00:00","article_modified_time":"2019-05-20T18:46:50+00:00","author":"webman","twitter_card":"summary_large_image","twitter_misc":{"Escrito por":"webman","Tiempo estimado de lectura":"3 minutos"},"schema":{"@context":"https:\/\/schema.org","@graph":[{"@type":"Article","@id":"https:\/\/explora.cl\/biobio\/cedeus-abre-concurso-fotografico-para-estudiantes-de-establecimientos-publicos-de-la-region\/#article","isPartOf":{"@id":"https:\/\/explora.cl\/biobio\/cedeus-abre-concurso-fotografico-para-estudiantes-de-establecimientos-publicos-de-la-region\/"},"author":{"name":"webman","@id":"https:\/\/explora.cl\/biobio\/#\/schema\/person\/cb8349c13ea2d324080adf8480d7ba5d"},"headline":"CEDEUS abre concurso fotogr\u00e1fico para estudiantes de establecimientos p\u00fablicos de la Regi\u00f3n","datePublished":"2018-08-10T00:28:03+00:00","dateModified":"2019-05-20T18:46:50+00:00","mainEntityOfPage":{"@id":"https:\/\/explora.cl\/biobio\/cedeus-abre-concurso-fotografico-para-estudiantes-de-establecimientos-publicos-de-la-region\/"},"wordCount":644,"image":{"@id":"https:\/\/explora.cl\/biobio\/cedeus-abre-concurso-fotografico-para-estudiantes-de-establecimientos-publicos-de-la-region\/#primaryimage"},"thumbnailUrl":"","articleSection":["Noticias"],"inLanguage":"es-CL"},{"@type":"WebPage","@id":"https:\/\/explora.cl\/biobio\/cedeus-abre-concurso-fotografico-para-estudiantes-de-establecimientos-publicos-de-la-region\/","url":"https:\/\/explora.cl\/biobio\/cedeus-abre-concurso-fotografico-para-estudiantes-de-establecimientos-publicos-de-la-region\/","name":"CEDEUS abre concurso fotogr\u00e1fico para estudiantes de establecimientos p\u00fablicos de la Regi\u00f3n - Biob\u00edo","isPartOf":{"@id":"https:\/\/explora.cl\/biobio\/#website"},"primaryImageOfPage":{"@id":"https:\/\/explora.cl\/biobio\/cedeus-abre-concurso-fotografico-para-estudiantes-de-establecimientos-publicos-de-la-region\/#primaryimage"},"image":{"@id":"https:\/\/explora.cl\/biobio\/cedeus-abre-concurso-fotografico-para-estudiantes-de-establecimientos-publicos-de-la-region\/#primaryimage"},"thumbnailUrl":"","datePublished":"2018-08-10T00:28:03+00:00","dateModified":"2019-05-20T18:46:50+00:00","author":{"@id":"https:\/\/explora.cl\/biobio\/#\/schema\/person\/cb8349c13ea2d324080adf8480d7ba5d"},"breadcrumb":{"@id":"https:\/\/explora.cl\/biobio\/cedeus-abre-concurso-fotografico-para-estudiantes-de-establecimientos-publicos-de-la-region\/#breadcrumb"},"inLanguage":"es-CL","potentialAction":[{"@type":"ReadAction","target":["https:\/\/explora.cl\/biobio\/cedeus-abre-concurso-fotografico-para-estudiantes-de-establecimientos-publicos-de-la-region\/"]}]},{"@type":"ImageObject","inLanguage":"es-CL","@id":"https:\/\/explora.cl\/biobio\/cedeus-abre-concurso-fotografico-para-estudiantes-de-establecimientos-publicos-de-la-region\/#primaryimage","url":"","contentUrl":""},{"@type":"BreadcrumbList","@id":"https:\/\/explora.cl\/biobio\/cedeus-abre-concurso-fotografico-para-estudiantes-de-establecimientos-publicos-de-la-region\/#breadcrumb","itemListElement":[{"@type":"ListItem","position":1,"name":"Portada","item":"https:\/\/explora.cl\/biobio\/"},{"@type":"ListItem","position":2,"name":"CEDEUS abre concurso fotogr\u00e1fico para estudiantes de establecimientos p\u00fablicos de la Regi\u00f3n"}]},{"@type":"WebSite","@id":"https:\/\/explora.cl\/biobio\/#website","url":"https:\/\/explora.cl\/biobio\/","name":"Biob\u00edo","description":"Otro sitio m\u00e1s de explora.cl","potentialAction":[{"@type":"SearchAction","target":{"@type":"EntryPoint","urlTemplate":"https:\/\/explora.cl\/biobio\/?s={search_term_string}"},"query-input":{"@type":"PropertyValueSpecification","valueRequired":true,"valueName":"search_term_string"}}],"inLanguage":"es-CL"},{"@type":"Person","@id":"https:\/\/explora.cl\/biobio\/#\/schema\/person\/cb8349c13ea2d324080adf8480d7ba5d","name":"webman","image":{"@type":"ImageObject","inLanguage":"es-CL","@id":"https:\/\/explora.cl\/biobio\/#\/schema\/person\/image\/","url":"https:\/\/secure.gravatar.com\/avatar\/eeff3c82f2c02f7177d13663b7e6f890e9a6a0647ce9bb29cae02dcb094c7312?s=96&d=mm&r=g","contentUrl":"https:\/\/secure.gravatar.com\/avatar\/eeff3c82f2c02f7177d13663b7e6f890e9a6a0647ce9bb29cae02dcb094c7312?s=96&d=mm&r=g","caption":"webman"},"url":"https:\/\/explora.cl\/biobio\/author\/webman\/"}]}},"_links":{"self":[{"href":"https:\/\/explora.cl\/biobio\/wp-json\/wp\/v2\/posts\/35175","targetHints":{"allow":["GET"]}}],"collection":[{"href":"https:\/\/explora.cl\/biobio\/wp-json\/wp\/v2\/posts"}],"about":[{"href":"https:\/\/explora.cl\/biobio\/wp-json\/wp\/v2\/types\/post"}],"author":[{"embeddable":true,"href":"https:\/\/explora.cl\/biobio\/wp-json\/wp\/v2\/users\/2"}],"replies":[{"embeddable":true,"href":"https:\/\/explora.cl\/biobio\/wp-json\/wp\/v2\/comments?post=35175"}],"version-history":[{"count":1,"href":"https:\/\/explora.cl\/biobio\/wp-json\/wp\/v2\/posts\/35175\/revisions"}],"predecessor-version":[{"id":38160,"href":"https:\/\/explora.cl\/biobio\/wp-json\/wp\/v2\/posts\/35175\/revisions\/38160"}],"wp:featuredmedia":[{"embeddable":true,"href":"https:\/\/explora.cl\/biobio\/wp-json\/"}],"wp:attachment":[{"href":"https:\/\/explora.cl\/biobio\/wp-json\/wp\/v2\/media?parent=35175"}],"wp:term":[{"taxonomy":"category","embeddable":true,"href":"https:\/\/explora.cl\/biobio\/wp-json\/wp\/v2\/categories?post=35175"},{"taxonomy":"post_tag","embeddable":true,"href":"https:\/\/explora.cl\/biobio\/wp-json\/wp\/v2\/tags?post=35175"}],"curies":[{"name":"wp","href":"https:\/\/api.w.org\/{rel}","templated":true}]}}