{"id":35154,"date":"2018-08-08T19:49:49","date_gmt":"2018-08-08T23:49:49","guid":{"rendered":"https:\/\/explora.cl\/blog\/2018\/08\/08\/xi-festival-teatro-y-ciencia-el-reencuentro-de-dos-mundos\/"},"modified":"2019-05-20T18:46:51","modified_gmt":"2019-05-20T18:46:51","slug":"xi-festival-teatro-y-ciencia-el-reencuentro-de-dos-mundos","status":"publish","type":"post","link":"https:\/\/explora.cl\/biobio\/xi-festival-teatro-y-ciencia-el-reencuentro-de-dos-mundos\/","title":{"rendered":"XI Festival Teatro y Ciencia: El reencuentro de dos mundos"},"content":{"rendered":"<ul>\n<li>\n<ul>\n<li>En julio, profesores y algunos alumnos y alumnas, fueron parte del taller de dramaturgia, el cual tuvo por objetivo orientar en el desarrollo de los guiones de la obra. En esta oportunidad fue el turno de la interpretaci\u00f3n.<\/li>\n<\/ul>\n<p>&nbsp;<\/p>\n<\/li>\n<li>\n<p><img fetchpriority=\"high\" decoding=\"async\" class=\" alignleft size-full wp-image-35152\" src=\"https:\/\/explora.cl\/wp-content\/uploads\/2018\/08\/IMG-2407.jpg\" alt=\"\" width=\"416\" height=\"203\" style=\"float: left\" \/>M\u00e1s de 70 estudiantes de ense\u00f1anza b\u00e1sica y media de la regi\u00f3n de Biob\u00edo y \u00d1uble, tuvieron su primera clase de actuaci\u00f3n en el marco de la iniciativa Teatro y Ciencia, desarrollada por el Proyecto Asociativo Regional PAR Explora Biob\u00edo, de la Comisi\u00f3n Nacional de Investigaci\u00f3n Cient\u00edfica y Tecnol\u00f3gica, Conicyt.<\/p>\n<p>Con representaci\u00f3n de establecimientos de Curanilahue, Coronel, San Carlos, Lebu, San Pedro de la Paz y Concepci\u00f3n, esta und\u00e9cima versi\u00f3n del festival escolar de arte dram\u00e1tico \u201cTEATRO Y CIENCIA\u201d, &nbsp;se destaca por incluir distintos formatos y estilos en las propuestas teatrales presentadas. Desde obras biogr\u00e1ficas que realzan a grandes mujeres de la ciencia, pasando por una comedia entre los \u00f3rganos del cuerpo, hasta dramas que evidencian las repercusiones de la tecnolog\u00eda en las relaciones familiares, todos estos argumentos que tendr\u00e1n su gran estreno en el 4 de diciembre en el Centro Cultural de la Universidad Cat\u00f3lica de la Sant\u00edsima Concepci\u00f3n.<\/p>\n<p>Rodrigo Osses Escribano, actor y artista circense, ha sido el encargado de guiar los talleres de perfeccionamiento para los grupos participantes, ya que, seg\u00fan indica, se encuentra gratamente sorprendido con la favorable disposici\u00f3n de los j\u00f3venes, \u201cestaban muy abiertos a jugar y aprender explorando su cuerpo y sus capacidades expresivas\u201d. El profesional de las tablas y arte callejero, destac\u00f3 el trabajo previo realizado por los profesores gu\u00edas, \u201cen mi experiencia normalmente cuesta m\u00e1s adquirir ese nivel de compromiso y entrega en una primera instancia. Sin duda los profesores han hecho un gran trabajo con sus alumnos, eso se nota\u201d.<\/p>\n<p>Los espacios donde se realiz\u00f3 los talleres fueron, la Casa del Deporte de la Universidad de Concepci\u00f3n y la Corporaci\u00f3n Cultural Artistas del Acero, est\u00e1 \u00faltima se sum\u00f3 &nbsp;como destaca la Encargada de Divulgaci\u00f3n de Explora Biob\u00edo, Cintya Villa, \u201crealizar el taller en este lugar es tremendamente simb\u00f3lico. Sabemos que aqu\u00ed se han gestado un gran n\u00famero de proyectos, obras y compa\u00f1\u00edas locales de gran \u00e9xito, y es precisamente lo que queremos que los ni\u00f1os conozcan, no s\u00f3lo de ciencia y tablas, sino tambi\u00e9n, del proceso y el intenso trabajo tras que requiere un artista\u201d.<\/p>\n<p>La profesora Eliana Delgado, pertenece a la Escuela Domingo Faustino Sarmiento de la ciudad de Lebu, este es el s\u00e9ptimo a\u00f1o que el grupo de teatro escolar participa bajo su tutela y es por esto que conoce de cerca la evoluci\u00f3n de la iniciativa \u201cTEATRO Y CIENCIA\u201d,\u201chay una preocupaci\u00f3n en ir entregando m\u00e1s herramientas para que nosotros trabajemos; los talleres de dramaturgia y de actuaci\u00f3n para los ni\u00f1os y ni\u00f1as son el mejor ejemplo. Para nosotros esto es crucial, porque no somos actores, ni profesores de teatro y vamos aprendiendo en el camino, entonces estos talleres sirven harto, para ir trabajando con los chiquillos y ellos se vayan acercando a la parte esc\u00e9nica. De parte de Explora siempre hay una preocupaci\u00f3n y eso se agradece\u201d.<\/p>\n<p><strong>El Festival y lo que viene<\/strong><\/p>\n<p><img decoding=\"async\" class=\" alignright size-full wp-image-35153\" src=\"https:\/\/explora.cl\/wp-content\/uploads\/2018\/08\/38681662_1794345913964800_7205334051706634240_o.jpg\" alt=\"\" width=\"413\" height=\"275\" style=\"float: right\" \/>\u201cTeatro y Ciencia\u201d es una iniciativa del PAR Explora Biob\u00edo que busca acercar diferentes contenidos cient\u00edficos y tecnol\u00f3gicos a los estudiantes a trav\u00e9s de las artes esc\u00e9nicas.Ocho grupos fueron seleccionados de entre decenas de compa\u00f1\u00edas postulantes, en una convocatoria que se extendi\u00f3 hasta el 22 de mayo.<\/p>\n<p>Paralelo a la capacitaci\u00f3n art\u00edstica, Explora Biob\u00edo se encarga adem\u00e1s de otorgar la asesor\u00eda de un experto en cada \u00e1rea para validar cient\u00edficamente el trabajo del grupo, logrando con esto una coherencia en el relato de la obra. Cristi\u00e1n Espinoza, encargado de Valoraci\u00f3n explic\u00f3, &nbsp;\u201ces una ardua tarea encontrar a cada uno de los profesionales para que asesoren a los grupos, pero entendemos que es fundamental para lograr un producto de calidad tanto art\u00edstica como en el \u00e1rea de las ciencias. Hasta ahora hemos recibido una incre\u00edble recepci\u00f3n por parte de los investigadores invitados a participar\u201d, coment\u00f3.<\/p>\n<p>Las categor\u00edas del festival son Educaci\u00f3n B\u00e1sica para estudiantes de 6\u00b0 a 8\u00b0 y Educaci\u00f3n Media para estudiantes de 1\u00b0 a 4\u00b0 Medio. Cada elenco est\u00e1 compuesto por un m\u00e1ximo de 10 estudiantes, quienes bajo la gu\u00eda de un profesor o profesora a cargo, realizan cada una de las etapas del proceso, desde la idea central, dramaturgia, vestuario, maquillaje, utiler\u00eda, hasta la presentaci\u00f3n final.<\/p>\n<p>&nbsp;<\/p>\n<p><strong>&nbsp;<\/strong><\/p>\n<\/li>\n<\/ul>\n","protected":false},"excerpt":{"rendered":"<p>En julio, profesores y algunos alumnos y alumnas, fueron parte del taller de dramaturgia, el cual tuvo por objetivo orientar en el desarrollo de los guiones de la obra. En esta oportunidad fue el turno de la interpretaci\u00f3n. &nbsp; M\u00e1s de 70 estudiantes de ense\u00f1anza b\u00e1sica y media de la regi\u00f3n de Biob\u00edo y \u00d1uble, [&hellip;]<\/p>\n","protected":false},"author":2,"featured_media":35151,"comment_status":"closed","ping_status":"open","sticky":false,"template":"","format":"standard","meta":{"_acf_changed":false,"_exactmetrics_skip_tracking":false,"_exactmetrics_sitenote_active":false,"_exactmetrics_sitenote_note":"","_exactmetrics_sitenote_category":0,"footnotes":"","_links_to":"","_links_to_target":""},"categories":[4,1],"tags":[],"class_list":["post-35154","post","type-post","status-publish","format-standard","has-post-thumbnail","hentry","category-noticias","category-sin-categoria"],"acf":[],"yoast_head":"<!-- This site is optimized with the Yoast SEO plugin v26.9 - https:\/\/yoast.com\/product\/yoast-seo-wordpress\/ -->\n<title>XI Festival Teatro y Ciencia: El reencuentro de dos mundos - Biob\u00edo<\/title>\n<meta name=\"robots\" content=\"index, follow, max-snippet:-1, max-image-preview:large, max-video-preview:-1\" \/>\n<link rel=\"canonical\" href=\"https:\/\/explora.cl\/biobio\/xi-festival-teatro-y-ciencia-el-reencuentro-de-dos-mundos\/\" class=\"yoast-seo-meta-tag\" \/>\n<meta property=\"og:locale\" content=\"es_ES\" class=\"yoast-seo-meta-tag\" \/>\n<meta property=\"og:type\" content=\"article\" class=\"yoast-seo-meta-tag\" \/>\n<meta property=\"og:title\" content=\"XI Festival Teatro y Ciencia: El reencuentro de dos mundos - Biob\u00edo\" class=\"yoast-seo-meta-tag\" \/>\n<meta property=\"og:description\" content=\"En julio, profesores y algunos alumnos y alumnas, fueron parte del taller de dramaturgia, el cual tuvo por objetivo orientar en el desarrollo de los guiones de la obra. En esta oportunidad fue el turno de la interpretaci\u00f3n. &nbsp; M\u00e1s de 70 estudiantes de ense\u00f1anza b\u00e1sica y media de la regi\u00f3n de Biob\u00edo y \u00d1uble, [&hellip;]\" class=\"yoast-seo-meta-tag\" \/>\n<meta property=\"og:url\" content=\"https:\/\/explora.cl\/biobio\/xi-festival-teatro-y-ciencia-el-reencuentro-de-dos-mundos\/\" class=\"yoast-seo-meta-tag\" \/>\n<meta property=\"og:site_name\" content=\"Biob\u00edo\" class=\"yoast-seo-meta-tag\" \/>\n<meta property=\"article:published_time\" content=\"2018-08-08T23:49:49+00:00\" class=\"yoast-seo-meta-tag\" \/>\n<meta property=\"article:modified_time\" content=\"2019-05-20T18:46:51+00:00\" class=\"yoast-seo-meta-tag\" \/>\n<meta name=\"author\" content=\"webman\" class=\"yoast-seo-meta-tag\" \/>\n<meta name=\"twitter:card\" content=\"summary_large_image\" class=\"yoast-seo-meta-tag\" \/>\n<meta name=\"twitter:label1\" content=\"Escrito por\" class=\"yoast-seo-meta-tag\" \/>\n\t<meta name=\"twitter:data1\" content=\"webman\" class=\"yoast-seo-meta-tag\" \/>\n\t<meta name=\"twitter:label2\" content=\"Tiempo estimado de lectura\" class=\"yoast-seo-meta-tag\" \/>\n\t<meta name=\"twitter:data2\" content=\"4 minutos\" class=\"yoast-seo-meta-tag\" \/>\n<script type=\"application\/ld+json\" class=\"yoast-schema-graph\">{\"@context\":\"https:\/\/schema.org\",\"@graph\":[{\"@type\":\"Article\",\"@id\":\"https:\/\/explora.cl\/biobio\/xi-festival-teatro-y-ciencia-el-reencuentro-de-dos-mundos\/#article\",\"isPartOf\":{\"@id\":\"https:\/\/explora.cl\/biobio\/xi-festival-teatro-y-ciencia-el-reencuentro-de-dos-mundos\/\"},\"author\":{\"name\":\"webman\",\"@id\":\"https:\/\/explora.cl\/biobio\/#\/schema\/person\/cb8349c13ea2d324080adf8480d7ba5d\"},\"headline\":\"XI Festival Teatro y Ciencia: El reencuentro de dos mundos\",\"datePublished\":\"2018-08-08T23:49:49+00:00\",\"dateModified\":\"2019-05-20T18:46:51+00:00\",\"mainEntityOfPage\":{\"@id\":\"https:\/\/explora.cl\/biobio\/xi-festival-teatro-y-ciencia-el-reencuentro-de-dos-mundos\/\"},\"wordCount\":804,\"image\":{\"@id\":\"https:\/\/explora.cl\/biobio\/xi-festival-teatro-y-ciencia-el-reencuentro-de-dos-mundos\/#primaryimage\"},\"thumbnailUrl\":\"\",\"articleSection\":[\"Noticias\"],\"inLanguage\":\"es-CL\"},{\"@type\":\"WebPage\",\"@id\":\"https:\/\/explora.cl\/biobio\/xi-festival-teatro-y-ciencia-el-reencuentro-de-dos-mundos\/\",\"url\":\"https:\/\/explora.cl\/biobio\/xi-festival-teatro-y-ciencia-el-reencuentro-de-dos-mundos\/\",\"name\":\"XI Festival Teatro y Ciencia: El reencuentro de dos mundos - Biob\u00edo\",\"isPartOf\":{\"@id\":\"https:\/\/explora.cl\/biobio\/#website\"},\"primaryImageOfPage\":{\"@id\":\"https:\/\/explora.cl\/biobio\/xi-festival-teatro-y-ciencia-el-reencuentro-de-dos-mundos\/#primaryimage\"},\"image\":{\"@id\":\"https:\/\/explora.cl\/biobio\/xi-festival-teatro-y-ciencia-el-reencuentro-de-dos-mundos\/#primaryimage\"},\"thumbnailUrl\":\"\",\"datePublished\":\"2018-08-08T23:49:49+00:00\",\"dateModified\":\"2019-05-20T18:46:51+00:00\",\"author\":{\"@id\":\"https:\/\/explora.cl\/biobio\/#\/schema\/person\/cb8349c13ea2d324080adf8480d7ba5d\"},\"breadcrumb\":{\"@id\":\"https:\/\/explora.cl\/biobio\/xi-festival-teatro-y-ciencia-el-reencuentro-de-dos-mundos\/#breadcrumb\"},\"inLanguage\":\"es-CL\",\"potentialAction\":[{\"@type\":\"ReadAction\",\"target\":[\"https:\/\/explora.cl\/biobio\/xi-festival-teatro-y-ciencia-el-reencuentro-de-dos-mundos\/\"]}]},{\"@type\":\"ImageObject\",\"inLanguage\":\"es-CL\",\"@id\":\"https:\/\/explora.cl\/biobio\/xi-festival-teatro-y-ciencia-el-reencuentro-de-dos-mundos\/#primaryimage\",\"url\":\"\",\"contentUrl\":\"\"},{\"@type\":\"BreadcrumbList\",\"@id\":\"https:\/\/explora.cl\/biobio\/xi-festival-teatro-y-ciencia-el-reencuentro-de-dos-mundos\/#breadcrumb\",\"itemListElement\":[{\"@type\":\"ListItem\",\"position\":1,\"name\":\"Portada\",\"item\":\"https:\/\/explora.cl\/biobio\/\"},{\"@type\":\"ListItem\",\"position\":2,\"name\":\"XI Festival Teatro y Ciencia: El reencuentro de dos mundos\"}]},{\"@type\":\"WebSite\",\"@id\":\"https:\/\/explora.cl\/biobio\/#website\",\"url\":\"https:\/\/explora.cl\/biobio\/\",\"name\":\"Biob\u00edo\",\"description\":\"Otro sitio m\u00e1s de explora.cl\",\"potentialAction\":[{\"@type\":\"SearchAction\",\"target\":{\"@type\":\"EntryPoint\",\"urlTemplate\":\"https:\/\/explora.cl\/biobio\/?s={search_term_string}\"},\"query-input\":{\"@type\":\"PropertyValueSpecification\",\"valueRequired\":true,\"valueName\":\"search_term_string\"}}],\"inLanguage\":\"es-CL\"},{\"@type\":\"Person\",\"@id\":\"https:\/\/explora.cl\/biobio\/#\/schema\/person\/cb8349c13ea2d324080adf8480d7ba5d\",\"name\":\"webman\",\"image\":{\"@type\":\"ImageObject\",\"inLanguage\":\"es-CL\",\"@id\":\"https:\/\/explora.cl\/biobio\/#\/schema\/person\/image\/\",\"url\":\"https:\/\/secure.gravatar.com\/avatar\/eeff3c82f2c02f7177d13663b7e6f890e9a6a0647ce9bb29cae02dcb094c7312?s=96&d=mm&r=g\",\"contentUrl\":\"https:\/\/secure.gravatar.com\/avatar\/eeff3c82f2c02f7177d13663b7e6f890e9a6a0647ce9bb29cae02dcb094c7312?s=96&d=mm&r=g\",\"caption\":\"webman\"},\"url\":\"https:\/\/explora.cl\/biobio\/author\/webman\/\"}]}<\/script>\n<!-- \/ Yoast SEO plugin. -->","yoast_head_json":{"title":"XI Festival Teatro y Ciencia: El reencuentro de dos mundos - Biob\u00edo","robots":{"index":"index","follow":"follow","max-snippet":"max-snippet:-1","max-image-preview":"max-image-preview:large","max-video-preview":"max-video-preview:-1"},"canonical":"https:\/\/explora.cl\/biobio\/xi-festival-teatro-y-ciencia-el-reencuentro-de-dos-mundos\/","og_locale":"es_ES","og_type":"article","og_title":"XI Festival Teatro y Ciencia: El reencuentro de dos mundos - Biob\u00edo","og_description":"En julio, profesores y algunos alumnos y alumnas, fueron parte del taller de dramaturgia, el cual tuvo por objetivo orientar en el desarrollo de los guiones de la obra. En esta oportunidad fue el turno de la interpretaci\u00f3n. &nbsp; M\u00e1s de 70 estudiantes de ense\u00f1anza b\u00e1sica y media de la regi\u00f3n de Biob\u00edo y \u00d1uble, [&hellip;]","og_url":"https:\/\/explora.cl\/biobio\/xi-festival-teatro-y-ciencia-el-reencuentro-de-dos-mundos\/","og_site_name":"Biob\u00edo","article_published_time":"2018-08-08T23:49:49+00:00","article_modified_time":"2019-05-20T18:46:51+00:00","author":"webman","twitter_card":"summary_large_image","twitter_misc":{"Escrito por":"webman","Tiempo estimado de lectura":"4 minutos"},"schema":{"@context":"https:\/\/schema.org","@graph":[{"@type":"Article","@id":"https:\/\/explora.cl\/biobio\/xi-festival-teatro-y-ciencia-el-reencuentro-de-dos-mundos\/#article","isPartOf":{"@id":"https:\/\/explora.cl\/biobio\/xi-festival-teatro-y-ciencia-el-reencuentro-de-dos-mundos\/"},"author":{"name":"webman","@id":"https:\/\/explora.cl\/biobio\/#\/schema\/person\/cb8349c13ea2d324080adf8480d7ba5d"},"headline":"XI Festival Teatro y Ciencia: El reencuentro de dos mundos","datePublished":"2018-08-08T23:49:49+00:00","dateModified":"2019-05-20T18:46:51+00:00","mainEntityOfPage":{"@id":"https:\/\/explora.cl\/biobio\/xi-festival-teatro-y-ciencia-el-reencuentro-de-dos-mundos\/"},"wordCount":804,"image":{"@id":"https:\/\/explora.cl\/biobio\/xi-festival-teatro-y-ciencia-el-reencuentro-de-dos-mundos\/#primaryimage"},"thumbnailUrl":"","articleSection":["Noticias"],"inLanguage":"es-CL"},{"@type":"WebPage","@id":"https:\/\/explora.cl\/biobio\/xi-festival-teatro-y-ciencia-el-reencuentro-de-dos-mundos\/","url":"https:\/\/explora.cl\/biobio\/xi-festival-teatro-y-ciencia-el-reencuentro-de-dos-mundos\/","name":"XI Festival Teatro y Ciencia: El reencuentro de dos mundos - Biob\u00edo","isPartOf":{"@id":"https:\/\/explora.cl\/biobio\/#website"},"primaryImageOfPage":{"@id":"https:\/\/explora.cl\/biobio\/xi-festival-teatro-y-ciencia-el-reencuentro-de-dos-mundos\/#primaryimage"},"image":{"@id":"https:\/\/explora.cl\/biobio\/xi-festival-teatro-y-ciencia-el-reencuentro-de-dos-mundos\/#primaryimage"},"thumbnailUrl":"","datePublished":"2018-08-08T23:49:49+00:00","dateModified":"2019-05-20T18:46:51+00:00","author":{"@id":"https:\/\/explora.cl\/biobio\/#\/schema\/person\/cb8349c13ea2d324080adf8480d7ba5d"},"breadcrumb":{"@id":"https:\/\/explora.cl\/biobio\/xi-festival-teatro-y-ciencia-el-reencuentro-de-dos-mundos\/#breadcrumb"},"inLanguage":"es-CL","potentialAction":[{"@type":"ReadAction","target":["https:\/\/explora.cl\/biobio\/xi-festival-teatro-y-ciencia-el-reencuentro-de-dos-mundos\/"]}]},{"@type":"ImageObject","inLanguage":"es-CL","@id":"https:\/\/explora.cl\/biobio\/xi-festival-teatro-y-ciencia-el-reencuentro-de-dos-mundos\/#primaryimage","url":"","contentUrl":""},{"@type":"BreadcrumbList","@id":"https:\/\/explora.cl\/biobio\/xi-festival-teatro-y-ciencia-el-reencuentro-de-dos-mundos\/#breadcrumb","itemListElement":[{"@type":"ListItem","position":1,"name":"Portada","item":"https:\/\/explora.cl\/biobio\/"},{"@type":"ListItem","position":2,"name":"XI Festival Teatro y Ciencia: El reencuentro de dos mundos"}]},{"@type":"WebSite","@id":"https:\/\/explora.cl\/biobio\/#website","url":"https:\/\/explora.cl\/biobio\/","name":"Biob\u00edo","description":"Otro sitio m\u00e1s de explora.cl","potentialAction":[{"@type":"SearchAction","target":{"@type":"EntryPoint","urlTemplate":"https:\/\/explora.cl\/biobio\/?s={search_term_string}"},"query-input":{"@type":"PropertyValueSpecification","valueRequired":true,"valueName":"search_term_string"}}],"inLanguage":"es-CL"},{"@type":"Person","@id":"https:\/\/explora.cl\/biobio\/#\/schema\/person\/cb8349c13ea2d324080adf8480d7ba5d","name":"webman","image":{"@type":"ImageObject","inLanguage":"es-CL","@id":"https:\/\/explora.cl\/biobio\/#\/schema\/person\/image\/","url":"https:\/\/secure.gravatar.com\/avatar\/eeff3c82f2c02f7177d13663b7e6f890e9a6a0647ce9bb29cae02dcb094c7312?s=96&d=mm&r=g","contentUrl":"https:\/\/secure.gravatar.com\/avatar\/eeff3c82f2c02f7177d13663b7e6f890e9a6a0647ce9bb29cae02dcb094c7312?s=96&d=mm&r=g","caption":"webman"},"url":"https:\/\/explora.cl\/biobio\/author\/webman\/"}]}},"_links":{"self":[{"href":"https:\/\/explora.cl\/biobio\/wp-json\/wp\/v2\/posts\/35154","targetHints":{"allow":["GET"]}}],"collection":[{"href":"https:\/\/explora.cl\/biobio\/wp-json\/wp\/v2\/posts"}],"about":[{"href":"https:\/\/explora.cl\/biobio\/wp-json\/wp\/v2\/types\/post"}],"author":[{"embeddable":true,"href":"https:\/\/explora.cl\/biobio\/wp-json\/wp\/v2\/users\/2"}],"replies":[{"embeddable":true,"href":"https:\/\/explora.cl\/biobio\/wp-json\/wp\/v2\/comments?post=35154"}],"version-history":[{"count":1,"href":"https:\/\/explora.cl\/biobio\/wp-json\/wp\/v2\/posts\/35154\/revisions"}],"predecessor-version":[{"id":38163,"href":"https:\/\/explora.cl\/biobio\/wp-json\/wp\/v2\/posts\/35154\/revisions\/38163"}],"wp:featuredmedia":[{"embeddable":true,"href":"https:\/\/explora.cl\/biobio\/wp-json\/"}],"wp:attachment":[{"href":"https:\/\/explora.cl\/biobio\/wp-json\/wp\/v2\/media?parent=35154"}],"wp:term":[{"taxonomy":"category","embeddable":true,"href":"https:\/\/explora.cl\/biobio\/wp-json\/wp\/v2\/categories?post=35154"},{"taxonomy":"post_tag","embeddable":true,"href":"https:\/\/explora.cl\/biobio\/wp-json\/wp\/v2\/tags?post=35154"}],"curies":[{"name":"wp","href":"https:\/\/api.w.org\/{rel}","templated":true}]}}