{"id":35074,"date":"2018-08-06T17:44:29","date_gmt":"2018-08-06T21:44:29","guid":{"rendered":"https:\/\/explora.cl\/blog\/2018\/08\/06\/region-de-biobio-y-nuble-presente-en-campamento-de-educacion-en-ciencias-explora-va-2018\/"},"modified":"2019-05-20T18:46:51","modified_gmt":"2019-05-20T18:46:51","slug":"region-de-biobio-y-nuble-presente-en-campamento-de-educacion-en-ciencias-explora-va-2018","status":"publish","type":"post","link":"https:\/\/explora.cl\/biobio\/region-de-biobio-y-nuble-presente-en-campamento-de-educacion-en-ciencias-explora-va-2018\/","title":{"rendered":"Regi\u00f3n de Biob\u00edo y \u00d1uble presente en Campamento de Educaci\u00f3n en Ciencias Explora VA! 2018"},"content":{"rendered":"<ul>\n<li>Con representaci\u00f3n local se realiz\u00f3 el campamento de este a\u00f1o; rodeado por un entorno natural privilegiado y con las caracter\u00edsticas necesarias para la realizaci\u00f3n de actividades al aire libre.&nbsp;<\/li>\n<\/ul>\n<p>Este a\u00f1o 19 profesores y profesoras de las cuatro provincias de la Regi\u00f3n de Biob\u00edo-\u00d1uble tuvieron la posibilidad de participar del Campamento de Educaci\u00f3n en Ciencias Explora VA!, actividad gratuita que invit\u00f3 a profesionales de la educaci\u00f3n de todo el pa\u00eds, a explorar herramientas que los ayuden a descubrir en las ciencias una forma innovadora de ense\u00f1ar dentro y fuera del aula.<\/p>\n<p>Realizado en Quintero, regi\u00f3n de Valpara\u00edso,&nbsp; comuna costera reconocida por su gran biodiversidad, donde se encuentra ubicado el Humedal de Mantagua, perfecto escenario natural que concentra gran parte de las instancias de aprendizaje del campamento realizadas por los 103 docentes motivados por fortalecer sus competencias en ciencias, compartir y dise\u00f1ar experiencias innovadoras aplicables en sus escuelas.<\/p>\n<p>Carmen D\u00edaz est\u00e1 en edad de jubilar pero se mantiene fuerte y activa ejerciendo en la Escuela Rep\u00fablica de Ecuador en Tom\u00e9. Valora profundamente la posibilidad de conocer a otros colegas y recoger sus experiencias; para ella, educar en la actualidad representa todo un desaf\u00edo, ya que \u201ctenemos que estar un pelda\u00f1o m\u00e1s arriba que los chiquillos, porque ellos tienen mucho acceso a la tecnolog\u00eda, y nosotros debemos estar&nbsp; a la vanguardia\u201d, raz\u00f3n por la que le resulta de gran ayuda la posibilidad de asistir a este tipo de actividades, declar\u00f3&nbsp; a canal 24horas.cl, \u201cuno siempre aprende algo nuevo para llevarle a los chiquillos\u201d.<\/p>\n<p>Carola Guti\u00e9rrez, directora del Campamento de Educaci\u00f3n en Ciencias Explora VA! 2018,&nbsp; lidera un equipo multidisciplinario de las \u00e1reas de la pedagog\u00eda y las ciencias, quienes abocan su esfuerzo en entregar una experiencia de calidad e inolvidable a cada uno de los profesores y profesoras asistentes. \u201cQueremos que los docentes puedan experimentar la ciencia de una manera interdisciplinaria, que los ayude a comprender su entorno desde distintas miradas. Aqu\u00ed la integraci\u00f3n curricular y la metodolog\u00eda indagatoria son conceptos claves. De esta manera, buscamos espacios donde puedan reflexionar sobre sus pr\u00e1cticas pedag\u00f3gicas y compartir con profesionales de la educaci\u00f3n que vienen desde distintas regiones de Chile y de contextos muy diferentes\u201d, declar\u00f3.<\/p>\n<p>El Campamento de Educaci\u00f3n en Ciencias Explora VA! es una iniciativa del Programa Explora de CONICYT, ejecutada por la Universidad de Chile, a trav\u00e9s de su Facultad de Ciencias Veterinarias y Pecuarias.<\/p>\n<p><img fetchpriority=\"high\" decoding=\"async\" class=\" size-full wp-image-35073\" src=\"https:\/\/explora.cl\/wp-content\/uploads\/2018\/08\/IMG_7202.jpeg\" alt=\"\" width=\"904\" height=\"602\" \/><\/p>\n","protected":false},"excerpt":{"rendered":"<p>Con representaci\u00f3n local se realiz\u00f3 el campamento de este a\u00f1o; rodeado por un entorno natural privilegiado y con las caracter\u00edsticas necesarias para la realizaci\u00f3n de actividades al aire libre.&nbsp; Este a\u00f1o 19 profesores y profesoras de las cuatro provincias de la Regi\u00f3n de Biob\u00edo-\u00d1uble tuvieron la posibilidad de participar del Campamento de Educaci\u00f3n en Ciencias [&hellip;]<\/p>\n","protected":false},"author":2,"featured_media":35072,"comment_status":"closed","ping_status":"open","sticky":false,"template":"","format":"standard","meta":{"_acf_changed":false,"_exactmetrics_skip_tracking":false,"_exactmetrics_sitenote_active":false,"_exactmetrics_sitenote_note":"","_exactmetrics_sitenote_category":0,"footnotes":"","_links_to":"","_links_to_target":""},"categories":[4,1],"tags":[],"class_list":["post-35074","post","type-post","status-publish","format-standard","has-post-thumbnail","hentry","category-noticias","category-sin-categoria"],"acf":[],"yoast_head":"<!-- This site is optimized with the Yoast SEO plugin v26.9 - https:\/\/yoast.com\/product\/yoast-seo-wordpress\/ -->\n<title>Regi\u00f3n de Biob\u00edo y \u00d1uble presente en Campamento de Educaci\u00f3n en Ciencias Explora VA! 2018 - Biob\u00edo<\/title>\n<meta name=\"robots\" content=\"index, follow, max-snippet:-1, max-image-preview:large, max-video-preview:-1\" \/>\n<link rel=\"canonical\" href=\"https:\/\/explora.cl\/biobio\/region-de-biobio-y-nuble-presente-en-campamento-de-educacion-en-ciencias-explora-va-2018\/\" class=\"yoast-seo-meta-tag\" \/>\n<meta property=\"og:locale\" content=\"es_ES\" class=\"yoast-seo-meta-tag\" \/>\n<meta property=\"og:type\" content=\"article\" class=\"yoast-seo-meta-tag\" \/>\n<meta property=\"og:title\" content=\"Regi\u00f3n de Biob\u00edo y \u00d1uble presente en Campamento de Educaci\u00f3n en Ciencias Explora VA! 2018 - Biob\u00edo\" class=\"yoast-seo-meta-tag\" \/>\n<meta property=\"og:description\" content=\"Con representaci\u00f3n local se realiz\u00f3 el campamento de este a\u00f1o; rodeado por un entorno natural privilegiado y con las caracter\u00edsticas necesarias para la realizaci\u00f3n de actividades al aire libre.&nbsp; Este a\u00f1o 19 profesores y profesoras de las cuatro provincias de la Regi\u00f3n de Biob\u00edo-\u00d1uble tuvieron la posibilidad de participar del Campamento de Educaci\u00f3n en Ciencias [&hellip;]\" class=\"yoast-seo-meta-tag\" \/>\n<meta property=\"og:url\" content=\"https:\/\/explora.cl\/biobio\/region-de-biobio-y-nuble-presente-en-campamento-de-educacion-en-ciencias-explora-va-2018\/\" class=\"yoast-seo-meta-tag\" \/>\n<meta property=\"og:site_name\" content=\"Biob\u00edo\" class=\"yoast-seo-meta-tag\" \/>\n<meta property=\"article:published_time\" content=\"2018-08-06T21:44:29+00:00\" class=\"yoast-seo-meta-tag\" \/>\n<meta property=\"article:modified_time\" content=\"2019-05-20T18:46:51+00:00\" class=\"yoast-seo-meta-tag\" \/>\n<meta name=\"author\" content=\"webman\" class=\"yoast-seo-meta-tag\" \/>\n<meta name=\"twitter:card\" content=\"summary_large_image\" class=\"yoast-seo-meta-tag\" \/>\n<meta name=\"twitter:label1\" content=\"Escrito por\" class=\"yoast-seo-meta-tag\" \/>\n\t<meta name=\"twitter:data1\" content=\"webman\" class=\"yoast-seo-meta-tag\" \/>\n\t<meta name=\"twitter:label2\" content=\"Tiempo estimado de lectura\" class=\"yoast-seo-meta-tag\" \/>\n\t<meta name=\"twitter:data2\" content=\"2 minutos\" class=\"yoast-seo-meta-tag\" \/>\n<script type=\"application\/ld+json\" class=\"yoast-schema-graph\">{\"@context\":\"https:\/\/schema.org\",\"@graph\":[{\"@type\":\"Article\",\"@id\":\"https:\/\/explora.cl\/biobio\/region-de-biobio-y-nuble-presente-en-campamento-de-educacion-en-ciencias-explora-va-2018\/#article\",\"isPartOf\":{\"@id\":\"https:\/\/explora.cl\/biobio\/region-de-biobio-y-nuble-presente-en-campamento-de-educacion-en-ciencias-explora-va-2018\/\"},\"author\":{\"name\":\"webman\",\"@id\":\"https:\/\/explora.cl\/biobio\/#\/schema\/person\/cb8349c13ea2d324080adf8480d7ba5d\"},\"headline\":\"Regi\u00f3n de Biob\u00edo y \u00d1uble presente en Campamento de Educaci\u00f3n en Ciencias Explora VA! 2018\",\"datePublished\":\"2018-08-06T21:44:29+00:00\",\"dateModified\":\"2019-05-20T18:46:51+00:00\",\"mainEntityOfPage\":{\"@id\":\"https:\/\/explora.cl\/biobio\/region-de-biobio-y-nuble-presente-en-campamento-de-educacion-en-ciencias-explora-va-2018\/\"},\"wordCount\":446,\"image\":{\"@id\":\"https:\/\/explora.cl\/biobio\/region-de-biobio-y-nuble-presente-en-campamento-de-educacion-en-ciencias-explora-va-2018\/#primaryimage\"},\"thumbnailUrl\":\"\",\"articleSection\":[\"Noticias\"],\"inLanguage\":\"es-CL\"},{\"@type\":\"WebPage\",\"@id\":\"https:\/\/explora.cl\/biobio\/region-de-biobio-y-nuble-presente-en-campamento-de-educacion-en-ciencias-explora-va-2018\/\",\"url\":\"https:\/\/explora.cl\/biobio\/region-de-biobio-y-nuble-presente-en-campamento-de-educacion-en-ciencias-explora-va-2018\/\",\"name\":\"Regi\u00f3n de Biob\u00edo y \u00d1uble presente en Campamento de Educaci\u00f3n en Ciencias Explora VA! 2018 - Biob\u00edo\",\"isPartOf\":{\"@id\":\"https:\/\/explora.cl\/biobio\/#website\"},\"primaryImageOfPage\":{\"@id\":\"https:\/\/explora.cl\/biobio\/region-de-biobio-y-nuble-presente-en-campamento-de-educacion-en-ciencias-explora-va-2018\/#primaryimage\"},\"image\":{\"@id\":\"https:\/\/explora.cl\/biobio\/region-de-biobio-y-nuble-presente-en-campamento-de-educacion-en-ciencias-explora-va-2018\/#primaryimage\"},\"thumbnailUrl\":\"\",\"datePublished\":\"2018-08-06T21:44:29+00:00\",\"dateModified\":\"2019-05-20T18:46:51+00:00\",\"author\":{\"@id\":\"https:\/\/explora.cl\/biobio\/#\/schema\/person\/cb8349c13ea2d324080adf8480d7ba5d\"},\"breadcrumb\":{\"@id\":\"https:\/\/explora.cl\/biobio\/region-de-biobio-y-nuble-presente-en-campamento-de-educacion-en-ciencias-explora-va-2018\/#breadcrumb\"},\"inLanguage\":\"es-CL\",\"potentialAction\":[{\"@type\":\"ReadAction\",\"target\":[\"https:\/\/explora.cl\/biobio\/region-de-biobio-y-nuble-presente-en-campamento-de-educacion-en-ciencias-explora-va-2018\/\"]}]},{\"@type\":\"ImageObject\",\"inLanguage\":\"es-CL\",\"@id\":\"https:\/\/explora.cl\/biobio\/region-de-biobio-y-nuble-presente-en-campamento-de-educacion-en-ciencias-explora-va-2018\/#primaryimage\",\"url\":\"\",\"contentUrl\":\"\"},{\"@type\":\"BreadcrumbList\",\"@id\":\"https:\/\/explora.cl\/biobio\/region-de-biobio-y-nuble-presente-en-campamento-de-educacion-en-ciencias-explora-va-2018\/#breadcrumb\",\"itemListElement\":[{\"@type\":\"ListItem\",\"position\":1,\"name\":\"Portada\",\"item\":\"https:\/\/explora.cl\/biobio\/\"},{\"@type\":\"ListItem\",\"position\":2,\"name\":\"Regi\u00f3n de Biob\u00edo y \u00d1uble presente en Campamento de Educaci\u00f3n en Ciencias Explora VA! 2018\"}]},{\"@type\":\"WebSite\",\"@id\":\"https:\/\/explora.cl\/biobio\/#website\",\"url\":\"https:\/\/explora.cl\/biobio\/\",\"name\":\"Biob\u00edo\",\"description\":\"Otro sitio m\u00e1s de explora.cl\",\"potentialAction\":[{\"@type\":\"SearchAction\",\"target\":{\"@type\":\"EntryPoint\",\"urlTemplate\":\"https:\/\/explora.cl\/biobio\/?s={search_term_string}\"},\"query-input\":{\"@type\":\"PropertyValueSpecification\",\"valueRequired\":true,\"valueName\":\"search_term_string\"}}],\"inLanguage\":\"es-CL\"},{\"@type\":\"Person\",\"@id\":\"https:\/\/explora.cl\/biobio\/#\/schema\/person\/cb8349c13ea2d324080adf8480d7ba5d\",\"name\":\"webman\",\"image\":{\"@type\":\"ImageObject\",\"inLanguage\":\"es-CL\",\"@id\":\"https:\/\/explora.cl\/biobio\/#\/schema\/person\/image\/\",\"url\":\"https:\/\/secure.gravatar.com\/avatar\/eeff3c82f2c02f7177d13663b7e6f890e9a6a0647ce9bb29cae02dcb094c7312?s=96&d=mm&r=g\",\"contentUrl\":\"https:\/\/secure.gravatar.com\/avatar\/eeff3c82f2c02f7177d13663b7e6f890e9a6a0647ce9bb29cae02dcb094c7312?s=96&d=mm&r=g\",\"caption\":\"webman\"},\"url\":\"https:\/\/explora.cl\/biobio\/author\/webman\/\"}]}<\/script>\n<!-- \/ Yoast SEO plugin. -->","yoast_head_json":{"title":"Regi\u00f3n de Biob\u00edo y \u00d1uble presente en Campamento de Educaci\u00f3n en Ciencias Explora VA! 2018 - Biob\u00edo","robots":{"index":"index","follow":"follow","max-snippet":"max-snippet:-1","max-image-preview":"max-image-preview:large","max-video-preview":"max-video-preview:-1"},"canonical":"https:\/\/explora.cl\/biobio\/region-de-biobio-y-nuble-presente-en-campamento-de-educacion-en-ciencias-explora-va-2018\/","og_locale":"es_ES","og_type":"article","og_title":"Regi\u00f3n de Biob\u00edo y \u00d1uble presente en Campamento de Educaci\u00f3n en Ciencias Explora VA! 2018 - Biob\u00edo","og_description":"Con representaci\u00f3n local se realiz\u00f3 el campamento de este a\u00f1o; rodeado por un entorno natural privilegiado y con las caracter\u00edsticas necesarias para la realizaci\u00f3n de actividades al aire libre.&nbsp; Este a\u00f1o 19 profesores y profesoras de las cuatro provincias de la Regi\u00f3n de Biob\u00edo-\u00d1uble tuvieron la posibilidad de participar del Campamento de Educaci\u00f3n en Ciencias [&hellip;]","og_url":"https:\/\/explora.cl\/biobio\/region-de-biobio-y-nuble-presente-en-campamento-de-educacion-en-ciencias-explora-va-2018\/","og_site_name":"Biob\u00edo","article_published_time":"2018-08-06T21:44:29+00:00","article_modified_time":"2019-05-20T18:46:51+00:00","author":"webman","twitter_card":"summary_large_image","twitter_misc":{"Escrito por":"webman","Tiempo estimado de lectura":"2 minutos"},"schema":{"@context":"https:\/\/schema.org","@graph":[{"@type":"Article","@id":"https:\/\/explora.cl\/biobio\/region-de-biobio-y-nuble-presente-en-campamento-de-educacion-en-ciencias-explora-va-2018\/#article","isPartOf":{"@id":"https:\/\/explora.cl\/biobio\/region-de-biobio-y-nuble-presente-en-campamento-de-educacion-en-ciencias-explora-va-2018\/"},"author":{"name":"webman","@id":"https:\/\/explora.cl\/biobio\/#\/schema\/person\/cb8349c13ea2d324080adf8480d7ba5d"},"headline":"Regi\u00f3n de Biob\u00edo y \u00d1uble presente en Campamento de Educaci\u00f3n en Ciencias Explora VA! 2018","datePublished":"2018-08-06T21:44:29+00:00","dateModified":"2019-05-20T18:46:51+00:00","mainEntityOfPage":{"@id":"https:\/\/explora.cl\/biobio\/region-de-biobio-y-nuble-presente-en-campamento-de-educacion-en-ciencias-explora-va-2018\/"},"wordCount":446,"image":{"@id":"https:\/\/explora.cl\/biobio\/region-de-biobio-y-nuble-presente-en-campamento-de-educacion-en-ciencias-explora-va-2018\/#primaryimage"},"thumbnailUrl":"","articleSection":["Noticias"],"inLanguage":"es-CL"},{"@type":"WebPage","@id":"https:\/\/explora.cl\/biobio\/region-de-biobio-y-nuble-presente-en-campamento-de-educacion-en-ciencias-explora-va-2018\/","url":"https:\/\/explora.cl\/biobio\/region-de-biobio-y-nuble-presente-en-campamento-de-educacion-en-ciencias-explora-va-2018\/","name":"Regi\u00f3n de Biob\u00edo y \u00d1uble presente en Campamento de Educaci\u00f3n en Ciencias Explora VA! 2018 - Biob\u00edo","isPartOf":{"@id":"https:\/\/explora.cl\/biobio\/#website"},"primaryImageOfPage":{"@id":"https:\/\/explora.cl\/biobio\/region-de-biobio-y-nuble-presente-en-campamento-de-educacion-en-ciencias-explora-va-2018\/#primaryimage"},"image":{"@id":"https:\/\/explora.cl\/biobio\/region-de-biobio-y-nuble-presente-en-campamento-de-educacion-en-ciencias-explora-va-2018\/#primaryimage"},"thumbnailUrl":"","datePublished":"2018-08-06T21:44:29+00:00","dateModified":"2019-05-20T18:46:51+00:00","author":{"@id":"https:\/\/explora.cl\/biobio\/#\/schema\/person\/cb8349c13ea2d324080adf8480d7ba5d"},"breadcrumb":{"@id":"https:\/\/explora.cl\/biobio\/region-de-biobio-y-nuble-presente-en-campamento-de-educacion-en-ciencias-explora-va-2018\/#breadcrumb"},"inLanguage":"es-CL","potentialAction":[{"@type":"ReadAction","target":["https:\/\/explora.cl\/biobio\/region-de-biobio-y-nuble-presente-en-campamento-de-educacion-en-ciencias-explora-va-2018\/"]}]},{"@type":"ImageObject","inLanguage":"es-CL","@id":"https:\/\/explora.cl\/biobio\/region-de-biobio-y-nuble-presente-en-campamento-de-educacion-en-ciencias-explora-va-2018\/#primaryimage","url":"","contentUrl":""},{"@type":"BreadcrumbList","@id":"https:\/\/explora.cl\/biobio\/region-de-biobio-y-nuble-presente-en-campamento-de-educacion-en-ciencias-explora-va-2018\/#breadcrumb","itemListElement":[{"@type":"ListItem","position":1,"name":"Portada","item":"https:\/\/explora.cl\/biobio\/"},{"@type":"ListItem","position":2,"name":"Regi\u00f3n de Biob\u00edo y \u00d1uble presente en Campamento de Educaci\u00f3n en Ciencias Explora VA! 2018"}]},{"@type":"WebSite","@id":"https:\/\/explora.cl\/biobio\/#website","url":"https:\/\/explora.cl\/biobio\/","name":"Biob\u00edo","description":"Otro sitio m\u00e1s de explora.cl","potentialAction":[{"@type":"SearchAction","target":{"@type":"EntryPoint","urlTemplate":"https:\/\/explora.cl\/biobio\/?s={search_term_string}"},"query-input":{"@type":"PropertyValueSpecification","valueRequired":true,"valueName":"search_term_string"}}],"inLanguage":"es-CL"},{"@type":"Person","@id":"https:\/\/explora.cl\/biobio\/#\/schema\/person\/cb8349c13ea2d324080adf8480d7ba5d","name":"webman","image":{"@type":"ImageObject","inLanguage":"es-CL","@id":"https:\/\/explora.cl\/biobio\/#\/schema\/person\/image\/","url":"https:\/\/secure.gravatar.com\/avatar\/eeff3c82f2c02f7177d13663b7e6f890e9a6a0647ce9bb29cae02dcb094c7312?s=96&d=mm&r=g","contentUrl":"https:\/\/secure.gravatar.com\/avatar\/eeff3c82f2c02f7177d13663b7e6f890e9a6a0647ce9bb29cae02dcb094c7312?s=96&d=mm&r=g","caption":"webman"},"url":"https:\/\/explora.cl\/biobio\/author\/webman\/"}]}},"_links":{"self":[{"href":"https:\/\/explora.cl\/biobio\/wp-json\/wp\/v2\/posts\/35074","targetHints":{"allow":["GET"]}}],"collection":[{"href":"https:\/\/explora.cl\/biobio\/wp-json\/wp\/v2\/posts"}],"about":[{"href":"https:\/\/explora.cl\/biobio\/wp-json\/wp\/v2\/types\/post"}],"author":[{"embeddable":true,"href":"https:\/\/explora.cl\/biobio\/wp-json\/wp\/v2\/users\/2"}],"replies":[{"embeddable":true,"href":"https:\/\/explora.cl\/biobio\/wp-json\/wp\/v2\/comments?post=35074"}],"version-history":[{"count":1,"href":"https:\/\/explora.cl\/biobio\/wp-json\/wp\/v2\/posts\/35074\/revisions"}],"predecessor-version":[{"id":38164,"href":"https:\/\/explora.cl\/biobio\/wp-json\/wp\/v2\/posts\/35074\/revisions\/38164"}],"wp:featuredmedia":[{"embeddable":true,"href":"https:\/\/explora.cl\/biobio\/wp-json\/"}],"wp:attachment":[{"href":"https:\/\/explora.cl\/biobio\/wp-json\/wp\/v2\/media?parent=35074"}],"wp:term":[{"taxonomy":"category","embeddable":true,"href":"https:\/\/explora.cl\/biobio\/wp-json\/wp\/v2\/categories?post=35074"},{"taxonomy":"post_tag","embeddable":true,"href":"https:\/\/explora.cl\/biobio\/wp-json\/wp\/v2\/tags?post=35074"}],"curies":[{"name":"wp","href":"https:\/\/api.w.org\/{rel}","templated":true}]}}