{"id":1047,"date":"2016-09-28T00:00:00","date_gmt":"2016-09-28T04:00:00","guid":{"rendered":"https:\/\/explora.cl\/biobio\/blog\/2016\/09\/28\/en-huepil-se-realizo-el-ultimo-congreso-provincial-de-ciencia-y-tecnologia-2016\/"},"modified":"2019-05-20T18:30:51","modified_gmt":"2019-05-20T18:30:51","slug":"en-huepil-se-realizo-el-ultimo-congreso-provincial-de-ciencia-y-tecnologia-2016","status":"publish","type":"post","link":"https:\/\/explora.cl\/biobio\/en-huepil-se-realizo-el-ultimo-congreso-provincial-de-ciencia-y-tecnologia-2016\/","title":{"rendered":"En Hu\u00e9pil se realiz\u00f3 el \u00faltimo Congreso Provincial de Ciencia y Tecnolog\u00eda 2016"},"content":{"rendered":"<p class=\"MsoNormal\"><img fetchpriority=\"high\" decoding=\"async\" class=\" size-full wp-image-20917\" style=\"margin-left: auto;margin-right: auto\" src=\"http:\/\/ec2-54-245-22-188.us-west-2.compute.amazonaws.com\/wp-content\/uploads\/2016\/09\/IMG_7762.JPG\" alt=\"\" width=\"1019\" height=\"679\" \/><\/p>\n<p class=\"MsoNormal\">Cinco fueron los equipos seleccionados para participar el pr\u00f3ximo 25 y 26 de octubre en el Congreso Regional que se realiz\u00f3 en el Colegio San Diego de Alcal\u00e1 de la Comuna de Hu\u00e9pil,\u00a0donde\u00a0participaron 7 equipos de diferentes colegios de la Provincia. El Director del Colegio, Max \u00c1lvaro Rodr\u00edguez, dijo que \u201cpara nosotros es un gran orgullo ser la casa de este congreso porque nosotros en nuestro proyecto educativo tenemos la ciencia y la tecnolog\u00eda como un valor alto, las consideramos muy importantes para el desarrollo, tanto de esta comunidad educativa como para la comunidad en general. Creemos que la ciencia y la tecnolog\u00eda son el motor del mundo\u201d.<\/p>\n<p class=\"MsoNormal\">El profesor H\u00e9ctor Soto, Profesor de Tecnolog\u00eda y talleres de Ciencia es el Coordinador del PAR Explora de Conicyt en el Colegio y Coment\u00f3 que \u201ces fabuloso que podamos hacer el Congreso ac\u00e1, yo hace a\u00f1os que estaba tratando de traerlo y este a\u00f1o finalmente se dio la posibilidad. Es una iniciativa \u00fanica, donde mis ni\u00f1os se est\u00e1n empapando m\u00e1s de lo que es la ciencia y la tecnolog\u00eda. El compartir con cient\u00edficos y con otros ni\u00f1os y profesores que est\u00e1n en la misma situaci\u00f3n de ellos es fabuloso y as\u00ed se van enriqueciendo cada d\u00eda m\u00e1s\u201d.<\/p>\n<p class=\"MsoNormal\">Francisco Acu\u00f1a, trabaj\u00f3 junto a su compa\u00f1ero Cristian Silva y al profesor H\u00e9ctor y en el proyecto Electricidad en las plantas. Cristian se\u00f1al\u00f3 que \u201ces un proyecto basado en la naturaleza para resolver un problema en concreto, que es el d\u00e9ficit de energ\u00eda con una energ\u00eda renovable y que no genera contaminantes\u201d. En tanto, Francisco Acu\u00f1a cont\u00f3 que \u201ceste proyecto surgi\u00f3 gracias a un experimento que realizamos en la escuela que fue con limones, por lo que quisimos saber qu\u00e9 es lo que produc\u00eda que los limones encendieran la luz, y descubrimos que la sustancia qu\u00edmica que produc\u00eda eso era el \u00e1cido m\u00e1lico, que tambi\u00e9n se encuentra en estas plantas con las que estamos trabajando\u201d.<\/p>\n<p class=\"MsoNormal\">Roc\u00edo Acu\u00f1a es la hermana de Francisco Acu\u00f1a del equipo de Electricidad en las plantas, y lleg\u00f3 hasta\u00a0 el colegio junto a su esposo y su hija reci\u00e9n nacida para ver el proyecto de su hermano y apoyarlo en su participaci\u00f3n en el Congreso. Me agrada particularmente esta actividad porque yo tambi\u00e9n soy del \u00e1rea de ciencias, soy ingeniera en qu\u00edmica, y mi hermano desde chico siempre se motiv\u00f3 por esto y que ahora se d\u00e9 la instancia de poder investigar, que el Colegio y Explora les den la oportunidad de mostrar su trabajo me parece muy bueno porque as\u00ed ellos desarrollan su pensamiento l\u00f3gico desde chicos\u201d.<\/p>\n<p class=\"MsoNormal\">El Director del PAR Explora de Conicyt, Juan Carlos Gacit\u00faa dijo que \u201cnos encanta pensar que dentro de estos j\u00f3venes puede haber un premio nacional, el descubridor de un nuevo f\u00e1rmaco o un joven que puede ver el mundo con una mirada cient\u00edfica\u201d.<\/p>\n<p>\u00a0<\/p>\n<p class=\"MsoNormal\">El Colegio San Diego de Alcal\u00e1 abri\u00f3 sus puertas para que los colegios de la comuna visitaran los stands de los equipos de investigaci\u00f3n y conocieran los trabajos de sus pares. Fernanda Mundaca es Profesora de Biolog\u00eda del Liceo B 67 de Hu\u00e9pil y le pareci\u00f3 que \u201cesto es s\u00faper bueno, nunca lo hab\u00eda visto al menos ac\u00e1 en la comuna de Huepil, porque los estudiantes seguramente nos van a decir que les llam\u00f3 la atenci\u00f3n y van a querer que hagamos algo. En el Liceo no estamos en la RED Territorial del PAR Explora de Conicyt por el momento pero en el futuro queremos llegar a eso\u201d, coment\u00f3. \u00a0<\/p>\n","protected":false},"excerpt":{"rendered":"<p>Cinco fueron los equipos seleccionados para participar el pr\u00f3ximo 25 y 26 de octubre en el Congreso Regional que se realiz\u00f3 en el Colegio San Diego de Alcal\u00e1 de la Comuna de Hu\u00e9pil,\u00a0donde\u00a0participaron 7 equipos de diferentes colegios de la Provincia. El Director del Colegio, Max \u00c1lvaro Rodr\u00edguez, dijo que \u201cpara nosotros es un gran [&hellip;]<\/p>\n","protected":false},"author":2,"featured_media":1048,"comment_status":"open","ping_status":"open","sticky":false,"template":"","format":"standard","meta":{"_acf_changed":false,"_exactmetrics_skip_tracking":false,"_exactmetrics_sitenote_active":false,"_exactmetrics_sitenote_note":"","_exactmetrics_sitenote_category":0,"footnotes":"","_links_to":"","_links_to_target":""},"categories":[4],"tags":[],"class_list":["post-1047","post","type-post","status-publish","format-standard","has-post-thumbnail","hentry","category-noticias"],"acf":[],"yoast_head":"<!-- This site is optimized with the Yoast SEO plugin v26.9 - https:\/\/yoast.com\/product\/yoast-seo-wordpress\/ -->\n<title>En Hu\u00e9pil se realiz\u00f3 el \u00faltimo Congreso Provincial de Ciencia y Tecnolog\u00eda 2016 - Biob\u00edo<\/title>\n<meta name=\"robots\" content=\"index, follow, max-snippet:-1, max-image-preview:large, max-video-preview:-1\" \/>\n<link rel=\"canonical\" href=\"https:\/\/explora.cl\/biobio\/en-huepil-se-realizo-el-ultimo-congreso-provincial-de-ciencia-y-tecnologia-2016\/\" class=\"yoast-seo-meta-tag\" \/>\n<meta property=\"og:locale\" content=\"es_ES\" class=\"yoast-seo-meta-tag\" \/>\n<meta property=\"og:type\" content=\"article\" class=\"yoast-seo-meta-tag\" \/>\n<meta property=\"og:title\" content=\"En Hu\u00e9pil se realiz\u00f3 el \u00faltimo Congreso Provincial de Ciencia y Tecnolog\u00eda 2016 - Biob\u00edo\" class=\"yoast-seo-meta-tag\" \/>\n<meta property=\"og:description\" content=\"Cinco fueron los equipos seleccionados para participar el pr\u00f3ximo 25 y 26 de octubre en el Congreso Regional que se realiz\u00f3 en el Colegio San Diego de Alcal\u00e1 de la Comuna de Hu\u00e9pil,\u00a0donde\u00a0participaron 7 equipos de diferentes colegios de la Provincia. El Director del Colegio, Max \u00c1lvaro Rodr\u00edguez, dijo que \u201cpara nosotros es un gran [&hellip;]\" class=\"yoast-seo-meta-tag\" \/>\n<meta property=\"og:url\" content=\"https:\/\/explora.cl\/biobio\/en-huepil-se-realizo-el-ultimo-congreso-provincial-de-ciencia-y-tecnologia-2016\/\" class=\"yoast-seo-meta-tag\" \/>\n<meta property=\"og:site_name\" content=\"Biob\u00edo\" class=\"yoast-seo-meta-tag\" \/>\n<meta property=\"article:published_time\" content=\"2016-09-28T04:00:00+00:00\" class=\"yoast-seo-meta-tag\" \/>\n<meta property=\"article:modified_time\" content=\"2019-05-20T18:30:51+00:00\" class=\"yoast-seo-meta-tag\" \/>\n<meta property=\"og:image\" content=\"https:\/\/explora.cl\/biobio\/wp-content\/uploads\/sites\/14\/2018\/06\/IMG_7762.jpg\" class=\"yoast-seo-meta-tag\" \/>\n\t<meta property=\"og:image:width\" content=\"1920\" class=\"yoast-seo-meta-tag\" \/>\n\t<meta property=\"og:image:height\" content=\"1280\" class=\"yoast-seo-meta-tag\" \/>\n\t<meta property=\"og:image:type\" content=\"image\/jpeg\" class=\"yoast-seo-meta-tag\" \/>\n<meta name=\"author\" content=\"webman\" class=\"yoast-seo-meta-tag\" \/>\n<meta name=\"twitter:card\" content=\"summary_large_image\" class=\"yoast-seo-meta-tag\" \/>\n<meta name=\"twitter:label1\" content=\"Escrito por\" class=\"yoast-seo-meta-tag\" \/>\n\t<meta name=\"twitter:data1\" content=\"webman\" class=\"yoast-seo-meta-tag\" \/>\n\t<meta name=\"twitter:label2\" content=\"Tiempo estimado de lectura\" class=\"yoast-seo-meta-tag\" \/>\n\t<meta name=\"twitter:data2\" content=\"3 minutos\" class=\"yoast-seo-meta-tag\" \/>\n<script type=\"application\/ld+json\" class=\"yoast-schema-graph\">{\"@context\":\"https:\/\/schema.org\",\"@graph\":[{\"@type\":\"Article\",\"@id\":\"https:\/\/explora.cl\/biobio\/en-huepil-se-realizo-el-ultimo-congreso-provincial-de-ciencia-y-tecnologia-2016\/#article\",\"isPartOf\":{\"@id\":\"https:\/\/explora.cl\/biobio\/en-huepil-se-realizo-el-ultimo-congreso-provincial-de-ciencia-y-tecnologia-2016\/\"},\"author\":{\"name\":\"webman\",\"@id\":\"https:\/\/explora.cl\/biobio\/#\/schema\/person\/cb8349c13ea2d324080adf8480d7ba5d\"},\"headline\":\"En Hu\u00e9pil se realiz\u00f3 el \u00faltimo Congreso Provincial de Ciencia y Tecnolog\u00eda 2016\",\"datePublished\":\"2016-09-28T04:00:00+00:00\",\"dateModified\":\"2019-05-20T18:30:51+00:00\",\"mainEntityOfPage\":{\"@id\":\"https:\/\/explora.cl\/biobio\/en-huepil-se-realizo-el-ultimo-congreso-provincial-de-ciencia-y-tecnologia-2016\/\"},\"wordCount\":641,\"commentCount\":0,\"image\":{\"@id\":\"https:\/\/explora.cl\/biobio\/en-huepil-se-realizo-el-ultimo-congreso-provincial-de-ciencia-y-tecnologia-2016\/#primaryimage\"},\"thumbnailUrl\":\"https:\/\/explora.cl\/biobio\/wp-content\/uploads\/sites\/14\/2018\/06\/IMG_7762.jpg\",\"articleSection\":[\"Noticias\"],\"inLanguage\":\"es-CL\",\"potentialAction\":[{\"@type\":\"CommentAction\",\"name\":\"Comment\",\"target\":[\"https:\/\/explora.cl\/biobio\/en-huepil-se-realizo-el-ultimo-congreso-provincial-de-ciencia-y-tecnologia-2016\/#respond\"]}]},{\"@type\":\"WebPage\",\"@id\":\"https:\/\/explora.cl\/biobio\/en-huepil-se-realizo-el-ultimo-congreso-provincial-de-ciencia-y-tecnologia-2016\/\",\"url\":\"https:\/\/explora.cl\/biobio\/en-huepil-se-realizo-el-ultimo-congreso-provincial-de-ciencia-y-tecnologia-2016\/\",\"name\":\"En Hu\u00e9pil se realiz\u00f3 el \u00faltimo Congreso Provincial de Ciencia y Tecnolog\u00eda 2016 - Biob\u00edo\",\"isPartOf\":{\"@id\":\"https:\/\/explora.cl\/biobio\/#website\"},\"primaryImageOfPage\":{\"@id\":\"https:\/\/explora.cl\/biobio\/en-huepil-se-realizo-el-ultimo-congreso-provincial-de-ciencia-y-tecnologia-2016\/#primaryimage\"},\"image\":{\"@id\":\"https:\/\/explora.cl\/biobio\/en-huepil-se-realizo-el-ultimo-congreso-provincial-de-ciencia-y-tecnologia-2016\/#primaryimage\"},\"thumbnailUrl\":\"https:\/\/explora.cl\/biobio\/wp-content\/uploads\/sites\/14\/2018\/06\/IMG_7762.jpg\",\"datePublished\":\"2016-09-28T04:00:00+00:00\",\"dateModified\":\"2019-05-20T18:30:51+00:00\",\"author\":{\"@id\":\"https:\/\/explora.cl\/biobio\/#\/schema\/person\/cb8349c13ea2d324080adf8480d7ba5d\"},\"breadcrumb\":{\"@id\":\"https:\/\/explora.cl\/biobio\/en-huepil-se-realizo-el-ultimo-congreso-provincial-de-ciencia-y-tecnologia-2016\/#breadcrumb\"},\"inLanguage\":\"es-CL\",\"potentialAction\":[{\"@type\":\"ReadAction\",\"target\":[\"https:\/\/explora.cl\/biobio\/en-huepil-se-realizo-el-ultimo-congreso-provincial-de-ciencia-y-tecnologia-2016\/\"]}]},{\"@type\":\"ImageObject\",\"inLanguage\":\"es-CL\",\"@id\":\"https:\/\/explora.cl\/biobio\/en-huepil-se-realizo-el-ultimo-congreso-provincial-de-ciencia-y-tecnologia-2016\/#primaryimage\",\"url\":\"https:\/\/explora.cl\/biobio\/wp-content\/uploads\/sites\/14\/2018\/06\/IMG_7762.jpg\",\"contentUrl\":\"https:\/\/explora.cl\/biobio\/wp-content\/uploads\/sites\/14\/2018\/06\/IMG_7762.jpg\",\"width\":1920,\"height\":1280},{\"@type\":\"BreadcrumbList\",\"@id\":\"https:\/\/explora.cl\/biobio\/en-huepil-se-realizo-el-ultimo-congreso-provincial-de-ciencia-y-tecnologia-2016\/#breadcrumb\",\"itemListElement\":[{\"@type\":\"ListItem\",\"position\":1,\"name\":\"Portada\",\"item\":\"https:\/\/explora.cl\/biobio\/\"},{\"@type\":\"ListItem\",\"position\":2,\"name\":\"En Hu\u00e9pil se realiz\u00f3 el \u00faltimo Congreso Provincial de Ciencia y Tecnolog\u00eda 2016\"}]},{\"@type\":\"WebSite\",\"@id\":\"https:\/\/explora.cl\/biobio\/#website\",\"url\":\"https:\/\/explora.cl\/biobio\/\",\"name\":\"Biob\u00edo\",\"description\":\"Otro sitio m\u00e1s de explora.cl\",\"potentialAction\":[{\"@type\":\"SearchAction\",\"target\":{\"@type\":\"EntryPoint\",\"urlTemplate\":\"https:\/\/explora.cl\/biobio\/?s={search_term_string}\"},\"query-input\":{\"@type\":\"PropertyValueSpecification\",\"valueRequired\":true,\"valueName\":\"search_term_string\"}}],\"inLanguage\":\"es-CL\"},{\"@type\":\"Person\",\"@id\":\"https:\/\/explora.cl\/biobio\/#\/schema\/person\/cb8349c13ea2d324080adf8480d7ba5d\",\"name\":\"webman\",\"image\":{\"@type\":\"ImageObject\",\"inLanguage\":\"es-CL\",\"@id\":\"https:\/\/explora.cl\/biobio\/#\/schema\/person\/image\/\",\"url\":\"https:\/\/secure.gravatar.com\/avatar\/eeff3c82f2c02f7177d13663b7e6f890e9a6a0647ce9bb29cae02dcb094c7312?s=96&d=mm&r=g\",\"contentUrl\":\"https:\/\/secure.gravatar.com\/avatar\/eeff3c82f2c02f7177d13663b7e6f890e9a6a0647ce9bb29cae02dcb094c7312?s=96&d=mm&r=g\",\"caption\":\"webman\"},\"url\":\"https:\/\/explora.cl\/biobio\/author\/webman\/\"}]}<\/script>\n<!-- \/ Yoast SEO plugin. -->","yoast_head_json":{"title":"En Hu\u00e9pil se realiz\u00f3 el \u00faltimo Congreso Provincial de Ciencia y Tecnolog\u00eda 2016 - Biob\u00edo","robots":{"index":"index","follow":"follow","max-snippet":"max-snippet:-1","max-image-preview":"max-image-preview:large","max-video-preview":"max-video-preview:-1"},"canonical":"https:\/\/explora.cl\/biobio\/en-huepil-se-realizo-el-ultimo-congreso-provincial-de-ciencia-y-tecnologia-2016\/","og_locale":"es_ES","og_type":"article","og_title":"En Hu\u00e9pil se realiz\u00f3 el \u00faltimo Congreso Provincial de Ciencia y Tecnolog\u00eda 2016 - Biob\u00edo","og_description":"Cinco fueron los equipos seleccionados para participar el pr\u00f3ximo 25 y 26 de octubre en el Congreso Regional que se realiz\u00f3 en el Colegio San Diego de Alcal\u00e1 de la Comuna de Hu\u00e9pil,\u00a0donde\u00a0participaron 7 equipos de diferentes colegios de la Provincia. El Director del Colegio, Max \u00c1lvaro Rodr\u00edguez, dijo que \u201cpara nosotros es un gran [&hellip;]","og_url":"https:\/\/explora.cl\/biobio\/en-huepil-se-realizo-el-ultimo-congreso-provincial-de-ciencia-y-tecnologia-2016\/","og_site_name":"Biob\u00edo","article_published_time":"2016-09-28T04:00:00+00:00","article_modified_time":"2019-05-20T18:30:51+00:00","og_image":[{"width":1920,"height":1280,"url":"https:\/\/explora.cl\/biobio\/wp-content\/uploads\/sites\/14\/2018\/06\/IMG_7762.jpg","type":"image\/jpeg"}],"author":"webman","twitter_card":"summary_large_image","twitter_misc":{"Escrito por":"webman","Tiempo estimado de lectura":"3 minutos"},"schema":{"@context":"https:\/\/schema.org","@graph":[{"@type":"Article","@id":"https:\/\/explora.cl\/biobio\/en-huepil-se-realizo-el-ultimo-congreso-provincial-de-ciencia-y-tecnologia-2016\/#article","isPartOf":{"@id":"https:\/\/explora.cl\/biobio\/en-huepil-se-realizo-el-ultimo-congreso-provincial-de-ciencia-y-tecnologia-2016\/"},"author":{"name":"webman","@id":"https:\/\/explora.cl\/biobio\/#\/schema\/person\/cb8349c13ea2d324080adf8480d7ba5d"},"headline":"En Hu\u00e9pil se realiz\u00f3 el \u00faltimo Congreso Provincial de Ciencia y Tecnolog\u00eda 2016","datePublished":"2016-09-28T04:00:00+00:00","dateModified":"2019-05-20T18:30:51+00:00","mainEntityOfPage":{"@id":"https:\/\/explora.cl\/biobio\/en-huepil-se-realizo-el-ultimo-congreso-provincial-de-ciencia-y-tecnologia-2016\/"},"wordCount":641,"commentCount":0,"image":{"@id":"https:\/\/explora.cl\/biobio\/en-huepil-se-realizo-el-ultimo-congreso-provincial-de-ciencia-y-tecnologia-2016\/#primaryimage"},"thumbnailUrl":"https:\/\/explora.cl\/biobio\/wp-content\/uploads\/sites\/14\/2018\/06\/IMG_7762.jpg","articleSection":["Noticias"],"inLanguage":"es-CL","potentialAction":[{"@type":"CommentAction","name":"Comment","target":["https:\/\/explora.cl\/biobio\/en-huepil-se-realizo-el-ultimo-congreso-provincial-de-ciencia-y-tecnologia-2016\/#respond"]}]},{"@type":"WebPage","@id":"https:\/\/explora.cl\/biobio\/en-huepil-se-realizo-el-ultimo-congreso-provincial-de-ciencia-y-tecnologia-2016\/","url":"https:\/\/explora.cl\/biobio\/en-huepil-se-realizo-el-ultimo-congreso-provincial-de-ciencia-y-tecnologia-2016\/","name":"En Hu\u00e9pil se realiz\u00f3 el \u00faltimo Congreso Provincial de Ciencia y Tecnolog\u00eda 2016 - Biob\u00edo","isPartOf":{"@id":"https:\/\/explora.cl\/biobio\/#website"},"primaryImageOfPage":{"@id":"https:\/\/explora.cl\/biobio\/en-huepil-se-realizo-el-ultimo-congreso-provincial-de-ciencia-y-tecnologia-2016\/#primaryimage"},"image":{"@id":"https:\/\/explora.cl\/biobio\/en-huepil-se-realizo-el-ultimo-congreso-provincial-de-ciencia-y-tecnologia-2016\/#primaryimage"},"thumbnailUrl":"https:\/\/explora.cl\/biobio\/wp-content\/uploads\/sites\/14\/2018\/06\/IMG_7762.jpg","datePublished":"2016-09-28T04:00:00+00:00","dateModified":"2019-05-20T18:30:51+00:00","author":{"@id":"https:\/\/explora.cl\/biobio\/#\/schema\/person\/cb8349c13ea2d324080adf8480d7ba5d"},"breadcrumb":{"@id":"https:\/\/explora.cl\/biobio\/en-huepil-se-realizo-el-ultimo-congreso-provincial-de-ciencia-y-tecnologia-2016\/#breadcrumb"},"inLanguage":"es-CL","potentialAction":[{"@type":"ReadAction","target":["https:\/\/explora.cl\/biobio\/en-huepil-se-realizo-el-ultimo-congreso-provincial-de-ciencia-y-tecnologia-2016\/"]}]},{"@type":"ImageObject","inLanguage":"es-CL","@id":"https:\/\/explora.cl\/biobio\/en-huepil-se-realizo-el-ultimo-congreso-provincial-de-ciencia-y-tecnologia-2016\/#primaryimage","url":"https:\/\/explora.cl\/biobio\/wp-content\/uploads\/sites\/14\/2018\/06\/IMG_7762.jpg","contentUrl":"https:\/\/explora.cl\/biobio\/wp-content\/uploads\/sites\/14\/2018\/06\/IMG_7762.jpg","width":1920,"height":1280},{"@type":"BreadcrumbList","@id":"https:\/\/explora.cl\/biobio\/en-huepil-se-realizo-el-ultimo-congreso-provincial-de-ciencia-y-tecnologia-2016\/#breadcrumb","itemListElement":[{"@type":"ListItem","position":1,"name":"Portada","item":"https:\/\/explora.cl\/biobio\/"},{"@type":"ListItem","position":2,"name":"En Hu\u00e9pil se realiz\u00f3 el \u00faltimo Congreso Provincial de Ciencia y Tecnolog\u00eda 2016"}]},{"@type":"WebSite","@id":"https:\/\/explora.cl\/biobio\/#website","url":"https:\/\/explora.cl\/biobio\/","name":"Biob\u00edo","description":"Otro sitio m\u00e1s de explora.cl","potentialAction":[{"@type":"SearchAction","target":{"@type":"EntryPoint","urlTemplate":"https:\/\/explora.cl\/biobio\/?s={search_term_string}"},"query-input":{"@type":"PropertyValueSpecification","valueRequired":true,"valueName":"search_term_string"}}],"inLanguage":"es-CL"},{"@type":"Person","@id":"https:\/\/explora.cl\/biobio\/#\/schema\/person\/cb8349c13ea2d324080adf8480d7ba5d","name":"webman","image":{"@type":"ImageObject","inLanguage":"es-CL","@id":"https:\/\/explora.cl\/biobio\/#\/schema\/person\/image\/","url":"https:\/\/secure.gravatar.com\/avatar\/eeff3c82f2c02f7177d13663b7e6f890e9a6a0647ce9bb29cae02dcb094c7312?s=96&d=mm&r=g","contentUrl":"https:\/\/secure.gravatar.com\/avatar\/eeff3c82f2c02f7177d13663b7e6f890e9a6a0647ce9bb29cae02dcb094c7312?s=96&d=mm&r=g","caption":"webman"},"url":"https:\/\/explora.cl\/biobio\/author\/webman\/"}]}},"_links":{"self":[{"href":"https:\/\/explora.cl\/biobio\/wp-json\/wp\/v2\/posts\/1047","targetHints":{"allow":["GET"]}}],"collection":[{"href":"https:\/\/explora.cl\/biobio\/wp-json\/wp\/v2\/posts"}],"about":[{"href":"https:\/\/explora.cl\/biobio\/wp-json\/wp\/v2\/types\/post"}],"author":[{"embeddable":true,"href":"https:\/\/explora.cl\/biobio\/wp-json\/wp\/v2\/users\/2"}],"replies":[{"embeddable":true,"href":"https:\/\/explora.cl\/biobio\/wp-json\/wp\/v2\/comments?post=1047"}],"version-history":[{"count":1,"href":"https:\/\/explora.cl\/biobio\/wp-json\/wp\/v2\/posts\/1047\/revisions"}],"predecessor-version":[{"id":37729,"href":"https:\/\/explora.cl\/biobio\/wp-json\/wp\/v2\/posts\/1047\/revisions\/37729"}],"wp:featuredmedia":[{"embeddable":true,"href":"https:\/\/explora.cl\/biobio\/wp-json\/wp\/v2\/media\/1048"}],"wp:attachment":[{"href":"https:\/\/explora.cl\/biobio\/wp-json\/wp\/v2\/media?parent=1047"}],"wp:term":[{"taxonomy":"category","embeddable":true,"href":"https:\/\/explora.cl\/biobio\/wp-json\/wp\/v2\/categories?post=1047"},{"taxonomy":"post_tag","embeddable":true,"href":"https:\/\/explora.cl\/biobio\/wp-json\/wp\/v2\/tags?post=1047"}],"curies":[{"name":"wp","href":"https:\/\/api.w.org\/{rel}","templated":true}]}}