{"id":651,"date":"2017-05-04T00:00:00","date_gmt":"2017-05-04T04:00:00","guid":{"rendered":"https:\/\/explora.cl\/aysen\/blog\/2017\/05\/04\/talleres-de-oficios-2017\/"},"modified":"2019-05-20T21:20:06","modified_gmt":"2019-05-20T21:20:06","slug":"talleres-de-oficios-2017","status":"publish","type":"post","link":"https:\/\/explora.cl\/aysen\/talleres-de-oficios-2017\/","title":{"rendered":"Participa junto a tus estudiantes en talleres de ciencia y artesan\u00eda"},"content":{"rendered":"<p><img fetchpriority=\"high\" decoding=\"async\" class=\" alignright size-full wp-image-24999\" style=\"float: right\" src=\"http:\/\/ec2-54-245-22-188.us-west-2.compute.amazonaws.com\/wp-content\/uploads\/2017\/05\/banner-oficios2017.jpg\" alt=\"\" width=\"526\" height=\"214\" \/>Aprender m\u00e1s sobre biodiversidad marina y salvaguardar oficios artesanales en riesgo son algunos de los desaf\u00edos que el PAR Explora Ays\u00e9n pretende abordar en el \u201ca\u00f1o de los oc\u00e9anos\u201d con la realizaci\u00f3n de una <strong>nueva versi\u00f3n del taller \u201cAl rescate de los oficios\u201d<\/strong>.\u00a0<\/p>\n<p>La invitaci\u00f3n est\u00e1 dirigida a delegaciones escolares de <strong>1 profesor\/a m\u00e1s 5 estudiantes<\/strong> (de segundo ciclo b\u00e1sico o ense\u00f1anza media) que deseen ser parte de una entretenida jornada que une ciencia y artesan\u00eda, de la mano de especialistas del Campus Patagonia de la UACh, CIEP y destacados\/as artesanos\/as locales.\u00a0\u00a0<\/p>\n<p>\u2022 <span style=\"text-decoration: line-through\">Formulario de inscripci\u00f3n<\/span> Inscripciones cerradas.<\/p>\n<p><strong>Inscribirse es f\u00e1cil.<\/strong> Decidir qu\u00e9 oficio elegir puede resultar m\u00e1s complicado: quienes opten por el taller del artesano en madera <a href=\"http:\/\/artesanosdeaysen.cl\/artesanos\/rodrigo-lizama\/\" target=\"_blank\" rel=\"noopener noreferrer\">Rodrigo Lizama<\/a>, abordar\u00e1n la belleza y diversidad de nuestra fauna marina; quienes se inclinen por el trabajo de la orfebre <a href=\"http:\/\/artesanosdeaysen.cl\/artesanos\/carol-epuyao\/\" target=\"_blank\" rel=\"noopener noreferrer\">Carol Epuyao<\/a>, podr\u00e1n maravillarse con algunas de las microalgas de fiordos y canales de Ays\u00e9n.\u00a0<\/p>\n<p>Los talleres se realizar\u00e1n de forma paralela el <strong>pr\u00f3ximo 24 de mayo, entre las 9:00 y las 13:00 horas,<\/strong> en dependencias del Campus Patagonia de la Universidad Austral. Los cupos son limitados.<\/p>\n","protected":false},"excerpt":{"rendered":"<p>Aprender m\u00e1s sobre biodiversidad marina y salvaguardar oficios artesanales en riesgo son algunos de los desaf\u00edos que el PAR Explora Ays\u00e9n pretende abordar en el \u201ca\u00f1o de los oc\u00e9anos\u201d con la realizaci\u00f3n de una nueva versi\u00f3n del taller \u201cAl rescate de los oficios\u201d.\u00a0 La invitaci\u00f3n est\u00e1 dirigida a delegaciones escolares de 1 profesor\/a m\u00e1s 5 [&hellip;]<\/p>\n","protected":false},"author":2,"featured_media":652,"comment_status":"open","ping_status":"open","sticky":false,"template":"","format":"standard","meta":{"_acf_changed":false,"_exactmetrics_skip_tracking":false,"_exactmetrics_sitenote_active":false,"_exactmetrics_sitenote_note":"","_exactmetrics_sitenote_category":0,"footnotes":"","_links_to":"","_links_to_target":""},"categories":[4],"tags":[],"class_list":["post-651","post","type-post","status-publish","format-standard","has-post-thumbnail","hentry","category-noticias"],"acf":[],"yoast_head":"<!-- This site is optimized with the Yoast SEO plugin v26.9 - https:\/\/yoast.com\/product\/yoast-seo-wordpress\/ -->\n<title>Participa junto a tus estudiantes en talleres de ciencia y artesan\u00eda - Aysen<\/title>\n<meta name=\"robots\" content=\"index, follow, max-snippet:-1, max-image-preview:large, max-video-preview:-1\" \/>\n<link rel=\"canonical\" href=\"https:\/\/explora.cl\/aysen\/talleres-de-oficios-2017\/\" class=\"yoast-seo-meta-tag\" \/>\n<meta property=\"og:locale\" content=\"es_ES\" class=\"yoast-seo-meta-tag\" \/>\n<meta property=\"og:type\" content=\"article\" class=\"yoast-seo-meta-tag\" \/>\n<meta property=\"og:title\" content=\"Participa junto a tus estudiantes en talleres de ciencia y artesan\u00eda - Aysen\" class=\"yoast-seo-meta-tag\" \/>\n<meta property=\"og:description\" content=\"Aprender m\u00e1s sobre biodiversidad marina y salvaguardar oficios artesanales en riesgo son algunos de los desaf\u00edos que el PAR Explora Ays\u00e9n pretende abordar en el \u201ca\u00f1o de los oc\u00e9anos\u201d con la realizaci\u00f3n de una nueva versi\u00f3n del taller \u201cAl rescate de los oficios\u201d.\u00a0 La invitaci\u00f3n est\u00e1 dirigida a delegaciones escolares de 1 profesor\/a m\u00e1s 5 [&hellip;]\" class=\"yoast-seo-meta-tag\" \/>\n<meta property=\"og:url\" content=\"https:\/\/explora.cl\/aysen\/talleres-de-oficios-2017\/\" class=\"yoast-seo-meta-tag\" \/>\n<meta property=\"og:site_name\" content=\"Aysen\" class=\"yoast-seo-meta-tag\" \/>\n<meta property=\"article:published_time\" content=\"2017-05-04T04:00:00+00:00\" class=\"yoast-seo-meta-tag\" \/>\n<meta property=\"article:modified_time\" content=\"2019-05-20T21:20:06+00:00\" class=\"yoast-seo-meta-tag\" \/>\n<meta property=\"og:image\" content=\"https:\/\/explora.cl\/aysen\/wp-content\/uploads\/sites\/18\/2018\/06\/oficios-madera-aysen.jpg\" class=\"yoast-seo-meta-tag\" \/>\n\t<meta property=\"og:image:width\" content=\"1243\" class=\"yoast-seo-meta-tag\" \/>\n\t<meta property=\"og:image:height\" content=\"698\" class=\"yoast-seo-meta-tag\" \/>\n\t<meta property=\"og:image:type\" content=\"image\/jpeg\" class=\"yoast-seo-meta-tag\" \/>\n<meta name=\"author\" content=\"webman\" class=\"yoast-seo-meta-tag\" \/>\n<meta name=\"twitter:card\" content=\"summary_large_image\" class=\"yoast-seo-meta-tag\" \/>\n<meta name=\"twitter:label1\" content=\"Escrito por\" class=\"yoast-seo-meta-tag\" \/>\n\t<meta name=\"twitter:data1\" content=\"webman\" class=\"yoast-seo-meta-tag\" \/>\n\t<meta name=\"twitter:label2\" content=\"Tiempo estimado de lectura\" class=\"yoast-seo-meta-tag\" \/>\n\t<meta name=\"twitter:data2\" content=\"1 minuto\" class=\"yoast-seo-meta-tag\" \/>\n<script type=\"application\/ld+json\" class=\"yoast-schema-graph\">{\"@context\":\"https:\/\/schema.org\",\"@graph\":[{\"@type\":\"Article\",\"@id\":\"https:\/\/explora.cl\/aysen\/talleres-de-oficios-2017\/#article\",\"isPartOf\":{\"@id\":\"https:\/\/explora.cl\/aysen\/talleres-de-oficios-2017\/\"},\"author\":{\"name\":\"webman\",\"@id\":\"https:\/\/explora.cl\/aysen\/#\/schema\/person\/cb8349c13ea2d324080adf8480d7ba5d\"},\"headline\":\"Participa junto a tus estudiantes en talleres de ciencia y artesan\u00eda\",\"datePublished\":\"2017-05-04T04:00:00+00:00\",\"dateModified\":\"2019-05-20T21:20:06+00:00\",\"mainEntityOfPage\":{\"@id\":\"https:\/\/explora.cl\/aysen\/talleres-de-oficios-2017\/\"},\"wordCount\":214,\"commentCount\":0,\"image\":{\"@id\":\"https:\/\/explora.cl\/aysen\/talleres-de-oficios-2017\/#primaryimage\"},\"thumbnailUrl\":\"https:\/\/explora.cl\/aysen\/wp-content\/uploads\/sites\/18\/2018\/06\/oficios-madera-aysen.jpg\",\"articleSection\":[\"Noticias\"],\"inLanguage\":\"es-CL\",\"potentialAction\":[{\"@type\":\"CommentAction\",\"name\":\"Comment\",\"target\":[\"https:\/\/explora.cl\/aysen\/talleres-de-oficios-2017\/#respond\"]}]},{\"@type\":\"WebPage\",\"@id\":\"https:\/\/explora.cl\/aysen\/talleres-de-oficios-2017\/\",\"url\":\"https:\/\/explora.cl\/aysen\/talleres-de-oficios-2017\/\",\"name\":\"Participa junto a tus estudiantes en talleres de ciencia y artesan\u00eda - Aysen\",\"isPartOf\":{\"@id\":\"https:\/\/explora.cl\/aysen\/#website\"},\"primaryImageOfPage\":{\"@id\":\"https:\/\/explora.cl\/aysen\/talleres-de-oficios-2017\/#primaryimage\"},\"image\":{\"@id\":\"https:\/\/explora.cl\/aysen\/talleres-de-oficios-2017\/#primaryimage\"},\"thumbnailUrl\":\"https:\/\/explora.cl\/aysen\/wp-content\/uploads\/sites\/18\/2018\/06\/oficios-madera-aysen.jpg\",\"datePublished\":\"2017-05-04T04:00:00+00:00\",\"dateModified\":\"2019-05-20T21:20:06+00:00\",\"author\":{\"@id\":\"https:\/\/explora.cl\/aysen\/#\/schema\/person\/cb8349c13ea2d324080adf8480d7ba5d\"},\"breadcrumb\":{\"@id\":\"https:\/\/explora.cl\/aysen\/talleres-de-oficios-2017\/#breadcrumb\"},\"inLanguage\":\"es-CL\",\"potentialAction\":[{\"@type\":\"ReadAction\",\"target\":[\"https:\/\/explora.cl\/aysen\/talleres-de-oficios-2017\/\"]}]},{\"@type\":\"ImageObject\",\"inLanguage\":\"es-CL\",\"@id\":\"https:\/\/explora.cl\/aysen\/talleres-de-oficios-2017\/#primaryimage\",\"url\":\"https:\/\/explora.cl\/aysen\/wp-content\/uploads\/sites\/18\/2018\/06\/oficios-madera-aysen.jpg\",\"contentUrl\":\"https:\/\/explora.cl\/aysen\/wp-content\/uploads\/sites\/18\/2018\/06\/oficios-madera-aysen.jpg\",\"width\":1243,\"height\":698},{\"@type\":\"BreadcrumbList\",\"@id\":\"https:\/\/explora.cl\/aysen\/talleres-de-oficios-2017\/#breadcrumb\",\"itemListElement\":[{\"@type\":\"ListItem\",\"position\":1,\"name\":\"Portada\",\"item\":\"https:\/\/explora.cl\/aysen\/\"},{\"@type\":\"ListItem\",\"position\":2,\"name\":\"Participa junto a tus estudiantes en talleres de ciencia y artesan\u00eda\"}]},{\"@type\":\"WebSite\",\"@id\":\"https:\/\/explora.cl\/aysen\/#website\",\"url\":\"https:\/\/explora.cl\/aysen\/\",\"name\":\"Aysen\",\"description\":\"Otro sitio m\u00e1s de explora.cl\",\"potentialAction\":[{\"@type\":\"SearchAction\",\"target\":{\"@type\":\"EntryPoint\",\"urlTemplate\":\"https:\/\/explora.cl\/aysen\/?s={search_term_string}\"},\"query-input\":{\"@type\":\"PropertyValueSpecification\",\"valueRequired\":true,\"valueName\":\"search_term_string\"}}],\"inLanguage\":\"es-CL\"},{\"@type\":\"Person\",\"@id\":\"https:\/\/explora.cl\/aysen\/#\/schema\/person\/cb8349c13ea2d324080adf8480d7ba5d\",\"name\":\"webman\",\"image\":{\"@type\":\"ImageObject\",\"inLanguage\":\"es-CL\",\"@id\":\"https:\/\/explora.cl\/aysen\/#\/schema\/person\/image\/\",\"url\":\"https:\/\/secure.gravatar.com\/avatar\/eeff3c82f2c02f7177d13663b7e6f890e9a6a0647ce9bb29cae02dcb094c7312?s=96&d=mm&r=g\",\"contentUrl\":\"https:\/\/secure.gravatar.com\/avatar\/eeff3c82f2c02f7177d13663b7e6f890e9a6a0647ce9bb29cae02dcb094c7312?s=96&d=mm&r=g\",\"caption\":\"webman\"},\"url\":\"https:\/\/explora.cl\/aysen\/author\/webman\/\"}]}<\/script>\n<!-- \/ Yoast SEO plugin. -->","yoast_head_json":{"title":"Participa junto a tus estudiantes en talleres de ciencia y artesan\u00eda - Aysen","robots":{"index":"index","follow":"follow","max-snippet":"max-snippet:-1","max-image-preview":"max-image-preview:large","max-video-preview":"max-video-preview:-1"},"canonical":"https:\/\/explora.cl\/aysen\/talleres-de-oficios-2017\/","og_locale":"es_ES","og_type":"article","og_title":"Participa junto a tus estudiantes en talleres de ciencia y artesan\u00eda - Aysen","og_description":"Aprender m\u00e1s sobre biodiversidad marina y salvaguardar oficios artesanales en riesgo son algunos de los desaf\u00edos que el PAR Explora Ays\u00e9n pretende abordar en el \u201ca\u00f1o de los oc\u00e9anos\u201d con la realizaci\u00f3n de una nueva versi\u00f3n del taller \u201cAl rescate de los oficios\u201d.\u00a0 La invitaci\u00f3n est\u00e1 dirigida a delegaciones escolares de 1 profesor\/a m\u00e1s 5 [&hellip;]","og_url":"https:\/\/explora.cl\/aysen\/talleres-de-oficios-2017\/","og_site_name":"Aysen","article_published_time":"2017-05-04T04:00:00+00:00","article_modified_time":"2019-05-20T21:20:06+00:00","og_image":[{"width":1243,"height":698,"url":"https:\/\/explora.cl\/aysen\/wp-content\/uploads\/sites\/18\/2018\/06\/oficios-madera-aysen.jpg","type":"image\/jpeg"}],"author":"webman","twitter_card":"summary_large_image","twitter_misc":{"Escrito por":"webman","Tiempo estimado de lectura":"1 minuto"},"schema":{"@context":"https:\/\/schema.org","@graph":[{"@type":"Article","@id":"https:\/\/explora.cl\/aysen\/talleres-de-oficios-2017\/#article","isPartOf":{"@id":"https:\/\/explora.cl\/aysen\/talleres-de-oficios-2017\/"},"author":{"name":"webman","@id":"https:\/\/explora.cl\/aysen\/#\/schema\/person\/cb8349c13ea2d324080adf8480d7ba5d"},"headline":"Participa junto a tus estudiantes en talleres de ciencia y artesan\u00eda","datePublished":"2017-05-04T04:00:00+00:00","dateModified":"2019-05-20T21:20:06+00:00","mainEntityOfPage":{"@id":"https:\/\/explora.cl\/aysen\/talleres-de-oficios-2017\/"},"wordCount":214,"commentCount":0,"image":{"@id":"https:\/\/explora.cl\/aysen\/talleres-de-oficios-2017\/#primaryimage"},"thumbnailUrl":"https:\/\/explora.cl\/aysen\/wp-content\/uploads\/sites\/18\/2018\/06\/oficios-madera-aysen.jpg","articleSection":["Noticias"],"inLanguage":"es-CL","potentialAction":[{"@type":"CommentAction","name":"Comment","target":["https:\/\/explora.cl\/aysen\/talleres-de-oficios-2017\/#respond"]}]},{"@type":"WebPage","@id":"https:\/\/explora.cl\/aysen\/talleres-de-oficios-2017\/","url":"https:\/\/explora.cl\/aysen\/talleres-de-oficios-2017\/","name":"Participa junto a tus estudiantes en talleres de ciencia y artesan\u00eda - Aysen","isPartOf":{"@id":"https:\/\/explora.cl\/aysen\/#website"},"primaryImageOfPage":{"@id":"https:\/\/explora.cl\/aysen\/talleres-de-oficios-2017\/#primaryimage"},"image":{"@id":"https:\/\/explora.cl\/aysen\/talleres-de-oficios-2017\/#primaryimage"},"thumbnailUrl":"https:\/\/explora.cl\/aysen\/wp-content\/uploads\/sites\/18\/2018\/06\/oficios-madera-aysen.jpg","datePublished":"2017-05-04T04:00:00+00:00","dateModified":"2019-05-20T21:20:06+00:00","author":{"@id":"https:\/\/explora.cl\/aysen\/#\/schema\/person\/cb8349c13ea2d324080adf8480d7ba5d"},"breadcrumb":{"@id":"https:\/\/explora.cl\/aysen\/talleres-de-oficios-2017\/#breadcrumb"},"inLanguage":"es-CL","potentialAction":[{"@type":"ReadAction","target":["https:\/\/explora.cl\/aysen\/talleres-de-oficios-2017\/"]}]},{"@type":"ImageObject","inLanguage":"es-CL","@id":"https:\/\/explora.cl\/aysen\/talleres-de-oficios-2017\/#primaryimage","url":"https:\/\/explora.cl\/aysen\/wp-content\/uploads\/sites\/18\/2018\/06\/oficios-madera-aysen.jpg","contentUrl":"https:\/\/explora.cl\/aysen\/wp-content\/uploads\/sites\/18\/2018\/06\/oficios-madera-aysen.jpg","width":1243,"height":698},{"@type":"BreadcrumbList","@id":"https:\/\/explora.cl\/aysen\/talleres-de-oficios-2017\/#breadcrumb","itemListElement":[{"@type":"ListItem","position":1,"name":"Portada","item":"https:\/\/explora.cl\/aysen\/"},{"@type":"ListItem","position":2,"name":"Participa junto a tus estudiantes en talleres de ciencia y artesan\u00eda"}]},{"@type":"WebSite","@id":"https:\/\/explora.cl\/aysen\/#website","url":"https:\/\/explora.cl\/aysen\/","name":"Aysen","description":"Otro sitio m\u00e1s de explora.cl","potentialAction":[{"@type":"SearchAction","target":{"@type":"EntryPoint","urlTemplate":"https:\/\/explora.cl\/aysen\/?s={search_term_string}"},"query-input":{"@type":"PropertyValueSpecification","valueRequired":true,"valueName":"search_term_string"}}],"inLanguage":"es-CL"},{"@type":"Person","@id":"https:\/\/explora.cl\/aysen\/#\/schema\/person\/cb8349c13ea2d324080adf8480d7ba5d","name":"webman","image":{"@type":"ImageObject","inLanguage":"es-CL","@id":"https:\/\/explora.cl\/aysen\/#\/schema\/person\/image\/","url":"https:\/\/secure.gravatar.com\/avatar\/eeff3c82f2c02f7177d13663b7e6f890e9a6a0647ce9bb29cae02dcb094c7312?s=96&d=mm&r=g","contentUrl":"https:\/\/secure.gravatar.com\/avatar\/eeff3c82f2c02f7177d13663b7e6f890e9a6a0647ce9bb29cae02dcb094c7312?s=96&d=mm&r=g","caption":"webman"},"url":"https:\/\/explora.cl\/aysen\/author\/webman\/"}]}},"_links":{"self":[{"href":"https:\/\/explora.cl\/aysen\/wp-json\/wp\/v2\/posts\/651","targetHints":{"allow":["GET"]}}],"collection":[{"href":"https:\/\/explora.cl\/aysen\/wp-json\/wp\/v2\/posts"}],"about":[{"href":"https:\/\/explora.cl\/aysen\/wp-json\/wp\/v2\/types\/post"}],"author":[{"embeddable":true,"href":"https:\/\/explora.cl\/aysen\/wp-json\/wp\/v2\/users\/2"}],"replies":[{"embeddable":true,"href":"https:\/\/explora.cl\/aysen\/wp-json\/wp\/v2\/comments?post=651"}],"version-history":[{"count":1,"href":"https:\/\/explora.cl\/aysen\/wp-json\/wp\/v2\/posts\/651\/revisions"}],"predecessor-version":[{"id":37171,"href":"https:\/\/explora.cl\/aysen\/wp-json\/wp\/v2\/posts\/651\/revisions\/37171"}],"wp:featuredmedia":[{"embeddable":true,"href":"https:\/\/explora.cl\/aysen\/wp-json\/wp\/v2\/media\/652"}],"wp:attachment":[{"href":"https:\/\/explora.cl\/aysen\/wp-json\/wp\/v2\/media?parent=651"}],"wp:term":[{"taxonomy":"category","embeddable":true,"href":"https:\/\/explora.cl\/aysen\/wp-json\/wp\/v2\/categories?post=651"},{"taxonomy":"post_tag","embeddable":true,"href":"https:\/\/explora.cl\/aysen\/wp-json\/wp\/v2\/tags?post=651"}],"curies":[{"name":"wp","href":"https:\/\/api.w.org\/{rel}","templated":true}]}}