{"id":639,"date":"2017-04-05T00:00:00","date_gmt":"2017-04-05T04:00:00","guid":{"rendered":"https:\/\/explora.cl\/aysen\/blog\/2017\/04\/05\/conicyt-presento-resultados-para-la-region-de-aysen-de-la-encuesta-nacional-de-percepcion-social-de-la-ciencia-y-la-tecnologia\/"},"modified":"2019-05-20T21:20:08","modified_gmt":"2019-05-20T21:20:08","slug":"conicyt-presento-resultados-para-la-region-de-aysen-de-la-encuesta-nacional-de-percepcion-social-de-la-ciencia-y-la-tecnologia","status":"publish","type":"post","link":"https:\/\/explora.cl\/aysen\/conicyt-presento-resultados-para-la-region-de-aysen-de-la-encuesta-nacional-de-percepcion-social-de-la-ciencia-y-la-tecnologia\/","title":{"rendered":"CONICYT present\u00f3 resultados para la Regi\u00f3n de Ays\u00e9n de la Encuesta Nacional de Percepci\u00f3n Social de la Ciencia y la Tecnolog\u00eda\u00a0"},"content":{"rendered":"<p><em><img fetchpriority=\"high\" decoding=\"async\" class=\" alignright size-full wp-image-24374\" style=\"float: right\" src=\"http:\/\/ec2-54-245-22-188.us-west-2.compute.amazonaws.com\/wp-content\/uploads\/2017\/04\/nicolai.jpg\" alt=\"\" width=\"415\" height=\"276\" \/>\u00bfQu\u00e9 entendemos por ciencia y tecnolog\u00eda? \u00bfConsideramos que nuestra educaci\u00f3n en estas \u00e1reas es \u00f3ptima? \u00bfQu\u00e9 tanto prestigio tienen los cient\u00edficos para los chilenos? \u00a0Estas son algunas de las preguntas que responde el estudio y que, tras un exhaustivo an\u00e1lisis para cada regi\u00f3n, hoy es posible compartir con todo el pa\u00eds.\u00a0<\/em><\/p>\n<p>\u00bfSer\u00e1 id\u00e9ntica la cercan\u00eda que tienen los habitantes del norte o del sur de nuestro pa\u00eds con conceptos como la ciencia y la tecnolog\u00eda? \u00bfCambiar\u00e1 esta visi\u00f3n si vamos a la zona austral? Acercarse a esta realidad y establecer una l\u00ednea base para conocer la relaci\u00f3n de la sociedad con la actividad cient\u00edfica, fueron algunos de los desaf\u00edos abordados por la Primera Encuesta Nacional de Percepci\u00f3n de la Ciencia y la Tecnolog\u00eda, cuyos resultados para Ays\u00e9n fueron dados a conocer hoy por la el director ejecutivo de CONICYT, Christian Nicolai, en el Campus Patagonia de la Universidad Austral de Chile.<\/p>\n<p>La consulta, realizada entre los meses de octubre de 2015 y enero de 2016, se aplic\u00f3 en las 15 regiones del pa\u00eds, a 7.637 personas de 15 a\u00f1os y m\u00e1s, con un error muestral de \u00b12%. Espec\u00edficamente en la Regi\u00f3n de Ays\u00e9n, abarc\u00f3 un total de 277 encuestas, tanto en zonas urbanas como rurales de las comunas de Coyhaique, Cisnes y Cochrane.\u00a0<\/p>\n<p>La encuesta se orient\u00f3 dentro de un marco te\u00f3rico desarrollado en el documento \u201cConsideraciones para la definici\u00f3n y medici\u00f3n de la cultura cient\u00edfica en Chile\u201d, adem\u00e1s incorpor\u00f3 apreciaciones de la Red Iberoamericana de Indicadores de Ciencia y Tecnolog\u00eda, RICYT.<\/p>\n<p>Entre las conclusiones para la Regi\u00f3n de Ays\u00e9n se aprecia que una proporci\u00f3n mayor de los encuestados no relaciona la palabra ciencia con conceptos espec\u00edficos, a la vez que perciben su formaci\u00f3n en ciencia y tecnolog\u00eda en un nivel m\u00e1s bajo que lo que muestran los resultados nacionales. En consonancia, con esta informaci\u00f3n se constata un inter\u00e9s m\u00e1s bajo que la media nacional, respecto de todo lo asociado a la ciencia y la tecnolog\u00eda.\u00a0<\/p>\n<p>Fue as\u00ed que, ante la pregunta \u201cCuando hablo de Ciencia \u00bfqu\u00e9 viene a su mente?\u201d, la respuesta espont\u00e1nea de los encuestados en Ays\u00e9n, se asocia hacia los conceptos de: investigaci\u00f3n, estudio, medicina, cient\u00edfico y salud. Gran parte de ellos, se repite con similar recurrencia a nivel pa\u00eds. En la regi\u00f3n, el 73% de los encuestados responde con al menos una palabra, mientras que a nivel nacional este porcentaje aumenta al 84,2%.<\/p>\n<p>Tambi\u00e9n resulta relevante conocer la percepci\u00f3n de la poblaci\u00f3n respecto al nivel de educaci\u00f3n cient\u00edfica y t\u00e9cnica recibida. Llama la atenci\u00f3n que, a nivel regional, esta opci\u00f3n alcanza un 66% comparado con el 51,3%, considerado como \u201cbajo o muy bajo\u201d por la poblaci\u00f3n nacional. Asimismo, en relaci\u00f3n con el 3,6% de las respuestas en Ays\u00e9n que califican el nivel de la educaci\u00f3n recibido como de \u201calto o muy alto\u201d, el porcentaje nacional es significativamente m\u00e1s alto con un 7,3%.\u00a0<\/p>\n<p>Otro de los puntos clave analizados fue el inter\u00e9s por la ciencia, ya que este refleja el grado de apropiaci\u00f3n que tiene la ciudadan\u00eda respecto de estos temas. El resultado indica que, en la Regi\u00f3n de Ays\u00e9n, al 38% de los encuestados le interesa la ciencia y al 46,5% la tecnolog\u00eda, porcentajes estad\u00edsticamente m\u00e1s bajos que los resultados nacionales (58,1% y 68,4%, respectivamente).<\/p>\n<p>\u201cLa aplicaci\u00f3n de la encuesta nos da una se\u00f1al clara, sobre la importancia que en Ays\u00e9n se da a la ciencia y la tecnolog\u00eda, pues al ser interrogados con respecto a en qu\u00e9 sectores p\u00fablicos aumentar\u00edan la inversi\u00f3n, estos valores superan largamente los resultados nacionales. Tecnolog\u00eda, como primera menci\u00f3n, alcanza un 6,6% a nivel nacional y en esta regi\u00f3n un 15,3%; y en lo relativo a ciencias supera, significativamente, con un 7,3% al 3,5% de todo Chile\u201d, explica Christian Nicolai, Director Ejecutivo de CONICYT.\u00a0<\/p>\n<p>Cabe destacar que, as\u00ed como lo hace Chile, 11 pa\u00edses de la Regi\u00f3n han aplicado encuestas similares durante los \u00faltimos 15 a\u00f1os para conocer la percepci\u00f3n p\u00fablica, acerca de la ciencia y la tecnolog\u00eda, abordando, principalmente, dimensiones como: imagen sobre la C y T y de qui\u00e9nes las desarrollan; inter\u00e9s, nivel de informaci\u00f3n y h\u00e1bitos cotidianos vinculados con estas tem\u00e1ticas; y la valoraci\u00f3n y utilidad que \u00e9stas tienen.<\/p>\n<p>Adem\u00e1s de establecer una l\u00ednea base de medici\u00f3n en la poblaci\u00f3n chilena sobre ciencia y tecnolog\u00eda, cabe destacar que la encuesta ser\u00e1 realizada cada tres a\u00f1os, lo que permitir\u00e1 contar con informaci\u00f3n sistem\u00e1tica y peri\u00f3dica que contribuya a la evaluaci\u00f3n y definici\u00f3n de nuevas estrategias de pol\u00edtica p\u00fablica para la relaci\u00f3n sociedad, ciencia y tecnolog\u00eda.<\/p>\n<ul>\n<li><a href=\"https:\/\/www.facebook.com\/pg\/exploraysen\/photos\/?tab=album&amp;album_id=1878858749038346\" target=\"_blank\" rel=\"noopener noreferrer\">Revisa fotograf\u00edas de la jornada.<\/a><\/li>\n<\/ul>\n","protected":false},"excerpt":{"rendered":"<p>\u00bfQu\u00e9 entendemos por ciencia y tecnolog\u00eda? \u00bfConsideramos que nuestra educaci\u00f3n en estas \u00e1reas es \u00f3ptima? \u00bfQu\u00e9 tanto prestigio tienen los cient\u00edficos para los chilenos? \u00a0Estas son algunas de las preguntas que responde el estudio y que, tras un exhaustivo an\u00e1lisis para cada regi\u00f3n, hoy es posible compartir con todo el pa\u00eds.\u00a0 \u00bfSer\u00e1 id\u00e9ntica la cercan\u00eda [&hellip;]<\/p>\n","protected":false},"author":2,"featured_media":640,"comment_status":"open","ping_status":"open","sticky":false,"template":"","format":"standard","meta":{"_acf_changed":false,"_exactmetrics_skip_tracking":false,"_exactmetrics_sitenote_active":false,"_exactmetrics_sitenote_note":"","_exactmetrics_sitenote_category":0,"footnotes":"","_links_to":"","_links_to_target":""},"categories":[4],"tags":[],"class_list":["post-639","post","type-post","status-publish","format-standard","has-post-thumbnail","hentry","category-noticias"],"acf":[],"yoast_head":"<!-- This site is optimized with the Yoast SEO plugin v26.9 - https:\/\/yoast.com\/product\/yoast-seo-wordpress\/ -->\n<title>CONICYT present\u00f3 resultados para la Regi\u00f3n de Ays\u00e9n de la Encuesta Nacional de Percepci\u00f3n Social de la Ciencia y la Tecnolog\u00eda\u00a0 - Aysen<\/title>\n<meta name=\"robots\" content=\"index, follow, max-snippet:-1, max-image-preview:large, max-video-preview:-1\" \/>\n<link rel=\"canonical\" href=\"https:\/\/explora.cl\/aysen\/conicyt-presento-resultados-para-la-region-de-aysen-de-la-encuesta-nacional-de-percepcion-social-de-la-ciencia-y-la-tecnologia\/\" class=\"yoast-seo-meta-tag\" \/>\n<meta property=\"og:locale\" content=\"es_ES\" class=\"yoast-seo-meta-tag\" \/>\n<meta property=\"og:type\" content=\"article\" class=\"yoast-seo-meta-tag\" \/>\n<meta property=\"og:title\" content=\"CONICYT present\u00f3 resultados para la Regi\u00f3n de Ays\u00e9n de la Encuesta Nacional de Percepci\u00f3n Social de la Ciencia y la Tecnolog\u00eda\u00a0 - Aysen\" class=\"yoast-seo-meta-tag\" \/>\n<meta property=\"og:description\" content=\"\u00bfQu\u00e9 entendemos por ciencia y tecnolog\u00eda? \u00bfConsideramos que nuestra educaci\u00f3n en estas \u00e1reas es \u00f3ptima? \u00bfQu\u00e9 tanto prestigio tienen los cient\u00edficos para los chilenos? \u00a0Estas son algunas de las preguntas que responde el estudio y que, tras un exhaustivo an\u00e1lisis para cada regi\u00f3n, hoy es posible compartir con todo el pa\u00eds.\u00a0 \u00bfSer\u00e1 id\u00e9ntica la cercan\u00eda [&hellip;]\" class=\"yoast-seo-meta-tag\" \/>\n<meta property=\"og:url\" content=\"https:\/\/explora.cl\/aysen\/conicyt-presento-resultados-para-la-region-de-aysen-de-la-encuesta-nacional-de-percepcion-social-de-la-ciencia-y-la-tecnologia\/\" class=\"yoast-seo-meta-tag\" \/>\n<meta property=\"og:site_name\" content=\"Aysen\" class=\"yoast-seo-meta-tag\" \/>\n<meta property=\"article:published_time\" content=\"2017-04-05T04:00:00+00:00\" class=\"yoast-seo-meta-tag\" \/>\n<meta property=\"article:modified_time\" content=\"2019-05-20T21:20:08+00:00\" class=\"yoast-seo-meta-tag\" \/>\n<meta property=\"og:image\" content=\"https:\/\/explora.cl\/aysen\/wp-content\/uploads\/sites\/18\/2018\/06\/nicolai.jpg\" class=\"yoast-seo-meta-tag\" \/>\n\t<meta property=\"og:image:width\" content=\"841\" class=\"yoast-seo-meta-tag\" \/>\n\t<meta property=\"og:image:height\" content=\"559\" class=\"yoast-seo-meta-tag\" \/>\n\t<meta property=\"og:image:type\" content=\"image\/jpeg\" class=\"yoast-seo-meta-tag\" \/>\n<meta name=\"author\" content=\"webman\" class=\"yoast-seo-meta-tag\" \/>\n<meta name=\"twitter:card\" content=\"summary_large_image\" class=\"yoast-seo-meta-tag\" \/>\n<meta name=\"twitter:label1\" content=\"Escrito por\" class=\"yoast-seo-meta-tag\" \/>\n\t<meta name=\"twitter:data1\" content=\"webman\" class=\"yoast-seo-meta-tag\" \/>\n\t<meta name=\"twitter:label2\" content=\"Tiempo estimado de lectura\" class=\"yoast-seo-meta-tag\" \/>\n\t<meta name=\"twitter:data2\" content=\"4 minutos\" class=\"yoast-seo-meta-tag\" \/>\n<script type=\"application\/ld+json\" class=\"yoast-schema-graph\">{\"@context\":\"https:\/\/schema.org\",\"@graph\":[{\"@type\":\"Article\",\"@id\":\"https:\/\/explora.cl\/aysen\/conicyt-presento-resultados-para-la-region-de-aysen-de-la-encuesta-nacional-de-percepcion-social-de-la-ciencia-y-la-tecnologia\/#article\",\"isPartOf\":{\"@id\":\"https:\/\/explora.cl\/aysen\/conicyt-presento-resultados-para-la-region-de-aysen-de-la-encuesta-nacional-de-percepcion-social-de-la-ciencia-y-la-tecnologia\/\"},\"author\":{\"name\":\"webman\",\"@id\":\"https:\/\/explora.cl\/aysen\/#\/schema\/person\/cb8349c13ea2d324080adf8480d7ba5d\"},\"headline\":\"CONICYT present\u00f3 resultados para la Regi\u00f3n de Ays\u00e9n de la Encuesta Nacional de Percepci\u00f3n Social de la Ciencia y la Tecnolog\u00eda\u00a0\",\"datePublished\":\"2017-04-05T04:00:00+00:00\",\"dateModified\":\"2019-05-20T21:20:08+00:00\",\"mainEntityOfPage\":{\"@id\":\"https:\/\/explora.cl\/aysen\/conicyt-presento-resultados-para-la-region-de-aysen-de-la-encuesta-nacional-de-percepcion-social-de-la-ciencia-y-la-tecnologia\/\"},\"wordCount\":859,\"commentCount\":0,\"image\":{\"@id\":\"https:\/\/explora.cl\/aysen\/conicyt-presento-resultados-para-la-region-de-aysen-de-la-encuesta-nacional-de-percepcion-social-de-la-ciencia-y-la-tecnologia\/#primaryimage\"},\"thumbnailUrl\":\"https:\/\/explora.cl\/aysen\/wp-content\/uploads\/sites\/18\/2018\/06\/nicolai.jpg\",\"articleSection\":[\"Noticias\"],\"inLanguage\":\"es-CL\",\"potentialAction\":[{\"@type\":\"CommentAction\",\"name\":\"Comment\",\"target\":[\"https:\/\/explora.cl\/aysen\/conicyt-presento-resultados-para-la-region-de-aysen-de-la-encuesta-nacional-de-percepcion-social-de-la-ciencia-y-la-tecnologia\/#respond\"]}]},{\"@type\":\"WebPage\",\"@id\":\"https:\/\/explora.cl\/aysen\/conicyt-presento-resultados-para-la-region-de-aysen-de-la-encuesta-nacional-de-percepcion-social-de-la-ciencia-y-la-tecnologia\/\",\"url\":\"https:\/\/explora.cl\/aysen\/conicyt-presento-resultados-para-la-region-de-aysen-de-la-encuesta-nacional-de-percepcion-social-de-la-ciencia-y-la-tecnologia\/\",\"name\":\"CONICYT present\u00f3 resultados para la Regi\u00f3n de Ays\u00e9n de la Encuesta Nacional de Percepci\u00f3n Social de la Ciencia y la Tecnolog\u00eda\u00a0 - Aysen\",\"isPartOf\":{\"@id\":\"https:\/\/explora.cl\/aysen\/#website\"},\"primaryImageOfPage\":{\"@id\":\"https:\/\/explora.cl\/aysen\/conicyt-presento-resultados-para-la-region-de-aysen-de-la-encuesta-nacional-de-percepcion-social-de-la-ciencia-y-la-tecnologia\/#primaryimage\"},\"image\":{\"@id\":\"https:\/\/explora.cl\/aysen\/conicyt-presento-resultados-para-la-region-de-aysen-de-la-encuesta-nacional-de-percepcion-social-de-la-ciencia-y-la-tecnologia\/#primaryimage\"},\"thumbnailUrl\":\"https:\/\/explora.cl\/aysen\/wp-content\/uploads\/sites\/18\/2018\/06\/nicolai.jpg\",\"datePublished\":\"2017-04-05T04:00:00+00:00\",\"dateModified\":\"2019-05-20T21:20:08+00:00\",\"author\":{\"@id\":\"https:\/\/explora.cl\/aysen\/#\/schema\/person\/cb8349c13ea2d324080adf8480d7ba5d\"},\"breadcrumb\":{\"@id\":\"https:\/\/explora.cl\/aysen\/conicyt-presento-resultados-para-la-region-de-aysen-de-la-encuesta-nacional-de-percepcion-social-de-la-ciencia-y-la-tecnologia\/#breadcrumb\"},\"inLanguage\":\"es-CL\",\"potentialAction\":[{\"@type\":\"ReadAction\",\"target\":[\"https:\/\/explora.cl\/aysen\/conicyt-presento-resultados-para-la-region-de-aysen-de-la-encuesta-nacional-de-percepcion-social-de-la-ciencia-y-la-tecnologia\/\"]}]},{\"@type\":\"ImageObject\",\"inLanguage\":\"es-CL\",\"@id\":\"https:\/\/explora.cl\/aysen\/conicyt-presento-resultados-para-la-region-de-aysen-de-la-encuesta-nacional-de-percepcion-social-de-la-ciencia-y-la-tecnologia\/#primaryimage\",\"url\":\"https:\/\/explora.cl\/aysen\/wp-content\/uploads\/sites\/18\/2018\/06\/nicolai.jpg\",\"contentUrl\":\"https:\/\/explora.cl\/aysen\/wp-content\/uploads\/sites\/18\/2018\/06\/nicolai.jpg\",\"width\":841,\"height\":559},{\"@type\":\"BreadcrumbList\",\"@id\":\"https:\/\/explora.cl\/aysen\/conicyt-presento-resultados-para-la-region-de-aysen-de-la-encuesta-nacional-de-percepcion-social-de-la-ciencia-y-la-tecnologia\/#breadcrumb\",\"itemListElement\":[{\"@type\":\"ListItem\",\"position\":1,\"name\":\"Portada\",\"item\":\"https:\/\/explora.cl\/aysen\/\"},{\"@type\":\"ListItem\",\"position\":2,\"name\":\"CONICYT present\u00f3 resultados para la Regi\u00f3n de Ays\u00e9n de la Encuesta Nacional de Percepci\u00f3n Social de la Ciencia y la Tecnolog\u00eda\u00a0\"}]},{\"@type\":\"WebSite\",\"@id\":\"https:\/\/explora.cl\/aysen\/#website\",\"url\":\"https:\/\/explora.cl\/aysen\/\",\"name\":\"Aysen\",\"description\":\"Otro sitio m\u00e1s de explora.cl\",\"potentialAction\":[{\"@type\":\"SearchAction\",\"target\":{\"@type\":\"EntryPoint\",\"urlTemplate\":\"https:\/\/explora.cl\/aysen\/?s={search_term_string}\"},\"query-input\":{\"@type\":\"PropertyValueSpecification\",\"valueRequired\":true,\"valueName\":\"search_term_string\"}}],\"inLanguage\":\"es-CL\"},{\"@type\":\"Person\",\"@id\":\"https:\/\/explora.cl\/aysen\/#\/schema\/person\/cb8349c13ea2d324080adf8480d7ba5d\",\"name\":\"webman\",\"image\":{\"@type\":\"ImageObject\",\"inLanguage\":\"es-CL\",\"@id\":\"https:\/\/explora.cl\/aysen\/#\/schema\/person\/image\/\",\"url\":\"https:\/\/secure.gravatar.com\/avatar\/eeff3c82f2c02f7177d13663b7e6f890e9a6a0647ce9bb29cae02dcb094c7312?s=96&d=mm&r=g\",\"contentUrl\":\"https:\/\/secure.gravatar.com\/avatar\/eeff3c82f2c02f7177d13663b7e6f890e9a6a0647ce9bb29cae02dcb094c7312?s=96&d=mm&r=g\",\"caption\":\"webman\"},\"url\":\"https:\/\/explora.cl\/aysen\/author\/webman\/\"}]}<\/script>\n<!-- \/ Yoast SEO plugin. -->","yoast_head_json":{"title":"CONICYT present\u00f3 resultados para la Regi\u00f3n de Ays\u00e9n de la Encuesta Nacional de Percepci\u00f3n Social de la Ciencia y la Tecnolog\u00eda\u00a0 - Aysen","robots":{"index":"index","follow":"follow","max-snippet":"max-snippet:-1","max-image-preview":"max-image-preview:large","max-video-preview":"max-video-preview:-1"},"canonical":"https:\/\/explora.cl\/aysen\/conicyt-presento-resultados-para-la-region-de-aysen-de-la-encuesta-nacional-de-percepcion-social-de-la-ciencia-y-la-tecnologia\/","og_locale":"es_ES","og_type":"article","og_title":"CONICYT present\u00f3 resultados para la Regi\u00f3n de Ays\u00e9n de la Encuesta Nacional de Percepci\u00f3n Social de la Ciencia y la Tecnolog\u00eda\u00a0 - Aysen","og_description":"\u00bfQu\u00e9 entendemos por ciencia y tecnolog\u00eda? \u00bfConsideramos que nuestra educaci\u00f3n en estas \u00e1reas es \u00f3ptima? \u00bfQu\u00e9 tanto prestigio tienen los cient\u00edficos para los chilenos? \u00a0Estas son algunas de las preguntas que responde el estudio y que, tras un exhaustivo an\u00e1lisis para cada regi\u00f3n, hoy es posible compartir con todo el pa\u00eds.\u00a0 \u00bfSer\u00e1 id\u00e9ntica la cercan\u00eda [&hellip;]","og_url":"https:\/\/explora.cl\/aysen\/conicyt-presento-resultados-para-la-region-de-aysen-de-la-encuesta-nacional-de-percepcion-social-de-la-ciencia-y-la-tecnologia\/","og_site_name":"Aysen","article_published_time":"2017-04-05T04:00:00+00:00","article_modified_time":"2019-05-20T21:20:08+00:00","og_image":[{"width":841,"height":559,"url":"https:\/\/explora.cl\/aysen\/wp-content\/uploads\/sites\/18\/2018\/06\/nicolai.jpg","type":"image\/jpeg"}],"author":"webman","twitter_card":"summary_large_image","twitter_misc":{"Escrito por":"webman","Tiempo estimado de lectura":"4 minutos"},"schema":{"@context":"https:\/\/schema.org","@graph":[{"@type":"Article","@id":"https:\/\/explora.cl\/aysen\/conicyt-presento-resultados-para-la-region-de-aysen-de-la-encuesta-nacional-de-percepcion-social-de-la-ciencia-y-la-tecnologia\/#article","isPartOf":{"@id":"https:\/\/explora.cl\/aysen\/conicyt-presento-resultados-para-la-region-de-aysen-de-la-encuesta-nacional-de-percepcion-social-de-la-ciencia-y-la-tecnologia\/"},"author":{"name":"webman","@id":"https:\/\/explora.cl\/aysen\/#\/schema\/person\/cb8349c13ea2d324080adf8480d7ba5d"},"headline":"CONICYT present\u00f3 resultados para la Regi\u00f3n de Ays\u00e9n de la Encuesta Nacional de Percepci\u00f3n Social de la Ciencia y la Tecnolog\u00eda\u00a0","datePublished":"2017-04-05T04:00:00+00:00","dateModified":"2019-05-20T21:20:08+00:00","mainEntityOfPage":{"@id":"https:\/\/explora.cl\/aysen\/conicyt-presento-resultados-para-la-region-de-aysen-de-la-encuesta-nacional-de-percepcion-social-de-la-ciencia-y-la-tecnologia\/"},"wordCount":859,"commentCount":0,"image":{"@id":"https:\/\/explora.cl\/aysen\/conicyt-presento-resultados-para-la-region-de-aysen-de-la-encuesta-nacional-de-percepcion-social-de-la-ciencia-y-la-tecnologia\/#primaryimage"},"thumbnailUrl":"https:\/\/explora.cl\/aysen\/wp-content\/uploads\/sites\/18\/2018\/06\/nicolai.jpg","articleSection":["Noticias"],"inLanguage":"es-CL","potentialAction":[{"@type":"CommentAction","name":"Comment","target":["https:\/\/explora.cl\/aysen\/conicyt-presento-resultados-para-la-region-de-aysen-de-la-encuesta-nacional-de-percepcion-social-de-la-ciencia-y-la-tecnologia\/#respond"]}]},{"@type":"WebPage","@id":"https:\/\/explora.cl\/aysen\/conicyt-presento-resultados-para-la-region-de-aysen-de-la-encuesta-nacional-de-percepcion-social-de-la-ciencia-y-la-tecnologia\/","url":"https:\/\/explora.cl\/aysen\/conicyt-presento-resultados-para-la-region-de-aysen-de-la-encuesta-nacional-de-percepcion-social-de-la-ciencia-y-la-tecnologia\/","name":"CONICYT present\u00f3 resultados para la Regi\u00f3n de Ays\u00e9n de la Encuesta Nacional de Percepci\u00f3n Social de la Ciencia y la Tecnolog\u00eda\u00a0 - Aysen","isPartOf":{"@id":"https:\/\/explora.cl\/aysen\/#website"},"primaryImageOfPage":{"@id":"https:\/\/explora.cl\/aysen\/conicyt-presento-resultados-para-la-region-de-aysen-de-la-encuesta-nacional-de-percepcion-social-de-la-ciencia-y-la-tecnologia\/#primaryimage"},"image":{"@id":"https:\/\/explora.cl\/aysen\/conicyt-presento-resultados-para-la-region-de-aysen-de-la-encuesta-nacional-de-percepcion-social-de-la-ciencia-y-la-tecnologia\/#primaryimage"},"thumbnailUrl":"https:\/\/explora.cl\/aysen\/wp-content\/uploads\/sites\/18\/2018\/06\/nicolai.jpg","datePublished":"2017-04-05T04:00:00+00:00","dateModified":"2019-05-20T21:20:08+00:00","author":{"@id":"https:\/\/explora.cl\/aysen\/#\/schema\/person\/cb8349c13ea2d324080adf8480d7ba5d"},"breadcrumb":{"@id":"https:\/\/explora.cl\/aysen\/conicyt-presento-resultados-para-la-region-de-aysen-de-la-encuesta-nacional-de-percepcion-social-de-la-ciencia-y-la-tecnologia\/#breadcrumb"},"inLanguage":"es-CL","potentialAction":[{"@type":"ReadAction","target":["https:\/\/explora.cl\/aysen\/conicyt-presento-resultados-para-la-region-de-aysen-de-la-encuesta-nacional-de-percepcion-social-de-la-ciencia-y-la-tecnologia\/"]}]},{"@type":"ImageObject","inLanguage":"es-CL","@id":"https:\/\/explora.cl\/aysen\/conicyt-presento-resultados-para-la-region-de-aysen-de-la-encuesta-nacional-de-percepcion-social-de-la-ciencia-y-la-tecnologia\/#primaryimage","url":"https:\/\/explora.cl\/aysen\/wp-content\/uploads\/sites\/18\/2018\/06\/nicolai.jpg","contentUrl":"https:\/\/explora.cl\/aysen\/wp-content\/uploads\/sites\/18\/2018\/06\/nicolai.jpg","width":841,"height":559},{"@type":"BreadcrumbList","@id":"https:\/\/explora.cl\/aysen\/conicyt-presento-resultados-para-la-region-de-aysen-de-la-encuesta-nacional-de-percepcion-social-de-la-ciencia-y-la-tecnologia\/#breadcrumb","itemListElement":[{"@type":"ListItem","position":1,"name":"Portada","item":"https:\/\/explora.cl\/aysen\/"},{"@type":"ListItem","position":2,"name":"CONICYT present\u00f3 resultados para la Regi\u00f3n de Ays\u00e9n de la Encuesta Nacional de Percepci\u00f3n Social de la Ciencia y la Tecnolog\u00eda\u00a0"}]},{"@type":"WebSite","@id":"https:\/\/explora.cl\/aysen\/#website","url":"https:\/\/explora.cl\/aysen\/","name":"Aysen","description":"Otro sitio m\u00e1s de explora.cl","potentialAction":[{"@type":"SearchAction","target":{"@type":"EntryPoint","urlTemplate":"https:\/\/explora.cl\/aysen\/?s={search_term_string}"},"query-input":{"@type":"PropertyValueSpecification","valueRequired":true,"valueName":"search_term_string"}}],"inLanguage":"es-CL"},{"@type":"Person","@id":"https:\/\/explora.cl\/aysen\/#\/schema\/person\/cb8349c13ea2d324080adf8480d7ba5d","name":"webman","image":{"@type":"ImageObject","inLanguage":"es-CL","@id":"https:\/\/explora.cl\/aysen\/#\/schema\/person\/image\/","url":"https:\/\/secure.gravatar.com\/avatar\/eeff3c82f2c02f7177d13663b7e6f890e9a6a0647ce9bb29cae02dcb094c7312?s=96&d=mm&r=g","contentUrl":"https:\/\/secure.gravatar.com\/avatar\/eeff3c82f2c02f7177d13663b7e6f890e9a6a0647ce9bb29cae02dcb094c7312?s=96&d=mm&r=g","caption":"webman"},"url":"https:\/\/explora.cl\/aysen\/author\/webman\/"}]}},"_links":{"self":[{"href":"https:\/\/explora.cl\/aysen\/wp-json\/wp\/v2\/posts\/639","targetHints":{"allow":["GET"]}}],"collection":[{"href":"https:\/\/explora.cl\/aysen\/wp-json\/wp\/v2\/posts"}],"about":[{"href":"https:\/\/explora.cl\/aysen\/wp-json\/wp\/v2\/types\/post"}],"author":[{"embeddable":true,"href":"https:\/\/explora.cl\/aysen\/wp-json\/wp\/v2\/users\/2"}],"replies":[{"embeddable":true,"href":"https:\/\/explora.cl\/aysen\/wp-json\/wp\/v2\/comments?post=639"}],"version-history":[{"count":1,"href":"https:\/\/explora.cl\/aysen\/wp-json\/wp\/v2\/posts\/639\/revisions"}],"predecessor-version":[{"id":37177,"href":"https:\/\/explora.cl\/aysen\/wp-json\/wp\/v2\/posts\/639\/revisions\/37177"}],"wp:featuredmedia":[{"embeddable":true,"href":"https:\/\/explora.cl\/aysen\/wp-json\/wp\/v2\/media\/640"}],"wp:attachment":[{"href":"https:\/\/explora.cl\/aysen\/wp-json\/wp\/v2\/media?parent=639"}],"wp:term":[{"taxonomy":"category","embeddable":true,"href":"https:\/\/explora.cl\/aysen\/wp-json\/wp\/v2\/categories?post=639"},{"taxonomy":"post_tag","embeddable":true,"href":"https:\/\/explora.cl\/aysen\/wp-json\/wp\/v2\/tags?post=639"}],"curies":[{"name":"wp","href":"https:\/\/api.w.org\/{rel}","templated":true}]}}