{"id":629,"date":"2017-03-09T00:00:00","date_gmt":"2017-03-09T04:00:00","guid":{"rendered":"https:\/\/explora.cl\/aysen\/blog\/2017\/03\/09\/enterate-de-las-charlas-por-el-dia-de-la-astronomia\/"},"modified":"2019-05-20T21:20:27","modified_gmt":"2019-05-20T21:20:27","slug":"enterate-de-las-charlas-por-el-dia-de-la-astronomia","status":"publish","type":"post","link":"https:\/\/explora.cl\/aysen\/enterate-de-las-charlas-por-el-dia-de-la-astronomia\/","title":{"rendered":"Participa en las charlas del D\u00eda de la Astronom\u00eda"},"content":{"rendered":"<p><img fetchpriority=\"high\" decoding=\"async\" class=\" alignright size-full wp-image-23858\" style=\"float: right\" src=\"http:\/\/ec2-54-245-22-188.us-west-2.compute.amazonaws.com\/wp-content\/uploads\/2017\/03\/17dia-astronomia.jpg\" alt=\"\" width=\"486\" height=\"198\" \/>En el marco de la celebraci\u00f3n del \u201cD\u00eda de la Astronom\u00eda\u201d, visitar\u00e1 la Regi\u00f3n de Ays\u00e9n el doctor <a href=\"http:\/\/www.cata.cl\/investigador.php?id=48\" target=\"_blank\" rel=\"noopener noreferrer\">Patricio Rojo<\/a>, f\u00edsico y astr\u00f3nomo, quien como profesor de la Universidad de Chile ha dictado clases en materias tales como Ciencias Planetarias e Introducci\u00f3n a la Astrobiolog\u00eda.\u00a0\u00a0<\/p>\n<p>Rojo se reunir\u00e1 con diferentes p\u00fablicos a conversar de un mismo tema: \u201cLa vida m\u00e1s all\u00e1 del Planeta Tierra\u201d. El acad\u00e9mico viene a exponer los diferentes esfuerzos y avances cient\u00edficos que existen en la b\u00fasqueda de vida fuera de nuestro planeta, y\u00a0que en algunas d\u00e9cadas podr\u00edan resolver la vieja inc\u00f3gnita\u00a0sobre si estamos solos en el universo.<\/p>\n<p>El astr\u00f3nomo, que dictar\u00e1 charlas para\u00a0estudiantes de la Escuela San Jos\u00e9 Obrero, del Liceo Bicentenario San Jos\u00e9 UR, de la Escuela Aonikenk de Puerto Ib\u00e1\u00f1ez y del Campus Patagonia de la UACh, <strong>ofrecer\u00e1 adem\u00e1s dos charlas para p\u00fablico general<\/strong>, las que se realizar\u00e1n los d\u00edas\u00a016 de marzo en Coyhaique y 17 de marzo en Puerto Ays\u00e9n. El programa a continuaci\u00f3n:\u00a0<\/p>\n<h3>Programa de charlas para p\u00fablico general (entrada liberada)<\/h3>\n<ul>\n<li><strong>En Coyhaique:\u00a0<\/strong>16 de marzo, 19:30 a 21:00 horas. Sala interactiva del Centro Cultural Coyhaique. Organiza: PAR Explora Ays\u00e9n.<\/li>\n<li><strong>En Puerto Ays\u00e9n:\u00a0<\/strong>17 de marzo, 15:00 a 16:30 horas. Lugar: Casa de la Cultura de Puerto Ays\u00e9n. Organiza: Club de Ciencias del Liceo Bicentenario San Jos\u00e9 UR (<a href=\"https:\/\/www.facebook.com\/Teslab.Taller\" target=\"_blank\" rel=\"noopener noreferrer\">Teslab<\/a>) y PAR Explora Ays\u00e9n.\u00a0<\/li>\n<\/ul>\n<p>El D\u00eda de la Astronom\u00eda es una iniciativa organizada por CONICYT, a trav\u00e9s sus programas Explora y de Astronom\u00eda, en conjunto con la Fundaci\u00f3n Planetario y la Sociedad Chilena de Astronom\u00eda, SOCHIAS, con el objetivo de\u00a0destacar el patrimonio natural, difundir las investigaciones en este \u00e1mbito y despertar el inter\u00e9s de la comunidad.<\/p>\n","protected":false},"excerpt":{"rendered":"<p>En el marco de la celebraci\u00f3n del \u201cD\u00eda de la Astronom\u00eda\u201d, visitar\u00e1 la Regi\u00f3n de Ays\u00e9n el doctor Patricio Rojo, f\u00edsico y astr\u00f3nomo, quien como profesor de la Universidad de Chile ha dictado clases en materias tales como Ciencias Planetarias e Introducci\u00f3n a la Astrobiolog\u00eda.\u00a0\u00a0 Rojo se reunir\u00e1 con diferentes p\u00fablicos a conversar de un [&hellip;]<\/p>\n","protected":false},"author":2,"featured_media":630,"comment_status":"open","ping_status":"open","sticky":false,"template":"","format":"standard","meta":{"_acf_changed":false,"_exactmetrics_skip_tracking":false,"_exactmetrics_sitenote_active":false,"_exactmetrics_sitenote_note":"","_exactmetrics_sitenote_category":0,"footnotes":"","_links_to":"","_links_to_target":""},"categories":[4],"tags":[],"class_list":["post-629","post","type-post","status-publish","format-standard","has-post-thumbnail","hentry","category-noticias"],"acf":[],"yoast_head":"<!-- This site is optimized with the Yoast SEO plugin v26.9 - https:\/\/yoast.com\/product\/yoast-seo-wordpress\/ -->\n<title>Participa en las charlas del D\u00eda de la Astronom\u00eda - Aysen<\/title>\n<meta name=\"robots\" content=\"index, follow, max-snippet:-1, max-image-preview:large, max-video-preview:-1\" \/>\n<link rel=\"canonical\" href=\"https:\/\/explora.cl\/aysen\/enterate-de-las-charlas-por-el-dia-de-la-astronomia\/\" class=\"yoast-seo-meta-tag\" \/>\n<meta property=\"og:locale\" content=\"es_ES\" class=\"yoast-seo-meta-tag\" \/>\n<meta property=\"og:type\" content=\"article\" class=\"yoast-seo-meta-tag\" \/>\n<meta property=\"og:title\" content=\"Participa en las charlas del D\u00eda de la Astronom\u00eda - Aysen\" class=\"yoast-seo-meta-tag\" \/>\n<meta property=\"og:description\" content=\"En el marco de la celebraci\u00f3n del \u201cD\u00eda de la Astronom\u00eda\u201d, visitar\u00e1 la Regi\u00f3n de Ays\u00e9n el doctor Patricio Rojo, f\u00edsico y astr\u00f3nomo, quien como profesor de la Universidad de Chile ha dictado clases en materias tales como Ciencias Planetarias e Introducci\u00f3n a la Astrobiolog\u00eda.\u00a0\u00a0 Rojo se reunir\u00e1 con diferentes p\u00fablicos a conversar de un [&hellip;]\" class=\"yoast-seo-meta-tag\" \/>\n<meta property=\"og:url\" content=\"https:\/\/explora.cl\/aysen\/enterate-de-las-charlas-por-el-dia-de-la-astronomia\/\" class=\"yoast-seo-meta-tag\" \/>\n<meta property=\"og:site_name\" content=\"Aysen\" class=\"yoast-seo-meta-tag\" \/>\n<meta property=\"article:published_time\" content=\"2017-03-09T04:00:00+00:00\" class=\"yoast-seo-meta-tag\" \/>\n<meta property=\"article:modified_time\" content=\"2019-05-20T21:20:27+00:00\" class=\"yoast-seo-meta-tag\" \/>\n<meta property=\"og:image\" content=\"https:\/\/explora.cl\/aysen\/wp-content\/uploads\/sites\/18\/2018\/06\/17dia-astronomia.jpg\" class=\"yoast-seo-meta-tag\" \/>\n\t<meta property=\"og:image:width\" content=\"915\" class=\"yoast-seo-meta-tag\" \/>\n\t<meta property=\"og:image:height\" content=\"372\" class=\"yoast-seo-meta-tag\" \/>\n\t<meta property=\"og:image:type\" content=\"image\/jpeg\" class=\"yoast-seo-meta-tag\" \/>\n<meta name=\"author\" content=\"webman\" class=\"yoast-seo-meta-tag\" \/>\n<meta name=\"twitter:card\" content=\"summary_large_image\" class=\"yoast-seo-meta-tag\" \/>\n<meta name=\"twitter:label1\" content=\"Escrito por\" class=\"yoast-seo-meta-tag\" \/>\n\t<meta name=\"twitter:data1\" content=\"webman\" class=\"yoast-seo-meta-tag\" \/>\n\t<meta name=\"twitter:label2\" content=\"Tiempo estimado de lectura\" class=\"yoast-seo-meta-tag\" \/>\n\t<meta name=\"twitter:data2\" content=\"2 minutos\" class=\"yoast-seo-meta-tag\" \/>\n<script type=\"application\/ld+json\" class=\"yoast-schema-graph\">{\"@context\":\"https:\/\/schema.org\",\"@graph\":[{\"@type\":\"Article\",\"@id\":\"https:\/\/explora.cl\/aysen\/enterate-de-las-charlas-por-el-dia-de-la-astronomia\/#article\",\"isPartOf\":{\"@id\":\"https:\/\/explora.cl\/aysen\/enterate-de-las-charlas-por-el-dia-de-la-astronomia\/\"},\"author\":{\"name\":\"webman\",\"@id\":\"https:\/\/explora.cl\/aysen\/#\/schema\/person\/cb8349c13ea2d324080adf8480d7ba5d\"},\"headline\":\"Participa en las charlas del D\u00eda de la Astronom\u00eda\",\"datePublished\":\"2017-03-09T04:00:00+00:00\",\"dateModified\":\"2019-05-20T21:20:27+00:00\",\"mainEntityOfPage\":{\"@id\":\"https:\/\/explora.cl\/aysen\/enterate-de-las-charlas-por-el-dia-de-la-astronomia\/\"},\"wordCount\":318,\"commentCount\":0,\"image\":{\"@id\":\"https:\/\/explora.cl\/aysen\/enterate-de-las-charlas-por-el-dia-de-la-astronomia\/#primaryimage\"},\"thumbnailUrl\":\"https:\/\/explora.cl\/aysen\/wp-content\/uploads\/sites\/18\/2018\/06\/17dia-astronomia.jpg\",\"articleSection\":[\"Noticias\"],\"inLanguage\":\"es-CL\",\"potentialAction\":[{\"@type\":\"CommentAction\",\"name\":\"Comment\",\"target\":[\"https:\/\/explora.cl\/aysen\/enterate-de-las-charlas-por-el-dia-de-la-astronomia\/#respond\"]}]},{\"@type\":\"WebPage\",\"@id\":\"https:\/\/explora.cl\/aysen\/enterate-de-las-charlas-por-el-dia-de-la-astronomia\/\",\"url\":\"https:\/\/explora.cl\/aysen\/enterate-de-las-charlas-por-el-dia-de-la-astronomia\/\",\"name\":\"Participa en las charlas del D\u00eda de la Astronom\u00eda - Aysen\",\"isPartOf\":{\"@id\":\"https:\/\/explora.cl\/aysen\/#website\"},\"primaryImageOfPage\":{\"@id\":\"https:\/\/explora.cl\/aysen\/enterate-de-las-charlas-por-el-dia-de-la-astronomia\/#primaryimage\"},\"image\":{\"@id\":\"https:\/\/explora.cl\/aysen\/enterate-de-las-charlas-por-el-dia-de-la-astronomia\/#primaryimage\"},\"thumbnailUrl\":\"https:\/\/explora.cl\/aysen\/wp-content\/uploads\/sites\/18\/2018\/06\/17dia-astronomia.jpg\",\"datePublished\":\"2017-03-09T04:00:00+00:00\",\"dateModified\":\"2019-05-20T21:20:27+00:00\",\"author\":{\"@id\":\"https:\/\/explora.cl\/aysen\/#\/schema\/person\/cb8349c13ea2d324080adf8480d7ba5d\"},\"breadcrumb\":{\"@id\":\"https:\/\/explora.cl\/aysen\/enterate-de-las-charlas-por-el-dia-de-la-astronomia\/#breadcrumb\"},\"inLanguage\":\"es-CL\",\"potentialAction\":[{\"@type\":\"ReadAction\",\"target\":[\"https:\/\/explora.cl\/aysen\/enterate-de-las-charlas-por-el-dia-de-la-astronomia\/\"]}]},{\"@type\":\"ImageObject\",\"inLanguage\":\"es-CL\",\"@id\":\"https:\/\/explora.cl\/aysen\/enterate-de-las-charlas-por-el-dia-de-la-astronomia\/#primaryimage\",\"url\":\"https:\/\/explora.cl\/aysen\/wp-content\/uploads\/sites\/18\/2018\/06\/17dia-astronomia.jpg\",\"contentUrl\":\"https:\/\/explora.cl\/aysen\/wp-content\/uploads\/sites\/18\/2018\/06\/17dia-astronomia.jpg\",\"width\":915,\"height\":372},{\"@type\":\"BreadcrumbList\",\"@id\":\"https:\/\/explora.cl\/aysen\/enterate-de-las-charlas-por-el-dia-de-la-astronomia\/#breadcrumb\",\"itemListElement\":[{\"@type\":\"ListItem\",\"position\":1,\"name\":\"Portada\",\"item\":\"https:\/\/explora.cl\/aysen\/\"},{\"@type\":\"ListItem\",\"position\":2,\"name\":\"Participa en las charlas del D\u00eda de la Astronom\u00eda\"}]},{\"@type\":\"WebSite\",\"@id\":\"https:\/\/explora.cl\/aysen\/#website\",\"url\":\"https:\/\/explora.cl\/aysen\/\",\"name\":\"Aysen\",\"description\":\"Otro sitio m\u00e1s de explora.cl\",\"potentialAction\":[{\"@type\":\"SearchAction\",\"target\":{\"@type\":\"EntryPoint\",\"urlTemplate\":\"https:\/\/explora.cl\/aysen\/?s={search_term_string}\"},\"query-input\":{\"@type\":\"PropertyValueSpecification\",\"valueRequired\":true,\"valueName\":\"search_term_string\"}}],\"inLanguage\":\"es-CL\"},{\"@type\":\"Person\",\"@id\":\"https:\/\/explora.cl\/aysen\/#\/schema\/person\/cb8349c13ea2d324080adf8480d7ba5d\",\"name\":\"webman\",\"image\":{\"@type\":\"ImageObject\",\"inLanguage\":\"es-CL\",\"@id\":\"https:\/\/explora.cl\/aysen\/#\/schema\/person\/image\/\",\"url\":\"https:\/\/secure.gravatar.com\/avatar\/eeff3c82f2c02f7177d13663b7e6f890e9a6a0647ce9bb29cae02dcb094c7312?s=96&d=mm&r=g\",\"contentUrl\":\"https:\/\/secure.gravatar.com\/avatar\/eeff3c82f2c02f7177d13663b7e6f890e9a6a0647ce9bb29cae02dcb094c7312?s=96&d=mm&r=g\",\"caption\":\"webman\"},\"url\":\"https:\/\/explora.cl\/aysen\/author\/webman\/\"}]}<\/script>\n<!-- \/ Yoast SEO plugin. -->","yoast_head_json":{"title":"Participa en las charlas del D\u00eda de la Astronom\u00eda - Aysen","robots":{"index":"index","follow":"follow","max-snippet":"max-snippet:-1","max-image-preview":"max-image-preview:large","max-video-preview":"max-video-preview:-1"},"canonical":"https:\/\/explora.cl\/aysen\/enterate-de-las-charlas-por-el-dia-de-la-astronomia\/","og_locale":"es_ES","og_type":"article","og_title":"Participa en las charlas del D\u00eda de la Astronom\u00eda - Aysen","og_description":"En el marco de la celebraci\u00f3n del \u201cD\u00eda de la Astronom\u00eda\u201d, visitar\u00e1 la Regi\u00f3n de Ays\u00e9n el doctor Patricio Rojo, f\u00edsico y astr\u00f3nomo, quien como profesor de la Universidad de Chile ha dictado clases en materias tales como Ciencias Planetarias e Introducci\u00f3n a la Astrobiolog\u00eda.\u00a0\u00a0 Rojo se reunir\u00e1 con diferentes p\u00fablicos a conversar de un [&hellip;]","og_url":"https:\/\/explora.cl\/aysen\/enterate-de-las-charlas-por-el-dia-de-la-astronomia\/","og_site_name":"Aysen","article_published_time":"2017-03-09T04:00:00+00:00","article_modified_time":"2019-05-20T21:20:27+00:00","og_image":[{"width":915,"height":372,"url":"https:\/\/explora.cl\/aysen\/wp-content\/uploads\/sites\/18\/2018\/06\/17dia-astronomia.jpg","type":"image\/jpeg"}],"author":"webman","twitter_card":"summary_large_image","twitter_misc":{"Escrito por":"webman","Tiempo estimado de lectura":"2 minutos"},"schema":{"@context":"https:\/\/schema.org","@graph":[{"@type":"Article","@id":"https:\/\/explora.cl\/aysen\/enterate-de-las-charlas-por-el-dia-de-la-astronomia\/#article","isPartOf":{"@id":"https:\/\/explora.cl\/aysen\/enterate-de-las-charlas-por-el-dia-de-la-astronomia\/"},"author":{"name":"webman","@id":"https:\/\/explora.cl\/aysen\/#\/schema\/person\/cb8349c13ea2d324080adf8480d7ba5d"},"headline":"Participa en las charlas del D\u00eda de la Astronom\u00eda","datePublished":"2017-03-09T04:00:00+00:00","dateModified":"2019-05-20T21:20:27+00:00","mainEntityOfPage":{"@id":"https:\/\/explora.cl\/aysen\/enterate-de-las-charlas-por-el-dia-de-la-astronomia\/"},"wordCount":318,"commentCount":0,"image":{"@id":"https:\/\/explora.cl\/aysen\/enterate-de-las-charlas-por-el-dia-de-la-astronomia\/#primaryimage"},"thumbnailUrl":"https:\/\/explora.cl\/aysen\/wp-content\/uploads\/sites\/18\/2018\/06\/17dia-astronomia.jpg","articleSection":["Noticias"],"inLanguage":"es-CL","potentialAction":[{"@type":"CommentAction","name":"Comment","target":["https:\/\/explora.cl\/aysen\/enterate-de-las-charlas-por-el-dia-de-la-astronomia\/#respond"]}]},{"@type":"WebPage","@id":"https:\/\/explora.cl\/aysen\/enterate-de-las-charlas-por-el-dia-de-la-astronomia\/","url":"https:\/\/explora.cl\/aysen\/enterate-de-las-charlas-por-el-dia-de-la-astronomia\/","name":"Participa en las charlas del D\u00eda de la Astronom\u00eda - Aysen","isPartOf":{"@id":"https:\/\/explora.cl\/aysen\/#website"},"primaryImageOfPage":{"@id":"https:\/\/explora.cl\/aysen\/enterate-de-las-charlas-por-el-dia-de-la-astronomia\/#primaryimage"},"image":{"@id":"https:\/\/explora.cl\/aysen\/enterate-de-las-charlas-por-el-dia-de-la-astronomia\/#primaryimage"},"thumbnailUrl":"https:\/\/explora.cl\/aysen\/wp-content\/uploads\/sites\/18\/2018\/06\/17dia-astronomia.jpg","datePublished":"2017-03-09T04:00:00+00:00","dateModified":"2019-05-20T21:20:27+00:00","author":{"@id":"https:\/\/explora.cl\/aysen\/#\/schema\/person\/cb8349c13ea2d324080adf8480d7ba5d"},"breadcrumb":{"@id":"https:\/\/explora.cl\/aysen\/enterate-de-las-charlas-por-el-dia-de-la-astronomia\/#breadcrumb"},"inLanguage":"es-CL","potentialAction":[{"@type":"ReadAction","target":["https:\/\/explora.cl\/aysen\/enterate-de-las-charlas-por-el-dia-de-la-astronomia\/"]}]},{"@type":"ImageObject","inLanguage":"es-CL","@id":"https:\/\/explora.cl\/aysen\/enterate-de-las-charlas-por-el-dia-de-la-astronomia\/#primaryimage","url":"https:\/\/explora.cl\/aysen\/wp-content\/uploads\/sites\/18\/2018\/06\/17dia-astronomia.jpg","contentUrl":"https:\/\/explora.cl\/aysen\/wp-content\/uploads\/sites\/18\/2018\/06\/17dia-astronomia.jpg","width":915,"height":372},{"@type":"BreadcrumbList","@id":"https:\/\/explora.cl\/aysen\/enterate-de-las-charlas-por-el-dia-de-la-astronomia\/#breadcrumb","itemListElement":[{"@type":"ListItem","position":1,"name":"Portada","item":"https:\/\/explora.cl\/aysen\/"},{"@type":"ListItem","position":2,"name":"Participa en las charlas del D\u00eda de la Astronom\u00eda"}]},{"@type":"WebSite","@id":"https:\/\/explora.cl\/aysen\/#website","url":"https:\/\/explora.cl\/aysen\/","name":"Aysen","description":"Otro sitio m\u00e1s de explora.cl","potentialAction":[{"@type":"SearchAction","target":{"@type":"EntryPoint","urlTemplate":"https:\/\/explora.cl\/aysen\/?s={search_term_string}"},"query-input":{"@type":"PropertyValueSpecification","valueRequired":true,"valueName":"search_term_string"}}],"inLanguage":"es-CL"},{"@type":"Person","@id":"https:\/\/explora.cl\/aysen\/#\/schema\/person\/cb8349c13ea2d324080adf8480d7ba5d","name":"webman","image":{"@type":"ImageObject","inLanguage":"es-CL","@id":"https:\/\/explora.cl\/aysen\/#\/schema\/person\/image\/","url":"https:\/\/secure.gravatar.com\/avatar\/eeff3c82f2c02f7177d13663b7e6f890e9a6a0647ce9bb29cae02dcb094c7312?s=96&d=mm&r=g","contentUrl":"https:\/\/secure.gravatar.com\/avatar\/eeff3c82f2c02f7177d13663b7e6f890e9a6a0647ce9bb29cae02dcb094c7312?s=96&d=mm&r=g","caption":"webman"},"url":"https:\/\/explora.cl\/aysen\/author\/webman\/"}]}},"_links":{"self":[{"href":"https:\/\/explora.cl\/aysen\/wp-json\/wp\/v2\/posts\/629","targetHints":{"allow":["GET"]}}],"collection":[{"href":"https:\/\/explora.cl\/aysen\/wp-json\/wp\/v2\/posts"}],"about":[{"href":"https:\/\/explora.cl\/aysen\/wp-json\/wp\/v2\/types\/post"}],"author":[{"embeddable":true,"href":"https:\/\/explora.cl\/aysen\/wp-json\/wp\/v2\/users\/2"}],"replies":[{"embeddable":true,"href":"https:\/\/explora.cl\/aysen\/wp-json\/wp\/v2\/comments?post=629"}],"version-history":[{"count":1,"href":"https:\/\/explora.cl\/aysen\/wp-json\/wp\/v2\/posts\/629\/revisions"}],"predecessor-version":[{"id":37183,"href":"https:\/\/explora.cl\/aysen\/wp-json\/wp\/v2\/posts\/629\/revisions\/37183"}],"wp:featuredmedia":[{"embeddable":true,"href":"https:\/\/explora.cl\/aysen\/wp-json\/wp\/v2\/media\/630"}],"wp:attachment":[{"href":"https:\/\/explora.cl\/aysen\/wp-json\/wp\/v2\/media?parent=629"}],"wp:term":[{"taxonomy":"category","embeddable":true,"href":"https:\/\/explora.cl\/aysen\/wp-json\/wp\/v2\/categories?post=629"},{"taxonomy":"post_tag","embeddable":true,"href":"https:\/\/explora.cl\/aysen\/wp-json\/wp\/v2\/tags?post=629"}],"curies":[{"name":"wp","href":"https:\/\/api.w.org\/{rel}","templated":true}]}}