{"id":624,"date":"2017-02-27T00:00:00","date_gmt":"2017-02-27T04:00:00","guid":{"rendered":"https:\/\/explora.cl\/aysen\/blog\/2017\/02\/27\/el-ano-de-los-oceanos-3\/"},"modified":"2019-05-20T21:20:27","modified_gmt":"2019-05-20T21:20:27","slug":"el-ano-de-los-oceanos-3","status":"publish","type":"post","link":"https:\/\/explora.cl\/aysen\/el-ano-de-los-oceanos-3\/","title":{"rendered":"El a\u00f1o de los oc\u00e9anos"},"content":{"rendered":"<p><img fetchpriority=\"high\" decoding=\"async\" class=\" size-full wp-image-23618\" style=\"margin-left: auto;margin-right: auto\" src=\"http:\/\/ec2-54-245-22-188.us-west-2.compute.amazonaws.com\/wp-content\/uploads\/2017\/02\/tema-ano-2017.jpg\" alt=\"\" width=\"751\" height=\"306\" \/><\/p>\n<ul>\n<li>Toda vida en La Tierra, incluyendo la nuestra, depende del oc\u00e9ano: regula las condiciones del tiempo y el clima, nos abastece de la mayor parte del ox\u00edgeno que respiramos y alimenta una gran parte de la poblaci\u00f3n del planeta.<\/li>\n<li>Elegido por el Consejo de CONICYT como tema del a\u00f1o 2017, el oc\u00e9ano es vital para un pa\u00eds que como el nuestro posee el 70% de su territorio en el mar: desde las zonas sin ox\u00edgeno en el norte, hasta las desconocidas aguas que rodean la Ant\u00e1rtica.<\/li>\n<\/ul>\n<p>A fines de 2015, investigadores chilenos del Instituto Milenio de Oceanograf\u00eda (IMO) a bordo del buque &#8220;Cabo de Hornos&#8221;, pudieron comprobar la relaci\u00f3n directa entre el aumento de temperatura de los oc\u00e9anos y su v\u00ednculo con otro fen\u00f3meno: la acidez del mar. Frente a las costas de Iquique, realizaron una investigaci\u00f3n pionera tras adjudicarse el primer concurso de \u201ctiempo de uso\u201d del mencionado buque cient\u00edfico, convocado por CONICYT.<\/p>\n<p>Cient\u00edficos a lo largo de Chile analizan los impactos del calentamiento global en nuestros mares, afectados tambi\u00e9n por problemas como la sobre explotaci\u00f3n de los recursos marinos. Pero no es todo lo que pasa en nuestro mar. Chile posee invaluables tesoros como las aguas m\u00e1s claras del planeta en torno a Rapa Nui y una de las \u00e1reas inexploradas con mayor inter\u00e9s cient\u00edfico: la fosa de atacama, que alcanza una profundidad mayor a 5 mil metros.<\/p>\n<p>Y aun cuando el 70% de nuestro territorio se encuentra en el oc\u00e9ano, los especialistas coinciden en que todav\u00eda queda mucho por investigar para asegurar la conservaci\u00f3n de los ecosistemas costeros y su protecci\u00f3n. Es por ello que este a\u00f1o el Consejo de CONICYT ha escogido a los oc\u00e9anos como tema del a\u00f1o 2017, el cu\u00e1l guiar\u00e1 el trabajo de divulgaci\u00f3n cient\u00edfica realizado por el programa Explora a lo largo de todo Chile.<\/p>\n<p>\u201cCada a\u00f1o escogemos una tem\u00e1tica para articular las acciones de divulgaci\u00f3n y apropiaci\u00f3n social de la ciencia, que son desarrolladas por los Proyectos Asociativos Regionales (PAR) en todo el pa\u00eds. Este a\u00f1o buscamos relevar el concepto de cultura oceanogr\u00e1fica, vale decir, la influencia del oc\u00e9ano sobre el hombre y la influencia que ejerce el hombre sobre el oc\u00e9ano\u201d, explica Natalia Mackenzie, directora del Programa Explora.<\/p>\n<p><strong>Ejes tem\u00e1ticos<\/strong><\/p>\n<p>Para ello se han dispuesto cuatro grandes ejes tem\u00e1ticos: Exploraci\u00f3n marina; conservaci\u00f3n y protecci\u00f3n de nuestro oc\u00e9ano; recursos marinos; y patrimonio y sociedad.Mar\u00eda Eliana Escobar, asesora cient\u00edfica del Programa Explora, cuenta que \u201cla definici\u00f3n de estos ejes se realiz\u00f3 previa consulta a los principales actores que se relacionan con estas tem\u00e1ticas en el pa\u00eds. Se convoc\u00f3 a los Proyectos Asociativos Regionales y a cient\u00edficos y cient\u00edficas de centros de investigaci\u00f3n y universidades de todo el pa\u00eds\u201d, se\u00f1ala.<\/p>\n<p>Una de las caracter\u00edsticas de todos estos temas es que, tal y como ocurre con el oc\u00e9ano, est\u00e1n interconectados, de manera tal que un mismo tema \u2013por ejemplo, un estudio sobre las poblaciones de una especie determinada de peces- puede ser tratado tanto desde el punto de vista de la exploraci\u00f3n, como desde la conservaci\u00f3n, los recursos o, incluso, desde el punto de vista del patrimonio.<\/p>\n<p>Otro punto transversal que destaca el Programa Explora es el potencial cient\u00edfico que convierte a nuestras costas en un aut\u00e9ntico laboratorio natural. \u201cChile es un referente mundial en distintos aspectos de investigaci\u00f3n oce\u00e1nica, donde incluso investigadores extranjeros vienen a nuestro pa\u00eds atra\u00eddos por este gran potencial y patrimonio cient\u00edfico\u201d, dice Natalia Mackenzie. Entre este patrimonio destacan: Zonas de bajo ox\u00edgeno, fen\u00f3menos de surgencia, focos de biodiversidad pr\u00edstinos, las aguas m\u00e1s transparentes de todo el planeta y, por cierto, el Oc\u00e9ano Pac\u00edfico en s\u00ed, el m\u00e1s productivo del mundo que ejerce un rol predeterminante en el clima de la Tierra.<\/p>\n<p><strong>Exploraci\u00f3n marina<\/strong><\/p>\n<p>Biodiversidad, geolog\u00eda y geograf\u00eda marina, f\u00edsica y qu\u00edmica del mar, oc\u00e9ano profundo, ecosistemas marinos y marea roja, son algunos de los fen\u00f3menos sobre cuyo conocimiento se busca profundizar a trav\u00e9s de diversos estudios cient\u00edficos actualmente en curso en el pa\u00eds.<\/p>\n<p>Por ejemplo. \u00bfSab\u00eda usted que en Chile poseemos un desierto oce\u00e1nico? Se encuentra en las planicies del fondo marino del \u00e1rea de Isla de Pascua, zona que presenta reducidas concentraciones de seres vivos e incluso una muy baja actividad microbioana. Es lo que se conoce como \u201cgiro central del pac\u00edfico Sur\u201d, que pese al papel que juega en el sistema clim\u00e1tico y de ser uno de los ambientes m\u00e1s extremos del planeta, sigue siendo un \u00e1rea desconocida y poco estudiada.<\/p>\n<p>Pioneros en estudiar el \u00e1rea han sido los especialistas del Instituto Milenio de Oceanograf\u00eda. Osvaldo Ulloa, investigador del IMO, explica en uno de sus art\u00edculos que la zona tambi\u00e9n posee las aguas naturales m\u00e1s claras del planeta. \u201cLas capas superficiales iluminadas presentan las concentraciones de microalgas (base de la trama alimentaria, y que en la jerga oceanogr\u00e1fica se conoce como fitoplancton) m\u00e1s bajas reportadas en la literatura cient\u00edfica. Son tan transparentes que su color deja de ser azul para transformarse en violeta. Ignoramos la mayor parte de las especies que viven all\u00ed y las estrategias para sobrevivir en este desierto azul-violeta\u201d, escribe el cient\u00edfico en la publicaci\u00f3n.<\/p>\n<p>M\u00e1s al sur, en la zona austral, se encuentran realizando investigaci\u00f3n de punta del Centro de Investigaci\u00f3n Din\u00e1mica de Ecosistemas Marinos de Altas Latitudes (IDEAL), que cuenta con financiamiento del fondo FONDAP para \u00e1reas prioritarias de CONICYT, y el Centro de Investigaci\u00f3n Oceanogr\u00e1fica en el Pac\u00edfico COPAS Sur Austral, de la Universidad de Concepci\u00f3n, que inici\u00f3 sus trabajos en 2008 tambi\u00e9n con el apoyo de CONICYT. Son solo algunos de los grupos cient\u00edficos de avanzada realizando estudios a lo largo de Chile.<\/p>\n<p><strong>Recursos marinos y conservaci\u00f3n<\/strong><\/p>\n<p>Otro de los temas clave considerados para el a\u00f1o de los oc\u00e9anos son los recursos marinos. Chile es uno de los principales productores pesqueros a nivel mundial, sin embargo, un informe elaborado en septiembre de 2010 por la Subsecretar\u00eda de Pesca (Subpesca) advierte que de las 17 especies de peces que tienen pesquer\u00eda en el pa\u00eds, s\u00f3lo cuatro se encuentran en un nivel seguro para su conservaci\u00f3n.<\/p>\n<p>Pero nuestro mar tambi\u00e9n nos ofrece otro tipo de recursos: la posibilidad de explotar energ\u00edas renovables, miner\u00eda, y obtener nuevos componentes para el desarrollo de la biotecnolog\u00eda, la industria farmac\u00e9utica y cosmetol\u00f3gica. Un ejemplo es la investigaci\u00f3n que se lleva a cabo para aprovechar el potencial de las algas. Laboratorios a lo largo de todo Chile se encuentran desarrollando proyectos que abarcan desde medicina regenerativa, hasta bioestimulantes para optimizar el uso de agua y nutrientes en la agricultura.<\/p>\n<p>Respecto de la conservaci\u00f3n, cabe destacar que el 4,4% del mar chileno -m\u00e1s de tres y medio millones de kil\u00f3metros cuadrados de superficie- est\u00e1 protegido actualmente. Esto gracias a que, durante los \u00faltimos a\u00f1os, Chile ha creado diversos Parques Marinos, Reservas Marinas y \u00c1reas Marinas Protegidas (AMPs). Se trata de superficies de mar preservadas para fines de conservaci\u00f3n: puestas bajo protecci\u00f3n oficial, permiten establecer una gesti\u00f3n ambiental integrada sobre la base de estudios e inventarios de sus recursos.<\/p>\n<p>Debido a estos esfuerzos, hoy contamos con m\u00e1s de 30 \u00e1reas marinas costeras protegidas como pa\u00eds, pero el compromiso de Chile, adoptado en 2010 en el Convenio sobre la Diversidad Biol\u00f3gica de las Naciones Unidas (CDB), es llegar a un 10% de protecci\u00f3n de las \u00e1reas marinas del<br \/>\npa\u00eds hacia 2020.<\/p>\n","protected":false},"excerpt":{"rendered":"<p>Toda vida en La Tierra, incluyendo la nuestra, depende del oc\u00e9ano: regula las condiciones del tiempo y el clima, nos abastece de la mayor parte del ox\u00edgeno que respiramos y alimenta una gran parte de la poblaci\u00f3n del planeta. Elegido por el Consejo de CONICYT como tema del a\u00f1o 2017, el oc\u00e9ano es vital para [&hellip;]<\/p>\n","protected":false},"author":2,"featured_media":625,"comment_status":"open","ping_status":"open","sticky":false,"template":"","format":"standard","meta":{"_acf_changed":false,"_exactmetrics_skip_tracking":false,"_exactmetrics_sitenote_active":false,"_exactmetrics_sitenote_note":"","_exactmetrics_sitenote_category":0,"footnotes":"","_links_to":"","_links_to_target":""},"categories":[4],"tags":[],"class_list":["post-624","post","type-post","status-publish","format-standard","has-post-thumbnail","hentry","category-noticias"],"acf":[],"yoast_head":"<!-- This site is optimized with the Yoast SEO plugin v26.9 - https:\/\/yoast.com\/product\/yoast-seo-wordpress\/ -->\n<title>El a\u00f1o de los oc\u00e9anos - Aysen<\/title>\n<meta name=\"robots\" content=\"index, follow, max-snippet:-1, max-image-preview:large, max-video-preview:-1\" \/>\n<link rel=\"canonical\" href=\"https:\/\/explora.cl\/aysen\/el-ano-de-los-oceanos-3\/\" class=\"yoast-seo-meta-tag\" \/>\n<meta property=\"og:locale\" content=\"es_ES\" class=\"yoast-seo-meta-tag\" \/>\n<meta property=\"og:type\" content=\"article\" class=\"yoast-seo-meta-tag\" \/>\n<meta property=\"og:title\" content=\"El a\u00f1o de los oc\u00e9anos - Aysen\" class=\"yoast-seo-meta-tag\" \/>\n<meta property=\"og:description\" content=\"Toda vida en La Tierra, incluyendo la nuestra, depende del oc\u00e9ano: regula las condiciones del tiempo y el clima, nos abastece de la mayor parte del ox\u00edgeno que respiramos y alimenta una gran parte de la poblaci\u00f3n del planeta. Elegido por el Consejo de CONICYT como tema del a\u00f1o 2017, el oc\u00e9ano es vital para [&hellip;]\" class=\"yoast-seo-meta-tag\" \/>\n<meta property=\"og:url\" content=\"https:\/\/explora.cl\/aysen\/el-ano-de-los-oceanos-3\/\" class=\"yoast-seo-meta-tag\" \/>\n<meta property=\"og:site_name\" content=\"Aysen\" class=\"yoast-seo-meta-tag\" \/>\n<meta property=\"article:published_time\" content=\"2017-02-27T04:00:00+00:00\" class=\"yoast-seo-meta-tag\" \/>\n<meta property=\"article:modified_time\" content=\"2019-05-20T21:20:27+00:00\" class=\"yoast-seo-meta-tag\" \/>\n<meta property=\"og:image\" content=\"https:\/\/explora.cl\/aysen\/wp-content\/uploads\/sites\/18\/2018\/06\/tema-ano-2017.jpg\" class=\"yoast-seo-meta-tag\" \/>\n\t<meta property=\"og:image:width\" content=\"786\" class=\"yoast-seo-meta-tag\" \/>\n\t<meta property=\"og:image:height\" content=\"320\" class=\"yoast-seo-meta-tag\" \/>\n\t<meta property=\"og:image:type\" content=\"image\/jpeg\" class=\"yoast-seo-meta-tag\" \/>\n<meta name=\"author\" content=\"webman\" class=\"yoast-seo-meta-tag\" \/>\n<meta name=\"twitter:card\" content=\"summary_large_image\" class=\"yoast-seo-meta-tag\" \/>\n<meta name=\"twitter:label1\" content=\"Escrito por\" class=\"yoast-seo-meta-tag\" \/>\n\t<meta name=\"twitter:data1\" content=\"webman\" class=\"yoast-seo-meta-tag\" \/>\n\t<meta name=\"twitter:label2\" content=\"Tiempo estimado de lectura\" class=\"yoast-seo-meta-tag\" \/>\n\t<meta name=\"twitter:data2\" content=\"7 minutos\" class=\"yoast-seo-meta-tag\" \/>\n<script type=\"application\/ld+json\" class=\"yoast-schema-graph\">{\"@context\":\"https:\/\/schema.org\",\"@graph\":[{\"@type\":\"Article\",\"@id\":\"https:\/\/explora.cl\/aysen\/el-ano-de-los-oceanos-3\/#article\",\"isPartOf\":{\"@id\":\"https:\/\/explora.cl\/aysen\/el-ano-de-los-oceanos-3\/\"},\"author\":{\"name\":\"webman\",\"@id\":\"https:\/\/explora.cl\/aysen\/#\/schema\/person\/cb8349c13ea2d324080adf8480d7ba5d\"},\"headline\":\"El a\u00f1o de los oc\u00e9anos\",\"datePublished\":\"2017-02-27T04:00:00+00:00\",\"dateModified\":\"2019-05-20T21:20:27+00:00\",\"mainEntityOfPage\":{\"@id\":\"https:\/\/explora.cl\/aysen\/el-ano-de-los-oceanos-3\/\"},\"wordCount\":1331,\"commentCount\":0,\"image\":{\"@id\":\"https:\/\/explora.cl\/aysen\/el-ano-de-los-oceanos-3\/#primaryimage\"},\"thumbnailUrl\":\"https:\/\/explora.cl\/aysen\/wp-content\/uploads\/sites\/18\/2018\/06\/tema-ano-2017.jpg\",\"articleSection\":[\"Noticias\"],\"inLanguage\":\"es-CL\",\"potentialAction\":[{\"@type\":\"CommentAction\",\"name\":\"Comment\",\"target\":[\"https:\/\/explora.cl\/aysen\/el-ano-de-los-oceanos-3\/#respond\"]}]},{\"@type\":\"WebPage\",\"@id\":\"https:\/\/explora.cl\/aysen\/el-ano-de-los-oceanos-3\/\",\"url\":\"https:\/\/explora.cl\/aysen\/el-ano-de-los-oceanos-3\/\",\"name\":\"El a\u00f1o de los oc\u00e9anos - Aysen\",\"isPartOf\":{\"@id\":\"https:\/\/explora.cl\/aysen\/#website\"},\"primaryImageOfPage\":{\"@id\":\"https:\/\/explora.cl\/aysen\/el-ano-de-los-oceanos-3\/#primaryimage\"},\"image\":{\"@id\":\"https:\/\/explora.cl\/aysen\/el-ano-de-los-oceanos-3\/#primaryimage\"},\"thumbnailUrl\":\"https:\/\/explora.cl\/aysen\/wp-content\/uploads\/sites\/18\/2018\/06\/tema-ano-2017.jpg\",\"datePublished\":\"2017-02-27T04:00:00+00:00\",\"dateModified\":\"2019-05-20T21:20:27+00:00\",\"author\":{\"@id\":\"https:\/\/explora.cl\/aysen\/#\/schema\/person\/cb8349c13ea2d324080adf8480d7ba5d\"},\"breadcrumb\":{\"@id\":\"https:\/\/explora.cl\/aysen\/el-ano-de-los-oceanos-3\/#breadcrumb\"},\"inLanguage\":\"es-CL\",\"potentialAction\":[{\"@type\":\"ReadAction\",\"target\":[\"https:\/\/explora.cl\/aysen\/el-ano-de-los-oceanos-3\/\"]}]},{\"@type\":\"ImageObject\",\"inLanguage\":\"es-CL\",\"@id\":\"https:\/\/explora.cl\/aysen\/el-ano-de-los-oceanos-3\/#primaryimage\",\"url\":\"https:\/\/explora.cl\/aysen\/wp-content\/uploads\/sites\/18\/2018\/06\/tema-ano-2017.jpg\",\"contentUrl\":\"https:\/\/explora.cl\/aysen\/wp-content\/uploads\/sites\/18\/2018\/06\/tema-ano-2017.jpg\",\"width\":786,\"height\":320},{\"@type\":\"BreadcrumbList\",\"@id\":\"https:\/\/explora.cl\/aysen\/el-ano-de-los-oceanos-3\/#breadcrumb\",\"itemListElement\":[{\"@type\":\"ListItem\",\"position\":1,\"name\":\"Portada\",\"item\":\"https:\/\/explora.cl\/aysen\/\"},{\"@type\":\"ListItem\",\"position\":2,\"name\":\"El a\u00f1o de los oc\u00e9anos\"}]},{\"@type\":\"WebSite\",\"@id\":\"https:\/\/explora.cl\/aysen\/#website\",\"url\":\"https:\/\/explora.cl\/aysen\/\",\"name\":\"Aysen\",\"description\":\"Otro sitio m\u00e1s de explora.cl\",\"potentialAction\":[{\"@type\":\"SearchAction\",\"target\":{\"@type\":\"EntryPoint\",\"urlTemplate\":\"https:\/\/explora.cl\/aysen\/?s={search_term_string}\"},\"query-input\":{\"@type\":\"PropertyValueSpecification\",\"valueRequired\":true,\"valueName\":\"search_term_string\"}}],\"inLanguage\":\"es-CL\"},{\"@type\":\"Person\",\"@id\":\"https:\/\/explora.cl\/aysen\/#\/schema\/person\/cb8349c13ea2d324080adf8480d7ba5d\",\"name\":\"webman\",\"image\":{\"@type\":\"ImageObject\",\"inLanguage\":\"es-CL\",\"@id\":\"https:\/\/explora.cl\/aysen\/#\/schema\/person\/image\/\",\"url\":\"https:\/\/secure.gravatar.com\/avatar\/eeff3c82f2c02f7177d13663b7e6f890e9a6a0647ce9bb29cae02dcb094c7312?s=96&d=mm&r=g\",\"contentUrl\":\"https:\/\/secure.gravatar.com\/avatar\/eeff3c82f2c02f7177d13663b7e6f890e9a6a0647ce9bb29cae02dcb094c7312?s=96&d=mm&r=g\",\"caption\":\"webman\"},\"url\":\"https:\/\/explora.cl\/aysen\/author\/webman\/\"}]}<\/script>\n<!-- \/ Yoast SEO plugin. -->","yoast_head_json":{"title":"El a\u00f1o de los oc\u00e9anos - Aysen","robots":{"index":"index","follow":"follow","max-snippet":"max-snippet:-1","max-image-preview":"max-image-preview:large","max-video-preview":"max-video-preview:-1"},"canonical":"https:\/\/explora.cl\/aysen\/el-ano-de-los-oceanos-3\/","og_locale":"es_ES","og_type":"article","og_title":"El a\u00f1o de los oc\u00e9anos - Aysen","og_description":"Toda vida en La Tierra, incluyendo la nuestra, depende del oc\u00e9ano: regula las condiciones del tiempo y el clima, nos abastece de la mayor parte del ox\u00edgeno que respiramos y alimenta una gran parte de la poblaci\u00f3n del planeta. Elegido por el Consejo de CONICYT como tema del a\u00f1o 2017, el oc\u00e9ano es vital para [&hellip;]","og_url":"https:\/\/explora.cl\/aysen\/el-ano-de-los-oceanos-3\/","og_site_name":"Aysen","article_published_time":"2017-02-27T04:00:00+00:00","article_modified_time":"2019-05-20T21:20:27+00:00","og_image":[{"width":786,"height":320,"url":"https:\/\/explora.cl\/aysen\/wp-content\/uploads\/sites\/18\/2018\/06\/tema-ano-2017.jpg","type":"image\/jpeg"}],"author":"webman","twitter_card":"summary_large_image","twitter_misc":{"Escrito por":"webman","Tiempo estimado de lectura":"7 minutos"},"schema":{"@context":"https:\/\/schema.org","@graph":[{"@type":"Article","@id":"https:\/\/explora.cl\/aysen\/el-ano-de-los-oceanos-3\/#article","isPartOf":{"@id":"https:\/\/explora.cl\/aysen\/el-ano-de-los-oceanos-3\/"},"author":{"name":"webman","@id":"https:\/\/explora.cl\/aysen\/#\/schema\/person\/cb8349c13ea2d324080adf8480d7ba5d"},"headline":"El a\u00f1o de los oc\u00e9anos","datePublished":"2017-02-27T04:00:00+00:00","dateModified":"2019-05-20T21:20:27+00:00","mainEntityOfPage":{"@id":"https:\/\/explora.cl\/aysen\/el-ano-de-los-oceanos-3\/"},"wordCount":1331,"commentCount":0,"image":{"@id":"https:\/\/explora.cl\/aysen\/el-ano-de-los-oceanos-3\/#primaryimage"},"thumbnailUrl":"https:\/\/explora.cl\/aysen\/wp-content\/uploads\/sites\/18\/2018\/06\/tema-ano-2017.jpg","articleSection":["Noticias"],"inLanguage":"es-CL","potentialAction":[{"@type":"CommentAction","name":"Comment","target":["https:\/\/explora.cl\/aysen\/el-ano-de-los-oceanos-3\/#respond"]}]},{"@type":"WebPage","@id":"https:\/\/explora.cl\/aysen\/el-ano-de-los-oceanos-3\/","url":"https:\/\/explora.cl\/aysen\/el-ano-de-los-oceanos-3\/","name":"El a\u00f1o de los oc\u00e9anos - Aysen","isPartOf":{"@id":"https:\/\/explora.cl\/aysen\/#website"},"primaryImageOfPage":{"@id":"https:\/\/explora.cl\/aysen\/el-ano-de-los-oceanos-3\/#primaryimage"},"image":{"@id":"https:\/\/explora.cl\/aysen\/el-ano-de-los-oceanos-3\/#primaryimage"},"thumbnailUrl":"https:\/\/explora.cl\/aysen\/wp-content\/uploads\/sites\/18\/2018\/06\/tema-ano-2017.jpg","datePublished":"2017-02-27T04:00:00+00:00","dateModified":"2019-05-20T21:20:27+00:00","author":{"@id":"https:\/\/explora.cl\/aysen\/#\/schema\/person\/cb8349c13ea2d324080adf8480d7ba5d"},"breadcrumb":{"@id":"https:\/\/explora.cl\/aysen\/el-ano-de-los-oceanos-3\/#breadcrumb"},"inLanguage":"es-CL","potentialAction":[{"@type":"ReadAction","target":["https:\/\/explora.cl\/aysen\/el-ano-de-los-oceanos-3\/"]}]},{"@type":"ImageObject","inLanguage":"es-CL","@id":"https:\/\/explora.cl\/aysen\/el-ano-de-los-oceanos-3\/#primaryimage","url":"https:\/\/explora.cl\/aysen\/wp-content\/uploads\/sites\/18\/2018\/06\/tema-ano-2017.jpg","contentUrl":"https:\/\/explora.cl\/aysen\/wp-content\/uploads\/sites\/18\/2018\/06\/tema-ano-2017.jpg","width":786,"height":320},{"@type":"BreadcrumbList","@id":"https:\/\/explora.cl\/aysen\/el-ano-de-los-oceanos-3\/#breadcrumb","itemListElement":[{"@type":"ListItem","position":1,"name":"Portada","item":"https:\/\/explora.cl\/aysen\/"},{"@type":"ListItem","position":2,"name":"El a\u00f1o de los oc\u00e9anos"}]},{"@type":"WebSite","@id":"https:\/\/explora.cl\/aysen\/#website","url":"https:\/\/explora.cl\/aysen\/","name":"Aysen","description":"Otro sitio m\u00e1s de explora.cl","potentialAction":[{"@type":"SearchAction","target":{"@type":"EntryPoint","urlTemplate":"https:\/\/explora.cl\/aysen\/?s={search_term_string}"},"query-input":{"@type":"PropertyValueSpecification","valueRequired":true,"valueName":"search_term_string"}}],"inLanguage":"es-CL"},{"@type":"Person","@id":"https:\/\/explora.cl\/aysen\/#\/schema\/person\/cb8349c13ea2d324080adf8480d7ba5d","name":"webman","image":{"@type":"ImageObject","inLanguage":"es-CL","@id":"https:\/\/explora.cl\/aysen\/#\/schema\/person\/image\/","url":"https:\/\/secure.gravatar.com\/avatar\/eeff3c82f2c02f7177d13663b7e6f890e9a6a0647ce9bb29cae02dcb094c7312?s=96&d=mm&r=g","contentUrl":"https:\/\/secure.gravatar.com\/avatar\/eeff3c82f2c02f7177d13663b7e6f890e9a6a0647ce9bb29cae02dcb094c7312?s=96&d=mm&r=g","caption":"webman"},"url":"https:\/\/explora.cl\/aysen\/author\/webman\/"}]}},"_links":{"self":[{"href":"https:\/\/explora.cl\/aysen\/wp-json\/wp\/v2\/posts\/624","targetHints":{"allow":["GET"]}}],"collection":[{"href":"https:\/\/explora.cl\/aysen\/wp-json\/wp\/v2\/posts"}],"about":[{"href":"https:\/\/explora.cl\/aysen\/wp-json\/wp\/v2\/types\/post"}],"author":[{"embeddable":true,"href":"https:\/\/explora.cl\/aysen\/wp-json\/wp\/v2\/users\/2"}],"replies":[{"embeddable":true,"href":"https:\/\/explora.cl\/aysen\/wp-json\/wp\/v2\/comments?post=624"}],"version-history":[{"count":1,"href":"https:\/\/explora.cl\/aysen\/wp-json\/wp\/v2\/posts\/624\/revisions"}],"predecessor-version":[{"id":37184,"href":"https:\/\/explora.cl\/aysen\/wp-json\/wp\/v2\/posts\/624\/revisions\/37184"}],"wp:featuredmedia":[{"embeddable":true,"href":"https:\/\/explora.cl\/aysen\/wp-json\/wp\/v2\/media\/625"}],"wp:attachment":[{"href":"https:\/\/explora.cl\/aysen\/wp-json\/wp\/v2\/media?parent=624"}],"wp:term":[{"taxonomy":"category","embeddable":true,"href":"https:\/\/explora.cl\/aysen\/wp-json\/wp\/v2\/categories?post=624"},{"taxonomy":"post_tag","embeddable":true,"href":"https:\/\/explora.cl\/aysen\/wp-json\/wp\/v2\/tags?post=624"}],"curies":[{"name":"wp","href":"https:\/\/api.w.org\/{rel}","templated":true}]}}