{"id":622,"date":"2016-12-06T00:00:00","date_gmt":"2016-12-06T04:00:00","guid":{"rendered":"https:\/\/explora.cl\/aysen\/blog\/2016\/12\/06\/escuela-rural-de-valle-simpson-celebro-trafkintu-de-semillas-de-saber\/"},"modified":"2019-05-20T21:20:27","modified_gmt":"2019-05-20T21:20:27","slug":"escuela-rural-de-valle-simpson-celebro-trafkintu-de-semillas-de-saber","status":"publish","type":"post","link":"https:\/\/explora.cl\/aysen\/escuela-rural-de-valle-simpson-celebro-trafkintu-de-semillas-de-saber\/","title":{"rendered":"Escuela Rural de Valle Simpson celebr\u00f3 \u201cTrafkintu de semillas del saber&quot;"},"content":{"rendered":"<p><img fetchpriority=\"high\" decoding=\"async\" class=\" alignright size-full wp-image-22710\" style=\"float: right\" src=\"http:\/\/ec2-54-245-22-188.us-west-2.compute.amazonaws.com\/wp-content\/uploads\/2016\/12\/trafkintu2016.jpg\" alt=\"\" width=\"429\" height=\"286\" \/>El pasado viernes 2 de diciembre, la Escuela Rural de Valle Simpson celebr\u00f3 el primer \u201ctrafkintu de semillas del saber\u201d abierto a la comunidad, con varias de las instituciones y agrupaciones que durante el a\u00f1o trabajaron activamente junto a estudiantes del establecimiento.<\/p>\n<p>El PAR Explora Ays\u00e9n del Campus Patagonia de la UACh \u2013una de ellas- tambi\u00e9n estuvo presente, compartiendo junto a ni\u00f1os, ni\u00f1as e integrantes de la comunidad ejercicios del \u00e1lbum Biomim\u00e9tica.<\/p>\n<p>La actividad comenz\u00f3 con una visita a la ruka de la escuela y con la celebraci\u00f3n de un Llellip\u00fan (rogativa) de parte del Programa Intercultural Biling\u00fce, que incluy\u00f3 un mensaje de respeto y rescate de las costumbres y tradiciones mapuche.\u00a0<\/p>\n<p>Finalizada la rogativa, se dio inicio a la feria con una decena de stands, donde tambi\u00e9n estuvieron presentes el Centro de Investigaci\u00f3n en Ecosistemas de la Patagonia (CIEP), el programa Tocando Sue\u00f1os, el Centro de Creaci\u00f3n CeCREA,\u00a0DEM Coyhaique, y mujeres de Valle Simpson con una muestra de diferentes tejidos y accesorios, entre otras propuestas.<\/p>\n<p>La feria se emplaz\u00f3 en el patio del establecimiento, en medio de un distendido ambiente donde abundaron tortillas, sopaipillas y presentaciones musicales a cargo del Consejo Nacional de la Cultura, entre ellas, del D\u00fao Trapananda y del acordeonista Danilo Cruces, quien lider\u00f3 un taller musical en la Escuela.\u00a0<\/p>\n<p><strong>Trafkintu de semillas del saber<\/strong><\/p>\n<p>El nombre de \u00a0la actividad fue inspirado por el tradicional rito mapuche de intercambio de semillas entre diferentes lof que, en este caso, fue ampliado a \u201csemillas del saber\u201d. \u201cEste trafkintu ha sido la reuni\u00f3n de toda nuestra red de apoyo, con todo lo que nosotros hacemos dentro del establecimiento, con nuestra red territorial, sindicato de mujeres y la junta de vecinos\u201d explic\u00f3 el director de la Escuela, Cristi\u00e1n Gallegos, quien a\u00f1adi\u00f3 que \u201clas escuelas no somos islas, no estamos haciendo un trabajo aislado hacia las comunidades, entonces denotar la importancia de esos v\u00ednculos es lo que genera esta muestra\u201d.<\/p>\n<p>\u201cSe asume que porque estamos hablando de pueblos originarios no vamos a usar tecnolog\u00eda, nos vamos a quedar en el pasado, pero no, todos los pueblos evolucionan, y todas las cosmogon\u00edas y todas las visiones de mundo se van haciendo parte de lo que va apareciendo, entonces esta muestra es demostrar tambi\u00e9n que nuestra cultura mapuche est\u00e1 presente en esta articulaci\u00f3n y que no es ajena al resto del trabajo que se est\u00e1 realizando\u201d finaliz\u00f3 Gallegos.<\/p>\n<p>\u2022<span class=\"Apple-tab-span\"> <a href=\"https:\/\/www.facebook.com\/pg\/exploraysen\/photos\/?tab=album&amp;album_id=1813245748932980\" target=\"_blank\" rel=\"noopener noreferrer\">Ver fotograf\u00edas de la actividad<\/a><\/span><\/p>\n","protected":false},"excerpt":{"rendered":"<p>El pasado viernes 2 de diciembre, la Escuela Rural de Valle Simpson celebr\u00f3 el primer \u201ctrafkintu de semillas del saber\u201d abierto a la comunidad, con varias de las instituciones y agrupaciones que durante el a\u00f1o trabajaron activamente junto a estudiantes del establecimiento. El PAR Explora Ays\u00e9n del Campus Patagonia de la UACh \u2013una de ellas- [&hellip;]<\/p>\n","protected":false},"author":2,"featured_media":623,"comment_status":"open","ping_status":"open","sticky":false,"template":"","format":"standard","meta":{"_acf_changed":false,"_exactmetrics_skip_tracking":false,"_exactmetrics_sitenote_active":false,"_exactmetrics_sitenote_note":"","_exactmetrics_sitenote_category":0,"footnotes":"","_links_to":"","_links_to_target":""},"categories":[4],"tags":[],"class_list":["post-622","post","type-post","status-publish","format-standard","has-post-thumbnail","hentry","category-noticias"],"acf":[],"yoast_head":"<!-- This site is optimized with the Yoast SEO plugin v26.9 - https:\/\/yoast.com\/product\/yoast-seo-wordpress\/ -->\n<title>Escuela Rural de Valle Simpson celebr\u00f3 \u201cTrafkintu de semillas del saber&quot; - Aysen<\/title>\n<meta name=\"robots\" content=\"index, follow, max-snippet:-1, max-image-preview:large, max-video-preview:-1\" \/>\n<link rel=\"canonical\" href=\"https:\/\/explora.cl\/aysen\/escuela-rural-de-valle-simpson-celebro-trafkintu-de-semillas-de-saber\/\" class=\"yoast-seo-meta-tag\" \/>\n<meta property=\"og:locale\" content=\"es_ES\" class=\"yoast-seo-meta-tag\" \/>\n<meta property=\"og:type\" content=\"article\" class=\"yoast-seo-meta-tag\" \/>\n<meta property=\"og:title\" content=\"Escuela Rural de Valle Simpson celebr\u00f3 \u201cTrafkintu de semillas del saber&quot; - Aysen\" class=\"yoast-seo-meta-tag\" \/>\n<meta property=\"og:description\" content=\"El pasado viernes 2 de diciembre, la Escuela Rural de Valle Simpson celebr\u00f3 el primer \u201ctrafkintu de semillas del saber\u201d abierto a la comunidad, con varias de las instituciones y agrupaciones que durante el a\u00f1o trabajaron activamente junto a estudiantes del establecimiento. El PAR Explora Ays\u00e9n del Campus Patagonia de la UACh \u2013una de ellas- [&hellip;]\" class=\"yoast-seo-meta-tag\" \/>\n<meta property=\"og:url\" content=\"https:\/\/explora.cl\/aysen\/escuela-rural-de-valle-simpson-celebro-trafkintu-de-semillas-de-saber\/\" class=\"yoast-seo-meta-tag\" \/>\n<meta property=\"og:site_name\" content=\"Aysen\" class=\"yoast-seo-meta-tag\" \/>\n<meta property=\"article:published_time\" content=\"2016-12-06T04:00:00+00:00\" class=\"yoast-seo-meta-tag\" \/>\n<meta property=\"article:modified_time\" content=\"2019-05-20T21:20:27+00:00\" class=\"yoast-seo-meta-tag\" \/>\n<meta property=\"og:image\" content=\"https:\/\/explora.cl\/aysen\/wp-content\/uploads\/sites\/18\/2018\/06\/trafkintu2016.jpg\" class=\"yoast-seo-meta-tag\" \/>\n\t<meta property=\"og:image:width\" content=\"960\" class=\"yoast-seo-meta-tag\" \/>\n\t<meta property=\"og:image:height\" content=\"640\" class=\"yoast-seo-meta-tag\" \/>\n\t<meta property=\"og:image:type\" content=\"image\/jpeg\" class=\"yoast-seo-meta-tag\" \/>\n<meta name=\"author\" content=\"webman\" class=\"yoast-seo-meta-tag\" \/>\n<meta name=\"twitter:card\" content=\"summary_large_image\" class=\"yoast-seo-meta-tag\" \/>\n<meta name=\"twitter:label1\" content=\"Escrito por\" class=\"yoast-seo-meta-tag\" \/>\n\t<meta name=\"twitter:data1\" content=\"webman\" class=\"yoast-seo-meta-tag\" \/>\n\t<meta name=\"twitter:label2\" content=\"Tiempo estimado de lectura\" class=\"yoast-seo-meta-tag\" \/>\n\t<meta name=\"twitter:data2\" content=\"2 minutos\" class=\"yoast-seo-meta-tag\" \/>\n<script type=\"application\/ld+json\" class=\"yoast-schema-graph\">{\"@context\":\"https:\/\/schema.org\",\"@graph\":[{\"@type\":\"Article\",\"@id\":\"https:\/\/explora.cl\/aysen\/escuela-rural-de-valle-simpson-celebro-trafkintu-de-semillas-de-saber\/#article\",\"isPartOf\":{\"@id\":\"https:\/\/explora.cl\/aysen\/escuela-rural-de-valle-simpson-celebro-trafkintu-de-semillas-de-saber\/\"},\"author\":{\"name\":\"webman\",\"@id\":\"https:\/\/explora.cl\/aysen\/#\/schema\/person\/cb8349c13ea2d324080adf8480d7ba5d\"},\"headline\":\"Escuela Rural de Valle Simpson celebr\u00f3 \u201cTrafkintu de semillas del saber&quot;\",\"datePublished\":\"2016-12-06T04:00:00+00:00\",\"dateModified\":\"2019-05-20T21:20:27+00:00\",\"mainEntityOfPage\":{\"@id\":\"https:\/\/explora.cl\/aysen\/escuela-rural-de-valle-simpson-celebro-trafkintu-de-semillas-de-saber\/\"},\"wordCount\":435,\"commentCount\":0,\"image\":{\"@id\":\"https:\/\/explora.cl\/aysen\/escuela-rural-de-valle-simpson-celebro-trafkintu-de-semillas-de-saber\/#primaryimage\"},\"thumbnailUrl\":\"https:\/\/explora.cl\/aysen\/wp-content\/uploads\/sites\/18\/2018\/06\/trafkintu2016.jpg\",\"articleSection\":[\"Noticias\"],\"inLanguage\":\"es-CL\",\"potentialAction\":[{\"@type\":\"CommentAction\",\"name\":\"Comment\",\"target\":[\"https:\/\/explora.cl\/aysen\/escuela-rural-de-valle-simpson-celebro-trafkintu-de-semillas-de-saber\/#respond\"]}]},{\"@type\":\"WebPage\",\"@id\":\"https:\/\/explora.cl\/aysen\/escuela-rural-de-valle-simpson-celebro-trafkintu-de-semillas-de-saber\/\",\"url\":\"https:\/\/explora.cl\/aysen\/escuela-rural-de-valle-simpson-celebro-trafkintu-de-semillas-de-saber\/\",\"name\":\"Escuela Rural de Valle Simpson celebr\u00f3 \u201cTrafkintu de semillas del saber&quot; - Aysen\",\"isPartOf\":{\"@id\":\"https:\/\/explora.cl\/aysen\/#website\"},\"primaryImageOfPage\":{\"@id\":\"https:\/\/explora.cl\/aysen\/escuela-rural-de-valle-simpson-celebro-trafkintu-de-semillas-de-saber\/#primaryimage\"},\"image\":{\"@id\":\"https:\/\/explora.cl\/aysen\/escuela-rural-de-valle-simpson-celebro-trafkintu-de-semillas-de-saber\/#primaryimage\"},\"thumbnailUrl\":\"https:\/\/explora.cl\/aysen\/wp-content\/uploads\/sites\/18\/2018\/06\/trafkintu2016.jpg\",\"datePublished\":\"2016-12-06T04:00:00+00:00\",\"dateModified\":\"2019-05-20T21:20:27+00:00\",\"author\":{\"@id\":\"https:\/\/explora.cl\/aysen\/#\/schema\/person\/cb8349c13ea2d324080adf8480d7ba5d\"},\"breadcrumb\":{\"@id\":\"https:\/\/explora.cl\/aysen\/escuela-rural-de-valle-simpson-celebro-trafkintu-de-semillas-de-saber\/#breadcrumb\"},\"inLanguage\":\"es-CL\",\"potentialAction\":[{\"@type\":\"ReadAction\",\"target\":[\"https:\/\/explora.cl\/aysen\/escuela-rural-de-valle-simpson-celebro-trafkintu-de-semillas-de-saber\/\"]}]},{\"@type\":\"ImageObject\",\"inLanguage\":\"es-CL\",\"@id\":\"https:\/\/explora.cl\/aysen\/escuela-rural-de-valle-simpson-celebro-trafkintu-de-semillas-de-saber\/#primaryimage\",\"url\":\"https:\/\/explora.cl\/aysen\/wp-content\/uploads\/sites\/18\/2018\/06\/trafkintu2016.jpg\",\"contentUrl\":\"https:\/\/explora.cl\/aysen\/wp-content\/uploads\/sites\/18\/2018\/06\/trafkintu2016.jpg\",\"width\":960,\"height\":640},{\"@type\":\"BreadcrumbList\",\"@id\":\"https:\/\/explora.cl\/aysen\/escuela-rural-de-valle-simpson-celebro-trafkintu-de-semillas-de-saber\/#breadcrumb\",\"itemListElement\":[{\"@type\":\"ListItem\",\"position\":1,\"name\":\"Portada\",\"item\":\"https:\/\/explora.cl\/aysen\/\"},{\"@type\":\"ListItem\",\"position\":2,\"name\":\"Escuela Rural de Valle Simpson celebr\u00f3 \u201cTrafkintu de semillas del saber&quot;\"}]},{\"@type\":\"WebSite\",\"@id\":\"https:\/\/explora.cl\/aysen\/#website\",\"url\":\"https:\/\/explora.cl\/aysen\/\",\"name\":\"Aysen\",\"description\":\"Otro sitio m\u00e1s de explora.cl\",\"potentialAction\":[{\"@type\":\"SearchAction\",\"target\":{\"@type\":\"EntryPoint\",\"urlTemplate\":\"https:\/\/explora.cl\/aysen\/?s={search_term_string}\"},\"query-input\":{\"@type\":\"PropertyValueSpecification\",\"valueRequired\":true,\"valueName\":\"search_term_string\"}}],\"inLanguage\":\"es-CL\"},{\"@type\":\"Person\",\"@id\":\"https:\/\/explora.cl\/aysen\/#\/schema\/person\/cb8349c13ea2d324080adf8480d7ba5d\",\"name\":\"webman\",\"image\":{\"@type\":\"ImageObject\",\"inLanguage\":\"es-CL\",\"@id\":\"https:\/\/explora.cl\/aysen\/#\/schema\/person\/image\/\",\"url\":\"https:\/\/secure.gravatar.com\/avatar\/eeff3c82f2c02f7177d13663b7e6f890e9a6a0647ce9bb29cae02dcb094c7312?s=96&d=mm&r=g\",\"contentUrl\":\"https:\/\/secure.gravatar.com\/avatar\/eeff3c82f2c02f7177d13663b7e6f890e9a6a0647ce9bb29cae02dcb094c7312?s=96&d=mm&r=g\",\"caption\":\"webman\"},\"url\":\"https:\/\/explora.cl\/aysen\/author\/webman\/\"}]}<\/script>\n<!-- \/ Yoast SEO plugin. -->","yoast_head_json":{"title":"Escuela Rural de Valle Simpson celebr\u00f3 \u201cTrafkintu de semillas del saber&quot; - Aysen","robots":{"index":"index","follow":"follow","max-snippet":"max-snippet:-1","max-image-preview":"max-image-preview:large","max-video-preview":"max-video-preview:-1"},"canonical":"https:\/\/explora.cl\/aysen\/escuela-rural-de-valle-simpson-celebro-trafkintu-de-semillas-de-saber\/","og_locale":"es_ES","og_type":"article","og_title":"Escuela Rural de Valle Simpson celebr\u00f3 \u201cTrafkintu de semillas del saber&quot; - Aysen","og_description":"El pasado viernes 2 de diciembre, la Escuela Rural de Valle Simpson celebr\u00f3 el primer \u201ctrafkintu de semillas del saber\u201d abierto a la comunidad, con varias de las instituciones y agrupaciones que durante el a\u00f1o trabajaron activamente junto a estudiantes del establecimiento. El PAR Explora Ays\u00e9n del Campus Patagonia de la UACh \u2013una de ellas- [&hellip;]","og_url":"https:\/\/explora.cl\/aysen\/escuela-rural-de-valle-simpson-celebro-trafkintu-de-semillas-de-saber\/","og_site_name":"Aysen","article_published_time":"2016-12-06T04:00:00+00:00","article_modified_time":"2019-05-20T21:20:27+00:00","og_image":[{"width":960,"height":640,"url":"https:\/\/explora.cl\/aysen\/wp-content\/uploads\/sites\/18\/2018\/06\/trafkintu2016.jpg","type":"image\/jpeg"}],"author":"webman","twitter_card":"summary_large_image","twitter_misc":{"Escrito por":"webman","Tiempo estimado de lectura":"2 minutos"},"schema":{"@context":"https:\/\/schema.org","@graph":[{"@type":"Article","@id":"https:\/\/explora.cl\/aysen\/escuela-rural-de-valle-simpson-celebro-trafkintu-de-semillas-de-saber\/#article","isPartOf":{"@id":"https:\/\/explora.cl\/aysen\/escuela-rural-de-valle-simpson-celebro-trafkintu-de-semillas-de-saber\/"},"author":{"name":"webman","@id":"https:\/\/explora.cl\/aysen\/#\/schema\/person\/cb8349c13ea2d324080adf8480d7ba5d"},"headline":"Escuela Rural de Valle Simpson celebr\u00f3 \u201cTrafkintu de semillas del saber&quot;","datePublished":"2016-12-06T04:00:00+00:00","dateModified":"2019-05-20T21:20:27+00:00","mainEntityOfPage":{"@id":"https:\/\/explora.cl\/aysen\/escuela-rural-de-valle-simpson-celebro-trafkintu-de-semillas-de-saber\/"},"wordCount":435,"commentCount":0,"image":{"@id":"https:\/\/explora.cl\/aysen\/escuela-rural-de-valle-simpson-celebro-trafkintu-de-semillas-de-saber\/#primaryimage"},"thumbnailUrl":"https:\/\/explora.cl\/aysen\/wp-content\/uploads\/sites\/18\/2018\/06\/trafkintu2016.jpg","articleSection":["Noticias"],"inLanguage":"es-CL","potentialAction":[{"@type":"CommentAction","name":"Comment","target":["https:\/\/explora.cl\/aysen\/escuela-rural-de-valle-simpson-celebro-trafkintu-de-semillas-de-saber\/#respond"]}]},{"@type":"WebPage","@id":"https:\/\/explora.cl\/aysen\/escuela-rural-de-valle-simpson-celebro-trafkintu-de-semillas-de-saber\/","url":"https:\/\/explora.cl\/aysen\/escuela-rural-de-valle-simpson-celebro-trafkintu-de-semillas-de-saber\/","name":"Escuela Rural de Valle Simpson celebr\u00f3 \u201cTrafkintu de semillas del saber&quot; - Aysen","isPartOf":{"@id":"https:\/\/explora.cl\/aysen\/#website"},"primaryImageOfPage":{"@id":"https:\/\/explora.cl\/aysen\/escuela-rural-de-valle-simpson-celebro-trafkintu-de-semillas-de-saber\/#primaryimage"},"image":{"@id":"https:\/\/explora.cl\/aysen\/escuela-rural-de-valle-simpson-celebro-trafkintu-de-semillas-de-saber\/#primaryimage"},"thumbnailUrl":"https:\/\/explora.cl\/aysen\/wp-content\/uploads\/sites\/18\/2018\/06\/trafkintu2016.jpg","datePublished":"2016-12-06T04:00:00+00:00","dateModified":"2019-05-20T21:20:27+00:00","author":{"@id":"https:\/\/explora.cl\/aysen\/#\/schema\/person\/cb8349c13ea2d324080adf8480d7ba5d"},"breadcrumb":{"@id":"https:\/\/explora.cl\/aysen\/escuela-rural-de-valle-simpson-celebro-trafkintu-de-semillas-de-saber\/#breadcrumb"},"inLanguage":"es-CL","potentialAction":[{"@type":"ReadAction","target":["https:\/\/explora.cl\/aysen\/escuela-rural-de-valle-simpson-celebro-trafkintu-de-semillas-de-saber\/"]}]},{"@type":"ImageObject","inLanguage":"es-CL","@id":"https:\/\/explora.cl\/aysen\/escuela-rural-de-valle-simpson-celebro-trafkintu-de-semillas-de-saber\/#primaryimage","url":"https:\/\/explora.cl\/aysen\/wp-content\/uploads\/sites\/18\/2018\/06\/trafkintu2016.jpg","contentUrl":"https:\/\/explora.cl\/aysen\/wp-content\/uploads\/sites\/18\/2018\/06\/trafkintu2016.jpg","width":960,"height":640},{"@type":"BreadcrumbList","@id":"https:\/\/explora.cl\/aysen\/escuela-rural-de-valle-simpson-celebro-trafkintu-de-semillas-de-saber\/#breadcrumb","itemListElement":[{"@type":"ListItem","position":1,"name":"Portada","item":"https:\/\/explora.cl\/aysen\/"},{"@type":"ListItem","position":2,"name":"Escuela Rural de Valle Simpson celebr\u00f3 \u201cTrafkintu de semillas del saber&quot;"}]},{"@type":"WebSite","@id":"https:\/\/explora.cl\/aysen\/#website","url":"https:\/\/explora.cl\/aysen\/","name":"Aysen","description":"Otro sitio m\u00e1s de explora.cl","potentialAction":[{"@type":"SearchAction","target":{"@type":"EntryPoint","urlTemplate":"https:\/\/explora.cl\/aysen\/?s={search_term_string}"},"query-input":{"@type":"PropertyValueSpecification","valueRequired":true,"valueName":"search_term_string"}}],"inLanguage":"es-CL"},{"@type":"Person","@id":"https:\/\/explora.cl\/aysen\/#\/schema\/person\/cb8349c13ea2d324080adf8480d7ba5d","name":"webman","image":{"@type":"ImageObject","inLanguage":"es-CL","@id":"https:\/\/explora.cl\/aysen\/#\/schema\/person\/image\/","url":"https:\/\/secure.gravatar.com\/avatar\/eeff3c82f2c02f7177d13663b7e6f890e9a6a0647ce9bb29cae02dcb094c7312?s=96&d=mm&r=g","contentUrl":"https:\/\/secure.gravatar.com\/avatar\/eeff3c82f2c02f7177d13663b7e6f890e9a6a0647ce9bb29cae02dcb094c7312?s=96&d=mm&r=g","caption":"webman"},"url":"https:\/\/explora.cl\/aysen\/author\/webman\/"}]}},"_links":{"self":[{"href":"https:\/\/explora.cl\/aysen\/wp-json\/wp\/v2\/posts\/622","targetHints":{"allow":["GET"]}}],"collection":[{"href":"https:\/\/explora.cl\/aysen\/wp-json\/wp\/v2\/posts"}],"about":[{"href":"https:\/\/explora.cl\/aysen\/wp-json\/wp\/v2\/types\/post"}],"author":[{"embeddable":true,"href":"https:\/\/explora.cl\/aysen\/wp-json\/wp\/v2\/users\/2"}],"replies":[{"embeddable":true,"href":"https:\/\/explora.cl\/aysen\/wp-json\/wp\/v2\/comments?post=622"}],"version-history":[{"count":1,"href":"https:\/\/explora.cl\/aysen\/wp-json\/wp\/v2\/posts\/622\/revisions"}],"predecessor-version":[{"id":37185,"href":"https:\/\/explora.cl\/aysen\/wp-json\/wp\/v2\/posts\/622\/revisions\/37185"}],"wp:featuredmedia":[{"embeddable":true,"href":"https:\/\/explora.cl\/aysen\/wp-json\/wp\/v2\/media\/623"}],"wp:attachment":[{"href":"https:\/\/explora.cl\/aysen\/wp-json\/wp\/v2\/media?parent=622"}],"wp:term":[{"taxonomy":"category","embeddable":true,"href":"https:\/\/explora.cl\/aysen\/wp-json\/wp\/v2\/categories?post=622"},{"taxonomy":"post_tag","embeddable":true,"href":"https:\/\/explora.cl\/aysen\/wp-json\/wp\/v2\/tags?post=622"}],"curies":[{"name":"wp","href":"https:\/\/api.w.org\/{rel}","templated":true}]}}