{"id":618,"date":"2016-11-23T00:00:00","date_gmt":"2016-11-23T04:00:00","guid":{"rendered":"https:\/\/explora.cl\/aysen\/blog\/2016\/11\/23\/estudiantes-de-aysen-representan-a-la-region-en-congreso-nacional-escolar-de-ciencia-y-tecnologia\/"},"modified":"2019-05-20T21:20:28","modified_gmt":"2019-05-20T21:20:28","slug":"estudiantes-de-aysen-representan-a-la-region-en-congreso-nacional-escolar-de-ciencia-y-tecnologia","status":"publish","type":"post","link":"https:\/\/explora.cl\/aysen\/estudiantes-de-aysen-representan-a-la-region-en-congreso-nacional-escolar-de-ciencia-y-tecnologia\/","title":{"rendered":"Representantes de la Regi\u00f3n participan en Congreso Nacional Escolar de Ciencia y Tecnolog\u00eda"},"content":{"rendered":"<p><img fetchpriority=\"high\" decoding=\"async\" class=\" alignright size-full wp-image-22456\" style=\"float: right\" src=\"http:\/\/ec2-54-245-22-188.us-west-2.compute.amazonaws.com\/wp-content\/uploads\/2016\/11\/estudiantes-congreso01.jpg\" alt=\"\" width=\"492\" height=\"219\" \/>En compa\u00f1\u00eda de profesores e integrantes del PAR Explora Ays\u00e9n, equipos escolares del Colegio Alborada (Coyhaique) y de la Escuela Pioneros del Sur (Villa O&#8217;Higgins) viajaron a Santiago para representar hoy a la Regi\u00f3n en el XVII Congreso Nacional Escolar de Ciencia y Tecnolog\u00eda, organizado por el Programa Explora CONICYT, que se realizar\u00e1 abierto a la ciudadan\u00eda en el Paseo Bulnes de la capital.<\/p>\n<p>Los j\u00f3venes, que ya obtuvieron los primeros lugares de las categor\u00edas Ense\u00f1anza Media y Ense\u00f1anza B\u00e1sica del XI Congreso Regional Escolar, participar\u00e1n hasta el viernes 25 de noviembre en esta gran feria cient\u00edfica, donde compartir\u00e1n con m\u00e1s de 50 equipos escolares de todo el pa\u00eds y tendr\u00e1n la oportunidad de presentar sus investigaciones frente a pares y evaluadores cient\u00edficos\/as.<\/p>\n<p>En esta oportunidad, el equipo del Colegio Alborada conformado por los estudiantes de ense\u00f1anza media Lucas Gonz\u00e1lez y Pavel Reynaud, junto al profesor de Biolog\u00eda y Ciencias Naturales Tom\u00e1s Ram\u00edrez, presentar\u00e1n su trabajo \u201cDispositivo filtrador de agua para consumo humano\u201d. \u201cDise\u00f1amos un dispositivo en base a carb\u00f3n activado, que sirve para filtrar agua, orientado a disminuir la cantidad de bacterias. Utilizamos materiales bien econ\u00f3micos, esa era la idea, y pudimos demostrar una alta eficiencia\u201d se\u00f1al\u00f3 Ram\u00edrez.\u00a0<\/p>\n<p>Por su parte, en la categor\u00eda Educaci\u00f3n B\u00e1sica, el equipo de la Escuela Pioneros del Sur, integrado por los estudiantes Jorge Mu\u00f1oz y Mat\u00edas Santander, junto al profesor de ciencias Luis L\u00f3pez, presentar\u00e1 su trabajo \u201cEstudio preliminar sobre capacidad y eficiencia de absorci\u00f3n de cadmio, ars\u00e9nico, manganeso y plomo por Sphagnum magellanicum\u201d.\u00a0<\/p>\n<p>\u201cNuestro trabajo es un filtro que funciona con un musgo llamado pomp\u00f3n \u2013Sphagnum magellanicum- y que absorbe metales pesados\u201d se\u00f1al\u00f3 el estudiante Amaro Mu\u00f1oz, los cuales, en palabras de su profesor Luis L\u00f3pez \u201cest\u00e1n siendo un problema por el tema de la miner\u00eda, que est\u00e1 afectando lagos importantes de la Regi\u00f3n, as\u00ed que nosotros queremos ser un grano de arena al respecto, porque nosotros que vivimos en Villa O\u2019Higgins queremos resguardar la belleza de ese lago, su importancia ecol\u00f3gica\u201d.<\/p>\n<p>\u201cLes deseamos lo mejor en esta experiencia. Esperamos que todo este esfuerzo que llevan realizando, principalmente con el apoyo de sus profesores, les permita conocer nuevas experiencias, potenciar sus habilidades, pero tambi\u00e9n les permita encantarse con la idea de ver el mundo, de ver las problem\u00e1ticas ambientales, desde una perspectiva cient\u00edfica\u201d se\u00f1al\u00f3 Marisol Barr\u00eda, Directora del PAR Explora Ays\u00e9n del Campus Patagonia de la UACh.<\/p>\n","protected":false},"excerpt":{"rendered":"<p>En compa\u00f1\u00eda de profesores e integrantes del PAR Explora Ays\u00e9n, equipos escolares del Colegio Alborada (Coyhaique) y de la Escuela Pioneros del Sur (Villa O&#8217;Higgins) viajaron a Santiago para representar hoy a la Regi\u00f3n en el XVII Congreso Nacional Escolar de Ciencia y Tecnolog\u00eda, organizado por el Programa Explora CONICYT, que se realizar\u00e1 abierto a [&hellip;]<\/p>\n","protected":false},"author":2,"featured_media":619,"comment_status":"open","ping_status":"open","sticky":false,"template":"","format":"standard","meta":{"_acf_changed":false,"_exactmetrics_skip_tracking":false,"_exactmetrics_sitenote_active":false,"_exactmetrics_sitenote_note":"","_exactmetrics_sitenote_category":0,"footnotes":"","_links_to":"","_links_to_target":""},"categories":[4],"tags":[],"class_list":["post-618","post","type-post","status-publish","format-standard","has-post-thumbnail","hentry","category-noticias"],"acf":[],"yoast_head":"<!-- This site is optimized with the Yoast SEO plugin v26.9 - https:\/\/yoast.com\/product\/yoast-seo-wordpress\/ -->\n<title>Representantes de la Regi\u00f3n participan en Congreso Nacional Escolar de Ciencia y Tecnolog\u00eda - Aysen<\/title>\n<meta name=\"robots\" content=\"index, follow, max-snippet:-1, max-image-preview:large, max-video-preview:-1\" \/>\n<link rel=\"canonical\" href=\"https:\/\/explora.cl\/aysen\/estudiantes-de-aysen-representan-a-la-region-en-congreso-nacional-escolar-de-ciencia-y-tecnologia\/\" class=\"yoast-seo-meta-tag\" \/>\n<meta property=\"og:locale\" content=\"es_ES\" class=\"yoast-seo-meta-tag\" \/>\n<meta property=\"og:type\" content=\"article\" class=\"yoast-seo-meta-tag\" \/>\n<meta property=\"og:title\" content=\"Representantes de la Regi\u00f3n participan en Congreso Nacional Escolar de Ciencia y Tecnolog\u00eda - Aysen\" class=\"yoast-seo-meta-tag\" \/>\n<meta property=\"og:description\" content=\"En compa\u00f1\u00eda de profesores e integrantes del PAR Explora Ays\u00e9n, equipos escolares del Colegio Alborada (Coyhaique) y de la Escuela Pioneros del Sur (Villa O&#8217;Higgins) viajaron a Santiago para representar hoy a la Regi\u00f3n en el XVII Congreso Nacional Escolar de Ciencia y Tecnolog\u00eda, organizado por el Programa Explora CONICYT, que se realizar\u00e1 abierto a [&hellip;]\" class=\"yoast-seo-meta-tag\" \/>\n<meta property=\"og:url\" content=\"https:\/\/explora.cl\/aysen\/estudiantes-de-aysen-representan-a-la-region-en-congreso-nacional-escolar-de-ciencia-y-tecnologia\/\" class=\"yoast-seo-meta-tag\" \/>\n<meta property=\"og:site_name\" content=\"Aysen\" class=\"yoast-seo-meta-tag\" \/>\n<meta property=\"article:published_time\" content=\"2016-11-23T04:00:00+00:00\" class=\"yoast-seo-meta-tag\" \/>\n<meta property=\"article:modified_time\" content=\"2019-05-20T21:20:28+00:00\" class=\"yoast-seo-meta-tag\" \/>\n<meta property=\"og:image\" content=\"https:\/\/explora.cl\/aysen\/wp-content\/uploads\/sites\/18\/2018\/06\/estudiantes-congreso01.jpg\" class=\"yoast-seo-meta-tag\" \/>\n\t<meta property=\"og:image:width\" content=\"2048\" class=\"yoast-seo-meta-tag\" \/>\n\t<meta property=\"og:image:height\" content=\"913\" class=\"yoast-seo-meta-tag\" \/>\n\t<meta property=\"og:image:type\" content=\"image\/jpeg\" class=\"yoast-seo-meta-tag\" \/>\n<meta name=\"author\" content=\"webman\" class=\"yoast-seo-meta-tag\" \/>\n<meta name=\"twitter:card\" content=\"summary_large_image\" class=\"yoast-seo-meta-tag\" \/>\n<meta name=\"twitter:label1\" content=\"Escrito por\" class=\"yoast-seo-meta-tag\" \/>\n\t<meta name=\"twitter:data1\" content=\"webman\" class=\"yoast-seo-meta-tag\" \/>\n\t<meta name=\"twitter:label2\" content=\"Tiempo estimado de lectura\" class=\"yoast-seo-meta-tag\" \/>\n\t<meta name=\"twitter:data2\" content=\"2 minutos\" class=\"yoast-seo-meta-tag\" \/>\n<script type=\"application\/ld+json\" class=\"yoast-schema-graph\">{\"@context\":\"https:\/\/schema.org\",\"@graph\":[{\"@type\":\"Article\",\"@id\":\"https:\/\/explora.cl\/aysen\/estudiantes-de-aysen-representan-a-la-region-en-congreso-nacional-escolar-de-ciencia-y-tecnologia\/#article\",\"isPartOf\":{\"@id\":\"https:\/\/explora.cl\/aysen\/estudiantes-de-aysen-representan-a-la-region-en-congreso-nacional-escolar-de-ciencia-y-tecnologia\/\"},\"author\":{\"name\":\"webman\",\"@id\":\"https:\/\/explora.cl\/aysen\/#\/schema\/person\/cb8349c13ea2d324080adf8480d7ba5d\"},\"headline\":\"Representantes de la Regi\u00f3n participan en Congreso Nacional Escolar de Ciencia y Tecnolog\u00eda\",\"datePublished\":\"2016-11-23T04:00:00+00:00\",\"dateModified\":\"2019-05-20T21:20:28+00:00\",\"mainEntityOfPage\":{\"@id\":\"https:\/\/explora.cl\/aysen\/estudiantes-de-aysen-representan-a-la-region-en-congreso-nacional-escolar-de-ciencia-y-tecnologia\/\"},\"wordCount\":461,\"commentCount\":0,\"image\":{\"@id\":\"https:\/\/explora.cl\/aysen\/estudiantes-de-aysen-representan-a-la-region-en-congreso-nacional-escolar-de-ciencia-y-tecnologia\/#primaryimage\"},\"thumbnailUrl\":\"https:\/\/explora.cl\/aysen\/wp-content\/uploads\/sites\/18\/2018\/06\/estudiantes-congreso01.jpg\",\"articleSection\":[\"Noticias\"],\"inLanguage\":\"es-CL\",\"potentialAction\":[{\"@type\":\"CommentAction\",\"name\":\"Comment\",\"target\":[\"https:\/\/explora.cl\/aysen\/estudiantes-de-aysen-representan-a-la-region-en-congreso-nacional-escolar-de-ciencia-y-tecnologia\/#respond\"]}]},{\"@type\":\"WebPage\",\"@id\":\"https:\/\/explora.cl\/aysen\/estudiantes-de-aysen-representan-a-la-region-en-congreso-nacional-escolar-de-ciencia-y-tecnologia\/\",\"url\":\"https:\/\/explora.cl\/aysen\/estudiantes-de-aysen-representan-a-la-region-en-congreso-nacional-escolar-de-ciencia-y-tecnologia\/\",\"name\":\"Representantes de la Regi\u00f3n participan en Congreso Nacional Escolar de Ciencia y Tecnolog\u00eda - Aysen\",\"isPartOf\":{\"@id\":\"https:\/\/explora.cl\/aysen\/#website\"},\"primaryImageOfPage\":{\"@id\":\"https:\/\/explora.cl\/aysen\/estudiantes-de-aysen-representan-a-la-region-en-congreso-nacional-escolar-de-ciencia-y-tecnologia\/#primaryimage\"},\"image\":{\"@id\":\"https:\/\/explora.cl\/aysen\/estudiantes-de-aysen-representan-a-la-region-en-congreso-nacional-escolar-de-ciencia-y-tecnologia\/#primaryimage\"},\"thumbnailUrl\":\"https:\/\/explora.cl\/aysen\/wp-content\/uploads\/sites\/18\/2018\/06\/estudiantes-congreso01.jpg\",\"datePublished\":\"2016-11-23T04:00:00+00:00\",\"dateModified\":\"2019-05-20T21:20:28+00:00\",\"author\":{\"@id\":\"https:\/\/explora.cl\/aysen\/#\/schema\/person\/cb8349c13ea2d324080adf8480d7ba5d\"},\"breadcrumb\":{\"@id\":\"https:\/\/explora.cl\/aysen\/estudiantes-de-aysen-representan-a-la-region-en-congreso-nacional-escolar-de-ciencia-y-tecnologia\/#breadcrumb\"},\"inLanguage\":\"es-CL\",\"potentialAction\":[{\"@type\":\"ReadAction\",\"target\":[\"https:\/\/explora.cl\/aysen\/estudiantes-de-aysen-representan-a-la-region-en-congreso-nacional-escolar-de-ciencia-y-tecnologia\/\"]}]},{\"@type\":\"ImageObject\",\"inLanguage\":\"es-CL\",\"@id\":\"https:\/\/explora.cl\/aysen\/estudiantes-de-aysen-representan-a-la-region-en-congreso-nacional-escolar-de-ciencia-y-tecnologia\/#primaryimage\",\"url\":\"https:\/\/explora.cl\/aysen\/wp-content\/uploads\/sites\/18\/2018\/06\/estudiantes-congreso01.jpg\",\"contentUrl\":\"https:\/\/explora.cl\/aysen\/wp-content\/uploads\/sites\/18\/2018\/06\/estudiantes-congreso01.jpg\",\"width\":2048,\"height\":913},{\"@type\":\"BreadcrumbList\",\"@id\":\"https:\/\/explora.cl\/aysen\/estudiantes-de-aysen-representan-a-la-region-en-congreso-nacional-escolar-de-ciencia-y-tecnologia\/#breadcrumb\",\"itemListElement\":[{\"@type\":\"ListItem\",\"position\":1,\"name\":\"Portada\",\"item\":\"https:\/\/explora.cl\/aysen\/\"},{\"@type\":\"ListItem\",\"position\":2,\"name\":\"Representantes de la Regi\u00f3n participan en Congreso Nacional Escolar de Ciencia y Tecnolog\u00eda\"}]},{\"@type\":\"WebSite\",\"@id\":\"https:\/\/explora.cl\/aysen\/#website\",\"url\":\"https:\/\/explora.cl\/aysen\/\",\"name\":\"Aysen\",\"description\":\"Otro sitio m\u00e1s de explora.cl\",\"potentialAction\":[{\"@type\":\"SearchAction\",\"target\":{\"@type\":\"EntryPoint\",\"urlTemplate\":\"https:\/\/explora.cl\/aysen\/?s={search_term_string}\"},\"query-input\":{\"@type\":\"PropertyValueSpecification\",\"valueRequired\":true,\"valueName\":\"search_term_string\"}}],\"inLanguage\":\"es-CL\"},{\"@type\":\"Person\",\"@id\":\"https:\/\/explora.cl\/aysen\/#\/schema\/person\/cb8349c13ea2d324080adf8480d7ba5d\",\"name\":\"webman\",\"image\":{\"@type\":\"ImageObject\",\"inLanguage\":\"es-CL\",\"@id\":\"https:\/\/explora.cl\/aysen\/#\/schema\/person\/image\/\",\"url\":\"https:\/\/secure.gravatar.com\/avatar\/eeff3c82f2c02f7177d13663b7e6f890e9a6a0647ce9bb29cae02dcb094c7312?s=96&d=mm&r=g\",\"contentUrl\":\"https:\/\/secure.gravatar.com\/avatar\/eeff3c82f2c02f7177d13663b7e6f890e9a6a0647ce9bb29cae02dcb094c7312?s=96&d=mm&r=g\",\"caption\":\"webman\"},\"url\":\"https:\/\/explora.cl\/aysen\/author\/webman\/\"}]}<\/script>\n<!-- \/ Yoast SEO plugin. -->","yoast_head_json":{"title":"Representantes de la Regi\u00f3n participan en Congreso Nacional Escolar de Ciencia y Tecnolog\u00eda - Aysen","robots":{"index":"index","follow":"follow","max-snippet":"max-snippet:-1","max-image-preview":"max-image-preview:large","max-video-preview":"max-video-preview:-1"},"canonical":"https:\/\/explora.cl\/aysen\/estudiantes-de-aysen-representan-a-la-region-en-congreso-nacional-escolar-de-ciencia-y-tecnologia\/","og_locale":"es_ES","og_type":"article","og_title":"Representantes de la Regi\u00f3n participan en Congreso Nacional Escolar de Ciencia y Tecnolog\u00eda - Aysen","og_description":"En compa\u00f1\u00eda de profesores e integrantes del PAR Explora Ays\u00e9n, equipos escolares del Colegio Alborada (Coyhaique) y de la Escuela Pioneros del Sur (Villa O&#8217;Higgins) viajaron a Santiago para representar hoy a la Regi\u00f3n en el XVII Congreso Nacional Escolar de Ciencia y Tecnolog\u00eda, organizado por el Programa Explora CONICYT, que se realizar\u00e1 abierto a [&hellip;]","og_url":"https:\/\/explora.cl\/aysen\/estudiantes-de-aysen-representan-a-la-region-en-congreso-nacional-escolar-de-ciencia-y-tecnologia\/","og_site_name":"Aysen","article_published_time":"2016-11-23T04:00:00+00:00","article_modified_time":"2019-05-20T21:20:28+00:00","og_image":[{"width":2048,"height":913,"url":"https:\/\/explora.cl\/aysen\/wp-content\/uploads\/sites\/18\/2018\/06\/estudiantes-congreso01.jpg","type":"image\/jpeg"}],"author":"webman","twitter_card":"summary_large_image","twitter_misc":{"Escrito por":"webman","Tiempo estimado de lectura":"2 minutos"},"schema":{"@context":"https:\/\/schema.org","@graph":[{"@type":"Article","@id":"https:\/\/explora.cl\/aysen\/estudiantes-de-aysen-representan-a-la-region-en-congreso-nacional-escolar-de-ciencia-y-tecnologia\/#article","isPartOf":{"@id":"https:\/\/explora.cl\/aysen\/estudiantes-de-aysen-representan-a-la-region-en-congreso-nacional-escolar-de-ciencia-y-tecnologia\/"},"author":{"name":"webman","@id":"https:\/\/explora.cl\/aysen\/#\/schema\/person\/cb8349c13ea2d324080adf8480d7ba5d"},"headline":"Representantes de la Regi\u00f3n participan en Congreso Nacional Escolar de Ciencia y Tecnolog\u00eda","datePublished":"2016-11-23T04:00:00+00:00","dateModified":"2019-05-20T21:20:28+00:00","mainEntityOfPage":{"@id":"https:\/\/explora.cl\/aysen\/estudiantes-de-aysen-representan-a-la-region-en-congreso-nacional-escolar-de-ciencia-y-tecnologia\/"},"wordCount":461,"commentCount":0,"image":{"@id":"https:\/\/explora.cl\/aysen\/estudiantes-de-aysen-representan-a-la-region-en-congreso-nacional-escolar-de-ciencia-y-tecnologia\/#primaryimage"},"thumbnailUrl":"https:\/\/explora.cl\/aysen\/wp-content\/uploads\/sites\/18\/2018\/06\/estudiantes-congreso01.jpg","articleSection":["Noticias"],"inLanguage":"es-CL","potentialAction":[{"@type":"CommentAction","name":"Comment","target":["https:\/\/explora.cl\/aysen\/estudiantes-de-aysen-representan-a-la-region-en-congreso-nacional-escolar-de-ciencia-y-tecnologia\/#respond"]}]},{"@type":"WebPage","@id":"https:\/\/explora.cl\/aysen\/estudiantes-de-aysen-representan-a-la-region-en-congreso-nacional-escolar-de-ciencia-y-tecnologia\/","url":"https:\/\/explora.cl\/aysen\/estudiantes-de-aysen-representan-a-la-region-en-congreso-nacional-escolar-de-ciencia-y-tecnologia\/","name":"Representantes de la Regi\u00f3n participan en Congreso Nacional Escolar de Ciencia y Tecnolog\u00eda - Aysen","isPartOf":{"@id":"https:\/\/explora.cl\/aysen\/#website"},"primaryImageOfPage":{"@id":"https:\/\/explora.cl\/aysen\/estudiantes-de-aysen-representan-a-la-region-en-congreso-nacional-escolar-de-ciencia-y-tecnologia\/#primaryimage"},"image":{"@id":"https:\/\/explora.cl\/aysen\/estudiantes-de-aysen-representan-a-la-region-en-congreso-nacional-escolar-de-ciencia-y-tecnologia\/#primaryimage"},"thumbnailUrl":"https:\/\/explora.cl\/aysen\/wp-content\/uploads\/sites\/18\/2018\/06\/estudiantes-congreso01.jpg","datePublished":"2016-11-23T04:00:00+00:00","dateModified":"2019-05-20T21:20:28+00:00","author":{"@id":"https:\/\/explora.cl\/aysen\/#\/schema\/person\/cb8349c13ea2d324080adf8480d7ba5d"},"breadcrumb":{"@id":"https:\/\/explora.cl\/aysen\/estudiantes-de-aysen-representan-a-la-region-en-congreso-nacional-escolar-de-ciencia-y-tecnologia\/#breadcrumb"},"inLanguage":"es-CL","potentialAction":[{"@type":"ReadAction","target":["https:\/\/explora.cl\/aysen\/estudiantes-de-aysen-representan-a-la-region-en-congreso-nacional-escolar-de-ciencia-y-tecnologia\/"]}]},{"@type":"ImageObject","inLanguage":"es-CL","@id":"https:\/\/explora.cl\/aysen\/estudiantes-de-aysen-representan-a-la-region-en-congreso-nacional-escolar-de-ciencia-y-tecnologia\/#primaryimage","url":"https:\/\/explora.cl\/aysen\/wp-content\/uploads\/sites\/18\/2018\/06\/estudiantes-congreso01.jpg","contentUrl":"https:\/\/explora.cl\/aysen\/wp-content\/uploads\/sites\/18\/2018\/06\/estudiantes-congreso01.jpg","width":2048,"height":913},{"@type":"BreadcrumbList","@id":"https:\/\/explora.cl\/aysen\/estudiantes-de-aysen-representan-a-la-region-en-congreso-nacional-escolar-de-ciencia-y-tecnologia\/#breadcrumb","itemListElement":[{"@type":"ListItem","position":1,"name":"Portada","item":"https:\/\/explora.cl\/aysen\/"},{"@type":"ListItem","position":2,"name":"Representantes de la Regi\u00f3n participan en Congreso Nacional Escolar de Ciencia y Tecnolog\u00eda"}]},{"@type":"WebSite","@id":"https:\/\/explora.cl\/aysen\/#website","url":"https:\/\/explora.cl\/aysen\/","name":"Aysen","description":"Otro sitio m\u00e1s de explora.cl","potentialAction":[{"@type":"SearchAction","target":{"@type":"EntryPoint","urlTemplate":"https:\/\/explora.cl\/aysen\/?s={search_term_string}"},"query-input":{"@type":"PropertyValueSpecification","valueRequired":true,"valueName":"search_term_string"}}],"inLanguage":"es-CL"},{"@type":"Person","@id":"https:\/\/explora.cl\/aysen\/#\/schema\/person\/cb8349c13ea2d324080adf8480d7ba5d","name":"webman","image":{"@type":"ImageObject","inLanguage":"es-CL","@id":"https:\/\/explora.cl\/aysen\/#\/schema\/person\/image\/","url":"https:\/\/secure.gravatar.com\/avatar\/eeff3c82f2c02f7177d13663b7e6f890e9a6a0647ce9bb29cae02dcb094c7312?s=96&d=mm&r=g","contentUrl":"https:\/\/secure.gravatar.com\/avatar\/eeff3c82f2c02f7177d13663b7e6f890e9a6a0647ce9bb29cae02dcb094c7312?s=96&d=mm&r=g","caption":"webman"},"url":"https:\/\/explora.cl\/aysen\/author\/webman\/"}]}},"_links":{"self":[{"href":"https:\/\/explora.cl\/aysen\/wp-json\/wp\/v2\/posts\/618","targetHints":{"allow":["GET"]}}],"collection":[{"href":"https:\/\/explora.cl\/aysen\/wp-json\/wp\/v2\/posts"}],"about":[{"href":"https:\/\/explora.cl\/aysen\/wp-json\/wp\/v2\/types\/post"}],"author":[{"embeddable":true,"href":"https:\/\/explora.cl\/aysen\/wp-json\/wp\/v2\/users\/2"}],"replies":[{"embeddable":true,"href":"https:\/\/explora.cl\/aysen\/wp-json\/wp\/v2\/comments?post=618"}],"version-history":[{"count":1,"href":"https:\/\/explora.cl\/aysen\/wp-json\/wp\/v2\/posts\/618\/revisions"}],"predecessor-version":[{"id":37187,"href":"https:\/\/explora.cl\/aysen\/wp-json\/wp\/v2\/posts\/618\/revisions\/37187"}],"wp:featuredmedia":[{"embeddable":true,"href":"https:\/\/explora.cl\/aysen\/wp-json\/wp\/v2\/media\/619"}],"wp:attachment":[{"href":"https:\/\/explora.cl\/aysen\/wp-json\/wp\/v2\/media?parent=618"}],"wp:term":[{"taxonomy":"category","embeddable":true,"href":"https:\/\/explora.cl\/aysen\/wp-json\/wp\/v2\/categories?post=618"},{"taxonomy":"post_tag","embeddable":true,"href":"https:\/\/explora.cl\/aysen\/wp-json\/wp\/v2\/tags?post=618"}],"curies":[{"name":"wp","href":"https:\/\/api.w.org\/{rel}","templated":true}]}}