{"id":616,"date":"2016-11-22T00:00:00","date_gmt":"2016-11-22T04:00:00","guid":{"rendered":"https:\/\/explora.cl\/aysen\/blog\/2016\/11\/22\/concurso-de-collage-para-los-as-mas-pequenos-reconstruyendo-el-paisaje-del-pasado\/"},"modified":"2019-05-20T21:20:29","modified_gmt":"2019-05-20T21:20:29","slug":"concurso-de-collage-para-los-as-mas-pequenos-reconstruyendo-el-paisaje-del-pasado","status":"publish","type":"post","link":"https:\/\/explora.cl\/aysen\/concurso-de-collage-para-los-as-mas-pequenos-reconstruyendo-el-paisaje-del-pasado\/","title":{"rendered":"Concurso de collage para los\/as m\u00e1s peque\u00f1os: \u201cReconstruyendo el Paisaje del Pasado\u201d\u00a0"},"content":{"rendered":"<p><img fetchpriority=\"high\" decoding=\"async\" class=\" alignright size-full wp-image-22442\" style=\"float: right\" src=\"http:\/\/ec2-54-245-22-188.us-west-2.compute.amazonaws.com\/wp-content\/uploads\/2016\/11\/BANNER-COLLAGE.jpg\" alt=\"\" width=\"526\" height=\"214\" \/>El PAR Explora Ays\u00e9n y el Campus Patagonia de la Universidad Austral de Chile <strong>invitan a establecimientos de educaci\u00f3n parvularia y de ense\u00f1anza b\u00e1sica de la Regi\u00f3n de Ays\u00e9n<\/strong> a participar del concurso de Collage \u201cReconstruyendo el Paisaje del Pasado\u201d. El mejor collage ser\u00e1 impreso en coloridas poleras para todas\/os los integrantes del curso ganador.<\/p>\n<p>La iniciativa, que tiene por objetivo promover la valoraci\u00f3n de los aspectos patrimoniales, culturales e identitarios en ni\u00f1os y ni\u00f1as de Ays\u00e9n, busca estimular el desarrollo de una conciencia m\u00e1s aguda respecto a nuestras ra\u00edces e historia.<\/p>\n<ul>\n<li><a href=\"https:\/\/drive.google.com\/open?id=0BzYrxlsHeodVYkVpUzFWTnJoTkE\" target=\"_blank\" rel=\"noopener noreferrer\">Descarga las bases<\/a><\/li>\n<li><a href=\"https:\/\/drive.google.com\/open?id=0BzYrxlsHeodVZk5VSWtvamN6T2s\" target=\"_blank\" rel=\"noopener noreferrer\">Descarga la ficha de inscripci\u00f3n<\/a><\/li>\n<\/ul>\n<h3>\u00bfQu\u00e9 es un collage?<\/h3>\n<p>Es una composici\u00f3n art\u00edstica que une im\u00e1genes, fragmentos, objetos y materiales de diversas procedencias, como revistas, peri\u00f3dicos o telas, cortados en diversas formas, rasgados o rotos, estructurados de forma libre y pegados sobre un soporte, en este caso, una hoja de block N\u00ba 99.<\/p>\n<h3>\u00bfQu\u00e9 tem\u00e1ticas podr\u00eda abordar?<\/h3>\n<p>Las tem\u00e1ticas son amplias: oficios tradicionales transmitidos de generaci\u00f3n en generaci\u00f3n, fotograf\u00edas hist\u00f3ricas, paisajes y sus cambios en el tiempo, fachadas de viviendas hist\u00f3ricas rescatando sus colores y formas, entre otras.<\/p>\n<p>Las\/os docentes que deseen participar junto a sus cursos, deber\u00e1n confirmar su participaci\u00f3n enviando la ficha de inscripci\u00f3n con el detalle de los estudiantes interesadas\/os a Carlos Belmar, al correo carlos.belmar@uach.cl<\/p>\n<p>La recepci\u00f3n de trabajos se realizar\u00e1 hasta el <strong>d\u00eda 9 de diciembre de 2016<\/strong>. El env\u00edo por correo tradicional deber\u00e1 considerar los tiempos de traslado. M\u00e1s informaci\u00f3n: carlos.belmar@uach.cl<\/p>\n","protected":false},"excerpt":{"rendered":"<p>El PAR Explora Ays\u00e9n y el Campus Patagonia de la Universidad Austral de Chile invitan a establecimientos de educaci\u00f3n parvularia y de ense\u00f1anza b\u00e1sica de la Regi\u00f3n de Ays\u00e9n a participar del concurso de Collage \u201cReconstruyendo el Paisaje del Pasado\u201d. El mejor collage ser\u00e1 impreso en coloridas poleras para todas\/os los integrantes del curso ganador. [&hellip;]<\/p>\n","protected":false},"author":2,"featured_media":617,"comment_status":"open","ping_status":"open","sticky":false,"template":"","format":"standard","meta":{"_acf_changed":false,"_exactmetrics_skip_tracking":false,"_exactmetrics_sitenote_active":false,"_exactmetrics_sitenote_note":"","_exactmetrics_sitenote_category":0,"footnotes":"","_links_to":"","_links_to_target":""},"categories":[4],"tags":[],"class_list":["post-616","post","type-post","status-publish","format-standard","has-post-thumbnail","hentry","category-noticias"],"acf":[],"yoast_head":"<!-- This site is optimized with the Yoast SEO plugin v26.9 - https:\/\/yoast.com\/product\/yoast-seo-wordpress\/ -->\n<title>Concurso de collage para los\/as m\u00e1s peque\u00f1os: \u201cReconstruyendo el Paisaje del Pasado\u201d\u00a0 - Aysen<\/title>\n<meta name=\"robots\" content=\"index, follow, max-snippet:-1, max-image-preview:large, max-video-preview:-1\" \/>\n<link rel=\"canonical\" href=\"https:\/\/explora.cl\/aysen\/concurso-de-collage-para-los-as-mas-pequenos-reconstruyendo-el-paisaje-del-pasado\/\" class=\"yoast-seo-meta-tag\" \/>\n<meta property=\"og:locale\" content=\"es_ES\" class=\"yoast-seo-meta-tag\" \/>\n<meta property=\"og:type\" content=\"article\" class=\"yoast-seo-meta-tag\" \/>\n<meta property=\"og:title\" content=\"Concurso de collage para los\/as m\u00e1s peque\u00f1os: \u201cReconstruyendo el Paisaje del Pasado\u201d\u00a0 - Aysen\" class=\"yoast-seo-meta-tag\" \/>\n<meta property=\"og:description\" content=\"El PAR Explora Ays\u00e9n y el Campus Patagonia de la Universidad Austral de Chile invitan a establecimientos de educaci\u00f3n parvularia y de ense\u00f1anza b\u00e1sica de la Regi\u00f3n de Ays\u00e9n a participar del concurso de Collage \u201cReconstruyendo el Paisaje del Pasado\u201d. El mejor collage ser\u00e1 impreso en coloridas poleras para todas\/os los integrantes del curso ganador. [&hellip;]\" class=\"yoast-seo-meta-tag\" \/>\n<meta property=\"og:url\" content=\"https:\/\/explora.cl\/aysen\/concurso-de-collage-para-los-as-mas-pequenos-reconstruyendo-el-paisaje-del-pasado\/\" class=\"yoast-seo-meta-tag\" \/>\n<meta property=\"og:site_name\" content=\"Aysen\" class=\"yoast-seo-meta-tag\" \/>\n<meta property=\"article:published_time\" content=\"2016-11-22T04:00:00+00:00\" class=\"yoast-seo-meta-tag\" \/>\n<meta property=\"article:modified_time\" content=\"2019-05-20T21:20:29+00:00\" class=\"yoast-seo-meta-tag\" \/>\n<meta property=\"og:image\" content=\"https:\/\/explora.cl\/aysen\/wp-content\/uploads\/sites\/18\/2018\/06\/BANNER-COLLAGE.jpg\" class=\"yoast-seo-meta-tag\" \/>\n\t<meta property=\"og:image:width\" content=\"1572\" class=\"yoast-seo-meta-tag\" \/>\n\t<meta property=\"og:image:height\" content=\"640\" class=\"yoast-seo-meta-tag\" \/>\n\t<meta property=\"og:image:type\" content=\"image\/jpeg\" class=\"yoast-seo-meta-tag\" \/>\n<meta name=\"author\" content=\"webman\" class=\"yoast-seo-meta-tag\" \/>\n<meta name=\"twitter:card\" content=\"summary_large_image\" class=\"yoast-seo-meta-tag\" \/>\n<meta name=\"twitter:label1\" content=\"Escrito por\" class=\"yoast-seo-meta-tag\" \/>\n\t<meta name=\"twitter:data1\" content=\"webman\" class=\"yoast-seo-meta-tag\" \/>\n\t<meta name=\"twitter:label2\" content=\"Tiempo estimado de lectura\" class=\"yoast-seo-meta-tag\" \/>\n\t<meta name=\"twitter:data2\" content=\"1 minuto\" class=\"yoast-seo-meta-tag\" \/>\n<script type=\"application\/ld+json\" class=\"yoast-schema-graph\">{\"@context\":\"https:\/\/schema.org\",\"@graph\":[{\"@type\":\"Article\",\"@id\":\"https:\/\/explora.cl\/aysen\/concurso-de-collage-para-los-as-mas-pequenos-reconstruyendo-el-paisaje-del-pasado\/#article\",\"isPartOf\":{\"@id\":\"https:\/\/explora.cl\/aysen\/concurso-de-collage-para-los-as-mas-pequenos-reconstruyendo-el-paisaje-del-pasado\/\"},\"author\":{\"name\":\"webman\",\"@id\":\"https:\/\/explora.cl\/aysen\/#\/schema\/person\/cb8349c13ea2d324080adf8480d7ba5d\"},\"headline\":\"Concurso de collage para los\/as m\u00e1s peque\u00f1os: \u201cReconstruyendo el Paisaje del Pasado\u201d\u00a0\",\"datePublished\":\"2016-11-22T04:00:00+00:00\",\"dateModified\":\"2019-05-20T21:20:29+00:00\",\"mainEntityOfPage\":{\"@id\":\"https:\/\/explora.cl\/aysen\/concurso-de-collage-para-los-as-mas-pequenos-reconstruyendo-el-paisaje-del-pasado\/\"},\"wordCount\":296,\"commentCount\":0,\"image\":{\"@id\":\"https:\/\/explora.cl\/aysen\/concurso-de-collage-para-los-as-mas-pequenos-reconstruyendo-el-paisaje-del-pasado\/#primaryimage\"},\"thumbnailUrl\":\"https:\/\/explora.cl\/aysen\/wp-content\/uploads\/sites\/18\/2018\/06\/BANNER-COLLAGE.jpg\",\"articleSection\":[\"Noticias\"],\"inLanguage\":\"es-CL\",\"potentialAction\":[{\"@type\":\"CommentAction\",\"name\":\"Comment\",\"target\":[\"https:\/\/explora.cl\/aysen\/concurso-de-collage-para-los-as-mas-pequenos-reconstruyendo-el-paisaje-del-pasado\/#respond\"]}]},{\"@type\":\"WebPage\",\"@id\":\"https:\/\/explora.cl\/aysen\/concurso-de-collage-para-los-as-mas-pequenos-reconstruyendo-el-paisaje-del-pasado\/\",\"url\":\"https:\/\/explora.cl\/aysen\/concurso-de-collage-para-los-as-mas-pequenos-reconstruyendo-el-paisaje-del-pasado\/\",\"name\":\"Concurso de collage para los\/as m\u00e1s peque\u00f1os: \u201cReconstruyendo el Paisaje del Pasado\u201d\u00a0 - Aysen\",\"isPartOf\":{\"@id\":\"https:\/\/explora.cl\/aysen\/#website\"},\"primaryImageOfPage\":{\"@id\":\"https:\/\/explora.cl\/aysen\/concurso-de-collage-para-los-as-mas-pequenos-reconstruyendo-el-paisaje-del-pasado\/#primaryimage\"},\"image\":{\"@id\":\"https:\/\/explora.cl\/aysen\/concurso-de-collage-para-los-as-mas-pequenos-reconstruyendo-el-paisaje-del-pasado\/#primaryimage\"},\"thumbnailUrl\":\"https:\/\/explora.cl\/aysen\/wp-content\/uploads\/sites\/18\/2018\/06\/BANNER-COLLAGE.jpg\",\"datePublished\":\"2016-11-22T04:00:00+00:00\",\"dateModified\":\"2019-05-20T21:20:29+00:00\",\"author\":{\"@id\":\"https:\/\/explora.cl\/aysen\/#\/schema\/person\/cb8349c13ea2d324080adf8480d7ba5d\"},\"breadcrumb\":{\"@id\":\"https:\/\/explora.cl\/aysen\/concurso-de-collage-para-los-as-mas-pequenos-reconstruyendo-el-paisaje-del-pasado\/#breadcrumb\"},\"inLanguage\":\"es-CL\",\"potentialAction\":[{\"@type\":\"ReadAction\",\"target\":[\"https:\/\/explora.cl\/aysen\/concurso-de-collage-para-los-as-mas-pequenos-reconstruyendo-el-paisaje-del-pasado\/\"]}]},{\"@type\":\"ImageObject\",\"inLanguage\":\"es-CL\",\"@id\":\"https:\/\/explora.cl\/aysen\/concurso-de-collage-para-los-as-mas-pequenos-reconstruyendo-el-paisaje-del-pasado\/#primaryimage\",\"url\":\"https:\/\/explora.cl\/aysen\/wp-content\/uploads\/sites\/18\/2018\/06\/BANNER-COLLAGE.jpg\",\"contentUrl\":\"https:\/\/explora.cl\/aysen\/wp-content\/uploads\/sites\/18\/2018\/06\/BANNER-COLLAGE.jpg\",\"width\":1572,\"height\":640},{\"@type\":\"BreadcrumbList\",\"@id\":\"https:\/\/explora.cl\/aysen\/concurso-de-collage-para-los-as-mas-pequenos-reconstruyendo-el-paisaje-del-pasado\/#breadcrumb\",\"itemListElement\":[{\"@type\":\"ListItem\",\"position\":1,\"name\":\"Portada\",\"item\":\"https:\/\/explora.cl\/aysen\/\"},{\"@type\":\"ListItem\",\"position\":2,\"name\":\"Concurso de collage para los\/as m\u00e1s peque\u00f1os: \u201cReconstruyendo el Paisaje del Pasado\u201d\u00a0\"}]},{\"@type\":\"WebSite\",\"@id\":\"https:\/\/explora.cl\/aysen\/#website\",\"url\":\"https:\/\/explora.cl\/aysen\/\",\"name\":\"Aysen\",\"description\":\"Otro sitio m\u00e1s de explora.cl\",\"potentialAction\":[{\"@type\":\"SearchAction\",\"target\":{\"@type\":\"EntryPoint\",\"urlTemplate\":\"https:\/\/explora.cl\/aysen\/?s={search_term_string}\"},\"query-input\":{\"@type\":\"PropertyValueSpecification\",\"valueRequired\":true,\"valueName\":\"search_term_string\"}}],\"inLanguage\":\"es-CL\"},{\"@type\":\"Person\",\"@id\":\"https:\/\/explora.cl\/aysen\/#\/schema\/person\/cb8349c13ea2d324080adf8480d7ba5d\",\"name\":\"webman\",\"image\":{\"@type\":\"ImageObject\",\"inLanguage\":\"es-CL\",\"@id\":\"https:\/\/explora.cl\/aysen\/#\/schema\/person\/image\/\",\"url\":\"https:\/\/secure.gravatar.com\/avatar\/eeff3c82f2c02f7177d13663b7e6f890e9a6a0647ce9bb29cae02dcb094c7312?s=96&d=mm&r=g\",\"contentUrl\":\"https:\/\/secure.gravatar.com\/avatar\/eeff3c82f2c02f7177d13663b7e6f890e9a6a0647ce9bb29cae02dcb094c7312?s=96&d=mm&r=g\",\"caption\":\"webman\"},\"url\":\"https:\/\/explora.cl\/aysen\/author\/webman\/\"}]}<\/script>\n<!-- \/ Yoast SEO plugin. -->","yoast_head_json":{"title":"Concurso de collage para los\/as m\u00e1s peque\u00f1os: \u201cReconstruyendo el Paisaje del Pasado\u201d\u00a0 - Aysen","robots":{"index":"index","follow":"follow","max-snippet":"max-snippet:-1","max-image-preview":"max-image-preview:large","max-video-preview":"max-video-preview:-1"},"canonical":"https:\/\/explora.cl\/aysen\/concurso-de-collage-para-los-as-mas-pequenos-reconstruyendo-el-paisaje-del-pasado\/","og_locale":"es_ES","og_type":"article","og_title":"Concurso de collage para los\/as m\u00e1s peque\u00f1os: \u201cReconstruyendo el Paisaje del Pasado\u201d\u00a0 - Aysen","og_description":"El PAR Explora Ays\u00e9n y el Campus Patagonia de la Universidad Austral de Chile invitan a establecimientos de educaci\u00f3n parvularia y de ense\u00f1anza b\u00e1sica de la Regi\u00f3n de Ays\u00e9n a participar del concurso de Collage \u201cReconstruyendo el Paisaje del Pasado\u201d. El mejor collage ser\u00e1 impreso en coloridas poleras para todas\/os los integrantes del curso ganador. [&hellip;]","og_url":"https:\/\/explora.cl\/aysen\/concurso-de-collage-para-los-as-mas-pequenos-reconstruyendo-el-paisaje-del-pasado\/","og_site_name":"Aysen","article_published_time":"2016-11-22T04:00:00+00:00","article_modified_time":"2019-05-20T21:20:29+00:00","og_image":[{"width":1572,"height":640,"url":"https:\/\/explora.cl\/aysen\/wp-content\/uploads\/sites\/18\/2018\/06\/BANNER-COLLAGE.jpg","type":"image\/jpeg"}],"author":"webman","twitter_card":"summary_large_image","twitter_misc":{"Escrito por":"webman","Tiempo estimado de lectura":"1 minuto"},"schema":{"@context":"https:\/\/schema.org","@graph":[{"@type":"Article","@id":"https:\/\/explora.cl\/aysen\/concurso-de-collage-para-los-as-mas-pequenos-reconstruyendo-el-paisaje-del-pasado\/#article","isPartOf":{"@id":"https:\/\/explora.cl\/aysen\/concurso-de-collage-para-los-as-mas-pequenos-reconstruyendo-el-paisaje-del-pasado\/"},"author":{"name":"webman","@id":"https:\/\/explora.cl\/aysen\/#\/schema\/person\/cb8349c13ea2d324080adf8480d7ba5d"},"headline":"Concurso de collage para los\/as m\u00e1s peque\u00f1os: \u201cReconstruyendo el Paisaje del Pasado\u201d\u00a0","datePublished":"2016-11-22T04:00:00+00:00","dateModified":"2019-05-20T21:20:29+00:00","mainEntityOfPage":{"@id":"https:\/\/explora.cl\/aysen\/concurso-de-collage-para-los-as-mas-pequenos-reconstruyendo-el-paisaje-del-pasado\/"},"wordCount":296,"commentCount":0,"image":{"@id":"https:\/\/explora.cl\/aysen\/concurso-de-collage-para-los-as-mas-pequenos-reconstruyendo-el-paisaje-del-pasado\/#primaryimage"},"thumbnailUrl":"https:\/\/explora.cl\/aysen\/wp-content\/uploads\/sites\/18\/2018\/06\/BANNER-COLLAGE.jpg","articleSection":["Noticias"],"inLanguage":"es-CL","potentialAction":[{"@type":"CommentAction","name":"Comment","target":["https:\/\/explora.cl\/aysen\/concurso-de-collage-para-los-as-mas-pequenos-reconstruyendo-el-paisaje-del-pasado\/#respond"]}]},{"@type":"WebPage","@id":"https:\/\/explora.cl\/aysen\/concurso-de-collage-para-los-as-mas-pequenos-reconstruyendo-el-paisaje-del-pasado\/","url":"https:\/\/explora.cl\/aysen\/concurso-de-collage-para-los-as-mas-pequenos-reconstruyendo-el-paisaje-del-pasado\/","name":"Concurso de collage para los\/as m\u00e1s peque\u00f1os: \u201cReconstruyendo el Paisaje del Pasado\u201d\u00a0 - Aysen","isPartOf":{"@id":"https:\/\/explora.cl\/aysen\/#website"},"primaryImageOfPage":{"@id":"https:\/\/explora.cl\/aysen\/concurso-de-collage-para-los-as-mas-pequenos-reconstruyendo-el-paisaje-del-pasado\/#primaryimage"},"image":{"@id":"https:\/\/explora.cl\/aysen\/concurso-de-collage-para-los-as-mas-pequenos-reconstruyendo-el-paisaje-del-pasado\/#primaryimage"},"thumbnailUrl":"https:\/\/explora.cl\/aysen\/wp-content\/uploads\/sites\/18\/2018\/06\/BANNER-COLLAGE.jpg","datePublished":"2016-11-22T04:00:00+00:00","dateModified":"2019-05-20T21:20:29+00:00","author":{"@id":"https:\/\/explora.cl\/aysen\/#\/schema\/person\/cb8349c13ea2d324080adf8480d7ba5d"},"breadcrumb":{"@id":"https:\/\/explora.cl\/aysen\/concurso-de-collage-para-los-as-mas-pequenos-reconstruyendo-el-paisaje-del-pasado\/#breadcrumb"},"inLanguage":"es-CL","potentialAction":[{"@type":"ReadAction","target":["https:\/\/explora.cl\/aysen\/concurso-de-collage-para-los-as-mas-pequenos-reconstruyendo-el-paisaje-del-pasado\/"]}]},{"@type":"ImageObject","inLanguage":"es-CL","@id":"https:\/\/explora.cl\/aysen\/concurso-de-collage-para-los-as-mas-pequenos-reconstruyendo-el-paisaje-del-pasado\/#primaryimage","url":"https:\/\/explora.cl\/aysen\/wp-content\/uploads\/sites\/18\/2018\/06\/BANNER-COLLAGE.jpg","contentUrl":"https:\/\/explora.cl\/aysen\/wp-content\/uploads\/sites\/18\/2018\/06\/BANNER-COLLAGE.jpg","width":1572,"height":640},{"@type":"BreadcrumbList","@id":"https:\/\/explora.cl\/aysen\/concurso-de-collage-para-los-as-mas-pequenos-reconstruyendo-el-paisaje-del-pasado\/#breadcrumb","itemListElement":[{"@type":"ListItem","position":1,"name":"Portada","item":"https:\/\/explora.cl\/aysen\/"},{"@type":"ListItem","position":2,"name":"Concurso de collage para los\/as m\u00e1s peque\u00f1os: \u201cReconstruyendo el Paisaje del Pasado\u201d\u00a0"}]},{"@type":"WebSite","@id":"https:\/\/explora.cl\/aysen\/#website","url":"https:\/\/explora.cl\/aysen\/","name":"Aysen","description":"Otro sitio m\u00e1s de explora.cl","potentialAction":[{"@type":"SearchAction","target":{"@type":"EntryPoint","urlTemplate":"https:\/\/explora.cl\/aysen\/?s={search_term_string}"},"query-input":{"@type":"PropertyValueSpecification","valueRequired":true,"valueName":"search_term_string"}}],"inLanguage":"es-CL"},{"@type":"Person","@id":"https:\/\/explora.cl\/aysen\/#\/schema\/person\/cb8349c13ea2d324080adf8480d7ba5d","name":"webman","image":{"@type":"ImageObject","inLanguage":"es-CL","@id":"https:\/\/explora.cl\/aysen\/#\/schema\/person\/image\/","url":"https:\/\/secure.gravatar.com\/avatar\/eeff3c82f2c02f7177d13663b7e6f890e9a6a0647ce9bb29cae02dcb094c7312?s=96&d=mm&r=g","contentUrl":"https:\/\/secure.gravatar.com\/avatar\/eeff3c82f2c02f7177d13663b7e6f890e9a6a0647ce9bb29cae02dcb094c7312?s=96&d=mm&r=g","caption":"webman"},"url":"https:\/\/explora.cl\/aysen\/author\/webman\/"}]}},"_links":{"self":[{"href":"https:\/\/explora.cl\/aysen\/wp-json\/wp\/v2\/posts\/616","targetHints":{"allow":["GET"]}}],"collection":[{"href":"https:\/\/explora.cl\/aysen\/wp-json\/wp\/v2\/posts"}],"about":[{"href":"https:\/\/explora.cl\/aysen\/wp-json\/wp\/v2\/types\/post"}],"author":[{"embeddable":true,"href":"https:\/\/explora.cl\/aysen\/wp-json\/wp\/v2\/users\/2"}],"replies":[{"embeddable":true,"href":"https:\/\/explora.cl\/aysen\/wp-json\/wp\/v2\/comments?post=616"}],"version-history":[{"count":1,"href":"https:\/\/explora.cl\/aysen\/wp-json\/wp\/v2\/posts\/616\/revisions"}],"predecessor-version":[{"id":37188,"href":"https:\/\/explora.cl\/aysen\/wp-json\/wp\/v2\/posts\/616\/revisions\/37188"}],"wp:featuredmedia":[{"embeddable":true,"href":"https:\/\/explora.cl\/aysen\/wp-json\/wp\/v2\/media\/617"}],"wp:attachment":[{"href":"https:\/\/explora.cl\/aysen\/wp-json\/wp\/v2\/media?parent=616"}],"wp:term":[{"taxonomy":"category","embeddable":true,"href":"https:\/\/explora.cl\/aysen\/wp-json\/wp\/v2\/categories?post=616"},{"taxonomy":"post_tag","embeddable":true,"href":"https:\/\/explora.cl\/aysen\/wp-json\/wp\/v2\/tags?post=616"}],"curies":[{"name":"wp","href":"https:\/\/api.w.org\/{rel}","templated":true}]}}