{"id":600,"date":"2016-10-13T00:00:00","date_gmt":"2016-10-13T04:00:00","guid":{"rendered":"https:\/\/explora.cl\/aysen\/blog\/2016\/10\/13\/investigadores-escolares-de-la-region-se-reunen-hoy-en-congreso-de-ciencia-y-tecnologia\/"},"modified":"2019-05-20T21:20:32","modified_gmt":"2019-05-20T21:20:32","slug":"investigadores-escolares-de-la-region-se-reunen-hoy-en-congreso-de-ciencia-y-tecnologia","status":"publish","type":"post","link":"https:\/\/explora.cl\/aysen\/investigadores-escolares-de-la-region-se-reunen-hoy-en-congreso-de-ciencia-y-tecnologia\/","title":{"rendered":"Investigadores escolares de la Regi\u00f3n se re\u00fanen hoy en Congreso de Ciencia y Tecnolog\u00eda"},"content":{"rendered":"<p><img fetchpriority=\"high\" decoding=\"async\" class=\" alignright size-full wp-image-21407\" style=\"float: right\" src=\"http:\/\/ec2-54-245-22-188.us-west-2.compute.amazonaws.com\/wp-content\/uploads\/2016\/10\/01congreso-reg2016.jpg\" alt=\"\" width=\"384\" height=\"256\" \/>Una veintena de trabajos de investigaci\u00f3n escolar, realizadas durante el a\u00f1o por equipos escolares de la Regi\u00f3n de Ays\u00e9n, ser\u00e1n presentados desde hoy, 13 de octubre, hasta el pr\u00f3ximo s\u00e1bado en el Centro Cultural Coyhaique por sus propios protagonistas.<\/p>\n<p>Se trata de ni\u00f1os, ni\u00f1as y j\u00f3venes provenientes de establecimientos educacionales de Guaitecas, Coyhaique, Ays\u00e9n, O\u2019Higgins, Cisnes y R\u00edo Iba\u00f1ez, quienes resultaron seleccionados para exponer en el XI Congreso Regional Escolar de Ciencia y Tecnolog\u00eda, organizado por el PAR Explora de CONICYT Regi\u00f3n de Ays\u00e9n, del Campus Patagonia de la UACh.<\/p>\n<p>Acuipon\u00eda sustentable, creaci\u00f3n de abonos con residuos org\u00e1nicos, an\u00e1lisis del patrimonio geol\u00f3gico de la Regi\u00f3n, lupas solares y dispositivos para filtrar agua son algunas de las tem\u00e1ticas abordadas por los equipos escolares mediante stands que podr\u00e1n ser visitados libremente por la comunidad en tres horarios: jueves 13 entre 15:30 y 17:30h, viernes 14 entre 10:30 y 13:30h, y s\u00e1bado 15 entre las 10:00 y las 11:00h.<\/p>\n<p>Tambi\u00e9n es parte del evento la XV Expo Forjadores Ambientales, organizada por la SEREMI del Medio Ambiente, cuyas propuestas estudiantiles incorporan un destacado enfoque ecol\u00f3gico, como cultivos con materiales reciclados y reutilizaci\u00f3n de aceite.<\/p>\n<p>\u201cResulta gratificante para quienes promovemos la valoraci\u00f3n y apropiaci\u00f3n de los beneficios de la ciencia y la tecnolog\u00eda que a pesar de las dificultades y aislamiento de nuestro territorio, los\/as estudiantes se motiven y participen de este evento, demostrando su creatividad e ingenio en diferentes \u00e1reas de inter\u00e9s \u201d se\u00f1al\u00f3 Marisol Barr\u00eda, Directora del PAR Explora de CONICYT Ays\u00e9n.<\/p>\n<p>Quienes resulten ganadores del Congreso Regional, avanzar\u00e1n a la pr\u00f3xima etapa que es el Congreso Nacional de Ciencia y Tecnolog\u00eda, el cual se realizar\u00e1 en Santiago entre los d\u00edas 22 y 24 de noviembre.<\/p>\n<p>El programa de actividades para los participantes del Congreso y la Expo incluye conversaciones con diferentes cient\u00edficos y acad\u00e9micos, entre ellos el doctor en ecolog\u00eda y biolog\u00eda evolutiva Bruno Grossi, quien dictar\u00e1 la charla inaugural \u201cDinosaurios: robots y biomim\u00e9tica\u201d.<\/p>\n","protected":false},"excerpt":{"rendered":"<p>Una veintena de trabajos de investigaci\u00f3n escolar, realizadas durante el a\u00f1o por equipos escolares de la Regi\u00f3n de Ays\u00e9n, ser\u00e1n presentados desde hoy, 13 de octubre, hasta el pr\u00f3ximo s\u00e1bado en el Centro Cultural Coyhaique por sus propios protagonistas. Se trata de ni\u00f1os, ni\u00f1as y j\u00f3venes provenientes de establecimientos educacionales de Guaitecas, Coyhaique, Ays\u00e9n, O\u2019Higgins, [&hellip;]<\/p>\n","protected":false},"author":2,"featured_media":601,"comment_status":"open","ping_status":"open","sticky":false,"template":"","format":"standard","meta":{"_acf_changed":false,"_exactmetrics_skip_tracking":false,"_exactmetrics_sitenote_active":false,"_exactmetrics_sitenote_note":"","_exactmetrics_sitenote_category":0,"footnotes":"","_links_to":"","_links_to_target":""},"categories":[4],"tags":[],"class_list":["post-600","post","type-post","status-publish","format-standard","has-post-thumbnail","hentry","category-noticias"],"acf":[],"yoast_head":"<!-- This site is optimized with the Yoast SEO plugin v26.9 - https:\/\/yoast.com\/product\/yoast-seo-wordpress\/ -->\n<title>Investigadores escolares de la Regi\u00f3n se re\u00fanen hoy en Congreso de Ciencia y Tecnolog\u00eda - Aysen<\/title>\n<meta name=\"robots\" content=\"index, follow, max-snippet:-1, max-image-preview:large, max-video-preview:-1\" \/>\n<link rel=\"canonical\" href=\"https:\/\/explora.cl\/aysen\/investigadores-escolares-de-la-region-se-reunen-hoy-en-congreso-de-ciencia-y-tecnologia\/\" class=\"yoast-seo-meta-tag\" \/>\n<meta property=\"og:locale\" content=\"es_ES\" class=\"yoast-seo-meta-tag\" \/>\n<meta property=\"og:type\" content=\"article\" class=\"yoast-seo-meta-tag\" \/>\n<meta property=\"og:title\" content=\"Investigadores escolares de la Regi\u00f3n se re\u00fanen hoy en Congreso de Ciencia y Tecnolog\u00eda - Aysen\" class=\"yoast-seo-meta-tag\" \/>\n<meta property=\"og:description\" content=\"Una veintena de trabajos de investigaci\u00f3n escolar, realizadas durante el a\u00f1o por equipos escolares de la Regi\u00f3n de Ays\u00e9n, ser\u00e1n presentados desde hoy, 13 de octubre, hasta el pr\u00f3ximo s\u00e1bado en el Centro Cultural Coyhaique por sus propios protagonistas. Se trata de ni\u00f1os, ni\u00f1as y j\u00f3venes provenientes de establecimientos educacionales de Guaitecas, Coyhaique, Ays\u00e9n, O\u2019Higgins, [&hellip;]\" class=\"yoast-seo-meta-tag\" \/>\n<meta property=\"og:url\" content=\"https:\/\/explora.cl\/aysen\/investigadores-escolares-de-la-region-se-reunen-hoy-en-congreso-de-ciencia-y-tecnologia\/\" class=\"yoast-seo-meta-tag\" \/>\n<meta property=\"og:site_name\" content=\"Aysen\" class=\"yoast-seo-meta-tag\" \/>\n<meta property=\"article:published_time\" content=\"2016-10-13T04:00:00+00:00\" class=\"yoast-seo-meta-tag\" \/>\n<meta property=\"article:modified_time\" content=\"2019-05-20T21:20:32+00:00\" class=\"yoast-seo-meta-tag\" \/>\n<meta property=\"og:image\" content=\"https:\/\/explora.cl\/aysen\/wp-content\/uploads\/sites\/18\/2018\/06\/01congreso-reg2016.jpg\" class=\"yoast-seo-meta-tag\" \/>\n\t<meta property=\"og:image:width\" content=\"1368\" class=\"yoast-seo-meta-tag\" \/>\n\t<meta property=\"og:image:height\" content=\"912\" class=\"yoast-seo-meta-tag\" \/>\n\t<meta property=\"og:image:type\" content=\"image\/jpeg\" class=\"yoast-seo-meta-tag\" \/>\n<meta name=\"author\" content=\"webman\" class=\"yoast-seo-meta-tag\" \/>\n<meta name=\"twitter:card\" content=\"summary_large_image\" class=\"yoast-seo-meta-tag\" \/>\n<meta name=\"twitter:label1\" content=\"Escrito por\" class=\"yoast-seo-meta-tag\" \/>\n\t<meta name=\"twitter:data1\" content=\"webman\" class=\"yoast-seo-meta-tag\" \/>\n\t<meta name=\"twitter:label2\" content=\"Tiempo estimado de lectura\" class=\"yoast-seo-meta-tag\" \/>\n\t<meta name=\"twitter:data2\" content=\"2 minutos\" class=\"yoast-seo-meta-tag\" \/>\n<script type=\"application\/ld+json\" class=\"yoast-schema-graph\">{\"@context\":\"https:\/\/schema.org\",\"@graph\":[{\"@type\":\"Article\",\"@id\":\"https:\/\/explora.cl\/aysen\/investigadores-escolares-de-la-region-se-reunen-hoy-en-congreso-de-ciencia-y-tecnologia\/#article\",\"isPartOf\":{\"@id\":\"https:\/\/explora.cl\/aysen\/investigadores-escolares-de-la-region-se-reunen-hoy-en-congreso-de-ciencia-y-tecnologia\/\"},\"author\":{\"name\":\"webman\",\"@id\":\"https:\/\/explora.cl\/aysen\/#\/schema\/person\/cb8349c13ea2d324080adf8480d7ba5d\"},\"headline\":\"Investigadores escolares de la Regi\u00f3n se re\u00fanen hoy en Congreso de Ciencia y Tecnolog\u00eda\",\"datePublished\":\"2016-10-13T04:00:00+00:00\",\"dateModified\":\"2019-05-20T21:20:32+00:00\",\"mainEntityOfPage\":{\"@id\":\"https:\/\/explora.cl\/aysen\/investigadores-escolares-de-la-region-se-reunen-hoy-en-congreso-de-ciencia-y-tecnologia\/\"},\"wordCount\":375,\"commentCount\":0,\"image\":{\"@id\":\"https:\/\/explora.cl\/aysen\/investigadores-escolares-de-la-region-se-reunen-hoy-en-congreso-de-ciencia-y-tecnologia\/#primaryimage\"},\"thumbnailUrl\":\"https:\/\/explora.cl\/aysen\/wp-content\/uploads\/sites\/18\/2018\/06\/01congreso-reg2016.jpg\",\"articleSection\":[\"Noticias\"],\"inLanguage\":\"es-CL\",\"potentialAction\":[{\"@type\":\"CommentAction\",\"name\":\"Comment\",\"target\":[\"https:\/\/explora.cl\/aysen\/investigadores-escolares-de-la-region-se-reunen-hoy-en-congreso-de-ciencia-y-tecnologia\/#respond\"]}]},{\"@type\":\"WebPage\",\"@id\":\"https:\/\/explora.cl\/aysen\/investigadores-escolares-de-la-region-se-reunen-hoy-en-congreso-de-ciencia-y-tecnologia\/\",\"url\":\"https:\/\/explora.cl\/aysen\/investigadores-escolares-de-la-region-se-reunen-hoy-en-congreso-de-ciencia-y-tecnologia\/\",\"name\":\"Investigadores escolares de la Regi\u00f3n se re\u00fanen hoy en Congreso de Ciencia y Tecnolog\u00eda - Aysen\",\"isPartOf\":{\"@id\":\"https:\/\/explora.cl\/aysen\/#website\"},\"primaryImageOfPage\":{\"@id\":\"https:\/\/explora.cl\/aysen\/investigadores-escolares-de-la-region-se-reunen-hoy-en-congreso-de-ciencia-y-tecnologia\/#primaryimage\"},\"image\":{\"@id\":\"https:\/\/explora.cl\/aysen\/investigadores-escolares-de-la-region-se-reunen-hoy-en-congreso-de-ciencia-y-tecnologia\/#primaryimage\"},\"thumbnailUrl\":\"https:\/\/explora.cl\/aysen\/wp-content\/uploads\/sites\/18\/2018\/06\/01congreso-reg2016.jpg\",\"datePublished\":\"2016-10-13T04:00:00+00:00\",\"dateModified\":\"2019-05-20T21:20:32+00:00\",\"author\":{\"@id\":\"https:\/\/explora.cl\/aysen\/#\/schema\/person\/cb8349c13ea2d324080adf8480d7ba5d\"},\"breadcrumb\":{\"@id\":\"https:\/\/explora.cl\/aysen\/investigadores-escolares-de-la-region-se-reunen-hoy-en-congreso-de-ciencia-y-tecnologia\/#breadcrumb\"},\"inLanguage\":\"es-CL\",\"potentialAction\":[{\"@type\":\"ReadAction\",\"target\":[\"https:\/\/explora.cl\/aysen\/investigadores-escolares-de-la-region-se-reunen-hoy-en-congreso-de-ciencia-y-tecnologia\/\"]}]},{\"@type\":\"ImageObject\",\"inLanguage\":\"es-CL\",\"@id\":\"https:\/\/explora.cl\/aysen\/investigadores-escolares-de-la-region-se-reunen-hoy-en-congreso-de-ciencia-y-tecnologia\/#primaryimage\",\"url\":\"https:\/\/explora.cl\/aysen\/wp-content\/uploads\/sites\/18\/2018\/06\/01congreso-reg2016.jpg\",\"contentUrl\":\"https:\/\/explora.cl\/aysen\/wp-content\/uploads\/sites\/18\/2018\/06\/01congreso-reg2016.jpg\",\"width\":1368,\"height\":912},{\"@type\":\"BreadcrumbList\",\"@id\":\"https:\/\/explora.cl\/aysen\/investigadores-escolares-de-la-region-se-reunen-hoy-en-congreso-de-ciencia-y-tecnologia\/#breadcrumb\",\"itemListElement\":[{\"@type\":\"ListItem\",\"position\":1,\"name\":\"Portada\",\"item\":\"https:\/\/explora.cl\/aysen\/\"},{\"@type\":\"ListItem\",\"position\":2,\"name\":\"Investigadores escolares de la Regi\u00f3n se re\u00fanen hoy en Congreso de Ciencia y Tecnolog\u00eda\"}]},{\"@type\":\"WebSite\",\"@id\":\"https:\/\/explora.cl\/aysen\/#website\",\"url\":\"https:\/\/explora.cl\/aysen\/\",\"name\":\"Aysen\",\"description\":\"Otro sitio m\u00e1s de explora.cl\",\"potentialAction\":[{\"@type\":\"SearchAction\",\"target\":{\"@type\":\"EntryPoint\",\"urlTemplate\":\"https:\/\/explora.cl\/aysen\/?s={search_term_string}\"},\"query-input\":{\"@type\":\"PropertyValueSpecification\",\"valueRequired\":true,\"valueName\":\"search_term_string\"}}],\"inLanguage\":\"es-CL\"},{\"@type\":\"Person\",\"@id\":\"https:\/\/explora.cl\/aysen\/#\/schema\/person\/cb8349c13ea2d324080adf8480d7ba5d\",\"name\":\"webman\",\"image\":{\"@type\":\"ImageObject\",\"inLanguage\":\"es-CL\",\"@id\":\"https:\/\/explora.cl\/aysen\/#\/schema\/person\/image\/\",\"url\":\"https:\/\/secure.gravatar.com\/avatar\/eeff3c82f2c02f7177d13663b7e6f890e9a6a0647ce9bb29cae02dcb094c7312?s=96&d=mm&r=g\",\"contentUrl\":\"https:\/\/secure.gravatar.com\/avatar\/eeff3c82f2c02f7177d13663b7e6f890e9a6a0647ce9bb29cae02dcb094c7312?s=96&d=mm&r=g\",\"caption\":\"webman\"},\"url\":\"https:\/\/explora.cl\/aysen\/author\/webman\/\"}]}<\/script>\n<!-- \/ Yoast SEO plugin. -->","yoast_head_json":{"title":"Investigadores escolares de la Regi\u00f3n se re\u00fanen hoy en Congreso de Ciencia y Tecnolog\u00eda - Aysen","robots":{"index":"index","follow":"follow","max-snippet":"max-snippet:-1","max-image-preview":"max-image-preview:large","max-video-preview":"max-video-preview:-1"},"canonical":"https:\/\/explora.cl\/aysen\/investigadores-escolares-de-la-region-se-reunen-hoy-en-congreso-de-ciencia-y-tecnologia\/","og_locale":"es_ES","og_type":"article","og_title":"Investigadores escolares de la Regi\u00f3n se re\u00fanen hoy en Congreso de Ciencia y Tecnolog\u00eda - Aysen","og_description":"Una veintena de trabajos de investigaci\u00f3n escolar, realizadas durante el a\u00f1o por equipos escolares de la Regi\u00f3n de Ays\u00e9n, ser\u00e1n presentados desde hoy, 13 de octubre, hasta el pr\u00f3ximo s\u00e1bado en el Centro Cultural Coyhaique por sus propios protagonistas. Se trata de ni\u00f1os, ni\u00f1as y j\u00f3venes provenientes de establecimientos educacionales de Guaitecas, Coyhaique, Ays\u00e9n, O\u2019Higgins, [&hellip;]","og_url":"https:\/\/explora.cl\/aysen\/investigadores-escolares-de-la-region-se-reunen-hoy-en-congreso-de-ciencia-y-tecnologia\/","og_site_name":"Aysen","article_published_time":"2016-10-13T04:00:00+00:00","article_modified_time":"2019-05-20T21:20:32+00:00","og_image":[{"width":1368,"height":912,"url":"https:\/\/explora.cl\/aysen\/wp-content\/uploads\/sites\/18\/2018\/06\/01congreso-reg2016.jpg","type":"image\/jpeg"}],"author":"webman","twitter_card":"summary_large_image","twitter_misc":{"Escrito por":"webman","Tiempo estimado de lectura":"2 minutos"},"schema":{"@context":"https:\/\/schema.org","@graph":[{"@type":"Article","@id":"https:\/\/explora.cl\/aysen\/investigadores-escolares-de-la-region-se-reunen-hoy-en-congreso-de-ciencia-y-tecnologia\/#article","isPartOf":{"@id":"https:\/\/explora.cl\/aysen\/investigadores-escolares-de-la-region-se-reunen-hoy-en-congreso-de-ciencia-y-tecnologia\/"},"author":{"name":"webman","@id":"https:\/\/explora.cl\/aysen\/#\/schema\/person\/cb8349c13ea2d324080adf8480d7ba5d"},"headline":"Investigadores escolares de la Regi\u00f3n se re\u00fanen hoy en Congreso de Ciencia y Tecnolog\u00eda","datePublished":"2016-10-13T04:00:00+00:00","dateModified":"2019-05-20T21:20:32+00:00","mainEntityOfPage":{"@id":"https:\/\/explora.cl\/aysen\/investigadores-escolares-de-la-region-se-reunen-hoy-en-congreso-de-ciencia-y-tecnologia\/"},"wordCount":375,"commentCount":0,"image":{"@id":"https:\/\/explora.cl\/aysen\/investigadores-escolares-de-la-region-se-reunen-hoy-en-congreso-de-ciencia-y-tecnologia\/#primaryimage"},"thumbnailUrl":"https:\/\/explora.cl\/aysen\/wp-content\/uploads\/sites\/18\/2018\/06\/01congreso-reg2016.jpg","articleSection":["Noticias"],"inLanguage":"es-CL","potentialAction":[{"@type":"CommentAction","name":"Comment","target":["https:\/\/explora.cl\/aysen\/investigadores-escolares-de-la-region-se-reunen-hoy-en-congreso-de-ciencia-y-tecnologia\/#respond"]}]},{"@type":"WebPage","@id":"https:\/\/explora.cl\/aysen\/investigadores-escolares-de-la-region-se-reunen-hoy-en-congreso-de-ciencia-y-tecnologia\/","url":"https:\/\/explora.cl\/aysen\/investigadores-escolares-de-la-region-se-reunen-hoy-en-congreso-de-ciencia-y-tecnologia\/","name":"Investigadores escolares de la Regi\u00f3n se re\u00fanen hoy en Congreso de Ciencia y Tecnolog\u00eda - Aysen","isPartOf":{"@id":"https:\/\/explora.cl\/aysen\/#website"},"primaryImageOfPage":{"@id":"https:\/\/explora.cl\/aysen\/investigadores-escolares-de-la-region-se-reunen-hoy-en-congreso-de-ciencia-y-tecnologia\/#primaryimage"},"image":{"@id":"https:\/\/explora.cl\/aysen\/investigadores-escolares-de-la-region-se-reunen-hoy-en-congreso-de-ciencia-y-tecnologia\/#primaryimage"},"thumbnailUrl":"https:\/\/explora.cl\/aysen\/wp-content\/uploads\/sites\/18\/2018\/06\/01congreso-reg2016.jpg","datePublished":"2016-10-13T04:00:00+00:00","dateModified":"2019-05-20T21:20:32+00:00","author":{"@id":"https:\/\/explora.cl\/aysen\/#\/schema\/person\/cb8349c13ea2d324080adf8480d7ba5d"},"breadcrumb":{"@id":"https:\/\/explora.cl\/aysen\/investigadores-escolares-de-la-region-se-reunen-hoy-en-congreso-de-ciencia-y-tecnologia\/#breadcrumb"},"inLanguage":"es-CL","potentialAction":[{"@type":"ReadAction","target":["https:\/\/explora.cl\/aysen\/investigadores-escolares-de-la-region-se-reunen-hoy-en-congreso-de-ciencia-y-tecnologia\/"]}]},{"@type":"ImageObject","inLanguage":"es-CL","@id":"https:\/\/explora.cl\/aysen\/investigadores-escolares-de-la-region-se-reunen-hoy-en-congreso-de-ciencia-y-tecnologia\/#primaryimage","url":"https:\/\/explora.cl\/aysen\/wp-content\/uploads\/sites\/18\/2018\/06\/01congreso-reg2016.jpg","contentUrl":"https:\/\/explora.cl\/aysen\/wp-content\/uploads\/sites\/18\/2018\/06\/01congreso-reg2016.jpg","width":1368,"height":912},{"@type":"BreadcrumbList","@id":"https:\/\/explora.cl\/aysen\/investigadores-escolares-de-la-region-se-reunen-hoy-en-congreso-de-ciencia-y-tecnologia\/#breadcrumb","itemListElement":[{"@type":"ListItem","position":1,"name":"Portada","item":"https:\/\/explora.cl\/aysen\/"},{"@type":"ListItem","position":2,"name":"Investigadores escolares de la Regi\u00f3n se re\u00fanen hoy en Congreso de Ciencia y Tecnolog\u00eda"}]},{"@type":"WebSite","@id":"https:\/\/explora.cl\/aysen\/#website","url":"https:\/\/explora.cl\/aysen\/","name":"Aysen","description":"Otro sitio m\u00e1s de explora.cl","potentialAction":[{"@type":"SearchAction","target":{"@type":"EntryPoint","urlTemplate":"https:\/\/explora.cl\/aysen\/?s={search_term_string}"},"query-input":{"@type":"PropertyValueSpecification","valueRequired":true,"valueName":"search_term_string"}}],"inLanguage":"es-CL"},{"@type":"Person","@id":"https:\/\/explora.cl\/aysen\/#\/schema\/person\/cb8349c13ea2d324080adf8480d7ba5d","name":"webman","image":{"@type":"ImageObject","inLanguage":"es-CL","@id":"https:\/\/explora.cl\/aysen\/#\/schema\/person\/image\/","url":"https:\/\/secure.gravatar.com\/avatar\/eeff3c82f2c02f7177d13663b7e6f890e9a6a0647ce9bb29cae02dcb094c7312?s=96&d=mm&r=g","contentUrl":"https:\/\/secure.gravatar.com\/avatar\/eeff3c82f2c02f7177d13663b7e6f890e9a6a0647ce9bb29cae02dcb094c7312?s=96&d=mm&r=g","caption":"webman"},"url":"https:\/\/explora.cl\/aysen\/author\/webman\/"}]}},"_links":{"self":[{"href":"https:\/\/explora.cl\/aysen\/wp-json\/wp\/v2\/posts\/600","targetHints":{"allow":["GET"]}}],"collection":[{"href":"https:\/\/explora.cl\/aysen\/wp-json\/wp\/v2\/posts"}],"about":[{"href":"https:\/\/explora.cl\/aysen\/wp-json\/wp\/v2\/types\/post"}],"author":[{"embeddable":true,"href":"https:\/\/explora.cl\/aysen\/wp-json\/wp\/v2\/users\/2"}],"replies":[{"embeddable":true,"href":"https:\/\/explora.cl\/aysen\/wp-json\/wp\/v2\/comments?post=600"}],"version-history":[{"count":1,"href":"https:\/\/explora.cl\/aysen\/wp-json\/wp\/v2\/posts\/600\/revisions"}],"predecessor-version":[{"id":37195,"href":"https:\/\/explora.cl\/aysen\/wp-json\/wp\/v2\/posts\/600\/revisions\/37195"}],"wp:featuredmedia":[{"embeddable":true,"href":"https:\/\/explora.cl\/aysen\/wp-json\/wp\/v2\/media\/601"}],"wp:attachment":[{"href":"https:\/\/explora.cl\/aysen\/wp-json\/wp\/v2\/media?parent=600"}],"wp:term":[{"taxonomy":"category","embeddable":true,"href":"https:\/\/explora.cl\/aysen\/wp-json\/wp\/v2\/categories?post=600"},{"taxonomy":"post_tag","embeddable":true,"href":"https:\/\/explora.cl\/aysen\/wp-json\/wp\/v2\/tags?post=600"}],"curies":[{"name":"wp","href":"https:\/\/api.w.org\/{rel}","templated":true}]}}