{"id":598,"date":"2016-10-11T00:00:00","date_gmt":"2016-10-11T04:00:00","guid":{"rendered":"https:\/\/explora.cl\/aysen\/blog\/2016\/10\/11\/liceo-agricola-de-la-patagonia-abre-sus-puertas-con-feria-estudiantil-de-emprendimiento\/"},"modified":"2019-05-20T21:20:32","modified_gmt":"2019-05-20T21:20:32","slug":"liceo-agricola-de-la-patagonia-abre-sus-puertas-con-feria-estudiantil-de-emprendimiento","status":"publish","type":"post","link":"https:\/\/explora.cl\/aysen\/liceo-agricola-de-la-patagonia-abre-sus-puertas-con-feria-estudiantil-de-emprendimiento\/","title":{"rendered":"Liceo Agr\u00edcola de la Patagonia abre sus puertas con Feria Estudiantil de Emprendimiento"},"content":{"rendered":"<p><img fetchpriority=\"high\" decoding=\"async\" class=\" alignright size-full wp-image-21348\" style=\"float: right\" src=\"http:\/\/ec2-54-245-22-188.us-west-2.compute.amazonaws.com\/wp-content\/uploads\/2016\/10\/FERIAliceopatagonia.jpg\" alt=\"\" width=\"381\" height=\"286\" \/>El pr\u00f3ximo viernes 14 de octubre, entre las 10:00 y las 13:00 horas, se realizar\u00e1 la 2da Feria Estudiantil de Emprendimiento, organizada por el Liceo Agr\u00edcola de la Patagonia con apoyo de la Sociedad Nacional de Agricultura, SNA Educa, el Campus Patagonia de la Universidad Austral de Chile y \u00a0la ONG Canales.<\/p>\n<p>La Feria, que se realizar\u00e1 en el gimnasio del Liceo (KM3 Camino Coyhaique Alto S\/N), consistir\u00e1 en una muestra de los proyectos de emprendimiento y educaci\u00f3n tecnol\u00f3gica de sus estudiantes, quienes abren la posibilidad a toda la comunidad de conocer su trabajo y tambi\u00e9n de adquirir sus productos.<\/p>\n<p>Fabricaci\u00f3n y comercializaci\u00f3n de casas de perro, estampados en tela, artesan\u00edas en madera, muebles de pallet, invernaderos m\u00f3viles y muestras gastron\u00f3micas son algunos de los proyectos que albergar\u00e1 esta\u00a0interesante\u00a0iniciativa local.<\/p>\n<p>\u00a0<\/p>\n","protected":false},"excerpt":{"rendered":"<p>El pr\u00f3ximo viernes 14 de octubre, entre las 10:00 y las 13:00 horas, se realizar\u00e1 la 2da Feria Estudiantil de Emprendimiento, organizada por el Liceo Agr\u00edcola de la Patagonia con apoyo de la Sociedad Nacional de Agricultura, SNA Educa, el Campus Patagonia de la Universidad Austral de Chile y \u00a0la ONG Canales. La Feria, que [&hellip;]<\/p>\n","protected":false},"author":2,"featured_media":599,"comment_status":"open","ping_status":"open","sticky":false,"template":"","format":"standard","meta":{"_acf_changed":false,"_exactmetrics_skip_tracking":false,"_exactmetrics_sitenote_active":false,"_exactmetrics_sitenote_note":"","_exactmetrics_sitenote_category":0,"footnotes":"","_links_to":"","_links_to_target":""},"categories":[4],"tags":[],"class_list":["post-598","post","type-post","status-publish","format-standard","has-post-thumbnail","hentry","category-noticias"],"acf":[],"yoast_head":"<!-- This site is optimized with the Yoast SEO plugin v26.9 - https:\/\/yoast.com\/product\/yoast-seo-wordpress\/ -->\n<title>Liceo Agr\u00edcola de la Patagonia abre sus puertas con Feria Estudiantil de Emprendimiento - Aysen<\/title>\n<meta name=\"robots\" content=\"index, follow, max-snippet:-1, max-image-preview:large, max-video-preview:-1\" \/>\n<link rel=\"canonical\" href=\"https:\/\/explora.cl\/aysen\/liceo-agricola-de-la-patagonia-abre-sus-puertas-con-feria-estudiantil-de-emprendimiento\/\" class=\"yoast-seo-meta-tag\" \/>\n<meta property=\"og:locale\" content=\"es_ES\" class=\"yoast-seo-meta-tag\" \/>\n<meta property=\"og:type\" content=\"article\" class=\"yoast-seo-meta-tag\" \/>\n<meta property=\"og:title\" content=\"Liceo Agr\u00edcola de la Patagonia abre sus puertas con Feria Estudiantil de Emprendimiento - Aysen\" class=\"yoast-seo-meta-tag\" \/>\n<meta property=\"og:description\" content=\"El pr\u00f3ximo viernes 14 de octubre, entre las 10:00 y las 13:00 horas, se realizar\u00e1 la 2da Feria Estudiantil de Emprendimiento, organizada por el Liceo Agr\u00edcola de la Patagonia con apoyo de la Sociedad Nacional de Agricultura, SNA Educa, el Campus Patagonia de la Universidad Austral de Chile y \u00a0la ONG Canales. La Feria, que [&hellip;]\" class=\"yoast-seo-meta-tag\" \/>\n<meta property=\"og:url\" content=\"https:\/\/explora.cl\/aysen\/liceo-agricola-de-la-patagonia-abre-sus-puertas-con-feria-estudiantil-de-emprendimiento\/\" class=\"yoast-seo-meta-tag\" \/>\n<meta property=\"og:site_name\" content=\"Aysen\" class=\"yoast-seo-meta-tag\" \/>\n<meta property=\"article:published_time\" content=\"2016-10-11T04:00:00+00:00\" class=\"yoast-seo-meta-tag\" \/>\n<meta property=\"article:modified_time\" content=\"2019-05-20T21:20:32+00:00\" class=\"yoast-seo-meta-tag\" \/>\n<meta property=\"og:image\" content=\"https:\/\/explora.cl\/aysen\/wp-content\/uploads\/sites\/18\/2018\/06\/FERIAliceopatagonia.jpg\" class=\"yoast-seo-meta-tag\" \/>\n\t<meta property=\"og:image:width\" content=\"2000\" class=\"yoast-seo-meta-tag\" \/>\n\t<meta property=\"og:image:height\" content=\"1500\" class=\"yoast-seo-meta-tag\" \/>\n\t<meta property=\"og:image:type\" content=\"image\/jpeg\" class=\"yoast-seo-meta-tag\" \/>\n<meta name=\"author\" content=\"webman\" class=\"yoast-seo-meta-tag\" \/>\n<meta name=\"twitter:card\" content=\"summary_large_image\" class=\"yoast-seo-meta-tag\" \/>\n<meta name=\"twitter:label1\" content=\"Escrito por\" class=\"yoast-seo-meta-tag\" \/>\n\t<meta name=\"twitter:data1\" content=\"webman\" class=\"yoast-seo-meta-tag\" \/>\n\t<meta name=\"twitter:label2\" content=\"Tiempo estimado de lectura\" class=\"yoast-seo-meta-tag\" \/>\n\t<meta name=\"twitter:data2\" content=\"1 minuto\" class=\"yoast-seo-meta-tag\" \/>\n<script type=\"application\/ld+json\" class=\"yoast-schema-graph\">{\"@context\":\"https:\/\/schema.org\",\"@graph\":[{\"@type\":\"Article\",\"@id\":\"https:\/\/explora.cl\/aysen\/liceo-agricola-de-la-patagonia-abre-sus-puertas-con-feria-estudiantil-de-emprendimiento\/#article\",\"isPartOf\":{\"@id\":\"https:\/\/explora.cl\/aysen\/liceo-agricola-de-la-patagonia-abre-sus-puertas-con-feria-estudiantil-de-emprendimiento\/\"},\"author\":{\"name\":\"webman\",\"@id\":\"https:\/\/explora.cl\/aysen\/#\/schema\/person\/cb8349c13ea2d324080adf8480d7ba5d\"},\"headline\":\"Liceo Agr\u00edcola de la Patagonia abre sus puertas con Feria Estudiantil de Emprendimiento\",\"datePublished\":\"2016-10-11T04:00:00+00:00\",\"dateModified\":\"2019-05-20T21:20:32+00:00\",\"mainEntityOfPage\":{\"@id\":\"https:\/\/explora.cl\/aysen\/liceo-agricola-de-la-patagonia-abre-sus-puertas-con-feria-estudiantil-de-emprendimiento\/\"},\"wordCount\":154,\"commentCount\":0,\"image\":{\"@id\":\"https:\/\/explora.cl\/aysen\/liceo-agricola-de-la-patagonia-abre-sus-puertas-con-feria-estudiantil-de-emprendimiento\/#primaryimage\"},\"thumbnailUrl\":\"https:\/\/explora.cl\/aysen\/wp-content\/uploads\/sites\/18\/2018\/06\/FERIAliceopatagonia.jpg\",\"articleSection\":[\"Noticias\"],\"inLanguage\":\"es-CL\",\"potentialAction\":[{\"@type\":\"CommentAction\",\"name\":\"Comment\",\"target\":[\"https:\/\/explora.cl\/aysen\/liceo-agricola-de-la-patagonia-abre-sus-puertas-con-feria-estudiantil-de-emprendimiento\/#respond\"]}]},{\"@type\":\"WebPage\",\"@id\":\"https:\/\/explora.cl\/aysen\/liceo-agricola-de-la-patagonia-abre-sus-puertas-con-feria-estudiantil-de-emprendimiento\/\",\"url\":\"https:\/\/explora.cl\/aysen\/liceo-agricola-de-la-patagonia-abre-sus-puertas-con-feria-estudiantil-de-emprendimiento\/\",\"name\":\"Liceo Agr\u00edcola de la Patagonia abre sus puertas con Feria Estudiantil de Emprendimiento - Aysen\",\"isPartOf\":{\"@id\":\"https:\/\/explora.cl\/aysen\/#website\"},\"primaryImageOfPage\":{\"@id\":\"https:\/\/explora.cl\/aysen\/liceo-agricola-de-la-patagonia-abre-sus-puertas-con-feria-estudiantil-de-emprendimiento\/#primaryimage\"},\"image\":{\"@id\":\"https:\/\/explora.cl\/aysen\/liceo-agricola-de-la-patagonia-abre-sus-puertas-con-feria-estudiantil-de-emprendimiento\/#primaryimage\"},\"thumbnailUrl\":\"https:\/\/explora.cl\/aysen\/wp-content\/uploads\/sites\/18\/2018\/06\/FERIAliceopatagonia.jpg\",\"datePublished\":\"2016-10-11T04:00:00+00:00\",\"dateModified\":\"2019-05-20T21:20:32+00:00\",\"author\":{\"@id\":\"https:\/\/explora.cl\/aysen\/#\/schema\/person\/cb8349c13ea2d324080adf8480d7ba5d\"},\"breadcrumb\":{\"@id\":\"https:\/\/explora.cl\/aysen\/liceo-agricola-de-la-patagonia-abre-sus-puertas-con-feria-estudiantil-de-emprendimiento\/#breadcrumb\"},\"inLanguage\":\"es-CL\",\"potentialAction\":[{\"@type\":\"ReadAction\",\"target\":[\"https:\/\/explora.cl\/aysen\/liceo-agricola-de-la-patagonia-abre-sus-puertas-con-feria-estudiantil-de-emprendimiento\/\"]}]},{\"@type\":\"ImageObject\",\"inLanguage\":\"es-CL\",\"@id\":\"https:\/\/explora.cl\/aysen\/liceo-agricola-de-la-patagonia-abre-sus-puertas-con-feria-estudiantil-de-emprendimiento\/#primaryimage\",\"url\":\"https:\/\/explora.cl\/aysen\/wp-content\/uploads\/sites\/18\/2018\/06\/FERIAliceopatagonia.jpg\",\"contentUrl\":\"https:\/\/explora.cl\/aysen\/wp-content\/uploads\/sites\/18\/2018\/06\/FERIAliceopatagonia.jpg\",\"width\":2000,\"height\":1500},{\"@type\":\"BreadcrumbList\",\"@id\":\"https:\/\/explora.cl\/aysen\/liceo-agricola-de-la-patagonia-abre-sus-puertas-con-feria-estudiantil-de-emprendimiento\/#breadcrumb\",\"itemListElement\":[{\"@type\":\"ListItem\",\"position\":1,\"name\":\"Portada\",\"item\":\"https:\/\/explora.cl\/aysen\/\"},{\"@type\":\"ListItem\",\"position\":2,\"name\":\"Liceo Agr\u00edcola de la Patagonia abre sus puertas con Feria Estudiantil de Emprendimiento\"}]},{\"@type\":\"WebSite\",\"@id\":\"https:\/\/explora.cl\/aysen\/#website\",\"url\":\"https:\/\/explora.cl\/aysen\/\",\"name\":\"Aysen\",\"description\":\"Otro sitio m\u00e1s de explora.cl\",\"potentialAction\":[{\"@type\":\"SearchAction\",\"target\":{\"@type\":\"EntryPoint\",\"urlTemplate\":\"https:\/\/explora.cl\/aysen\/?s={search_term_string}\"},\"query-input\":{\"@type\":\"PropertyValueSpecification\",\"valueRequired\":true,\"valueName\":\"search_term_string\"}}],\"inLanguage\":\"es-CL\"},{\"@type\":\"Person\",\"@id\":\"https:\/\/explora.cl\/aysen\/#\/schema\/person\/cb8349c13ea2d324080adf8480d7ba5d\",\"name\":\"webman\",\"image\":{\"@type\":\"ImageObject\",\"inLanguage\":\"es-CL\",\"@id\":\"https:\/\/explora.cl\/aysen\/#\/schema\/person\/image\/\",\"url\":\"https:\/\/secure.gravatar.com\/avatar\/eeff3c82f2c02f7177d13663b7e6f890e9a6a0647ce9bb29cae02dcb094c7312?s=96&d=mm&r=g\",\"contentUrl\":\"https:\/\/secure.gravatar.com\/avatar\/eeff3c82f2c02f7177d13663b7e6f890e9a6a0647ce9bb29cae02dcb094c7312?s=96&d=mm&r=g\",\"caption\":\"webman\"},\"url\":\"https:\/\/explora.cl\/aysen\/author\/webman\/\"}]}<\/script>\n<!-- \/ Yoast SEO plugin. -->","yoast_head_json":{"title":"Liceo Agr\u00edcola de la Patagonia abre sus puertas con Feria Estudiantil de Emprendimiento - Aysen","robots":{"index":"index","follow":"follow","max-snippet":"max-snippet:-1","max-image-preview":"max-image-preview:large","max-video-preview":"max-video-preview:-1"},"canonical":"https:\/\/explora.cl\/aysen\/liceo-agricola-de-la-patagonia-abre-sus-puertas-con-feria-estudiantil-de-emprendimiento\/","og_locale":"es_ES","og_type":"article","og_title":"Liceo Agr\u00edcola de la Patagonia abre sus puertas con Feria Estudiantil de Emprendimiento - Aysen","og_description":"El pr\u00f3ximo viernes 14 de octubre, entre las 10:00 y las 13:00 horas, se realizar\u00e1 la 2da Feria Estudiantil de Emprendimiento, organizada por el Liceo Agr\u00edcola de la Patagonia con apoyo de la Sociedad Nacional de Agricultura, SNA Educa, el Campus Patagonia de la Universidad Austral de Chile y \u00a0la ONG Canales. La Feria, que [&hellip;]","og_url":"https:\/\/explora.cl\/aysen\/liceo-agricola-de-la-patagonia-abre-sus-puertas-con-feria-estudiantil-de-emprendimiento\/","og_site_name":"Aysen","article_published_time":"2016-10-11T04:00:00+00:00","article_modified_time":"2019-05-20T21:20:32+00:00","og_image":[{"width":2000,"height":1500,"url":"https:\/\/explora.cl\/aysen\/wp-content\/uploads\/sites\/18\/2018\/06\/FERIAliceopatagonia.jpg","type":"image\/jpeg"}],"author":"webman","twitter_card":"summary_large_image","twitter_misc":{"Escrito por":"webman","Tiempo estimado de lectura":"1 minuto"},"schema":{"@context":"https:\/\/schema.org","@graph":[{"@type":"Article","@id":"https:\/\/explora.cl\/aysen\/liceo-agricola-de-la-patagonia-abre-sus-puertas-con-feria-estudiantil-de-emprendimiento\/#article","isPartOf":{"@id":"https:\/\/explora.cl\/aysen\/liceo-agricola-de-la-patagonia-abre-sus-puertas-con-feria-estudiantil-de-emprendimiento\/"},"author":{"name":"webman","@id":"https:\/\/explora.cl\/aysen\/#\/schema\/person\/cb8349c13ea2d324080adf8480d7ba5d"},"headline":"Liceo Agr\u00edcola de la Patagonia abre sus puertas con Feria Estudiantil de Emprendimiento","datePublished":"2016-10-11T04:00:00+00:00","dateModified":"2019-05-20T21:20:32+00:00","mainEntityOfPage":{"@id":"https:\/\/explora.cl\/aysen\/liceo-agricola-de-la-patagonia-abre-sus-puertas-con-feria-estudiantil-de-emprendimiento\/"},"wordCount":154,"commentCount":0,"image":{"@id":"https:\/\/explora.cl\/aysen\/liceo-agricola-de-la-patagonia-abre-sus-puertas-con-feria-estudiantil-de-emprendimiento\/#primaryimage"},"thumbnailUrl":"https:\/\/explora.cl\/aysen\/wp-content\/uploads\/sites\/18\/2018\/06\/FERIAliceopatagonia.jpg","articleSection":["Noticias"],"inLanguage":"es-CL","potentialAction":[{"@type":"CommentAction","name":"Comment","target":["https:\/\/explora.cl\/aysen\/liceo-agricola-de-la-patagonia-abre-sus-puertas-con-feria-estudiantil-de-emprendimiento\/#respond"]}]},{"@type":"WebPage","@id":"https:\/\/explora.cl\/aysen\/liceo-agricola-de-la-patagonia-abre-sus-puertas-con-feria-estudiantil-de-emprendimiento\/","url":"https:\/\/explora.cl\/aysen\/liceo-agricola-de-la-patagonia-abre-sus-puertas-con-feria-estudiantil-de-emprendimiento\/","name":"Liceo Agr\u00edcola de la Patagonia abre sus puertas con Feria Estudiantil de Emprendimiento - Aysen","isPartOf":{"@id":"https:\/\/explora.cl\/aysen\/#website"},"primaryImageOfPage":{"@id":"https:\/\/explora.cl\/aysen\/liceo-agricola-de-la-patagonia-abre-sus-puertas-con-feria-estudiantil-de-emprendimiento\/#primaryimage"},"image":{"@id":"https:\/\/explora.cl\/aysen\/liceo-agricola-de-la-patagonia-abre-sus-puertas-con-feria-estudiantil-de-emprendimiento\/#primaryimage"},"thumbnailUrl":"https:\/\/explora.cl\/aysen\/wp-content\/uploads\/sites\/18\/2018\/06\/FERIAliceopatagonia.jpg","datePublished":"2016-10-11T04:00:00+00:00","dateModified":"2019-05-20T21:20:32+00:00","author":{"@id":"https:\/\/explora.cl\/aysen\/#\/schema\/person\/cb8349c13ea2d324080adf8480d7ba5d"},"breadcrumb":{"@id":"https:\/\/explora.cl\/aysen\/liceo-agricola-de-la-patagonia-abre-sus-puertas-con-feria-estudiantil-de-emprendimiento\/#breadcrumb"},"inLanguage":"es-CL","potentialAction":[{"@type":"ReadAction","target":["https:\/\/explora.cl\/aysen\/liceo-agricola-de-la-patagonia-abre-sus-puertas-con-feria-estudiantil-de-emprendimiento\/"]}]},{"@type":"ImageObject","inLanguage":"es-CL","@id":"https:\/\/explora.cl\/aysen\/liceo-agricola-de-la-patagonia-abre-sus-puertas-con-feria-estudiantil-de-emprendimiento\/#primaryimage","url":"https:\/\/explora.cl\/aysen\/wp-content\/uploads\/sites\/18\/2018\/06\/FERIAliceopatagonia.jpg","contentUrl":"https:\/\/explora.cl\/aysen\/wp-content\/uploads\/sites\/18\/2018\/06\/FERIAliceopatagonia.jpg","width":2000,"height":1500},{"@type":"BreadcrumbList","@id":"https:\/\/explora.cl\/aysen\/liceo-agricola-de-la-patagonia-abre-sus-puertas-con-feria-estudiantil-de-emprendimiento\/#breadcrumb","itemListElement":[{"@type":"ListItem","position":1,"name":"Portada","item":"https:\/\/explora.cl\/aysen\/"},{"@type":"ListItem","position":2,"name":"Liceo Agr\u00edcola de la Patagonia abre sus puertas con Feria Estudiantil de Emprendimiento"}]},{"@type":"WebSite","@id":"https:\/\/explora.cl\/aysen\/#website","url":"https:\/\/explora.cl\/aysen\/","name":"Aysen","description":"Otro sitio m\u00e1s de explora.cl","potentialAction":[{"@type":"SearchAction","target":{"@type":"EntryPoint","urlTemplate":"https:\/\/explora.cl\/aysen\/?s={search_term_string}"},"query-input":{"@type":"PropertyValueSpecification","valueRequired":true,"valueName":"search_term_string"}}],"inLanguage":"es-CL"},{"@type":"Person","@id":"https:\/\/explora.cl\/aysen\/#\/schema\/person\/cb8349c13ea2d324080adf8480d7ba5d","name":"webman","image":{"@type":"ImageObject","inLanguage":"es-CL","@id":"https:\/\/explora.cl\/aysen\/#\/schema\/person\/image\/","url":"https:\/\/secure.gravatar.com\/avatar\/eeff3c82f2c02f7177d13663b7e6f890e9a6a0647ce9bb29cae02dcb094c7312?s=96&d=mm&r=g","contentUrl":"https:\/\/secure.gravatar.com\/avatar\/eeff3c82f2c02f7177d13663b7e6f890e9a6a0647ce9bb29cae02dcb094c7312?s=96&d=mm&r=g","caption":"webman"},"url":"https:\/\/explora.cl\/aysen\/author\/webman\/"}]}},"_links":{"self":[{"href":"https:\/\/explora.cl\/aysen\/wp-json\/wp\/v2\/posts\/598","targetHints":{"allow":["GET"]}}],"collection":[{"href":"https:\/\/explora.cl\/aysen\/wp-json\/wp\/v2\/posts"}],"about":[{"href":"https:\/\/explora.cl\/aysen\/wp-json\/wp\/v2\/types\/post"}],"author":[{"embeddable":true,"href":"https:\/\/explora.cl\/aysen\/wp-json\/wp\/v2\/users\/2"}],"replies":[{"embeddable":true,"href":"https:\/\/explora.cl\/aysen\/wp-json\/wp\/v2\/comments?post=598"}],"version-history":[{"count":1,"href":"https:\/\/explora.cl\/aysen\/wp-json\/wp\/v2\/posts\/598\/revisions"}],"predecessor-version":[{"id":37196,"href":"https:\/\/explora.cl\/aysen\/wp-json\/wp\/v2\/posts\/598\/revisions\/37196"}],"wp:featuredmedia":[{"embeddable":true,"href":"https:\/\/explora.cl\/aysen\/wp-json\/wp\/v2\/media\/599"}],"wp:attachment":[{"href":"https:\/\/explora.cl\/aysen\/wp-json\/wp\/v2\/media?parent=598"}],"wp:term":[{"taxonomy":"category","embeddable":true,"href":"https:\/\/explora.cl\/aysen\/wp-json\/wp\/v2\/categories?post=598"},{"taxonomy":"post_tag","embeddable":true,"href":"https:\/\/explora.cl\/aysen\/wp-json\/wp\/v2\/tags?post=598"}],"curies":[{"name":"wp","href":"https:\/\/api.w.org\/{rel}","templated":true}]}}