{"id":591,"date":"2016-10-06T00:00:00","date_gmt":"2016-10-06T04:00:00","guid":{"rendered":"https:\/\/explora.cl\/aysen\/blog\/2016\/10\/06\/con-intervenciones-artisticas-y-actividades-educativas-se-celebro-la-ciencia-sale-a-la-calle\/"},"modified":"2019-05-20T21:20:33","modified_gmt":"2019-05-20T21:20:33","slug":"con-intervenciones-artisticas-y-actividades-educativas-se-celebro-la-ciencia-sale-a-la-calle","status":"publish","type":"post","link":"https:\/\/explora.cl\/aysen\/con-intervenciones-artisticas-y-actividades-educativas-se-celebro-la-ciencia-sale-a-la-calle\/","title":{"rendered":"Con intervenciones art\u00edsticas y actividades educativas se celebr\u00f3 \u201cLa Ciencia sale a la Calle\u201d\u00a0"},"content":{"rendered":"<p><img fetchpriority=\"high\" decoding=\"async\" class=\" alignright size-full wp-image-21321\" style=\"float: right\" src=\"http:\/\/ec2-54-245-22-188.us-west-2.compute.amazonaws.com\/wp-content\/uploads\/2016\/10\/cienciasalecalle01.jpg\" alt=\"\" width=\"417\" height=\"281\" \/>Decenas de entretenidos talleres, cuenta cuentos, presentaciones circenses y una serie de stands en torno a tem\u00e1ticas de ciencia y tecnolog\u00eda, se tomaron el coraz\u00f3n de la Plaza de Armas de Coyhaique &#8211; el mi\u00e9rcoles 5 de octubre- para celebrar la XXII Semana Nacional de la Ciencia y la Tecnolog\u00eda, organizada por el Programa Explora.<\/p>\n<p>La iniciativa, denominada \u201cLa Ciencia sale a la Calle\u201d, congreg\u00f3 a cientos de escolares y p\u00fablico general de la Regi\u00f3n alrededor de la biomim\u00e9tica, disciplina cient\u00edfica que inspira su trabajo en la observaci\u00f3n de la naturaleza.<\/p>\n<p>\u201cEsta es una invitaci\u00f3n a ver la ciencia y la tecnolog\u00eda desde una mirada m\u00e1s cercana, fuera de los laboratorios y en torno a una tem\u00e1tica que invita a observar nuestro entorno. Nuestra Regi\u00f3n cuenta con un entorno natural privilegiado, \u00a0y en ese sentido es relevante que las nuevas generaciones comprendan la importancia de la observaci\u00f3n y de la curiosidad\u201d se\u00f1al\u00f3 Marisol Barr\u00eda, directora del PAR Explora de CONICYT Regi\u00f3n de Ays\u00e9n, organizadora de la actividad.<\/p>\n<p>Durante la jornada, se realiz\u00f3 un colorido concurso de m\u00e1scaras, cuya elaboraci\u00f3n y dise\u00f1o estuvo a cargo de ni\u00f1os y ni\u00f1as de jardines infantiles y primer ciclo b\u00e1sico de la Regi\u00f3n, quienes tuvieron el desaf\u00edo de aludir diferentes fuentes de inspiraci\u00f3n biomim\u00e9tica. El primer lugar fue para los representantes de prekinder del Colegio Campo de Hielo, quienes lucieron m\u00e1scaras inspiradas en panales de abeja y otras que rescataban la mimetizaci\u00f3n de las mariposas.<\/p>\n<p>\u201cPara crear estas m\u00e1scaras revisamos e investigamos en internet, y la verdad es que nos sirvi\u00f3 para darnos cuenta de que estamos mucho m\u00e1s cercanos de la ciencia de lo que creemos\u201d se\u00f1al\u00f3 la Educadora de P\u00e1rvulos Roc\u00edo Montiel, del establecimiento ganador.<\/p>\n<p><img decoding=\"async\" class=\" alignright size-full wp-image-21322\" style=\"float: right\" src=\"http:\/\/ec2-54-245-22-188.us-west-2.compute.amazonaws.com\/wp-content\/uploads\/2016\/10\/cienciasalecalle02.jpg\" alt=\"\" width=\"415\" height=\"276\" \/>Otra de las actividades que cautiv\u00f3 a los asistentes estuvo a cargo de la Escuela de Pedagog\u00eda del Campus Patagonia de la Universidad Austral de Chile. Se trat\u00f3 de cuenta cuentos que abordaron la historia del descubrimiento del velcro y la estructura del tren bala japon\u00e9s. Adem\u00e1s, la carrera de Bachillerato en Ciencias y Recursos Naturales de la misma casa de estudios, lider\u00f3 observaciones a trav\u00e9s de microscopios, con el objetivo de que los asistentes comprendieran la fortaleza estructural de los panales de abeja y aspectos de adherencia en moluscos y cardillos.\u00a0<\/p>\n<p>\u201cLa actividad me pareci\u00f3 maravillosa. Lo que m\u00e1s me ha gustado de este paseo es que he aprendido mucho de las ara\u00f1as y las cosas que se hacen copiando las telara\u00f1as\u201d se\u00f1al\u00f3 Sof\u00eda, estudiante de 2do a\u00f1o b\u00e1sico de la Escuela Pedro Quintana Mansilla.<\/p>\n<p>Tambi\u00e9n estuvo presente el Programa de Control y Prevenci\u00f3n de Hidatidosis de la UACh, quienes participaron con el objetivo de concientizar a los\/as asistentes sobre los riesgos de esta enfermedad.<\/p>\n<p>\u201cLa Ciencia sale a la Calle\u201d cont\u00f3 con la visita del Intendente Regional, Jorge Calder\u00f3n, de la SEREMI del Medio Ambiente, Susana Figueroa, del SEREMI de Econom\u00eda Mark Buscaglia, y del Director del Campus Patagonia de la UACh, Arturo Escobar.<\/p>\n<ul>\n<li><a href=\"https:\/\/www.facebook.com\/exploraysen\/photos\/?tab=album&amp;album_id=1781729275417961\" target=\"_blank\" rel=\"noopener noreferrer\">Ver fotograf\u00edas de la actividad<\/a><\/li>\n<\/ul>\n","protected":false},"excerpt":{"rendered":"<p>Decenas de entretenidos talleres, cuenta cuentos, presentaciones circenses y una serie de stands en torno a tem\u00e1ticas de ciencia y tecnolog\u00eda, se tomaron el coraz\u00f3n de la Plaza de Armas de Coyhaique &#8211; el mi\u00e9rcoles 5 de octubre- para celebrar la XXII Semana Nacional de la Ciencia y la Tecnolog\u00eda, organizada por el Programa Explora. [&hellip;]<\/p>\n","protected":false},"author":2,"featured_media":592,"comment_status":"open","ping_status":"open","sticky":false,"template":"","format":"standard","meta":{"_acf_changed":false,"_exactmetrics_skip_tracking":false,"_exactmetrics_sitenote_active":false,"_exactmetrics_sitenote_note":"","_exactmetrics_sitenote_category":0,"footnotes":"","_links_to":"","_links_to_target":""},"categories":[4],"tags":[],"class_list":["post-591","post","type-post","status-publish","format-standard","has-post-thumbnail","hentry","category-noticias"],"acf":[],"yoast_head":"<!-- This site is optimized with the Yoast SEO plugin v26.9 - https:\/\/yoast.com\/product\/yoast-seo-wordpress\/ -->\n<title>Con intervenciones art\u00edsticas y actividades educativas se celebr\u00f3 \u201cLa Ciencia sale a la Calle\u201d\u00a0 - Aysen<\/title>\n<meta name=\"robots\" content=\"index, follow, max-snippet:-1, max-image-preview:large, max-video-preview:-1\" \/>\n<link rel=\"canonical\" href=\"https:\/\/explora.cl\/aysen\/con-intervenciones-artisticas-y-actividades-educativas-se-celebro-la-ciencia-sale-a-la-calle\/\" class=\"yoast-seo-meta-tag\" \/>\n<meta property=\"og:locale\" content=\"es_ES\" class=\"yoast-seo-meta-tag\" \/>\n<meta property=\"og:type\" content=\"article\" class=\"yoast-seo-meta-tag\" \/>\n<meta property=\"og:title\" content=\"Con intervenciones art\u00edsticas y actividades educativas se celebr\u00f3 \u201cLa Ciencia sale a la Calle\u201d\u00a0 - Aysen\" class=\"yoast-seo-meta-tag\" \/>\n<meta property=\"og:description\" content=\"Decenas de entretenidos talleres, cuenta cuentos, presentaciones circenses y una serie de stands en torno a tem\u00e1ticas de ciencia y tecnolog\u00eda, se tomaron el coraz\u00f3n de la Plaza de Armas de Coyhaique &#8211; el mi\u00e9rcoles 5 de octubre- para celebrar la XXII Semana Nacional de la Ciencia y la Tecnolog\u00eda, organizada por el Programa Explora. [&hellip;]\" class=\"yoast-seo-meta-tag\" \/>\n<meta property=\"og:url\" content=\"https:\/\/explora.cl\/aysen\/con-intervenciones-artisticas-y-actividades-educativas-se-celebro-la-ciencia-sale-a-la-calle\/\" class=\"yoast-seo-meta-tag\" \/>\n<meta property=\"og:site_name\" content=\"Aysen\" class=\"yoast-seo-meta-tag\" \/>\n<meta property=\"article:published_time\" content=\"2016-10-06T04:00:00+00:00\" class=\"yoast-seo-meta-tag\" \/>\n<meta property=\"article:modified_time\" content=\"2019-05-20T21:20:33+00:00\" class=\"yoast-seo-meta-tag\" \/>\n<meta property=\"og:image\" content=\"https:\/\/explora.cl\/aysen\/wp-content\/uploads\/sites\/18\/2018\/06\/14589713_1781761018748120_6934541346475966908_o.jpg\" class=\"yoast-seo-meta-tag\" \/>\n\t<meta property=\"og:image:width\" content=\"1048\" class=\"yoast-seo-meta-tag\" \/>\n\t<meta property=\"og:image:height\" content=\"647\" class=\"yoast-seo-meta-tag\" \/>\n\t<meta property=\"og:image:type\" content=\"image\/jpeg\" class=\"yoast-seo-meta-tag\" \/>\n<meta name=\"author\" content=\"webman\" class=\"yoast-seo-meta-tag\" \/>\n<meta name=\"twitter:card\" content=\"summary_large_image\" class=\"yoast-seo-meta-tag\" \/>\n<meta name=\"twitter:label1\" content=\"Escrito por\" class=\"yoast-seo-meta-tag\" \/>\n\t<meta name=\"twitter:data1\" content=\"webman\" class=\"yoast-seo-meta-tag\" \/>\n\t<meta name=\"twitter:label2\" content=\"Tiempo estimado de lectura\" class=\"yoast-seo-meta-tag\" \/>\n\t<meta name=\"twitter:data2\" content=\"3 minutos\" class=\"yoast-seo-meta-tag\" \/>\n<script type=\"application\/ld+json\" class=\"yoast-schema-graph\">{\"@context\":\"https:\/\/schema.org\",\"@graph\":[{\"@type\":\"Article\",\"@id\":\"https:\/\/explora.cl\/aysen\/con-intervenciones-artisticas-y-actividades-educativas-se-celebro-la-ciencia-sale-a-la-calle\/#article\",\"isPartOf\":{\"@id\":\"https:\/\/explora.cl\/aysen\/con-intervenciones-artisticas-y-actividades-educativas-se-celebro-la-ciencia-sale-a-la-calle\/\"},\"author\":{\"name\":\"webman\",\"@id\":\"https:\/\/explora.cl\/aysen\/#\/schema\/person\/cb8349c13ea2d324080adf8480d7ba5d\"},\"headline\":\"Con intervenciones art\u00edsticas y actividades educativas se celebr\u00f3 \u201cLa Ciencia sale a la Calle\u201d\u00a0\",\"datePublished\":\"2016-10-06T04:00:00+00:00\",\"dateModified\":\"2019-05-20T21:20:33+00:00\",\"mainEntityOfPage\":{\"@id\":\"https:\/\/explora.cl\/aysen\/con-intervenciones-artisticas-y-actividades-educativas-se-celebro-la-ciencia-sale-a-la-calle\/\"},\"wordCount\":561,\"commentCount\":0,\"image\":{\"@id\":\"https:\/\/explora.cl\/aysen\/con-intervenciones-artisticas-y-actividades-educativas-se-celebro-la-ciencia-sale-a-la-calle\/#primaryimage\"},\"thumbnailUrl\":\"https:\/\/explora.cl\/aysen\/wp-content\/uploads\/sites\/18\/2018\/06\/14589713_1781761018748120_6934541346475966908_o.jpg\",\"articleSection\":[\"Noticias\"],\"inLanguage\":\"es-CL\",\"potentialAction\":[{\"@type\":\"CommentAction\",\"name\":\"Comment\",\"target\":[\"https:\/\/explora.cl\/aysen\/con-intervenciones-artisticas-y-actividades-educativas-se-celebro-la-ciencia-sale-a-la-calle\/#respond\"]}]},{\"@type\":\"WebPage\",\"@id\":\"https:\/\/explora.cl\/aysen\/con-intervenciones-artisticas-y-actividades-educativas-se-celebro-la-ciencia-sale-a-la-calle\/\",\"url\":\"https:\/\/explora.cl\/aysen\/con-intervenciones-artisticas-y-actividades-educativas-se-celebro-la-ciencia-sale-a-la-calle\/\",\"name\":\"Con intervenciones art\u00edsticas y actividades educativas se celebr\u00f3 \u201cLa Ciencia sale a la Calle\u201d\u00a0 - Aysen\",\"isPartOf\":{\"@id\":\"https:\/\/explora.cl\/aysen\/#website\"},\"primaryImageOfPage\":{\"@id\":\"https:\/\/explora.cl\/aysen\/con-intervenciones-artisticas-y-actividades-educativas-se-celebro-la-ciencia-sale-a-la-calle\/#primaryimage\"},\"image\":{\"@id\":\"https:\/\/explora.cl\/aysen\/con-intervenciones-artisticas-y-actividades-educativas-se-celebro-la-ciencia-sale-a-la-calle\/#primaryimage\"},\"thumbnailUrl\":\"https:\/\/explora.cl\/aysen\/wp-content\/uploads\/sites\/18\/2018\/06\/14589713_1781761018748120_6934541346475966908_o.jpg\",\"datePublished\":\"2016-10-06T04:00:00+00:00\",\"dateModified\":\"2019-05-20T21:20:33+00:00\",\"author\":{\"@id\":\"https:\/\/explora.cl\/aysen\/#\/schema\/person\/cb8349c13ea2d324080adf8480d7ba5d\"},\"breadcrumb\":{\"@id\":\"https:\/\/explora.cl\/aysen\/con-intervenciones-artisticas-y-actividades-educativas-se-celebro-la-ciencia-sale-a-la-calle\/#breadcrumb\"},\"inLanguage\":\"es-CL\",\"potentialAction\":[{\"@type\":\"ReadAction\",\"target\":[\"https:\/\/explora.cl\/aysen\/con-intervenciones-artisticas-y-actividades-educativas-se-celebro-la-ciencia-sale-a-la-calle\/\"]}]},{\"@type\":\"ImageObject\",\"inLanguage\":\"es-CL\",\"@id\":\"https:\/\/explora.cl\/aysen\/con-intervenciones-artisticas-y-actividades-educativas-se-celebro-la-ciencia-sale-a-la-calle\/#primaryimage\",\"url\":\"https:\/\/explora.cl\/aysen\/wp-content\/uploads\/sites\/18\/2018\/06\/14589713_1781761018748120_6934541346475966908_o.jpg\",\"contentUrl\":\"https:\/\/explora.cl\/aysen\/wp-content\/uploads\/sites\/18\/2018\/06\/14589713_1781761018748120_6934541346475966908_o.jpg\",\"width\":1048,\"height\":647},{\"@type\":\"BreadcrumbList\",\"@id\":\"https:\/\/explora.cl\/aysen\/con-intervenciones-artisticas-y-actividades-educativas-se-celebro-la-ciencia-sale-a-la-calle\/#breadcrumb\",\"itemListElement\":[{\"@type\":\"ListItem\",\"position\":1,\"name\":\"Portada\",\"item\":\"https:\/\/explora.cl\/aysen\/\"},{\"@type\":\"ListItem\",\"position\":2,\"name\":\"Con intervenciones art\u00edsticas y actividades educativas se celebr\u00f3 \u201cLa Ciencia sale a la Calle\u201d\u00a0\"}]},{\"@type\":\"WebSite\",\"@id\":\"https:\/\/explora.cl\/aysen\/#website\",\"url\":\"https:\/\/explora.cl\/aysen\/\",\"name\":\"Aysen\",\"description\":\"Otro sitio m\u00e1s de explora.cl\",\"potentialAction\":[{\"@type\":\"SearchAction\",\"target\":{\"@type\":\"EntryPoint\",\"urlTemplate\":\"https:\/\/explora.cl\/aysen\/?s={search_term_string}\"},\"query-input\":{\"@type\":\"PropertyValueSpecification\",\"valueRequired\":true,\"valueName\":\"search_term_string\"}}],\"inLanguage\":\"es-CL\"},{\"@type\":\"Person\",\"@id\":\"https:\/\/explora.cl\/aysen\/#\/schema\/person\/cb8349c13ea2d324080adf8480d7ba5d\",\"name\":\"webman\",\"image\":{\"@type\":\"ImageObject\",\"inLanguage\":\"es-CL\",\"@id\":\"https:\/\/explora.cl\/aysen\/#\/schema\/person\/image\/\",\"url\":\"https:\/\/secure.gravatar.com\/avatar\/eeff3c82f2c02f7177d13663b7e6f890e9a6a0647ce9bb29cae02dcb094c7312?s=96&d=mm&r=g\",\"contentUrl\":\"https:\/\/secure.gravatar.com\/avatar\/eeff3c82f2c02f7177d13663b7e6f890e9a6a0647ce9bb29cae02dcb094c7312?s=96&d=mm&r=g\",\"caption\":\"webman\"},\"url\":\"https:\/\/explora.cl\/aysen\/author\/webman\/\"}]}<\/script>\n<!-- \/ Yoast SEO plugin. -->","yoast_head_json":{"title":"Con intervenciones art\u00edsticas y actividades educativas se celebr\u00f3 \u201cLa Ciencia sale a la Calle\u201d\u00a0 - Aysen","robots":{"index":"index","follow":"follow","max-snippet":"max-snippet:-1","max-image-preview":"max-image-preview:large","max-video-preview":"max-video-preview:-1"},"canonical":"https:\/\/explora.cl\/aysen\/con-intervenciones-artisticas-y-actividades-educativas-se-celebro-la-ciencia-sale-a-la-calle\/","og_locale":"es_ES","og_type":"article","og_title":"Con intervenciones art\u00edsticas y actividades educativas se celebr\u00f3 \u201cLa Ciencia sale a la Calle\u201d\u00a0 - Aysen","og_description":"Decenas de entretenidos talleres, cuenta cuentos, presentaciones circenses y una serie de stands en torno a tem\u00e1ticas de ciencia y tecnolog\u00eda, se tomaron el coraz\u00f3n de la Plaza de Armas de Coyhaique &#8211; el mi\u00e9rcoles 5 de octubre- para celebrar la XXII Semana Nacional de la Ciencia y la Tecnolog\u00eda, organizada por el Programa Explora. [&hellip;]","og_url":"https:\/\/explora.cl\/aysen\/con-intervenciones-artisticas-y-actividades-educativas-se-celebro-la-ciencia-sale-a-la-calle\/","og_site_name":"Aysen","article_published_time":"2016-10-06T04:00:00+00:00","article_modified_time":"2019-05-20T21:20:33+00:00","og_image":[{"width":1048,"height":647,"url":"https:\/\/explora.cl\/aysen\/wp-content\/uploads\/sites\/18\/2018\/06\/14589713_1781761018748120_6934541346475966908_o.jpg","type":"image\/jpeg"}],"author":"webman","twitter_card":"summary_large_image","twitter_misc":{"Escrito por":"webman","Tiempo estimado de lectura":"3 minutos"},"schema":{"@context":"https:\/\/schema.org","@graph":[{"@type":"Article","@id":"https:\/\/explora.cl\/aysen\/con-intervenciones-artisticas-y-actividades-educativas-se-celebro-la-ciencia-sale-a-la-calle\/#article","isPartOf":{"@id":"https:\/\/explora.cl\/aysen\/con-intervenciones-artisticas-y-actividades-educativas-se-celebro-la-ciencia-sale-a-la-calle\/"},"author":{"name":"webman","@id":"https:\/\/explora.cl\/aysen\/#\/schema\/person\/cb8349c13ea2d324080adf8480d7ba5d"},"headline":"Con intervenciones art\u00edsticas y actividades educativas se celebr\u00f3 \u201cLa Ciencia sale a la Calle\u201d\u00a0","datePublished":"2016-10-06T04:00:00+00:00","dateModified":"2019-05-20T21:20:33+00:00","mainEntityOfPage":{"@id":"https:\/\/explora.cl\/aysen\/con-intervenciones-artisticas-y-actividades-educativas-se-celebro-la-ciencia-sale-a-la-calle\/"},"wordCount":561,"commentCount":0,"image":{"@id":"https:\/\/explora.cl\/aysen\/con-intervenciones-artisticas-y-actividades-educativas-se-celebro-la-ciencia-sale-a-la-calle\/#primaryimage"},"thumbnailUrl":"https:\/\/explora.cl\/aysen\/wp-content\/uploads\/sites\/18\/2018\/06\/14589713_1781761018748120_6934541346475966908_o.jpg","articleSection":["Noticias"],"inLanguage":"es-CL","potentialAction":[{"@type":"CommentAction","name":"Comment","target":["https:\/\/explora.cl\/aysen\/con-intervenciones-artisticas-y-actividades-educativas-se-celebro-la-ciencia-sale-a-la-calle\/#respond"]}]},{"@type":"WebPage","@id":"https:\/\/explora.cl\/aysen\/con-intervenciones-artisticas-y-actividades-educativas-se-celebro-la-ciencia-sale-a-la-calle\/","url":"https:\/\/explora.cl\/aysen\/con-intervenciones-artisticas-y-actividades-educativas-se-celebro-la-ciencia-sale-a-la-calle\/","name":"Con intervenciones art\u00edsticas y actividades educativas se celebr\u00f3 \u201cLa Ciencia sale a la Calle\u201d\u00a0 - Aysen","isPartOf":{"@id":"https:\/\/explora.cl\/aysen\/#website"},"primaryImageOfPage":{"@id":"https:\/\/explora.cl\/aysen\/con-intervenciones-artisticas-y-actividades-educativas-se-celebro-la-ciencia-sale-a-la-calle\/#primaryimage"},"image":{"@id":"https:\/\/explora.cl\/aysen\/con-intervenciones-artisticas-y-actividades-educativas-se-celebro-la-ciencia-sale-a-la-calle\/#primaryimage"},"thumbnailUrl":"https:\/\/explora.cl\/aysen\/wp-content\/uploads\/sites\/18\/2018\/06\/14589713_1781761018748120_6934541346475966908_o.jpg","datePublished":"2016-10-06T04:00:00+00:00","dateModified":"2019-05-20T21:20:33+00:00","author":{"@id":"https:\/\/explora.cl\/aysen\/#\/schema\/person\/cb8349c13ea2d324080adf8480d7ba5d"},"breadcrumb":{"@id":"https:\/\/explora.cl\/aysen\/con-intervenciones-artisticas-y-actividades-educativas-se-celebro-la-ciencia-sale-a-la-calle\/#breadcrumb"},"inLanguage":"es-CL","potentialAction":[{"@type":"ReadAction","target":["https:\/\/explora.cl\/aysen\/con-intervenciones-artisticas-y-actividades-educativas-se-celebro-la-ciencia-sale-a-la-calle\/"]}]},{"@type":"ImageObject","inLanguage":"es-CL","@id":"https:\/\/explora.cl\/aysen\/con-intervenciones-artisticas-y-actividades-educativas-se-celebro-la-ciencia-sale-a-la-calle\/#primaryimage","url":"https:\/\/explora.cl\/aysen\/wp-content\/uploads\/sites\/18\/2018\/06\/14589713_1781761018748120_6934541346475966908_o.jpg","contentUrl":"https:\/\/explora.cl\/aysen\/wp-content\/uploads\/sites\/18\/2018\/06\/14589713_1781761018748120_6934541346475966908_o.jpg","width":1048,"height":647},{"@type":"BreadcrumbList","@id":"https:\/\/explora.cl\/aysen\/con-intervenciones-artisticas-y-actividades-educativas-se-celebro-la-ciencia-sale-a-la-calle\/#breadcrumb","itemListElement":[{"@type":"ListItem","position":1,"name":"Portada","item":"https:\/\/explora.cl\/aysen\/"},{"@type":"ListItem","position":2,"name":"Con intervenciones art\u00edsticas y actividades educativas se celebr\u00f3 \u201cLa Ciencia sale a la Calle\u201d\u00a0"}]},{"@type":"WebSite","@id":"https:\/\/explora.cl\/aysen\/#website","url":"https:\/\/explora.cl\/aysen\/","name":"Aysen","description":"Otro sitio m\u00e1s de explora.cl","potentialAction":[{"@type":"SearchAction","target":{"@type":"EntryPoint","urlTemplate":"https:\/\/explora.cl\/aysen\/?s={search_term_string}"},"query-input":{"@type":"PropertyValueSpecification","valueRequired":true,"valueName":"search_term_string"}}],"inLanguage":"es-CL"},{"@type":"Person","@id":"https:\/\/explora.cl\/aysen\/#\/schema\/person\/cb8349c13ea2d324080adf8480d7ba5d","name":"webman","image":{"@type":"ImageObject","inLanguage":"es-CL","@id":"https:\/\/explora.cl\/aysen\/#\/schema\/person\/image\/","url":"https:\/\/secure.gravatar.com\/avatar\/eeff3c82f2c02f7177d13663b7e6f890e9a6a0647ce9bb29cae02dcb094c7312?s=96&d=mm&r=g","contentUrl":"https:\/\/secure.gravatar.com\/avatar\/eeff3c82f2c02f7177d13663b7e6f890e9a6a0647ce9bb29cae02dcb094c7312?s=96&d=mm&r=g","caption":"webman"},"url":"https:\/\/explora.cl\/aysen\/author\/webman\/"}]}},"_links":{"self":[{"href":"https:\/\/explora.cl\/aysen\/wp-json\/wp\/v2\/posts\/591","targetHints":{"allow":["GET"]}}],"collection":[{"href":"https:\/\/explora.cl\/aysen\/wp-json\/wp\/v2\/posts"}],"about":[{"href":"https:\/\/explora.cl\/aysen\/wp-json\/wp\/v2\/types\/post"}],"author":[{"embeddable":true,"href":"https:\/\/explora.cl\/aysen\/wp-json\/wp\/v2\/users\/2"}],"replies":[{"embeddable":true,"href":"https:\/\/explora.cl\/aysen\/wp-json\/wp\/v2\/comments?post=591"}],"version-history":[{"count":1,"href":"https:\/\/explora.cl\/aysen\/wp-json\/wp\/v2\/posts\/591\/revisions"}],"predecessor-version":[{"id":37197,"href":"https:\/\/explora.cl\/aysen\/wp-json\/wp\/v2\/posts\/591\/revisions\/37197"}],"wp:featuredmedia":[{"embeddable":true,"href":"https:\/\/explora.cl\/aysen\/wp-json\/wp\/v2\/media\/592"}],"wp:attachment":[{"href":"https:\/\/explora.cl\/aysen\/wp-json\/wp\/v2\/media?parent=591"}],"wp:term":[{"taxonomy":"category","embeddable":true,"href":"https:\/\/explora.cl\/aysen\/wp-json\/wp\/v2\/categories?post=591"},{"taxonomy":"post_tag","embeddable":true,"href":"https:\/\/explora.cl\/aysen\/wp-json\/wp\/v2\/tags?post=591"}],"curies":[{"name":"wp","href":"https:\/\/api.w.org\/{rel}","templated":true}]}}