{"id":586,"date":"2016-10-03T00:00:00","date_gmt":"2016-10-03T04:00:00","guid":{"rendered":"https:\/\/explora.cl\/aysen\/blog\/2016\/10\/03\/comunidad-escolar-del-colegio-alborada-celebro-1er-concurso-cientifico\/"},"modified":"2019-05-20T21:20:33","modified_gmt":"2019-05-20T21:20:33","slug":"comunidad-escolar-del-colegio-alborada-celebro-1er-concurso-cientifico","status":"publish","type":"post","link":"https:\/\/explora.cl\/aysen\/comunidad-escolar-del-colegio-alborada-celebro-1er-concurso-cientifico\/","title":{"rendered":"Comunidad escolar del Colegio Alborada celebr\u00f3 \u201c1er Concurso Cient\u00edfico\u201d"},"content":{"rendered":"<p><img fetchpriority=\"high\" decoding=\"async\" class=\" alignright size-full wp-image-21038\" style=\"float: right\" src=\"http:\/\/ec2-54-245-22-188.us-west-2.compute.amazonaws.com\/wp-content\/uploads\/2016\/10\/concurso-alborada-cs2016-2.jpg\" alt=\"\" width=\"410\" height=\"273\" \/>Estudiantes de todos los niveles educativos participaron el viernes 30 de septiembre en el \u201c1er Concurso Cient\u00edfico\u201d organizado por el Colegio Alborada de Coyhaique. La iniciativa, de car\u00e1cter interno, reuni\u00f3 a buena parte de la comunidad escolar del establecimiento en torno a diversos experimentos y presentaciones art\u00edsticas de enfoque ecol\u00f3gico.<\/p>\n<p>\u201cTratamos de incentivar el pensamiento cr\u00edtico. M\u00e1s que el experimento, lo que queremos es que los estudiantes sean capaces de armar una exposici\u00f3n y explicar de forma clara. Esta es la primera vez que se hace y hay muchas cosas por agregar, pero la idea es poder darle continuidad\u201d se\u00f1al\u00f3 el organizador Tom\u00e1s Ram\u00edrez, profesor de Ciencias Naturales y Biolog\u00eda.<\/p>\n<p>En el Concurso participaron equipos escolares desde 7mo b\u00e1sico hasta 4to medio, obteniendo el primer lugar las estudiantes de 2do medio, quienes realizaron su presentaci\u00f3n explicando el comportamiento de los fluidos no newtonianos.<\/p>\n<p>En dicho contexto, ni\u00f1os y ni\u00f1as del Taller de Ciencias Inicial del establecimiento animaron a los\/as asistentes mediante un espect\u00e1culo din\u00e1mico y reflexivo. Mientras que alumnos\/as del Segundo Nivel de Transici\u00f3n dramatizaron el cuento \u201cLa vida de una bolsa de pl\u00e1stico\u201d; peque\u00f1os raperos y raperas de 3ero b\u00e1sico abordaron con entretenidas rimas la problem\u00e1tica de la basura y el reciclaje, acompa\u00f1ados de pintores\/as de cuarto b\u00e1sico que entregaron un mensaje de conciencia ambiental a trav\u00e9s del dise\u00f1o y la exhibici\u00f3n de pancartas.<\/p>\n<p>\u201cEste a\u00f1o quisimos hacer una innovaci\u00f3n, involucrando el arte y la ciencia a trav\u00e9s de un mensaje ecol\u00f3gico que los ni\u00f1os y ni\u00f1as pudieron transmitir al p\u00fablico, y con el que todos debemos sentirnos comprometidos, que es el cuidado del planeta tierra\u201d coment\u00f3 la profesora Claudia Romero, encargada del Taller de Ciencias Inicial.<\/p>\n<p>Esta muestra cient\u00edfica se enmarc\u00f3 en la celebraci\u00f3n del \u201cD\u00eda de la Ciencia en Mi Colegio\u201d, como v\u00edspera de las actividades de la XXII Semana Nacional de la Ciencia y la Tecnolog\u00eda.<\/p>\n<ul>\n<li><a href=\"https:\/\/www.facebook.com\/exploraysen\/photos\/?tab=album&amp;album_id=1780363828887839\" target=\"_blank\" rel=\"noopener noreferrer\">Ver fotograf\u00edas de la actividad.\u00a0<\/a><\/li>\n<\/ul>\n<p>\u00a0<\/p>\n","protected":false},"excerpt":{"rendered":"<p>Estudiantes de todos los niveles educativos participaron el viernes 30 de septiembre en el \u201c1er Concurso Cient\u00edfico\u201d organizado por el Colegio Alborada de Coyhaique. La iniciativa, de car\u00e1cter interno, reuni\u00f3 a buena parte de la comunidad escolar del establecimiento en torno a diversos experimentos y presentaciones art\u00edsticas de enfoque ecol\u00f3gico. \u201cTratamos de incentivar el pensamiento [&hellip;]<\/p>\n","protected":false},"author":2,"featured_media":587,"comment_status":"open","ping_status":"open","sticky":false,"template":"","format":"standard","meta":{"_acf_changed":false,"_exactmetrics_skip_tracking":false,"_exactmetrics_sitenote_active":false,"_exactmetrics_sitenote_note":"","_exactmetrics_sitenote_category":0,"footnotes":"","_links_to":"","_links_to_target":""},"categories":[4],"tags":[],"class_list":["post-586","post","type-post","status-publish","format-standard","has-post-thumbnail","hentry","category-noticias"],"acf":[],"yoast_head":"<!-- This site is optimized with the Yoast SEO plugin v26.9 - https:\/\/yoast.com\/product\/yoast-seo-wordpress\/ -->\n<title>Comunidad escolar del Colegio Alborada celebr\u00f3 \u201c1er Concurso Cient\u00edfico\u201d - Aysen<\/title>\n<meta name=\"robots\" content=\"index, follow, max-snippet:-1, max-image-preview:large, max-video-preview:-1\" \/>\n<link rel=\"canonical\" href=\"https:\/\/explora.cl\/aysen\/comunidad-escolar-del-colegio-alborada-celebro-1er-concurso-cientifico\/\" class=\"yoast-seo-meta-tag\" \/>\n<meta property=\"og:locale\" content=\"es_ES\" class=\"yoast-seo-meta-tag\" \/>\n<meta property=\"og:type\" content=\"article\" class=\"yoast-seo-meta-tag\" \/>\n<meta property=\"og:title\" content=\"Comunidad escolar del Colegio Alborada celebr\u00f3 \u201c1er Concurso Cient\u00edfico\u201d - Aysen\" class=\"yoast-seo-meta-tag\" \/>\n<meta property=\"og:description\" content=\"Estudiantes de todos los niveles educativos participaron el viernes 30 de septiembre en el \u201c1er Concurso Cient\u00edfico\u201d organizado por el Colegio Alborada de Coyhaique. La iniciativa, de car\u00e1cter interno, reuni\u00f3 a buena parte de la comunidad escolar del establecimiento en torno a diversos experimentos y presentaciones art\u00edsticas de enfoque ecol\u00f3gico. \u201cTratamos de incentivar el pensamiento [&hellip;]\" class=\"yoast-seo-meta-tag\" \/>\n<meta property=\"og:url\" content=\"https:\/\/explora.cl\/aysen\/comunidad-escolar-del-colegio-alborada-celebro-1er-concurso-cientifico\/\" class=\"yoast-seo-meta-tag\" \/>\n<meta property=\"og:site_name\" content=\"Aysen\" class=\"yoast-seo-meta-tag\" \/>\n<meta property=\"article:published_time\" content=\"2016-10-03T04:00:00+00:00\" class=\"yoast-seo-meta-tag\" \/>\n<meta property=\"article:modified_time\" content=\"2019-05-20T21:20:33+00:00\" class=\"yoast-seo-meta-tag\" \/>\n<meta property=\"og:image\" content=\"https:\/\/explora.cl\/aysen\/wp-content\/uploads\/sites\/18\/2018\/06\/concurso-alborada-cs2016.jpg\" class=\"yoast-seo-meta-tag\" \/>\n\t<meta property=\"og:image:width\" content=\"960\" class=\"yoast-seo-meta-tag\" \/>\n\t<meta property=\"og:image:height\" content=\"640\" class=\"yoast-seo-meta-tag\" \/>\n\t<meta property=\"og:image:type\" content=\"image\/jpeg\" class=\"yoast-seo-meta-tag\" \/>\n<meta name=\"author\" content=\"webman\" class=\"yoast-seo-meta-tag\" \/>\n<meta name=\"twitter:card\" content=\"summary_large_image\" class=\"yoast-seo-meta-tag\" \/>\n<meta name=\"twitter:label1\" content=\"Escrito por\" class=\"yoast-seo-meta-tag\" \/>\n\t<meta name=\"twitter:data1\" content=\"webman\" class=\"yoast-seo-meta-tag\" \/>\n\t<meta name=\"twitter:label2\" content=\"Tiempo estimado de lectura\" class=\"yoast-seo-meta-tag\" \/>\n\t<meta name=\"twitter:data2\" content=\"2 minutos\" class=\"yoast-seo-meta-tag\" \/>\n<script type=\"application\/ld+json\" class=\"yoast-schema-graph\">{\"@context\":\"https:\/\/schema.org\",\"@graph\":[{\"@type\":\"Article\",\"@id\":\"https:\/\/explora.cl\/aysen\/comunidad-escolar-del-colegio-alborada-celebro-1er-concurso-cientifico\/#article\",\"isPartOf\":{\"@id\":\"https:\/\/explora.cl\/aysen\/comunidad-escolar-del-colegio-alborada-celebro-1er-concurso-cientifico\/\"},\"author\":{\"name\":\"webman\",\"@id\":\"https:\/\/explora.cl\/aysen\/#\/schema\/person\/cb8349c13ea2d324080adf8480d7ba5d\"},\"headline\":\"Comunidad escolar del Colegio Alborada celebr\u00f3 \u201c1er Concurso Cient\u00edfico\u201d\",\"datePublished\":\"2016-10-03T04:00:00+00:00\",\"dateModified\":\"2019-05-20T21:20:33+00:00\",\"mainEntityOfPage\":{\"@id\":\"https:\/\/explora.cl\/aysen\/comunidad-escolar-del-colegio-alborada-celebro-1er-concurso-cientifico\/\"},\"wordCount\":367,\"commentCount\":0,\"image\":{\"@id\":\"https:\/\/explora.cl\/aysen\/comunidad-escolar-del-colegio-alborada-celebro-1er-concurso-cientifico\/#primaryimage\"},\"thumbnailUrl\":\"https:\/\/explora.cl\/aysen\/wp-content\/uploads\/sites\/18\/2018\/06\/concurso-alborada-cs2016.jpg\",\"articleSection\":[\"Noticias\"],\"inLanguage\":\"es-CL\",\"potentialAction\":[{\"@type\":\"CommentAction\",\"name\":\"Comment\",\"target\":[\"https:\/\/explora.cl\/aysen\/comunidad-escolar-del-colegio-alborada-celebro-1er-concurso-cientifico\/#respond\"]}]},{\"@type\":\"WebPage\",\"@id\":\"https:\/\/explora.cl\/aysen\/comunidad-escolar-del-colegio-alborada-celebro-1er-concurso-cientifico\/\",\"url\":\"https:\/\/explora.cl\/aysen\/comunidad-escolar-del-colegio-alborada-celebro-1er-concurso-cientifico\/\",\"name\":\"Comunidad escolar del Colegio Alborada celebr\u00f3 \u201c1er Concurso Cient\u00edfico\u201d - Aysen\",\"isPartOf\":{\"@id\":\"https:\/\/explora.cl\/aysen\/#website\"},\"primaryImageOfPage\":{\"@id\":\"https:\/\/explora.cl\/aysen\/comunidad-escolar-del-colegio-alborada-celebro-1er-concurso-cientifico\/#primaryimage\"},\"image\":{\"@id\":\"https:\/\/explora.cl\/aysen\/comunidad-escolar-del-colegio-alborada-celebro-1er-concurso-cientifico\/#primaryimage\"},\"thumbnailUrl\":\"https:\/\/explora.cl\/aysen\/wp-content\/uploads\/sites\/18\/2018\/06\/concurso-alborada-cs2016.jpg\",\"datePublished\":\"2016-10-03T04:00:00+00:00\",\"dateModified\":\"2019-05-20T21:20:33+00:00\",\"author\":{\"@id\":\"https:\/\/explora.cl\/aysen\/#\/schema\/person\/cb8349c13ea2d324080adf8480d7ba5d\"},\"breadcrumb\":{\"@id\":\"https:\/\/explora.cl\/aysen\/comunidad-escolar-del-colegio-alborada-celebro-1er-concurso-cientifico\/#breadcrumb\"},\"inLanguage\":\"es-CL\",\"potentialAction\":[{\"@type\":\"ReadAction\",\"target\":[\"https:\/\/explora.cl\/aysen\/comunidad-escolar-del-colegio-alborada-celebro-1er-concurso-cientifico\/\"]}]},{\"@type\":\"ImageObject\",\"inLanguage\":\"es-CL\",\"@id\":\"https:\/\/explora.cl\/aysen\/comunidad-escolar-del-colegio-alborada-celebro-1er-concurso-cientifico\/#primaryimage\",\"url\":\"https:\/\/explora.cl\/aysen\/wp-content\/uploads\/sites\/18\/2018\/06\/concurso-alborada-cs2016.jpg\",\"contentUrl\":\"https:\/\/explora.cl\/aysen\/wp-content\/uploads\/sites\/18\/2018\/06\/concurso-alborada-cs2016.jpg\",\"width\":960,\"height\":640},{\"@type\":\"BreadcrumbList\",\"@id\":\"https:\/\/explora.cl\/aysen\/comunidad-escolar-del-colegio-alborada-celebro-1er-concurso-cientifico\/#breadcrumb\",\"itemListElement\":[{\"@type\":\"ListItem\",\"position\":1,\"name\":\"Portada\",\"item\":\"https:\/\/explora.cl\/aysen\/\"},{\"@type\":\"ListItem\",\"position\":2,\"name\":\"Comunidad escolar del Colegio Alborada celebr\u00f3 \u201c1er Concurso Cient\u00edfico\u201d\"}]},{\"@type\":\"WebSite\",\"@id\":\"https:\/\/explora.cl\/aysen\/#website\",\"url\":\"https:\/\/explora.cl\/aysen\/\",\"name\":\"Aysen\",\"description\":\"Otro sitio m\u00e1s de explora.cl\",\"potentialAction\":[{\"@type\":\"SearchAction\",\"target\":{\"@type\":\"EntryPoint\",\"urlTemplate\":\"https:\/\/explora.cl\/aysen\/?s={search_term_string}\"},\"query-input\":{\"@type\":\"PropertyValueSpecification\",\"valueRequired\":true,\"valueName\":\"search_term_string\"}}],\"inLanguage\":\"es-CL\"},{\"@type\":\"Person\",\"@id\":\"https:\/\/explora.cl\/aysen\/#\/schema\/person\/cb8349c13ea2d324080adf8480d7ba5d\",\"name\":\"webman\",\"image\":{\"@type\":\"ImageObject\",\"inLanguage\":\"es-CL\",\"@id\":\"https:\/\/explora.cl\/aysen\/#\/schema\/person\/image\/\",\"url\":\"https:\/\/secure.gravatar.com\/avatar\/eeff3c82f2c02f7177d13663b7e6f890e9a6a0647ce9bb29cae02dcb094c7312?s=96&d=mm&r=g\",\"contentUrl\":\"https:\/\/secure.gravatar.com\/avatar\/eeff3c82f2c02f7177d13663b7e6f890e9a6a0647ce9bb29cae02dcb094c7312?s=96&d=mm&r=g\",\"caption\":\"webman\"},\"url\":\"https:\/\/explora.cl\/aysen\/author\/webman\/\"}]}<\/script>\n<!-- \/ Yoast SEO plugin. -->","yoast_head_json":{"title":"Comunidad escolar del Colegio Alborada celebr\u00f3 \u201c1er Concurso Cient\u00edfico\u201d - Aysen","robots":{"index":"index","follow":"follow","max-snippet":"max-snippet:-1","max-image-preview":"max-image-preview:large","max-video-preview":"max-video-preview:-1"},"canonical":"https:\/\/explora.cl\/aysen\/comunidad-escolar-del-colegio-alborada-celebro-1er-concurso-cientifico\/","og_locale":"es_ES","og_type":"article","og_title":"Comunidad escolar del Colegio Alborada celebr\u00f3 \u201c1er Concurso Cient\u00edfico\u201d - Aysen","og_description":"Estudiantes de todos los niveles educativos participaron el viernes 30 de septiembre en el \u201c1er Concurso Cient\u00edfico\u201d organizado por el Colegio Alborada de Coyhaique. La iniciativa, de car\u00e1cter interno, reuni\u00f3 a buena parte de la comunidad escolar del establecimiento en torno a diversos experimentos y presentaciones art\u00edsticas de enfoque ecol\u00f3gico. \u201cTratamos de incentivar el pensamiento [&hellip;]","og_url":"https:\/\/explora.cl\/aysen\/comunidad-escolar-del-colegio-alborada-celebro-1er-concurso-cientifico\/","og_site_name":"Aysen","article_published_time":"2016-10-03T04:00:00+00:00","article_modified_time":"2019-05-20T21:20:33+00:00","og_image":[{"width":960,"height":640,"url":"https:\/\/explora.cl\/aysen\/wp-content\/uploads\/sites\/18\/2018\/06\/concurso-alborada-cs2016.jpg","type":"image\/jpeg"}],"author":"webman","twitter_card":"summary_large_image","twitter_misc":{"Escrito por":"webman","Tiempo estimado de lectura":"2 minutos"},"schema":{"@context":"https:\/\/schema.org","@graph":[{"@type":"Article","@id":"https:\/\/explora.cl\/aysen\/comunidad-escolar-del-colegio-alborada-celebro-1er-concurso-cientifico\/#article","isPartOf":{"@id":"https:\/\/explora.cl\/aysen\/comunidad-escolar-del-colegio-alborada-celebro-1er-concurso-cientifico\/"},"author":{"name":"webman","@id":"https:\/\/explora.cl\/aysen\/#\/schema\/person\/cb8349c13ea2d324080adf8480d7ba5d"},"headline":"Comunidad escolar del Colegio Alborada celebr\u00f3 \u201c1er Concurso Cient\u00edfico\u201d","datePublished":"2016-10-03T04:00:00+00:00","dateModified":"2019-05-20T21:20:33+00:00","mainEntityOfPage":{"@id":"https:\/\/explora.cl\/aysen\/comunidad-escolar-del-colegio-alborada-celebro-1er-concurso-cientifico\/"},"wordCount":367,"commentCount":0,"image":{"@id":"https:\/\/explora.cl\/aysen\/comunidad-escolar-del-colegio-alborada-celebro-1er-concurso-cientifico\/#primaryimage"},"thumbnailUrl":"https:\/\/explora.cl\/aysen\/wp-content\/uploads\/sites\/18\/2018\/06\/concurso-alborada-cs2016.jpg","articleSection":["Noticias"],"inLanguage":"es-CL","potentialAction":[{"@type":"CommentAction","name":"Comment","target":["https:\/\/explora.cl\/aysen\/comunidad-escolar-del-colegio-alborada-celebro-1er-concurso-cientifico\/#respond"]}]},{"@type":"WebPage","@id":"https:\/\/explora.cl\/aysen\/comunidad-escolar-del-colegio-alborada-celebro-1er-concurso-cientifico\/","url":"https:\/\/explora.cl\/aysen\/comunidad-escolar-del-colegio-alborada-celebro-1er-concurso-cientifico\/","name":"Comunidad escolar del Colegio Alborada celebr\u00f3 \u201c1er Concurso Cient\u00edfico\u201d - Aysen","isPartOf":{"@id":"https:\/\/explora.cl\/aysen\/#website"},"primaryImageOfPage":{"@id":"https:\/\/explora.cl\/aysen\/comunidad-escolar-del-colegio-alborada-celebro-1er-concurso-cientifico\/#primaryimage"},"image":{"@id":"https:\/\/explora.cl\/aysen\/comunidad-escolar-del-colegio-alborada-celebro-1er-concurso-cientifico\/#primaryimage"},"thumbnailUrl":"https:\/\/explora.cl\/aysen\/wp-content\/uploads\/sites\/18\/2018\/06\/concurso-alborada-cs2016.jpg","datePublished":"2016-10-03T04:00:00+00:00","dateModified":"2019-05-20T21:20:33+00:00","author":{"@id":"https:\/\/explora.cl\/aysen\/#\/schema\/person\/cb8349c13ea2d324080adf8480d7ba5d"},"breadcrumb":{"@id":"https:\/\/explora.cl\/aysen\/comunidad-escolar-del-colegio-alborada-celebro-1er-concurso-cientifico\/#breadcrumb"},"inLanguage":"es-CL","potentialAction":[{"@type":"ReadAction","target":["https:\/\/explora.cl\/aysen\/comunidad-escolar-del-colegio-alborada-celebro-1er-concurso-cientifico\/"]}]},{"@type":"ImageObject","inLanguage":"es-CL","@id":"https:\/\/explora.cl\/aysen\/comunidad-escolar-del-colegio-alborada-celebro-1er-concurso-cientifico\/#primaryimage","url":"https:\/\/explora.cl\/aysen\/wp-content\/uploads\/sites\/18\/2018\/06\/concurso-alborada-cs2016.jpg","contentUrl":"https:\/\/explora.cl\/aysen\/wp-content\/uploads\/sites\/18\/2018\/06\/concurso-alborada-cs2016.jpg","width":960,"height":640},{"@type":"BreadcrumbList","@id":"https:\/\/explora.cl\/aysen\/comunidad-escolar-del-colegio-alborada-celebro-1er-concurso-cientifico\/#breadcrumb","itemListElement":[{"@type":"ListItem","position":1,"name":"Portada","item":"https:\/\/explora.cl\/aysen\/"},{"@type":"ListItem","position":2,"name":"Comunidad escolar del Colegio Alborada celebr\u00f3 \u201c1er Concurso Cient\u00edfico\u201d"}]},{"@type":"WebSite","@id":"https:\/\/explora.cl\/aysen\/#website","url":"https:\/\/explora.cl\/aysen\/","name":"Aysen","description":"Otro sitio m\u00e1s de explora.cl","potentialAction":[{"@type":"SearchAction","target":{"@type":"EntryPoint","urlTemplate":"https:\/\/explora.cl\/aysen\/?s={search_term_string}"},"query-input":{"@type":"PropertyValueSpecification","valueRequired":true,"valueName":"search_term_string"}}],"inLanguage":"es-CL"},{"@type":"Person","@id":"https:\/\/explora.cl\/aysen\/#\/schema\/person\/cb8349c13ea2d324080adf8480d7ba5d","name":"webman","image":{"@type":"ImageObject","inLanguage":"es-CL","@id":"https:\/\/explora.cl\/aysen\/#\/schema\/person\/image\/","url":"https:\/\/secure.gravatar.com\/avatar\/eeff3c82f2c02f7177d13663b7e6f890e9a6a0647ce9bb29cae02dcb094c7312?s=96&d=mm&r=g","contentUrl":"https:\/\/secure.gravatar.com\/avatar\/eeff3c82f2c02f7177d13663b7e6f890e9a6a0647ce9bb29cae02dcb094c7312?s=96&d=mm&r=g","caption":"webman"},"url":"https:\/\/explora.cl\/aysen\/author\/webman\/"}]}},"_links":{"self":[{"href":"https:\/\/explora.cl\/aysen\/wp-json\/wp\/v2\/posts\/586","targetHints":{"allow":["GET"]}}],"collection":[{"href":"https:\/\/explora.cl\/aysen\/wp-json\/wp\/v2\/posts"}],"about":[{"href":"https:\/\/explora.cl\/aysen\/wp-json\/wp\/v2\/types\/post"}],"author":[{"embeddable":true,"href":"https:\/\/explora.cl\/aysen\/wp-json\/wp\/v2\/users\/2"}],"replies":[{"embeddable":true,"href":"https:\/\/explora.cl\/aysen\/wp-json\/wp\/v2\/comments?post=586"}],"version-history":[{"count":1,"href":"https:\/\/explora.cl\/aysen\/wp-json\/wp\/v2\/posts\/586\/revisions"}],"predecessor-version":[{"id":37199,"href":"https:\/\/explora.cl\/aysen\/wp-json\/wp\/v2\/posts\/586\/revisions\/37199"}],"wp:featuredmedia":[{"embeddable":true,"href":"https:\/\/explora.cl\/aysen\/wp-json\/wp\/v2\/media\/587"}],"wp:attachment":[{"href":"https:\/\/explora.cl\/aysen\/wp-json\/wp\/v2\/media?parent=586"}],"wp:term":[{"taxonomy":"category","embeddable":true,"href":"https:\/\/explora.cl\/aysen\/wp-json\/wp\/v2\/categories?post=586"},{"taxonomy":"post_tag","embeddable":true,"href":"https:\/\/explora.cl\/aysen\/wp-json\/wp\/v2\/tags?post=586"}],"curies":[{"name":"wp","href":"https:\/\/api.w.org\/{rel}","templated":true}]}}