{"id":568,"date":"2016-09-08T00:00:00","date_gmt":"2016-09-08T04:00:00","guid":{"rendered":"https:\/\/explora.cl\/aysen\/blog\/2016\/09\/08\/educadoras-de-parvulos-y-asistentes-de-educacion-se-capacitan-para-ensenar-ciencia-en-el-patio-de-la-escuela\/"},"modified":"2019-05-20T21:20:38","modified_gmt":"2019-05-20T21:20:38","slug":"educadoras-de-parvulos-y-asistentes-de-educacion-se-capacitan-para-ensenar-ciencia-en-el-patio-de-la-escuela","status":"publish","type":"post","link":"https:\/\/explora.cl\/aysen\/educadoras-de-parvulos-y-asistentes-de-educacion-se-capacitan-para-ensenar-ciencia-en-el-patio-de-la-escuela\/","title":{"rendered":"Educadoras de p\u00e1rvulos y asistentes de educaci\u00f3n se capacitan para ense\u00f1ar ciencia en el patio de la escuela"},"content":{"rendered":"<p><img fetchpriority=\"high\" decoding=\"async\" class=\" alignright size-full wp-image-20532\" style=\"float: right\" src=\"http:\/\/ec2-54-245-22-188.us-west-2.compute.amazonaws.com\/wp-content\/uploads\/2016\/09\/Unknown-3.jpg\" alt=\"\" width=\"359\" height=\"202\" \/>Con el objetivo de entregar herramientas pedag\u00f3gicas y did\u00e1cticas que permitan a ni\u00f1os y ni\u00f1as a desarrollar su nivel de observaci\u00f3n, descubrir su entorno mediante procesos de indagaci\u00f3n e incorporar conocimientos en tem\u00e1ticas ecol\u00f3gicas, el PAR comenzamos hoy la capacitaci\u00f3n de 25 educadoras de p\u00e1rvulos y asistentes de educaci\u00f3n de la Regi\u00f3n de Ays\u00e9n.\u00a0<\/p>\n<p>\u201cAlfabetizaci\u00f3n cient\u00edfica para Educaci\u00f3n Parvularia\u201d es el nombre de esta iniciativa que durante dos d\u00edas reunir\u00e1 a profesionales de las comunas de Ays\u00e9n, Coyhaique, R\u00edo Iba\u00f1ez y Chile Chico, \u00a0junto a la mag\u00edster en Ecolog\u00eda y Biolog\u00eda Evolutiva Wara Marcelo, quien oficiar\u00e1 de relatora para ambas jornadas.<\/p>\n<p>\u201cTenemos la convicci\u00f3n de que la ciencia debe estar presente en la formaci\u00f3n inicial. Los ni\u00f1os y ni\u00f1as est\u00e1n mucho abiertos al aprendizaje, y es all\u00ed donde debemos estimularlos para que observen el entorno y act\u00faen con curiosidad, ya que son las primeras habilidades del m\u00e9todo cient\u00edfico\u201d se\u00f1al\u00f3 Marisol Barr\u00eda, directora del PAR Explora Ays\u00e9n.<\/p>\n<p>En ese sentido, Wara Marcelo adelant\u00f3 que \u201cesta metodolog\u00eda ense\u00f1a a realizar ciencia en el contexto del patio escolar, que es lo que tienen m\u00e1s cercano los profesores y profesoras junto a sus ni\u00f1os y ni\u00f1as, aprovechando estos espacios que son laboratorios naturales\u201d<\/p>\n<p><strong>Complemento al aula<\/strong><br \/>En contacto con la naturaleza y mediante una versi\u00f3n simplificada del m\u00e9todo hipot\u00e9tico deductivo, la especialista trabajar\u00e1 junto a las participantes ense\u00f1\u00e1ndoles a <br \/>generar preguntas, realizando acciones en b\u00fasqueda de respuestas y reflexionando sobre sus resultados. \u201cAs\u00ed comienza un ciclo, puesto que de las reflexiones surgen nuevas preguntas\u201d dijo Marcelo, asegurando que \u201cas\u00ed los ni\u00f1os y ni\u00f1as aprenden de primera mano, y de paso reforzamos esa curiosidad innata que tienen\u201d.<\/p>\n<p>\u201cTrabajar al aire libre es ideal. Los ni\u00f1os van conociendo el entorno, sus propiedades. Estas experiencias les permiten explorar y aprender no tan solo para el aula, sino que para la vida\u201d asegur\u00f3 la educadora Alejandra Lira, del Jard\u00edn Infantil Los Chilcos de Puerto Ays\u00e9n, participante de la actividad.<\/p>\n<p>\u00a0<\/p>\n","protected":false},"excerpt":{"rendered":"<p>Con el objetivo de entregar herramientas pedag\u00f3gicas y did\u00e1cticas que permitan a ni\u00f1os y ni\u00f1as a desarrollar su nivel de observaci\u00f3n, descubrir su entorno mediante procesos de indagaci\u00f3n e incorporar conocimientos en tem\u00e1ticas ecol\u00f3gicas, el PAR comenzamos hoy la capacitaci\u00f3n de 25 educadoras de p\u00e1rvulos y asistentes de educaci\u00f3n de la Regi\u00f3n de Ays\u00e9n.\u00a0 \u201cAlfabetizaci\u00f3n [&hellip;]<\/p>\n","protected":false},"author":2,"featured_media":569,"comment_status":"open","ping_status":"open","sticky":false,"template":"","format":"standard","meta":{"_acf_changed":false,"_exactmetrics_skip_tracking":false,"_exactmetrics_sitenote_active":false,"_exactmetrics_sitenote_note":"","_exactmetrics_sitenote_category":0,"footnotes":"","_links_to":"","_links_to_target":""},"categories":[4],"tags":[],"class_list":["post-568","post","type-post","status-publish","format-standard","has-post-thumbnail","hentry","category-noticias"],"acf":[],"yoast_head":"<!-- This site is optimized with the Yoast SEO plugin v26.9 - https:\/\/yoast.com\/product\/yoast-seo-wordpress\/ -->\n<title>Educadoras de p\u00e1rvulos y asistentes de educaci\u00f3n se capacitan para ense\u00f1ar ciencia en el patio de la escuela - Aysen<\/title>\n<meta name=\"robots\" content=\"index, follow, max-snippet:-1, max-image-preview:large, max-video-preview:-1\" \/>\n<link rel=\"canonical\" href=\"https:\/\/explora.cl\/aysen\/educadoras-de-parvulos-y-asistentes-de-educacion-se-capacitan-para-ensenar-ciencia-en-el-patio-de-la-escuela\/\" class=\"yoast-seo-meta-tag\" \/>\n<meta property=\"og:locale\" content=\"es_ES\" class=\"yoast-seo-meta-tag\" \/>\n<meta property=\"og:type\" content=\"article\" class=\"yoast-seo-meta-tag\" \/>\n<meta property=\"og:title\" content=\"Educadoras de p\u00e1rvulos y asistentes de educaci\u00f3n se capacitan para ense\u00f1ar ciencia en el patio de la escuela - Aysen\" class=\"yoast-seo-meta-tag\" \/>\n<meta property=\"og:description\" content=\"Con el objetivo de entregar herramientas pedag\u00f3gicas y did\u00e1cticas que permitan a ni\u00f1os y ni\u00f1as a desarrollar su nivel de observaci\u00f3n, descubrir su entorno mediante procesos de indagaci\u00f3n e incorporar conocimientos en tem\u00e1ticas ecol\u00f3gicas, el PAR comenzamos hoy la capacitaci\u00f3n de 25 educadoras de p\u00e1rvulos y asistentes de educaci\u00f3n de la Regi\u00f3n de Ays\u00e9n.\u00a0 \u201cAlfabetizaci\u00f3n [&hellip;]\" class=\"yoast-seo-meta-tag\" \/>\n<meta property=\"og:url\" content=\"https:\/\/explora.cl\/aysen\/educadoras-de-parvulos-y-asistentes-de-educacion-se-capacitan-para-ensenar-ciencia-en-el-patio-de-la-escuela\/\" class=\"yoast-seo-meta-tag\" \/>\n<meta property=\"og:site_name\" content=\"Aysen\" class=\"yoast-seo-meta-tag\" \/>\n<meta property=\"article:published_time\" content=\"2016-09-08T04:00:00+00:00\" class=\"yoast-seo-meta-tag\" \/>\n<meta property=\"article:modified_time\" content=\"2019-05-20T21:20:38+00:00\" class=\"yoast-seo-meta-tag\" \/>\n<meta property=\"og:image\" content=\"https:\/\/explora.cl\/aysen\/wp-content\/uploads\/sites\/18\/2018\/06\/Unknown-3.jpg\" class=\"yoast-seo-meta-tag\" \/>\n\t<meta property=\"og:image:width\" content=\"1280\" class=\"yoast-seo-meta-tag\" \/>\n\t<meta property=\"og:image:height\" content=\"720\" class=\"yoast-seo-meta-tag\" \/>\n\t<meta property=\"og:image:type\" content=\"image\/jpeg\" class=\"yoast-seo-meta-tag\" \/>\n<meta name=\"author\" content=\"webman\" class=\"yoast-seo-meta-tag\" \/>\n<meta name=\"twitter:card\" content=\"summary_large_image\" class=\"yoast-seo-meta-tag\" \/>\n<meta name=\"twitter:label1\" content=\"Escrito por\" class=\"yoast-seo-meta-tag\" \/>\n\t<meta name=\"twitter:data1\" content=\"webman\" class=\"yoast-seo-meta-tag\" \/>\n\t<meta name=\"twitter:label2\" content=\"Tiempo estimado de lectura\" class=\"yoast-seo-meta-tag\" \/>\n\t<meta name=\"twitter:data2\" content=\"2 minutos\" class=\"yoast-seo-meta-tag\" \/>\n<script type=\"application\/ld+json\" class=\"yoast-schema-graph\">{\"@context\":\"https:\/\/schema.org\",\"@graph\":[{\"@type\":\"Article\",\"@id\":\"https:\/\/explora.cl\/aysen\/educadoras-de-parvulos-y-asistentes-de-educacion-se-capacitan-para-ensenar-ciencia-en-el-patio-de-la-escuela\/#article\",\"isPartOf\":{\"@id\":\"https:\/\/explora.cl\/aysen\/educadoras-de-parvulos-y-asistentes-de-educacion-se-capacitan-para-ensenar-ciencia-en-el-patio-de-la-escuela\/\"},\"author\":{\"name\":\"webman\",\"@id\":\"https:\/\/explora.cl\/aysen\/#\/schema\/person\/cb8349c13ea2d324080adf8480d7ba5d\"},\"headline\":\"Educadoras de p\u00e1rvulos y asistentes de educaci\u00f3n se capacitan para ense\u00f1ar ciencia en el patio de la escuela\",\"datePublished\":\"2016-09-08T04:00:00+00:00\",\"dateModified\":\"2019-05-20T21:20:38+00:00\",\"mainEntityOfPage\":{\"@id\":\"https:\/\/explora.cl\/aysen\/educadoras-de-parvulos-y-asistentes-de-educacion-se-capacitan-para-ensenar-ciencia-en-el-patio-de-la-escuela\/\"},\"wordCount\":390,\"commentCount\":0,\"image\":{\"@id\":\"https:\/\/explora.cl\/aysen\/educadoras-de-parvulos-y-asistentes-de-educacion-se-capacitan-para-ensenar-ciencia-en-el-patio-de-la-escuela\/#primaryimage\"},\"thumbnailUrl\":\"https:\/\/explora.cl\/aysen\/wp-content\/uploads\/sites\/18\/2018\/06\/Unknown-3.jpg\",\"articleSection\":[\"Noticias\"],\"inLanguage\":\"es-CL\",\"potentialAction\":[{\"@type\":\"CommentAction\",\"name\":\"Comment\",\"target\":[\"https:\/\/explora.cl\/aysen\/educadoras-de-parvulos-y-asistentes-de-educacion-se-capacitan-para-ensenar-ciencia-en-el-patio-de-la-escuela\/#respond\"]}]},{\"@type\":\"WebPage\",\"@id\":\"https:\/\/explora.cl\/aysen\/educadoras-de-parvulos-y-asistentes-de-educacion-se-capacitan-para-ensenar-ciencia-en-el-patio-de-la-escuela\/\",\"url\":\"https:\/\/explora.cl\/aysen\/educadoras-de-parvulos-y-asistentes-de-educacion-se-capacitan-para-ensenar-ciencia-en-el-patio-de-la-escuela\/\",\"name\":\"Educadoras de p\u00e1rvulos y asistentes de educaci\u00f3n se capacitan para ense\u00f1ar ciencia en el patio de la escuela - Aysen\",\"isPartOf\":{\"@id\":\"https:\/\/explora.cl\/aysen\/#website\"},\"primaryImageOfPage\":{\"@id\":\"https:\/\/explora.cl\/aysen\/educadoras-de-parvulos-y-asistentes-de-educacion-se-capacitan-para-ensenar-ciencia-en-el-patio-de-la-escuela\/#primaryimage\"},\"image\":{\"@id\":\"https:\/\/explora.cl\/aysen\/educadoras-de-parvulos-y-asistentes-de-educacion-se-capacitan-para-ensenar-ciencia-en-el-patio-de-la-escuela\/#primaryimage\"},\"thumbnailUrl\":\"https:\/\/explora.cl\/aysen\/wp-content\/uploads\/sites\/18\/2018\/06\/Unknown-3.jpg\",\"datePublished\":\"2016-09-08T04:00:00+00:00\",\"dateModified\":\"2019-05-20T21:20:38+00:00\",\"author\":{\"@id\":\"https:\/\/explora.cl\/aysen\/#\/schema\/person\/cb8349c13ea2d324080adf8480d7ba5d\"},\"breadcrumb\":{\"@id\":\"https:\/\/explora.cl\/aysen\/educadoras-de-parvulos-y-asistentes-de-educacion-se-capacitan-para-ensenar-ciencia-en-el-patio-de-la-escuela\/#breadcrumb\"},\"inLanguage\":\"es-CL\",\"potentialAction\":[{\"@type\":\"ReadAction\",\"target\":[\"https:\/\/explora.cl\/aysen\/educadoras-de-parvulos-y-asistentes-de-educacion-se-capacitan-para-ensenar-ciencia-en-el-patio-de-la-escuela\/\"]}]},{\"@type\":\"ImageObject\",\"inLanguage\":\"es-CL\",\"@id\":\"https:\/\/explora.cl\/aysen\/educadoras-de-parvulos-y-asistentes-de-educacion-se-capacitan-para-ensenar-ciencia-en-el-patio-de-la-escuela\/#primaryimage\",\"url\":\"https:\/\/explora.cl\/aysen\/wp-content\/uploads\/sites\/18\/2018\/06\/Unknown-3.jpg\",\"contentUrl\":\"https:\/\/explora.cl\/aysen\/wp-content\/uploads\/sites\/18\/2018\/06\/Unknown-3.jpg\",\"width\":1280,\"height\":720},{\"@type\":\"BreadcrumbList\",\"@id\":\"https:\/\/explora.cl\/aysen\/educadoras-de-parvulos-y-asistentes-de-educacion-se-capacitan-para-ensenar-ciencia-en-el-patio-de-la-escuela\/#breadcrumb\",\"itemListElement\":[{\"@type\":\"ListItem\",\"position\":1,\"name\":\"Portada\",\"item\":\"https:\/\/explora.cl\/aysen\/\"},{\"@type\":\"ListItem\",\"position\":2,\"name\":\"Educadoras de p\u00e1rvulos y asistentes de educaci\u00f3n se capacitan para ense\u00f1ar ciencia en el patio de la escuela\"}]},{\"@type\":\"WebSite\",\"@id\":\"https:\/\/explora.cl\/aysen\/#website\",\"url\":\"https:\/\/explora.cl\/aysen\/\",\"name\":\"Aysen\",\"description\":\"Otro sitio m\u00e1s de explora.cl\",\"potentialAction\":[{\"@type\":\"SearchAction\",\"target\":{\"@type\":\"EntryPoint\",\"urlTemplate\":\"https:\/\/explora.cl\/aysen\/?s={search_term_string}\"},\"query-input\":{\"@type\":\"PropertyValueSpecification\",\"valueRequired\":true,\"valueName\":\"search_term_string\"}}],\"inLanguage\":\"es-CL\"},{\"@type\":\"Person\",\"@id\":\"https:\/\/explora.cl\/aysen\/#\/schema\/person\/cb8349c13ea2d324080adf8480d7ba5d\",\"name\":\"webman\",\"image\":{\"@type\":\"ImageObject\",\"inLanguage\":\"es-CL\",\"@id\":\"https:\/\/explora.cl\/aysen\/#\/schema\/person\/image\/\",\"url\":\"https:\/\/secure.gravatar.com\/avatar\/eeff3c82f2c02f7177d13663b7e6f890e9a6a0647ce9bb29cae02dcb094c7312?s=96&d=mm&r=g\",\"contentUrl\":\"https:\/\/secure.gravatar.com\/avatar\/eeff3c82f2c02f7177d13663b7e6f890e9a6a0647ce9bb29cae02dcb094c7312?s=96&d=mm&r=g\",\"caption\":\"webman\"},\"url\":\"https:\/\/explora.cl\/aysen\/author\/webman\/\"}]}<\/script>\n<!-- \/ Yoast SEO plugin. -->","yoast_head_json":{"title":"Educadoras de p\u00e1rvulos y asistentes de educaci\u00f3n se capacitan para ense\u00f1ar ciencia en el patio de la escuela - Aysen","robots":{"index":"index","follow":"follow","max-snippet":"max-snippet:-1","max-image-preview":"max-image-preview:large","max-video-preview":"max-video-preview:-1"},"canonical":"https:\/\/explora.cl\/aysen\/educadoras-de-parvulos-y-asistentes-de-educacion-se-capacitan-para-ensenar-ciencia-en-el-patio-de-la-escuela\/","og_locale":"es_ES","og_type":"article","og_title":"Educadoras de p\u00e1rvulos y asistentes de educaci\u00f3n se capacitan para ense\u00f1ar ciencia en el patio de la escuela - Aysen","og_description":"Con el objetivo de entregar herramientas pedag\u00f3gicas y did\u00e1cticas que permitan a ni\u00f1os y ni\u00f1as a desarrollar su nivel de observaci\u00f3n, descubrir su entorno mediante procesos de indagaci\u00f3n e incorporar conocimientos en tem\u00e1ticas ecol\u00f3gicas, el PAR comenzamos hoy la capacitaci\u00f3n de 25 educadoras de p\u00e1rvulos y asistentes de educaci\u00f3n de la Regi\u00f3n de Ays\u00e9n.\u00a0 \u201cAlfabetizaci\u00f3n [&hellip;]","og_url":"https:\/\/explora.cl\/aysen\/educadoras-de-parvulos-y-asistentes-de-educacion-se-capacitan-para-ensenar-ciencia-en-el-patio-de-la-escuela\/","og_site_name":"Aysen","article_published_time":"2016-09-08T04:00:00+00:00","article_modified_time":"2019-05-20T21:20:38+00:00","og_image":[{"width":1280,"height":720,"url":"https:\/\/explora.cl\/aysen\/wp-content\/uploads\/sites\/18\/2018\/06\/Unknown-3.jpg","type":"image\/jpeg"}],"author":"webman","twitter_card":"summary_large_image","twitter_misc":{"Escrito por":"webman","Tiempo estimado de lectura":"2 minutos"},"schema":{"@context":"https:\/\/schema.org","@graph":[{"@type":"Article","@id":"https:\/\/explora.cl\/aysen\/educadoras-de-parvulos-y-asistentes-de-educacion-se-capacitan-para-ensenar-ciencia-en-el-patio-de-la-escuela\/#article","isPartOf":{"@id":"https:\/\/explora.cl\/aysen\/educadoras-de-parvulos-y-asistentes-de-educacion-se-capacitan-para-ensenar-ciencia-en-el-patio-de-la-escuela\/"},"author":{"name":"webman","@id":"https:\/\/explora.cl\/aysen\/#\/schema\/person\/cb8349c13ea2d324080adf8480d7ba5d"},"headline":"Educadoras de p\u00e1rvulos y asistentes de educaci\u00f3n se capacitan para ense\u00f1ar ciencia en el patio de la escuela","datePublished":"2016-09-08T04:00:00+00:00","dateModified":"2019-05-20T21:20:38+00:00","mainEntityOfPage":{"@id":"https:\/\/explora.cl\/aysen\/educadoras-de-parvulos-y-asistentes-de-educacion-se-capacitan-para-ensenar-ciencia-en-el-patio-de-la-escuela\/"},"wordCount":390,"commentCount":0,"image":{"@id":"https:\/\/explora.cl\/aysen\/educadoras-de-parvulos-y-asistentes-de-educacion-se-capacitan-para-ensenar-ciencia-en-el-patio-de-la-escuela\/#primaryimage"},"thumbnailUrl":"https:\/\/explora.cl\/aysen\/wp-content\/uploads\/sites\/18\/2018\/06\/Unknown-3.jpg","articleSection":["Noticias"],"inLanguage":"es-CL","potentialAction":[{"@type":"CommentAction","name":"Comment","target":["https:\/\/explora.cl\/aysen\/educadoras-de-parvulos-y-asistentes-de-educacion-se-capacitan-para-ensenar-ciencia-en-el-patio-de-la-escuela\/#respond"]}]},{"@type":"WebPage","@id":"https:\/\/explora.cl\/aysen\/educadoras-de-parvulos-y-asistentes-de-educacion-se-capacitan-para-ensenar-ciencia-en-el-patio-de-la-escuela\/","url":"https:\/\/explora.cl\/aysen\/educadoras-de-parvulos-y-asistentes-de-educacion-se-capacitan-para-ensenar-ciencia-en-el-patio-de-la-escuela\/","name":"Educadoras de p\u00e1rvulos y asistentes de educaci\u00f3n se capacitan para ense\u00f1ar ciencia en el patio de la escuela - Aysen","isPartOf":{"@id":"https:\/\/explora.cl\/aysen\/#website"},"primaryImageOfPage":{"@id":"https:\/\/explora.cl\/aysen\/educadoras-de-parvulos-y-asistentes-de-educacion-se-capacitan-para-ensenar-ciencia-en-el-patio-de-la-escuela\/#primaryimage"},"image":{"@id":"https:\/\/explora.cl\/aysen\/educadoras-de-parvulos-y-asistentes-de-educacion-se-capacitan-para-ensenar-ciencia-en-el-patio-de-la-escuela\/#primaryimage"},"thumbnailUrl":"https:\/\/explora.cl\/aysen\/wp-content\/uploads\/sites\/18\/2018\/06\/Unknown-3.jpg","datePublished":"2016-09-08T04:00:00+00:00","dateModified":"2019-05-20T21:20:38+00:00","author":{"@id":"https:\/\/explora.cl\/aysen\/#\/schema\/person\/cb8349c13ea2d324080adf8480d7ba5d"},"breadcrumb":{"@id":"https:\/\/explora.cl\/aysen\/educadoras-de-parvulos-y-asistentes-de-educacion-se-capacitan-para-ensenar-ciencia-en-el-patio-de-la-escuela\/#breadcrumb"},"inLanguage":"es-CL","potentialAction":[{"@type":"ReadAction","target":["https:\/\/explora.cl\/aysen\/educadoras-de-parvulos-y-asistentes-de-educacion-se-capacitan-para-ensenar-ciencia-en-el-patio-de-la-escuela\/"]}]},{"@type":"ImageObject","inLanguage":"es-CL","@id":"https:\/\/explora.cl\/aysen\/educadoras-de-parvulos-y-asistentes-de-educacion-se-capacitan-para-ensenar-ciencia-en-el-patio-de-la-escuela\/#primaryimage","url":"https:\/\/explora.cl\/aysen\/wp-content\/uploads\/sites\/18\/2018\/06\/Unknown-3.jpg","contentUrl":"https:\/\/explora.cl\/aysen\/wp-content\/uploads\/sites\/18\/2018\/06\/Unknown-3.jpg","width":1280,"height":720},{"@type":"BreadcrumbList","@id":"https:\/\/explora.cl\/aysen\/educadoras-de-parvulos-y-asistentes-de-educacion-se-capacitan-para-ensenar-ciencia-en-el-patio-de-la-escuela\/#breadcrumb","itemListElement":[{"@type":"ListItem","position":1,"name":"Portada","item":"https:\/\/explora.cl\/aysen\/"},{"@type":"ListItem","position":2,"name":"Educadoras de p\u00e1rvulos y asistentes de educaci\u00f3n se capacitan para ense\u00f1ar ciencia en el patio de la escuela"}]},{"@type":"WebSite","@id":"https:\/\/explora.cl\/aysen\/#website","url":"https:\/\/explora.cl\/aysen\/","name":"Aysen","description":"Otro sitio m\u00e1s de explora.cl","potentialAction":[{"@type":"SearchAction","target":{"@type":"EntryPoint","urlTemplate":"https:\/\/explora.cl\/aysen\/?s={search_term_string}"},"query-input":{"@type":"PropertyValueSpecification","valueRequired":true,"valueName":"search_term_string"}}],"inLanguage":"es-CL"},{"@type":"Person","@id":"https:\/\/explora.cl\/aysen\/#\/schema\/person\/cb8349c13ea2d324080adf8480d7ba5d","name":"webman","image":{"@type":"ImageObject","inLanguage":"es-CL","@id":"https:\/\/explora.cl\/aysen\/#\/schema\/person\/image\/","url":"https:\/\/secure.gravatar.com\/avatar\/eeff3c82f2c02f7177d13663b7e6f890e9a6a0647ce9bb29cae02dcb094c7312?s=96&d=mm&r=g","contentUrl":"https:\/\/secure.gravatar.com\/avatar\/eeff3c82f2c02f7177d13663b7e6f890e9a6a0647ce9bb29cae02dcb094c7312?s=96&d=mm&r=g","caption":"webman"},"url":"https:\/\/explora.cl\/aysen\/author\/webman\/"}]}},"_links":{"self":[{"href":"https:\/\/explora.cl\/aysen\/wp-json\/wp\/v2\/posts\/568","targetHints":{"allow":["GET"]}}],"collection":[{"href":"https:\/\/explora.cl\/aysen\/wp-json\/wp\/v2\/posts"}],"about":[{"href":"https:\/\/explora.cl\/aysen\/wp-json\/wp\/v2\/types\/post"}],"author":[{"embeddable":true,"href":"https:\/\/explora.cl\/aysen\/wp-json\/wp\/v2\/users\/2"}],"replies":[{"embeddable":true,"href":"https:\/\/explora.cl\/aysen\/wp-json\/wp\/v2\/comments?post=568"}],"version-history":[{"count":1,"href":"https:\/\/explora.cl\/aysen\/wp-json\/wp\/v2\/posts\/568\/revisions"}],"predecessor-version":[{"id":37208,"href":"https:\/\/explora.cl\/aysen\/wp-json\/wp\/v2\/posts\/568\/revisions\/37208"}],"wp:featuredmedia":[{"embeddable":true,"href":"https:\/\/explora.cl\/aysen\/wp-json\/wp\/v2\/media\/569"}],"wp:attachment":[{"href":"https:\/\/explora.cl\/aysen\/wp-json\/wp\/v2\/media?parent=568"}],"wp:term":[{"taxonomy":"category","embeddable":true,"href":"https:\/\/explora.cl\/aysen\/wp-json\/wp\/v2\/categories?post=568"},{"taxonomy":"post_tag","embeddable":true,"href":"https:\/\/explora.cl\/aysen\/wp-json\/wp\/v2\/tags?post=568"}],"curies":[{"name":"wp","href":"https:\/\/api.w.org\/{rel}","templated":true}]}}