{"id":39458,"date":"2026-04-27T11:04:30","date_gmt":"2026-04-27T15:04:30","guid":{"rendered":"https:\/\/explora.cl\/aysen\/?p=39458"},"modified":"2026-04-27T13:05:51","modified_gmt":"2026-04-27T17:05:51","slug":"aprendizaje-basado-proyectos-comunidades-educativas","status":"publish","type":"post","link":"https:\/\/explora.cl\/aysen\/aprendizaje-basado-proyectos-comunidades-educativas\/","title":{"rendered":"\u201cLa escuela es parte constitutiva del territorio\u201d"},"content":{"rendered":"<p style=\"text-align: justify\"><em><span style=\"font-weight: 400\">En esta entrevista, Yerko Monje Hern\u00e1ndez, director de la Escuela de Historia y Ciencias Sociales de la Universidad Austral de Chile, aborda el Aprendizaje Basado en Proyectos como herramienta para el desarrollo transversal de habilidades en las comunidades educativas. La conversaci\u00f3n se enmarca en su experiencia como relator del Campamento Explora VA!, una capacitaci\u00f3n docente impulsada por el PAR Explora Ays\u00e9n del Ministerio de Ciencia, Tecnolog\u00eda, Conocimiento e Innovaci\u00f3n y el Campus Patagonia de la Universidad Austral de Chile.\u00a0<\/span><\/em><!--more--><\/p>\n<p style=\"text-align: justify\"><b>\u00bfQu\u00e9 es el Aprendizaje Basado en Proyectos y qu\u00e9 lo distingue de otras metodolog\u00edas de aprendizaje?<\/b><\/p>\n<p style=\"text-align: justify\"><span style=\"font-weight: 400\">El Aprendizaje Basado en Proyectos (ABP) es una metodolog\u00eda de trabajo que busca articular el conocimiento y desarrollo de habilidades en la escuela para accionar conocimiento desde el debate interdisciplinar, integrado y con pertinencia territorial.<\/span><\/p>\n<p style=\"text-align: justify\"><span style=\"font-weight: 400\">Lo que se busca es que las comunidades puedan identificar un problema o un desaf\u00edo y a partir de ello construir una ruta de trabajo que integre a las distintas asignaturas para el desarrollo de habilidades de las y los estudiantes, pero siempre desde un sentido comunitario, de integraci\u00f3n y de di\u00e1logo entre todos los integrantes de la comunidad educativa.\u00a0<\/span><\/p>\n<p style=\"text-align: justify\"><b>\u00bfPor qu\u00e9 el territorio y el entorno local son elementos centrales en el ABP, y c\u00f3mo se integran en la planificaci\u00f3n?<\/b><\/p>\n<p style=\"text-align: justify\"><span style=\"font-weight: 400\">Hablar de territorio para esta metodolog\u00eda es esencial. Lo que nosotros queremos motivar y dialogar junto a las y los colegas es que la escuela no solamente funcione como una instituci\u00f3n en s\u00ed misma, sino que, m\u00e1s bien, que comprendamos que la escuela es parte constitutiva del territorio, es decir, es parte del territorio, pero tambi\u00e9n lo construye.\u00a0<\/span><\/p>\n<p style=\"text-align: justify\"><span style=\"font-weight: 400\">Desde ese punto de vista, es esencial comprender que la espacialidad y el territorio donde est\u00e1 la escuela incluye historias, comunidades e instituciones. Por lo tanto, pensar la educaci\u00f3n debe ser de manera situada para que podamos integrar, precisamente, esos aprendizajes que son igual de valiosos que aquellos que buscan motivar el curr\u00edculum.\u00a0<\/span><\/p>\n<p style=\"text-align: justify\"><span style=\"font-weight: 400\">Esto tambi\u00e9n nos sirve como un abordaje para romper con cierto centralismo en la construcci\u00f3n del conocimiento y poder situar estas miradas locales y regionales con los desaf\u00edos que son nacionales o globales. Por lo tanto, pensamos lo territorial desde la integraci\u00f3n, desde la construcci\u00f3n de un desaf\u00edo com\u00fan.\u00a0<\/span><\/p>\n<p style=\"text-align: justify\"><b>\u00bfQu\u00e9 rol juegan las y los estudiantes en este proceso?<\/b><\/p>\n<p style=\"text-align: justify\"><span style=\"font-weight: 400\">El Aprendizaje Basado en Proyectos, as\u00ed como otras metodolog\u00edas participativas, requiere que las y los estudiantes asuman un rol central en su proceso de aprendizaje. Muchas veces lo que nosotros vemos en las metodolog\u00edas m\u00e1s tradicionales es que las y los docentes est\u00e1n puestos al centro, pero al centro de una manera que tambi\u00e9n tensiona el proceso educativo, porque aparece el profesor desde una linealidad, como la persona que motiva, la persona que genera el aprendizaje, y eso tambi\u00e9n genera mucha responsabilidad.\u00a0<\/span><\/p>\n<p style=\"text-align: justify\"><span style=\"font-weight: 400\">Lo que nosotros vemos con el ABP es que el profesor o la profesora se transforma en un integrante m\u00e1s de la comunidad educativa, ciertamente con un rol diferenciado y con responsabilidades, pero es esencial asumir que el aprendizaje involucra a todas y todos, es un desaf\u00edo que requiere integraci\u00f3n. Y desde ese lugar, las y los estudiantes son centrales porque la idea es que el ABP recoja su historia, sus desaf\u00edos familiares, su apego con la instituci\u00f3n, y que tomemos conciencia espacial y temporal. Eso requiere que efectivamente esta metodolog\u00eda se mire desde una integraci\u00f3n comunitaria.\u00a0<\/span><\/p>\n<p style=\"text-align: justify\"><span style=\"font-weight: 400\">Nosotros creemos, y hablo de nosotros porque hemos estado participando con un equipo en esta instancia de di\u00e1logo en Explora Ays\u00e9n, que eso es fundamental para la educaci\u00f3n: recuperar el sentido comunitario y relevar su implicancia territorial.\u00a0<\/span><\/p>\n<p style=\"text-align: justify\"><b>\u00bfQu\u00e9 sugerencias dar\u00eda para que las y los profesores incorporen estrategias, herramientas y modelos ABP en sus clases?<\/b><\/p>\n<p style=\"text-align: justify\"><span style=\"font-weight: 400\">La sugerencia yo creo que no es solamente para los profesores y las profesoras, el ABP es un posicionamiento de la comunidad educativa en su conjunto. Los profesores y las profesoras por s\u00ed solos no pueden aplicar esta metodolog\u00eda porque requiere un posicionamiento en conjunto. Mirar integralmente las asignaturas, los desaf\u00edos, los sellos, los marcos institucionales requiere que todos sean parte de este proceso. Por lo tanto, la sugerencia que uno podr\u00eda hacer a los profesores, primero, es transmitir ese mensaje: que es tarea de todos que funcione esto.\u00a0<\/span><\/p>\n<p style=\"text-align: justify\"><span style=\"font-weight: 400\">Y desde luego, la idea es que el equipo directivo, los apoderados y los estudiantes participen en los di\u00e1logos para identificar para qu\u00e9 ser\u00eda necesaria esta metodolog\u00eda y qu\u00e9 nos podr\u00eda aportar de distinto. No solamente desde el punto de vista del curr\u00edculum tradicional, lo que se llama mucho de <\/span><i><span style=\"font-weight: 400\">contenido<\/span><\/i><span style=\"font-weight: 400\">, sino pensar el desarrollo de la habilidad de manera transversal, un desaf\u00edo de aprendizaje que permita cumplir efectivamente con la labor educacional de preparar para la vida.\u00a0<\/span><\/p>\n<p style=\"text-align: justify\"><b>Desde su perspectiva, \u00bfcu\u00e1l es el principal impacto del Campamento Explora VA! en las comunidades educativas de la regi\u00f3n?\u00a0<\/b><\/p>\n<p style=\"text-align: justify\"><span style=\"font-weight: 400\">El Campamento Explora VA! lo que nos da cuenta es un espacio de integraci\u00f3n que nos permite tener un recurso valioso para el trabajo en las comunidades educativas: el tiempo.<\/span><\/p>\n<p style=\"text-align: justify\"><span style=\"font-weight: 400\">Un tiempo para reflexionar, para compartir y para identificar que muchos de los desaf\u00edos educativos son compartidos en los distintos territorios de la regi\u00f3n, una regi\u00f3n que es tan vasta y plural como la regi\u00f3n de Ays\u00e9n.\u00a0<\/span><\/p>\n<p style=\"text-align: justify\"><span style=\"font-weight: 400\">Yo espero que este Campamento y los espacios de Explora tengan larga vida porque es esencial para el desarrollo de la ciencia, no solo a nivel nacional, sino ciencia territorial, una ciencia p\u00fablica y una ciencia ciudadana que es una herramienta transversal para todos los espacios que se involucran en el aprendizaje.<\/span><\/p>\n","protected":false},"excerpt":{"rendered":"<p>En esta entrevista, Yerko Monje Hern\u00e1ndez, director de la Escuela de Historia y Ciencias Sociales de la Universidad Austral de Chile, aborda el Aprendizaje Basado en Proyectos como herramienta para el desarrollo transversal de habilidades en las comunidades educativas. La conversaci\u00f3n se enmarca en su experiencia como relator del Campamento Explora VA!, una capacitaci\u00f3n docente [&hellip;]<\/p>\n","protected":false},"author":37,"featured_media":39459,"comment_status":"open","ping_status":"open","sticky":false,"template":"","format":"standard","meta":{"_acf_changed":false,"_exactmetrics_skip_tracking":false,"_exactmetrics_sitenote_active":false,"_exactmetrics_sitenote_note":"","_exactmetrics_sitenote_category":0,"footnotes":"","_links_to":"","_links_to_target":""},"categories":[4],"tags":[223,202,219,221,183,184],"class_list":["post-39458","post","type-post","status-publish","format-standard","has-post-thumbnail","hentry","category-noticias","tag-aprendizaje-basado-en-proyectos","tag-campamento-explora-va","tag-campus-patagonia-uach","tag-entrevista","tag-par-explora-aysen","tag-universidad-austral-de-chile"],"acf":[],"yoast_head":"<!-- This site is optimized with the Yoast SEO plugin v26.9 - https:\/\/yoast.com\/product\/yoast-seo-wordpress\/ -->\n<title>Entrevista: Yerko Monje sobre Aprendizaje Basado en Proyectos<\/title>\n<meta name=\"description\" content=\"Entrevista a Yerko Monje Hern\u00e1ndez, director de la Escuela de Historia y Ciencias Sociales de la Universidad Austral de Chile.\" class=\"yoast-seo-meta-tag\" \/>\n<meta name=\"robots\" content=\"index, follow, max-snippet:-1, max-image-preview:large, max-video-preview:-1\" \/>\n<link rel=\"canonical\" href=\"https:\/\/explora.cl\/aysen\/aprendizaje-basado-proyectos-comunidades-educativas\/\" class=\"yoast-seo-meta-tag\" \/>\n<meta property=\"og:locale\" content=\"es_ES\" class=\"yoast-seo-meta-tag\" \/>\n<meta property=\"og:type\" content=\"article\" class=\"yoast-seo-meta-tag\" \/>\n<meta property=\"og:title\" content=\"Entrevista: Yerko Monje sobre Aprendizaje Basado en Proyectos\" class=\"yoast-seo-meta-tag\" \/>\n<meta property=\"og:description\" content=\"Entrevista a Yerko Monje Hern\u00e1ndez, director de la Escuela de Historia y Ciencias Sociales de la Universidad Austral de Chile.\" class=\"yoast-seo-meta-tag\" \/>\n<meta property=\"og:url\" content=\"https:\/\/explora.cl\/aysen\/aprendizaje-basado-proyectos-comunidades-educativas\/\" class=\"yoast-seo-meta-tag\" \/>\n<meta property=\"og:site_name\" content=\"Aysen\" class=\"yoast-seo-meta-tag\" \/>\n<meta property=\"article:published_time\" content=\"2026-04-27T15:04:30+00:00\" class=\"yoast-seo-meta-tag\" \/>\n<meta property=\"article:modified_time\" content=\"2026-04-27T17:05:51+00:00\" class=\"yoast-seo-meta-tag\" \/>\n<meta name=\"author\" content=\"scisternas\" class=\"yoast-seo-meta-tag\" \/>\n<meta name=\"twitter:card\" content=\"summary_large_image\" class=\"yoast-seo-meta-tag\" \/>\n<meta name=\"twitter:label1\" content=\"Escrito por\" class=\"yoast-seo-meta-tag\" \/>\n\t<meta name=\"twitter:data1\" content=\"scisternas\" class=\"yoast-seo-meta-tag\" \/>\n\t<meta name=\"twitter:label2\" content=\"Tiempo estimado de lectura\" class=\"yoast-seo-meta-tag\" \/>\n\t<meta name=\"twitter:data2\" content=\"5 minutos\" class=\"yoast-seo-meta-tag\" \/>\n<script type=\"application\/ld+json\" class=\"yoast-schema-graph\">{\"@context\":\"https:\/\/schema.org\",\"@graph\":[{\"@type\":\"Article\",\"@id\":\"https:\/\/explora.cl\/aysen\/aprendizaje-basado-proyectos-comunidades-educativas\/#article\",\"isPartOf\":{\"@id\":\"https:\/\/explora.cl\/aysen\/aprendizaje-basado-proyectos-comunidades-educativas\/\"},\"author\":{\"name\":\"scisternas\",\"@id\":\"https:\/\/explora.cl\/aysen\/#\/schema\/person\/81c802b1e3b443e2575e555b39e60a05\"},\"headline\":\"\u201cLa escuela es parte constitutiva del territorio\u201d\",\"datePublished\":\"2026-04-27T15:04:30+00:00\",\"dateModified\":\"2026-04-27T17:05:51+00:00\",\"mainEntityOfPage\":{\"@id\":\"https:\/\/explora.cl\/aysen\/aprendizaje-basado-proyectos-comunidades-educativas\/\"},\"wordCount\":988,\"commentCount\":0,\"image\":{\"@id\":\"https:\/\/explora.cl\/aysen\/aprendizaje-basado-proyectos-comunidades-educativas\/#primaryimage\"},\"thumbnailUrl\":\"https:\/\/explora.cl\/aysen\/wp-content\/uploads\/sites\/18\/2026\/04\/entrevistas-R.-Merino-13-RODRIGO-MERINO.png\",\"keywords\":[\"Aprendizaje Basado en Proyectos\",\"Campamento Explora VA!\",\"Campus Patagonia UACh\",\"Entrevista\",\"PAR Explora Ays\u00e9n\",\"uNIVERSIDAD aUSTRAL DE cHILE\"],\"articleSection\":[\"Noticias\"],\"inLanguage\":\"es-CL\",\"potentialAction\":[{\"@type\":\"CommentAction\",\"name\":\"Comment\",\"target\":[\"https:\/\/explora.cl\/aysen\/aprendizaje-basado-proyectos-comunidades-educativas\/#respond\"]}]},{\"@type\":\"WebPage\",\"@id\":\"https:\/\/explora.cl\/aysen\/aprendizaje-basado-proyectos-comunidades-educativas\/\",\"url\":\"https:\/\/explora.cl\/aysen\/aprendizaje-basado-proyectos-comunidades-educativas\/\",\"name\":\"Entrevista: Yerko Monje sobre Aprendizaje Basado en Proyectos\",\"isPartOf\":{\"@id\":\"https:\/\/explora.cl\/aysen\/#website\"},\"primaryImageOfPage\":{\"@id\":\"https:\/\/explora.cl\/aysen\/aprendizaje-basado-proyectos-comunidades-educativas\/#primaryimage\"},\"image\":{\"@id\":\"https:\/\/explora.cl\/aysen\/aprendizaje-basado-proyectos-comunidades-educativas\/#primaryimage\"},\"thumbnailUrl\":\"https:\/\/explora.cl\/aysen\/wp-content\/uploads\/sites\/18\/2026\/04\/entrevistas-R.-Merino-13-RODRIGO-MERINO.png\",\"datePublished\":\"2026-04-27T15:04:30+00:00\",\"dateModified\":\"2026-04-27T17:05:51+00:00\",\"author\":{\"@id\":\"https:\/\/explora.cl\/aysen\/#\/schema\/person\/81c802b1e3b443e2575e555b39e60a05\"},\"description\":\"Entrevista a Yerko Monje Hern\u00e1ndez, director de la Escuela de Historia y Ciencias Sociales de la Universidad Austral de Chile.\",\"breadcrumb\":{\"@id\":\"https:\/\/explora.cl\/aysen\/aprendizaje-basado-proyectos-comunidades-educativas\/#breadcrumb\"},\"inLanguage\":\"es-CL\",\"potentialAction\":[{\"@type\":\"ReadAction\",\"target\":[\"https:\/\/explora.cl\/aysen\/aprendizaje-basado-proyectos-comunidades-educativas\/\"]}]},{\"@type\":\"ImageObject\",\"inLanguage\":\"es-CL\",\"@id\":\"https:\/\/explora.cl\/aysen\/aprendizaje-basado-proyectos-comunidades-educativas\/#primaryimage\",\"url\":\"https:\/\/explora.cl\/aysen\/wp-content\/uploads\/sites\/18\/2026\/04\/entrevistas-R.-Merino-13-RODRIGO-MERINO.png\",\"contentUrl\":\"https:\/\/explora.cl\/aysen\/wp-content\/uploads\/sites\/18\/2026\/04\/entrevistas-R.-Merino-13-RODRIGO-MERINO.png\",\"width\":1080,\"height\":1350},{\"@type\":\"BreadcrumbList\",\"@id\":\"https:\/\/explora.cl\/aysen\/aprendizaje-basado-proyectos-comunidades-educativas\/#breadcrumb\",\"itemListElement\":[{\"@type\":\"ListItem\",\"position\":1,\"name\":\"Portada\",\"item\":\"https:\/\/explora.cl\/aysen\/\"},{\"@type\":\"ListItem\",\"position\":2,\"name\":\"\u201cLa escuela es parte constitutiva del territorio\u201d\"}]},{\"@type\":\"WebSite\",\"@id\":\"https:\/\/explora.cl\/aysen\/#website\",\"url\":\"https:\/\/explora.cl\/aysen\/\",\"name\":\"Aysen\",\"description\":\"Otro sitio m\u00e1s de explora.cl\",\"potentialAction\":[{\"@type\":\"SearchAction\",\"target\":{\"@type\":\"EntryPoint\",\"urlTemplate\":\"https:\/\/explora.cl\/aysen\/?s={search_term_string}\"},\"query-input\":{\"@type\":\"PropertyValueSpecification\",\"valueRequired\":true,\"valueName\":\"search_term_string\"}}],\"inLanguage\":\"es-CL\"},{\"@type\":\"Person\",\"@id\":\"https:\/\/explora.cl\/aysen\/#\/schema\/person\/81c802b1e3b443e2575e555b39e60a05\",\"name\":\"scisternas\",\"image\":{\"@type\":\"ImageObject\",\"inLanguage\":\"es-CL\",\"@id\":\"https:\/\/explora.cl\/aysen\/#\/schema\/person\/image\/\",\"url\":\"https:\/\/secure.gravatar.com\/avatar\/611c8f1946b775bdf01b0521c85a9381c3ad08d928d8ead34ce577b0fa231c76?s=96&d=mm&r=g\",\"contentUrl\":\"https:\/\/secure.gravatar.com\/avatar\/611c8f1946b775bdf01b0521c85a9381c3ad08d928d8ead34ce577b0fa231c76?s=96&d=mm&r=g\",\"caption\":\"scisternas\"},\"url\":\"https:\/\/explora.cl\/aysen\/author\/scisternas\/\"}]}<\/script>\n<!-- \/ Yoast SEO plugin. -->","yoast_head_json":{"title":"Entrevista: Yerko Monje sobre Aprendizaje Basado en Proyectos","description":"Entrevista a Yerko Monje Hern\u00e1ndez, director de la Escuela de Historia y Ciencias Sociales de la Universidad Austral de Chile.","robots":{"index":"index","follow":"follow","max-snippet":"max-snippet:-1","max-image-preview":"max-image-preview:large","max-video-preview":"max-video-preview:-1"},"canonical":"https:\/\/explora.cl\/aysen\/aprendizaje-basado-proyectos-comunidades-educativas\/","og_locale":"es_ES","og_type":"article","og_title":"Entrevista: Yerko Monje sobre Aprendizaje Basado en Proyectos","og_description":"Entrevista a Yerko Monje Hern\u00e1ndez, director de la Escuela de Historia y Ciencias Sociales de la Universidad Austral de Chile.","og_url":"https:\/\/explora.cl\/aysen\/aprendizaje-basado-proyectos-comunidades-educativas\/","og_site_name":"Aysen","article_published_time":"2026-04-27T15:04:30+00:00","article_modified_time":"2026-04-27T17:05:51+00:00","author":"scisternas","twitter_card":"summary_large_image","twitter_misc":{"Escrito por":"scisternas","Tiempo estimado de lectura":"5 minutos"},"schema":{"@context":"https:\/\/schema.org","@graph":[{"@type":"Article","@id":"https:\/\/explora.cl\/aysen\/aprendizaje-basado-proyectos-comunidades-educativas\/#article","isPartOf":{"@id":"https:\/\/explora.cl\/aysen\/aprendizaje-basado-proyectos-comunidades-educativas\/"},"author":{"name":"scisternas","@id":"https:\/\/explora.cl\/aysen\/#\/schema\/person\/81c802b1e3b443e2575e555b39e60a05"},"headline":"\u201cLa escuela es parte constitutiva del territorio\u201d","datePublished":"2026-04-27T15:04:30+00:00","dateModified":"2026-04-27T17:05:51+00:00","mainEntityOfPage":{"@id":"https:\/\/explora.cl\/aysen\/aprendizaje-basado-proyectos-comunidades-educativas\/"},"wordCount":988,"commentCount":0,"image":{"@id":"https:\/\/explora.cl\/aysen\/aprendizaje-basado-proyectos-comunidades-educativas\/#primaryimage"},"thumbnailUrl":"https:\/\/explora.cl\/aysen\/wp-content\/uploads\/sites\/18\/2026\/04\/entrevistas-R.-Merino-13-RODRIGO-MERINO.png","keywords":["Aprendizaje Basado en Proyectos","Campamento Explora VA!","Campus Patagonia UACh","Entrevista","PAR Explora Ays\u00e9n","uNIVERSIDAD aUSTRAL DE cHILE"],"articleSection":["Noticias"],"inLanguage":"es-CL","potentialAction":[{"@type":"CommentAction","name":"Comment","target":["https:\/\/explora.cl\/aysen\/aprendizaje-basado-proyectos-comunidades-educativas\/#respond"]}]},{"@type":"WebPage","@id":"https:\/\/explora.cl\/aysen\/aprendizaje-basado-proyectos-comunidades-educativas\/","url":"https:\/\/explora.cl\/aysen\/aprendizaje-basado-proyectos-comunidades-educativas\/","name":"Entrevista: Yerko Monje sobre Aprendizaje Basado en Proyectos","isPartOf":{"@id":"https:\/\/explora.cl\/aysen\/#website"},"primaryImageOfPage":{"@id":"https:\/\/explora.cl\/aysen\/aprendizaje-basado-proyectos-comunidades-educativas\/#primaryimage"},"image":{"@id":"https:\/\/explora.cl\/aysen\/aprendizaje-basado-proyectos-comunidades-educativas\/#primaryimage"},"thumbnailUrl":"https:\/\/explora.cl\/aysen\/wp-content\/uploads\/sites\/18\/2026\/04\/entrevistas-R.-Merino-13-RODRIGO-MERINO.png","datePublished":"2026-04-27T15:04:30+00:00","dateModified":"2026-04-27T17:05:51+00:00","author":{"@id":"https:\/\/explora.cl\/aysen\/#\/schema\/person\/81c802b1e3b443e2575e555b39e60a05"},"description":"Entrevista a Yerko Monje Hern\u00e1ndez, director de la Escuela de Historia y Ciencias Sociales de la Universidad Austral de Chile.","breadcrumb":{"@id":"https:\/\/explora.cl\/aysen\/aprendizaje-basado-proyectos-comunidades-educativas\/#breadcrumb"},"inLanguage":"es-CL","potentialAction":[{"@type":"ReadAction","target":["https:\/\/explora.cl\/aysen\/aprendizaje-basado-proyectos-comunidades-educativas\/"]}]},{"@type":"ImageObject","inLanguage":"es-CL","@id":"https:\/\/explora.cl\/aysen\/aprendizaje-basado-proyectos-comunidades-educativas\/#primaryimage","url":"https:\/\/explora.cl\/aysen\/wp-content\/uploads\/sites\/18\/2026\/04\/entrevistas-R.-Merino-13-RODRIGO-MERINO.png","contentUrl":"https:\/\/explora.cl\/aysen\/wp-content\/uploads\/sites\/18\/2026\/04\/entrevistas-R.-Merino-13-RODRIGO-MERINO.png","width":1080,"height":1350},{"@type":"BreadcrumbList","@id":"https:\/\/explora.cl\/aysen\/aprendizaje-basado-proyectos-comunidades-educativas\/#breadcrumb","itemListElement":[{"@type":"ListItem","position":1,"name":"Portada","item":"https:\/\/explora.cl\/aysen\/"},{"@type":"ListItem","position":2,"name":"\u201cLa escuela es parte constitutiva del territorio\u201d"}]},{"@type":"WebSite","@id":"https:\/\/explora.cl\/aysen\/#website","url":"https:\/\/explora.cl\/aysen\/","name":"Aysen","description":"Otro sitio m\u00e1s de explora.cl","potentialAction":[{"@type":"SearchAction","target":{"@type":"EntryPoint","urlTemplate":"https:\/\/explora.cl\/aysen\/?s={search_term_string}"},"query-input":{"@type":"PropertyValueSpecification","valueRequired":true,"valueName":"search_term_string"}}],"inLanguage":"es-CL"},{"@type":"Person","@id":"https:\/\/explora.cl\/aysen\/#\/schema\/person\/81c802b1e3b443e2575e555b39e60a05","name":"scisternas","image":{"@type":"ImageObject","inLanguage":"es-CL","@id":"https:\/\/explora.cl\/aysen\/#\/schema\/person\/image\/","url":"https:\/\/secure.gravatar.com\/avatar\/611c8f1946b775bdf01b0521c85a9381c3ad08d928d8ead34ce577b0fa231c76?s=96&d=mm&r=g","contentUrl":"https:\/\/secure.gravatar.com\/avatar\/611c8f1946b775bdf01b0521c85a9381c3ad08d928d8ead34ce577b0fa231c76?s=96&d=mm&r=g","caption":"scisternas"},"url":"https:\/\/explora.cl\/aysen\/author\/scisternas\/"}]}},"_links":{"self":[{"href":"https:\/\/explora.cl\/aysen\/wp-json\/wp\/v2\/posts\/39458","targetHints":{"allow":["GET"]}}],"collection":[{"href":"https:\/\/explora.cl\/aysen\/wp-json\/wp\/v2\/posts"}],"about":[{"href":"https:\/\/explora.cl\/aysen\/wp-json\/wp\/v2\/types\/post"}],"author":[{"embeddable":true,"href":"https:\/\/explora.cl\/aysen\/wp-json\/wp\/v2\/users\/37"}],"replies":[{"embeddable":true,"href":"https:\/\/explora.cl\/aysen\/wp-json\/wp\/v2\/comments?post=39458"}],"version-history":[{"count":3,"href":"https:\/\/explora.cl\/aysen\/wp-json\/wp\/v2\/posts\/39458\/revisions"}],"predecessor-version":[{"id":39463,"href":"https:\/\/explora.cl\/aysen\/wp-json\/wp\/v2\/posts\/39458\/revisions\/39463"}],"wp:featuredmedia":[{"embeddable":true,"href":"https:\/\/explora.cl\/aysen\/wp-json\/wp\/v2\/media\/39459"}],"wp:attachment":[{"href":"https:\/\/explora.cl\/aysen\/wp-json\/wp\/v2\/media?parent=39458"}],"wp:term":[{"taxonomy":"category","embeddable":true,"href":"https:\/\/explora.cl\/aysen\/wp-json\/wp\/v2\/categories?post=39458"},{"taxonomy":"post_tag","embeddable":true,"href":"https:\/\/explora.cl\/aysen\/wp-json\/wp\/v2\/tags?post=39458"}],"curies":[{"name":"wp","href":"https:\/\/api.w.org\/{rel}","templated":true}]}}