{"id":39450,"date":"2026-04-17T09:56:37","date_gmt":"2026-04-17T13:56:37","guid":{"rendered":"https:\/\/explora.cl\/aysen\/?p=39450"},"modified":"2026-04-27T09:58:58","modified_gmt":"2026-04-27T13:58:58","slug":"docentes-se-capacitan-para-llevar-la-ciencia-al-aula","status":"publish","type":"post","link":"https:\/\/explora.cl\/aysen\/docentes-se-capacitan-para-llevar-la-ciencia-al-aula\/","title":{"rendered":"Docentes fortalecen sus pr\u00e1cticas para llevar las ciencias al aula"},"content":{"rendered":"<p class=\"bajada\">En el taller \u201cReconectando\u201d de Campamento Explora VA!, educadoras y docentes de la regi\u00f3n profundizaron en sus conocimientos, consolidaron comunidades de aprendizaje y dise\u00f1aron estrategias did\u00e1cticas para la investigaci\u00f3n cient\u00edfica escolar.<\/p>\n<div class=\"post-entry blockquote-style-2\">\n<div class=\"inner-post-entry\">\n<p>El Campamento Explora VA! es una iniciativa implementada por el Proyecto Explora Ays\u00e9n del Ministerio de Ciencia, Tecnolog\u00eda, Conocimiento e Innovaci\u00f3n y el Campus Patagonia de la Universidad Austral de Chile con el objetivo de potenciar las competencias en ciencia, conocimiento e innovaci\u00f3n en las comunidades educativas, adem\u00e1s de promover redes de colaboraci\u00f3n entre docentes.<\/p>\n<p>Para alcanzar sus objetivos, el Campamento acompa\u00f1a a las y los participantes durante dos a\u00f1os (2025-2026) mediante una ruta formativa de tres etapas que incluye una capacitaci\u00f3n docente, transferencias metodol\u00f3gicas a colegas de su establecimiento y la implementaci\u00f3n de secuencias did\u00e1cticas en el aula.<\/p>\n<p><strong>El juego y los proyectos como herramientas para aprender<\/strong><\/p>\n<p>El taller \u201cReconectando\u201d marc\u00f3 el inicio del segundo a\u00f1o de Campamento Explora VA!, instancia en que las y los participantes repasaron conocimientos y herramientas trabajadas durante la etapa de capacitaci\u00f3n, compartieron sus experiencias de transferencia metodol\u00f3gica y dise\u00f1aron secuencias did\u00e1cticas para implementar en el aula.<\/p>\n<p>La jornada tuvo como eje central el juego como estrategia para fortalecer las comunidades de aprendizaje y la metodolog\u00eda de Aprendizaje Basado en Proyectos (ABP), actividades guiadas por Claudio Guti\u00e9rrez, creador de Efecto Guty, y Yerko Monje, director de la Escuela de Historia y Ciencias Sociales de la Universidad Austral de Chile. Adem\u00e1s, se abord\u00f3 el dise\u00f1o de proyectos de investigaci\u00f3n y el lenguaje de las ciencias.<\/p>\n<p>Sobre la jornada, Katherinne Contreras, educadora diferencial de la Escuela B\u00e1sica Hern\u00e1n Merino Correa de Cochrane, destac\u00f3: \u201cLa jornada ha sido muy entretenida y sorpresiva porque no solamente nos hemos reencontrado con los colegas del Campamento, sino que tambi\u00e9n hemos aprendido nuevas estrategias y herramientas para seguir fortaleciendo el trabajo diario en cada una de nuestras escuelas\u201d.<\/p>\n<p><strong>Ruta formativa 2026<\/strong><\/p>\n<p>Campamento Explora VA! contin\u00faa hasta fines de 2026 con la implementaci\u00f3n de secuencias did\u00e1cticas en el aula por parte de educadoras y docentes, quienes contar\u00e1n con el acompa\u00f1amiento del equipo Explora Ays\u00e9n, y la elaboraci\u00f3n de una publicaci\u00f3n que dar\u00e1 cuenta de las experiencias en los distintos territorios de la regi\u00f3n.<\/p>\n<p>Al respecto, Viviana Pizarro, directora del PAR Explora Ays\u00e9n, se\u00f1al\u00f3: \u201cQueremos relevar el trabajo que desarrollan docentes, educadoras y educadores en la regi\u00f3n a trav\u00e9s de una publicaci\u00f3n que recoja las experiencias de implementaci\u00f3n de Campamento y que d\u00e9 cuenta del esfuerzo que desde los territorios se hacen por fortalecer las competencias CTCI y mejorar las pr\u00e1cticas educativas\u201d.<\/p>\n<p>De esta forma, el programa consolida una ruta formativa que promueve el involucramiento activo de educadoras y docentes en sus comunidades educativas, fortaleciendo las ciencias y la innovaci\u00f3n en los distintos territorios de la regi\u00f3n de Ays\u00e9n.<\/p>\n<\/div>\n<\/div>\n","protected":false},"excerpt":{"rendered":"<p>En el taller \u201cReconectando\u201d de Campamento Explora VA!, educadoras y docentes de la regi\u00f3n profundizaron en sus conocimientos, consolidaron comunidades de aprendizaje y dise\u00f1aron estrategias did\u00e1cticas para la investigaci\u00f3n cient\u00edfica escolar. El Campamento Explora VA! es una iniciativa implementada por el Proyecto Explora Ays\u00e9n del Ministerio de Ciencia, Tecnolog\u00eda, Conocimiento e Innovaci\u00f3n y el Campus [&hellip;]<\/p>\n","protected":false},"author":37,"featured_media":39451,"comment_status":"open","ping_status":"open","sticky":false,"template":"","format":"standard","meta":{"_acf_changed":false,"_exactmetrics_skip_tracking":false,"_exactmetrics_sitenote_active":false,"_exactmetrics_sitenote_note":"","_exactmetrics_sitenote_category":0,"footnotes":"","_links_to":"","_links_to_target":""},"categories":[4,126],"tags":[202,219,220,12,183],"class_list":["post-39450","post","type-post","status-publish","format-standard","has-post-thumbnail","hentry","category-noticias","category-para-publico-general","tag-campamento-explora-va","tag-campus-patagonia-uach","tag-capacitacion-docente","tag-ciencia-escolar","tag-par-explora-aysen"],"acf":[],"yoast_head":"<!-- This site is optimized with the Yoast SEO plugin v26.9 - https:\/\/yoast.com\/product\/yoast-seo-wordpress\/ -->\n<title>Taller Reconectando fortalece la investigaci\u00f3n cient\u00edfica escolar<\/title>\n<meta name=\"description\" content=\"En \u201cReconectando\u201d de Campamento Explora VA!, docentes y educadoras fortalecieron conocimientos y dise\u00f1aron estrategias para la investigaci\u00f3n cient\u00edfica escolar.\" class=\"yoast-seo-meta-tag\" \/>\n<meta name=\"robots\" content=\"index, follow, max-snippet:-1, max-image-preview:large, max-video-preview:-1\" \/>\n<link rel=\"canonical\" href=\"https:\/\/explora.cl\/aysen\/docentes-se-capacitan-para-llevar-la-ciencia-al-aula\/\" class=\"yoast-seo-meta-tag\" \/>\n<meta property=\"og:locale\" content=\"es_ES\" class=\"yoast-seo-meta-tag\" \/>\n<meta property=\"og:type\" content=\"article\" class=\"yoast-seo-meta-tag\" \/>\n<meta property=\"og:title\" content=\"Taller Reconectando fortalece la investigaci\u00f3n cient\u00edfica escolar\" class=\"yoast-seo-meta-tag\" \/>\n<meta property=\"og:description\" content=\"En \u201cReconectando\u201d de Campamento Explora VA!, docentes y educadoras fortalecieron conocimientos y dise\u00f1aron estrategias para la investigaci\u00f3n cient\u00edfica escolar.\" class=\"yoast-seo-meta-tag\" \/>\n<meta property=\"og:url\" content=\"https:\/\/explora.cl\/aysen\/docentes-se-capacitan-para-llevar-la-ciencia-al-aula\/\" class=\"yoast-seo-meta-tag\" \/>\n<meta property=\"og:site_name\" content=\"Aysen\" class=\"yoast-seo-meta-tag\" \/>\n<meta property=\"article:published_time\" content=\"2026-04-17T13:56:37+00:00\" class=\"yoast-seo-meta-tag\" \/>\n<meta property=\"article:modified_time\" content=\"2026-04-27T13:58:58+00:00\" class=\"yoast-seo-meta-tag\" \/>\n<meta property=\"og:image\" content=\"https:\/\/explora.cl\/aysen\/wp-content\/uploads\/sites\/18\/2026\/04\/IMG_6042-scaled-e1776687036873-1170x793-1.jpeg\" class=\"yoast-seo-meta-tag\" \/>\n\t<meta property=\"og:image:width\" content=\"1170\" class=\"yoast-seo-meta-tag\" \/>\n\t<meta property=\"og:image:height\" content=\"793\" class=\"yoast-seo-meta-tag\" \/>\n\t<meta property=\"og:image:type\" content=\"image\/jpeg\" class=\"yoast-seo-meta-tag\" \/>\n<meta name=\"author\" content=\"scisternas\" class=\"yoast-seo-meta-tag\" \/>\n<meta name=\"twitter:card\" content=\"summary_large_image\" class=\"yoast-seo-meta-tag\" \/>\n<meta name=\"twitter:label1\" content=\"Escrito por\" class=\"yoast-seo-meta-tag\" \/>\n\t<meta name=\"twitter:data1\" content=\"scisternas\" class=\"yoast-seo-meta-tag\" \/>\n\t<meta name=\"twitter:label2\" content=\"Tiempo estimado de lectura\" class=\"yoast-seo-meta-tag\" \/>\n\t<meta name=\"twitter:data2\" content=\"3 minutos\" class=\"yoast-seo-meta-tag\" \/>\n<script type=\"application\/ld+json\" class=\"yoast-schema-graph\">{\"@context\":\"https:\/\/schema.org\",\"@graph\":[{\"@type\":\"Article\",\"@id\":\"https:\/\/explora.cl\/aysen\/docentes-se-capacitan-para-llevar-la-ciencia-al-aula\/#article\",\"isPartOf\":{\"@id\":\"https:\/\/explora.cl\/aysen\/docentes-se-capacitan-para-llevar-la-ciencia-al-aula\/\"},\"author\":{\"name\":\"scisternas\",\"@id\":\"https:\/\/explora.cl\/aysen\/#\/schema\/person\/81c802b1e3b443e2575e555b39e60a05\"},\"headline\":\"Docentes fortalecen sus pr\u00e1cticas para llevar las ciencias al aula\",\"datePublished\":\"2026-04-17T13:56:37+00:00\",\"dateModified\":\"2026-04-27T13:58:58+00:00\",\"mainEntityOfPage\":{\"@id\":\"https:\/\/explora.cl\/aysen\/docentes-se-capacitan-para-llevar-la-ciencia-al-aula\/\"},\"wordCount\":515,\"commentCount\":0,\"image\":{\"@id\":\"https:\/\/explora.cl\/aysen\/docentes-se-capacitan-para-llevar-la-ciencia-al-aula\/#primaryimage\"},\"thumbnailUrl\":\"https:\/\/explora.cl\/aysen\/wp-content\/uploads\/sites\/18\/2026\/04\/IMG_6042-scaled-e1776687036873-1170x793-1.jpeg\",\"keywords\":[\"Campamento Explora VA!\",\"Campus Patagonia UACh\",\"capacitaci\u00f3n docente\",\"ciencia escolar\",\"PAR Explora Ays\u00e9n\"],\"articleSection\":[\"Noticias\",\"Para P\u00fablico General\"],\"inLanguage\":\"es-CL\",\"potentialAction\":[{\"@type\":\"CommentAction\",\"name\":\"Comment\",\"target\":[\"https:\/\/explora.cl\/aysen\/docentes-se-capacitan-para-llevar-la-ciencia-al-aula\/#respond\"]}]},{\"@type\":\"WebPage\",\"@id\":\"https:\/\/explora.cl\/aysen\/docentes-se-capacitan-para-llevar-la-ciencia-al-aula\/\",\"url\":\"https:\/\/explora.cl\/aysen\/docentes-se-capacitan-para-llevar-la-ciencia-al-aula\/\",\"name\":\"Taller Reconectando fortalece la investigaci\u00f3n cient\u00edfica escolar\",\"isPartOf\":{\"@id\":\"https:\/\/explora.cl\/aysen\/#website\"},\"primaryImageOfPage\":{\"@id\":\"https:\/\/explora.cl\/aysen\/docentes-se-capacitan-para-llevar-la-ciencia-al-aula\/#primaryimage\"},\"image\":{\"@id\":\"https:\/\/explora.cl\/aysen\/docentes-se-capacitan-para-llevar-la-ciencia-al-aula\/#primaryimage\"},\"thumbnailUrl\":\"https:\/\/explora.cl\/aysen\/wp-content\/uploads\/sites\/18\/2026\/04\/IMG_6042-scaled-e1776687036873-1170x793-1.jpeg\",\"datePublished\":\"2026-04-17T13:56:37+00:00\",\"dateModified\":\"2026-04-27T13:58:58+00:00\",\"author\":{\"@id\":\"https:\/\/explora.cl\/aysen\/#\/schema\/person\/81c802b1e3b443e2575e555b39e60a05\"},\"description\":\"En \u201cReconectando\u201d de Campamento Explora VA!, docentes y educadoras fortalecieron conocimientos y dise\u00f1aron estrategias para la investigaci\u00f3n cient\u00edfica escolar.\",\"breadcrumb\":{\"@id\":\"https:\/\/explora.cl\/aysen\/docentes-se-capacitan-para-llevar-la-ciencia-al-aula\/#breadcrumb\"},\"inLanguage\":\"es-CL\",\"potentialAction\":[{\"@type\":\"ReadAction\",\"target\":[\"https:\/\/explora.cl\/aysen\/docentes-se-capacitan-para-llevar-la-ciencia-al-aula\/\"]}]},{\"@type\":\"ImageObject\",\"inLanguage\":\"es-CL\",\"@id\":\"https:\/\/explora.cl\/aysen\/docentes-se-capacitan-para-llevar-la-ciencia-al-aula\/#primaryimage\",\"url\":\"https:\/\/explora.cl\/aysen\/wp-content\/uploads\/sites\/18\/2026\/04\/IMG_6042-scaled-e1776687036873-1170x793-1.jpeg\",\"contentUrl\":\"https:\/\/explora.cl\/aysen\/wp-content\/uploads\/sites\/18\/2026\/04\/IMG_6042-scaled-e1776687036873-1170x793-1.jpeg\",\"width\":1170,\"height\":793},{\"@type\":\"BreadcrumbList\",\"@id\":\"https:\/\/explora.cl\/aysen\/docentes-se-capacitan-para-llevar-la-ciencia-al-aula\/#breadcrumb\",\"itemListElement\":[{\"@type\":\"ListItem\",\"position\":1,\"name\":\"Portada\",\"item\":\"https:\/\/explora.cl\/aysen\/\"},{\"@type\":\"ListItem\",\"position\":2,\"name\":\"Docentes fortalecen sus pr\u00e1cticas para llevar las ciencias al aula\"}]},{\"@type\":\"WebSite\",\"@id\":\"https:\/\/explora.cl\/aysen\/#website\",\"url\":\"https:\/\/explora.cl\/aysen\/\",\"name\":\"Aysen\",\"description\":\"Otro sitio m\u00e1s de explora.cl\",\"potentialAction\":[{\"@type\":\"SearchAction\",\"target\":{\"@type\":\"EntryPoint\",\"urlTemplate\":\"https:\/\/explora.cl\/aysen\/?s={search_term_string}\"},\"query-input\":{\"@type\":\"PropertyValueSpecification\",\"valueRequired\":true,\"valueName\":\"search_term_string\"}}],\"inLanguage\":\"es-CL\"},{\"@type\":\"Person\",\"@id\":\"https:\/\/explora.cl\/aysen\/#\/schema\/person\/81c802b1e3b443e2575e555b39e60a05\",\"name\":\"scisternas\",\"image\":{\"@type\":\"ImageObject\",\"inLanguage\":\"es-CL\",\"@id\":\"https:\/\/explora.cl\/aysen\/#\/schema\/person\/image\/\",\"url\":\"https:\/\/secure.gravatar.com\/avatar\/611c8f1946b775bdf01b0521c85a9381c3ad08d928d8ead34ce577b0fa231c76?s=96&d=mm&r=g\",\"contentUrl\":\"https:\/\/secure.gravatar.com\/avatar\/611c8f1946b775bdf01b0521c85a9381c3ad08d928d8ead34ce577b0fa231c76?s=96&d=mm&r=g\",\"caption\":\"scisternas\"},\"url\":\"https:\/\/explora.cl\/aysen\/author\/scisternas\/\"}]}<\/script>\n<!-- \/ Yoast SEO plugin. -->","yoast_head_json":{"title":"Taller Reconectando fortalece la investigaci\u00f3n cient\u00edfica escolar","description":"En \u201cReconectando\u201d de Campamento Explora VA!, docentes y educadoras fortalecieron conocimientos y dise\u00f1aron estrategias para la investigaci\u00f3n cient\u00edfica escolar.","robots":{"index":"index","follow":"follow","max-snippet":"max-snippet:-1","max-image-preview":"max-image-preview:large","max-video-preview":"max-video-preview:-1"},"canonical":"https:\/\/explora.cl\/aysen\/docentes-se-capacitan-para-llevar-la-ciencia-al-aula\/","og_locale":"es_ES","og_type":"article","og_title":"Taller Reconectando fortalece la investigaci\u00f3n cient\u00edfica escolar","og_description":"En \u201cReconectando\u201d de Campamento Explora VA!, docentes y educadoras fortalecieron conocimientos y dise\u00f1aron estrategias para la investigaci\u00f3n cient\u00edfica escolar.","og_url":"https:\/\/explora.cl\/aysen\/docentes-se-capacitan-para-llevar-la-ciencia-al-aula\/","og_site_name":"Aysen","article_published_time":"2026-04-17T13:56:37+00:00","article_modified_time":"2026-04-27T13:58:58+00:00","og_image":[{"width":1170,"height":793,"url":"https:\/\/explora.cl\/aysen\/wp-content\/uploads\/sites\/18\/2026\/04\/IMG_6042-scaled-e1776687036873-1170x793-1.jpeg","type":"image\/jpeg"}],"author":"scisternas","twitter_card":"summary_large_image","twitter_misc":{"Escrito por":"scisternas","Tiempo estimado de lectura":"3 minutos"},"schema":{"@context":"https:\/\/schema.org","@graph":[{"@type":"Article","@id":"https:\/\/explora.cl\/aysen\/docentes-se-capacitan-para-llevar-la-ciencia-al-aula\/#article","isPartOf":{"@id":"https:\/\/explora.cl\/aysen\/docentes-se-capacitan-para-llevar-la-ciencia-al-aula\/"},"author":{"name":"scisternas","@id":"https:\/\/explora.cl\/aysen\/#\/schema\/person\/81c802b1e3b443e2575e555b39e60a05"},"headline":"Docentes fortalecen sus pr\u00e1cticas para llevar las ciencias al aula","datePublished":"2026-04-17T13:56:37+00:00","dateModified":"2026-04-27T13:58:58+00:00","mainEntityOfPage":{"@id":"https:\/\/explora.cl\/aysen\/docentes-se-capacitan-para-llevar-la-ciencia-al-aula\/"},"wordCount":515,"commentCount":0,"image":{"@id":"https:\/\/explora.cl\/aysen\/docentes-se-capacitan-para-llevar-la-ciencia-al-aula\/#primaryimage"},"thumbnailUrl":"https:\/\/explora.cl\/aysen\/wp-content\/uploads\/sites\/18\/2026\/04\/IMG_6042-scaled-e1776687036873-1170x793-1.jpeg","keywords":["Campamento Explora VA!","Campus Patagonia UACh","capacitaci\u00f3n docente","ciencia escolar","PAR Explora Ays\u00e9n"],"articleSection":["Noticias","Para P\u00fablico General"],"inLanguage":"es-CL","potentialAction":[{"@type":"CommentAction","name":"Comment","target":["https:\/\/explora.cl\/aysen\/docentes-se-capacitan-para-llevar-la-ciencia-al-aula\/#respond"]}]},{"@type":"WebPage","@id":"https:\/\/explora.cl\/aysen\/docentes-se-capacitan-para-llevar-la-ciencia-al-aula\/","url":"https:\/\/explora.cl\/aysen\/docentes-se-capacitan-para-llevar-la-ciencia-al-aula\/","name":"Taller Reconectando fortalece la investigaci\u00f3n cient\u00edfica escolar","isPartOf":{"@id":"https:\/\/explora.cl\/aysen\/#website"},"primaryImageOfPage":{"@id":"https:\/\/explora.cl\/aysen\/docentes-se-capacitan-para-llevar-la-ciencia-al-aula\/#primaryimage"},"image":{"@id":"https:\/\/explora.cl\/aysen\/docentes-se-capacitan-para-llevar-la-ciencia-al-aula\/#primaryimage"},"thumbnailUrl":"https:\/\/explora.cl\/aysen\/wp-content\/uploads\/sites\/18\/2026\/04\/IMG_6042-scaled-e1776687036873-1170x793-1.jpeg","datePublished":"2026-04-17T13:56:37+00:00","dateModified":"2026-04-27T13:58:58+00:00","author":{"@id":"https:\/\/explora.cl\/aysen\/#\/schema\/person\/81c802b1e3b443e2575e555b39e60a05"},"description":"En \u201cReconectando\u201d de Campamento Explora VA!, docentes y educadoras fortalecieron conocimientos y dise\u00f1aron estrategias para la investigaci\u00f3n cient\u00edfica escolar.","breadcrumb":{"@id":"https:\/\/explora.cl\/aysen\/docentes-se-capacitan-para-llevar-la-ciencia-al-aula\/#breadcrumb"},"inLanguage":"es-CL","potentialAction":[{"@type":"ReadAction","target":["https:\/\/explora.cl\/aysen\/docentes-se-capacitan-para-llevar-la-ciencia-al-aula\/"]}]},{"@type":"ImageObject","inLanguage":"es-CL","@id":"https:\/\/explora.cl\/aysen\/docentes-se-capacitan-para-llevar-la-ciencia-al-aula\/#primaryimage","url":"https:\/\/explora.cl\/aysen\/wp-content\/uploads\/sites\/18\/2026\/04\/IMG_6042-scaled-e1776687036873-1170x793-1.jpeg","contentUrl":"https:\/\/explora.cl\/aysen\/wp-content\/uploads\/sites\/18\/2026\/04\/IMG_6042-scaled-e1776687036873-1170x793-1.jpeg","width":1170,"height":793},{"@type":"BreadcrumbList","@id":"https:\/\/explora.cl\/aysen\/docentes-se-capacitan-para-llevar-la-ciencia-al-aula\/#breadcrumb","itemListElement":[{"@type":"ListItem","position":1,"name":"Portada","item":"https:\/\/explora.cl\/aysen\/"},{"@type":"ListItem","position":2,"name":"Docentes fortalecen sus pr\u00e1cticas para llevar las ciencias al aula"}]},{"@type":"WebSite","@id":"https:\/\/explora.cl\/aysen\/#website","url":"https:\/\/explora.cl\/aysen\/","name":"Aysen","description":"Otro sitio m\u00e1s de explora.cl","potentialAction":[{"@type":"SearchAction","target":{"@type":"EntryPoint","urlTemplate":"https:\/\/explora.cl\/aysen\/?s={search_term_string}"},"query-input":{"@type":"PropertyValueSpecification","valueRequired":true,"valueName":"search_term_string"}}],"inLanguage":"es-CL"},{"@type":"Person","@id":"https:\/\/explora.cl\/aysen\/#\/schema\/person\/81c802b1e3b443e2575e555b39e60a05","name":"scisternas","image":{"@type":"ImageObject","inLanguage":"es-CL","@id":"https:\/\/explora.cl\/aysen\/#\/schema\/person\/image\/","url":"https:\/\/secure.gravatar.com\/avatar\/611c8f1946b775bdf01b0521c85a9381c3ad08d928d8ead34ce577b0fa231c76?s=96&d=mm&r=g","contentUrl":"https:\/\/secure.gravatar.com\/avatar\/611c8f1946b775bdf01b0521c85a9381c3ad08d928d8ead34ce577b0fa231c76?s=96&d=mm&r=g","caption":"scisternas"},"url":"https:\/\/explora.cl\/aysen\/author\/scisternas\/"}]}},"_links":{"self":[{"href":"https:\/\/explora.cl\/aysen\/wp-json\/wp\/v2\/posts\/39450","targetHints":{"allow":["GET"]}}],"collection":[{"href":"https:\/\/explora.cl\/aysen\/wp-json\/wp\/v2\/posts"}],"about":[{"href":"https:\/\/explora.cl\/aysen\/wp-json\/wp\/v2\/types\/post"}],"author":[{"embeddable":true,"href":"https:\/\/explora.cl\/aysen\/wp-json\/wp\/v2\/users\/37"}],"replies":[{"embeddable":true,"href":"https:\/\/explora.cl\/aysen\/wp-json\/wp\/v2\/comments?post=39450"}],"version-history":[{"count":4,"href":"https:\/\/explora.cl\/aysen\/wp-json\/wp\/v2\/posts\/39450\/revisions"}],"predecessor-version":[{"id":39457,"href":"https:\/\/explora.cl\/aysen\/wp-json\/wp\/v2\/posts\/39450\/revisions\/39457"}],"wp:featuredmedia":[{"embeddable":true,"href":"https:\/\/explora.cl\/aysen\/wp-json\/wp\/v2\/media\/39451"}],"wp:attachment":[{"href":"https:\/\/explora.cl\/aysen\/wp-json\/wp\/v2\/media?parent=39450"}],"wp:term":[{"taxonomy":"category","embeddable":true,"href":"https:\/\/explora.cl\/aysen\/wp-json\/wp\/v2\/categories?post=39450"},{"taxonomy":"post_tag","embeddable":true,"href":"https:\/\/explora.cl\/aysen\/wp-json\/wp\/v2\/tags?post=39450"}],"curies":[{"name":"wp","href":"https:\/\/api.w.org\/{rel}","templated":true}]}}