{"id":37857,"date":"2021-01-23T22:30:42","date_gmt":"2021-01-24T01:30:42","guid":{"rendered":"https:\/\/explora.cl\/aysen\/?p=37857"},"modified":"2023-07-28T11:36:09","modified_gmt":"2023-07-28T15:36:09","slug":"talleraves","status":"publish","type":"post","link":"https:\/\/explora.cl\/aysen\/talleraves\/","title":{"rendered":"Taller de aves del Proyecto Explora Ays\u00e9n convoc\u00f3 a ni\u00f1os y ni\u00f1as de todo Chile"},"content":{"rendered":"<p><em>Este es el primer taller de la iniciativa \u201cParques y Reservas como Laboratorio Natural\u201d. Durante el mes de marzo se esperan nuevos talleres virtuales.<\/em><\/p>\n<p>La Reserva Nacional R\u00edo Simpson es una de las 17 \u00c1reas Silvestres Protegidas de la regi\u00f3n de Ays\u00e9n, que alberga gran diversidad de especies vegetales y animales, muchas de ellas \u00fanicas en todo el mundo. Para visitar una regi\u00f3n que posee la mayor superficie de bosque nativo de Chile, es fundamental actuar de manera responsable con el entorno y conocer el impacto que tiene la intervenci\u00f3n humana en la naturaleza.<\/p>\n<p>Con esta impronta, el Proyecto Explora Ays\u00e9n del Ministerio de Ciencia, liderado por el Campus Patagonia de la Universidad Austral de Chile, realiz\u00f3 el taller pr\u00e1ctico \u201cVen a conocer aves de la Reserva Nacional R\u00edo Simpson\u201d, en modalidad virtual para ni\u00f1os y ni\u00f1as con el objetivo de dar a conocer caracter\u00edsticas y h\u00e1bitats de cuatro especies de aves presentes en la reserva: el viajero Fiof\u00edo, el curioso Chucao, la bulliciosa y colorida Cacha\u00f1a y el habitante de r\u00edos y humedales, Mart\u00edn Pescador.<\/p>\n<p>El taller, enmarcado en la actividad Parques y Reservas como Laboratorio Natural, inici\u00f3 con la presentaci\u00f3n de la animaci\u00f3n \u201cSol y las aves\u201d, una historia que cuenta la aventura de una curiosa ni\u00f1a de diez a\u00f1os que visita la Reserva Nacional R\u00edo Simpson en una salida\u00a0 a terreno\u00a0 junto a su profesora y compa\u00f1eros\/as. Un peque\u00f1o inconveniente la lleva a encontrarse con un Fiof\u00edo, una cacha\u00f1a, un chucao y un mart\u00edn pescador, reconociendo alguna de las caracter\u00edsticas de estas aves tales como los diferentes tipos de nidos, formas de alimentaci\u00f3n, colores, vocalizaciones y espacios que ocupan dentro del bosque.<\/p>\n<p>El espacio adem\u00e1s cont\u00f3 con la participaci\u00f3n de Victor Raimilla, Bi\u00f3logo en Gesti\u00f3n de Recursos Naturales, Investigador en Fundaci\u00f3n Parque La Tapera y experto\u00a0 en aves, que respondi\u00f3 todas las preguntas e inquietudes de los asistentes que surgieron durante el taller.<\/p>\n<p>Durante el taller se le pidi\u00f3 a ni\u00f1os y ni\u00f1as imaginar y dibujar\u00a0 la Reserva R\u00edo Simpson y las especies de flora y fauna presentes en ella. Luego, con la experiencia de ver la\u00a0 animaci\u00f3n y la conversaci\u00f3n con el cient\u00edfico, enriquecieron el dibujo a\u00f1adiendo en \u00e9l los nuevos aprendizajes.<\/p>\n<p>\u201cLos dibujos que hemos recibido nos dan a entender que pudieron enriquecer sus conocimientos en relaci\u00f3n a tipos de aves que viven en una reserva natural, c\u00f3mo son, cu\u00e1les son sus colores, tipos de vuelo y algunas funciones ecol\u00f3gicas de este grupo. Cuando se les pide que dibujen por segunda vez es posible apreciar la incorporaci\u00f3n de elementos propios de una reserva natural que antes de ver la animaci\u00f3n e interactuar con el cient\u00edfico no estaban considerados. Esto se ve reflejado en una an\u00e1lisis posterior que nos permite determinar el grado de enriquecimiento ambiental del dibujo.\u201d explica Eduardo Mu\u00f1oz, bi\u00f3logo y encargado de la implementaci\u00f3n de la iniciativa Parques y Reservas como Laboratorio Natural.<\/p>\n<p>\u201cCon esta iniciativa regional desde el Proyecto Explora Ays\u00e9n, buscamos promover la apropiaci\u00f3n del conocimiento, y la valoraci\u00f3n de la diversidad de especies presentes en la reservas naturales de la regi\u00f3n, donde la digitalizaci\u00f3n del material en este contexto de pandemia, nos facilita acercarnos al conocimiento de una manera creativa y\u00a0 se transforma adem\u00e1s en una oportunidad para que ni\u00f1os, ni\u00f1as, y las familias de otras regiones del pa\u00eds puedan conectarse a los talleres y conocer y asombrarse con la diversidad de aves presentes en la regi\u00f3n\u201d a\u00f1ade Marisol Barr\u00eda, Directora del Proyecto Explora Ays\u00e9n.<\/p>\n<p>\u201cSol y las aves\u201d es la primera microanimaci\u00f3n audiovisual de la iniciativa de valoraci\u00f3n cient\u00edfica Parques y Reservas como Laboratorio Natural. Esta iniciativa fue redise\u00f1ada en el contexto de la crisis sanitaria, convirti\u00e9ndose en una experiencia virtual que incluye un kit pedag\u00f3gico con material educativo digital para que docentes, estudiantes y p\u00fablico en general puedan aprender de manera l\u00fadica y cient\u00edfica sobre la biodiversidad de la regi\u00f3n de Ays\u00e9n.<\/p>\n<p>La animaci\u00f3n est\u00e1 disponible en las redes sociales del Proyecto Explora Ays\u00e9n. Puedes revisarla en el siguiente enlace: <a href=\"http:\/\/shorturl.at\/arzFH\">shorturl.at\/arzFH<\/a><\/p>\n","protected":false},"excerpt":{"rendered":"<p>Este es el primer taller de la iniciativa \u201cParques y Reservas como Laboratorio Natural\u201d. Durante el mes de marzo se esperan nuevos talleres virtuales. Puedes revisar la animaci\u00f3n &#8220;Sol y las Aves&#8221; en shorturl.at\/arzFH<\/p>\n","protected":false},"author":37,"featured_media":37858,"comment_status":"open","ping_status":"open","sticky":false,"template":"","format":"standard","meta":{"_acf_changed":false,"_exactmetrics_skip_tracking":false,"_exactmetrics_sitenote_active":false,"_exactmetrics_sitenote_note":"","_exactmetrics_sitenote_category":0,"footnotes":"","_links_to":"","_links_to_target":""},"categories":[4],"tags":[],"class_list":["post-37857","post","type-post","status-publish","format-standard","has-post-thumbnail","hentry","category-noticias"],"acf":[],"yoast_head":"<!-- This site is optimized with the Yoast SEO plugin v26.9 - https:\/\/yoast.com\/product\/yoast-seo-wordpress\/ -->\n<title>Taller de aves del Proyecto Explora Ays\u00e9n convoc\u00f3 a ni\u00f1os y ni\u00f1as de todo Chile - Aysen<\/title>\n<meta name=\"robots\" content=\"index, follow, max-snippet:-1, max-image-preview:large, max-video-preview:-1\" \/>\n<link rel=\"canonical\" href=\"https:\/\/explora.cl\/aysen\/talleraves\/\" class=\"yoast-seo-meta-tag\" \/>\n<meta property=\"og:locale\" content=\"es_ES\" class=\"yoast-seo-meta-tag\" \/>\n<meta property=\"og:type\" content=\"article\" class=\"yoast-seo-meta-tag\" \/>\n<meta property=\"og:title\" content=\"Taller de aves del Proyecto Explora Ays\u00e9n convoc\u00f3 a ni\u00f1os y ni\u00f1as de todo Chile - Aysen\" class=\"yoast-seo-meta-tag\" \/>\n<meta property=\"og:description\" content=\"Este es el primer taller de la iniciativa \u201cParques y Reservas como Laboratorio Natural\u201d. Durante el mes de marzo se esperan nuevos talleres virtuales. Puedes revisar la animaci\u00f3n &quot;Sol y las Aves&quot; en shorturl.at\/arzFH\" class=\"yoast-seo-meta-tag\" \/>\n<meta property=\"og:url\" content=\"https:\/\/explora.cl\/aysen\/talleraves\/\" class=\"yoast-seo-meta-tag\" \/>\n<meta property=\"og:site_name\" content=\"Aysen\" class=\"yoast-seo-meta-tag\" \/>\n<meta property=\"article:published_time\" content=\"2021-01-24T01:30:42+00:00\" class=\"yoast-seo-meta-tag\" \/>\n<meta property=\"article:modified_time\" content=\"2023-07-28T15:36:09+00:00\" class=\"yoast-seo-meta-tag\" \/>\n<meta property=\"og:image\" content=\"https:\/\/explora.cl\/aysen\/wp-content\/uploads\/sites\/18\/2021\/01\/6.png\" class=\"yoast-seo-meta-tag\" \/>\n\t<meta property=\"og:image:width\" content=\"1280\" class=\"yoast-seo-meta-tag\" \/>\n\t<meta property=\"og:image:height\" content=\"724\" class=\"yoast-seo-meta-tag\" \/>\n\t<meta property=\"og:image:type\" content=\"image\/png\" class=\"yoast-seo-meta-tag\" \/>\n<meta name=\"author\" content=\"scisternas\" class=\"yoast-seo-meta-tag\" \/>\n<meta name=\"twitter:card\" content=\"summary_large_image\" class=\"yoast-seo-meta-tag\" \/>\n<meta name=\"twitter:label1\" content=\"Escrito por\" class=\"yoast-seo-meta-tag\" \/>\n\t<meta name=\"twitter:data1\" content=\"scisternas\" class=\"yoast-seo-meta-tag\" \/>\n\t<meta name=\"twitter:label2\" content=\"Tiempo estimado de lectura\" class=\"yoast-seo-meta-tag\" \/>\n\t<meta name=\"twitter:data2\" content=\"4 minutos\" class=\"yoast-seo-meta-tag\" \/>\n<script type=\"application\/ld+json\" class=\"yoast-schema-graph\">{\"@context\":\"https:\/\/schema.org\",\"@graph\":[{\"@type\":\"Article\",\"@id\":\"https:\/\/explora.cl\/aysen\/talleraves\/#article\",\"isPartOf\":{\"@id\":\"https:\/\/explora.cl\/aysen\/talleraves\/\"},\"author\":{\"name\":\"scisternas\",\"@id\":\"https:\/\/explora.cl\/aysen\/#\/schema\/person\/81c802b1e3b443e2575e555b39e60a05\"},\"headline\":\"Taller de aves del Proyecto Explora Ays\u00e9n convoc\u00f3 a ni\u00f1os y ni\u00f1as de todo Chile\",\"datePublished\":\"2021-01-24T01:30:42+00:00\",\"dateModified\":\"2023-07-28T15:36:09+00:00\",\"mainEntityOfPage\":{\"@id\":\"https:\/\/explora.cl\/aysen\/talleraves\/\"},\"wordCount\":760,\"commentCount\":0,\"image\":{\"@id\":\"https:\/\/explora.cl\/aysen\/talleraves\/#primaryimage\"},\"thumbnailUrl\":\"https:\/\/explora.cl\/aysen\/wp-content\/uploads\/sites\/18\/2021\/01\/6.png\",\"articleSection\":[\"Noticias\"],\"inLanguage\":\"es-CL\",\"potentialAction\":[{\"@type\":\"CommentAction\",\"name\":\"Comment\",\"target\":[\"https:\/\/explora.cl\/aysen\/talleraves\/#respond\"]}]},{\"@type\":\"WebPage\",\"@id\":\"https:\/\/explora.cl\/aysen\/talleraves\/\",\"url\":\"https:\/\/explora.cl\/aysen\/talleraves\/\",\"name\":\"Taller de aves del Proyecto Explora Ays\u00e9n convoc\u00f3 a ni\u00f1os y ni\u00f1as de todo Chile - Aysen\",\"isPartOf\":{\"@id\":\"https:\/\/explora.cl\/aysen\/#website\"},\"primaryImageOfPage\":{\"@id\":\"https:\/\/explora.cl\/aysen\/talleraves\/#primaryimage\"},\"image\":{\"@id\":\"https:\/\/explora.cl\/aysen\/talleraves\/#primaryimage\"},\"thumbnailUrl\":\"https:\/\/explora.cl\/aysen\/wp-content\/uploads\/sites\/18\/2021\/01\/6.png\",\"datePublished\":\"2021-01-24T01:30:42+00:00\",\"dateModified\":\"2023-07-28T15:36:09+00:00\",\"author\":{\"@id\":\"https:\/\/explora.cl\/aysen\/#\/schema\/person\/81c802b1e3b443e2575e555b39e60a05\"},\"breadcrumb\":{\"@id\":\"https:\/\/explora.cl\/aysen\/talleraves\/#breadcrumb\"},\"inLanguage\":\"es-CL\",\"potentialAction\":[{\"@type\":\"ReadAction\",\"target\":[\"https:\/\/explora.cl\/aysen\/talleraves\/\"]}]},{\"@type\":\"ImageObject\",\"inLanguage\":\"es-CL\",\"@id\":\"https:\/\/explora.cl\/aysen\/talleraves\/#primaryimage\",\"url\":\"https:\/\/explora.cl\/aysen\/wp-content\/uploads\/sites\/18\/2021\/01\/6.png\",\"contentUrl\":\"https:\/\/explora.cl\/aysen\/wp-content\/uploads\/sites\/18\/2021\/01\/6.png\",\"width\":1280,\"height\":724},{\"@type\":\"BreadcrumbList\",\"@id\":\"https:\/\/explora.cl\/aysen\/talleraves\/#breadcrumb\",\"itemListElement\":[{\"@type\":\"ListItem\",\"position\":1,\"name\":\"Portada\",\"item\":\"https:\/\/explora.cl\/aysen\/\"},{\"@type\":\"ListItem\",\"position\":2,\"name\":\"Taller de aves del Proyecto Explora Ays\u00e9n convoc\u00f3 a ni\u00f1os y ni\u00f1as de todo Chile\"}]},{\"@type\":\"WebSite\",\"@id\":\"https:\/\/explora.cl\/aysen\/#website\",\"url\":\"https:\/\/explora.cl\/aysen\/\",\"name\":\"Aysen\",\"description\":\"Otro sitio m\u00e1s de explora.cl\",\"potentialAction\":[{\"@type\":\"SearchAction\",\"target\":{\"@type\":\"EntryPoint\",\"urlTemplate\":\"https:\/\/explora.cl\/aysen\/?s={search_term_string}\"},\"query-input\":{\"@type\":\"PropertyValueSpecification\",\"valueRequired\":true,\"valueName\":\"search_term_string\"}}],\"inLanguage\":\"es-CL\"},{\"@type\":\"Person\",\"@id\":\"https:\/\/explora.cl\/aysen\/#\/schema\/person\/81c802b1e3b443e2575e555b39e60a05\",\"name\":\"scisternas\",\"image\":{\"@type\":\"ImageObject\",\"inLanguage\":\"es-CL\",\"@id\":\"https:\/\/explora.cl\/aysen\/#\/schema\/person\/image\/\",\"url\":\"https:\/\/secure.gravatar.com\/avatar\/611c8f1946b775bdf01b0521c85a9381c3ad08d928d8ead34ce577b0fa231c76?s=96&d=mm&r=g\",\"contentUrl\":\"https:\/\/secure.gravatar.com\/avatar\/611c8f1946b775bdf01b0521c85a9381c3ad08d928d8ead34ce577b0fa231c76?s=96&d=mm&r=g\",\"caption\":\"scisternas\"},\"url\":\"https:\/\/explora.cl\/aysen\/author\/scisternas\/\"}]}<\/script>\n<!-- \/ Yoast SEO plugin. -->","yoast_head_json":{"title":"Taller de aves del Proyecto Explora Ays\u00e9n convoc\u00f3 a ni\u00f1os y ni\u00f1as de todo Chile - Aysen","robots":{"index":"index","follow":"follow","max-snippet":"max-snippet:-1","max-image-preview":"max-image-preview:large","max-video-preview":"max-video-preview:-1"},"canonical":"https:\/\/explora.cl\/aysen\/talleraves\/","og_locale":"es_ES","og_type":"article","og_title":"Taller de aves del Proyecto Explora Ays\u00e9n convoc\u00f3 a ni\u00f1os y ni\u00f1as de todo Chile - Aysen","og_description":"Este es el primer taller de la iniciativa \u201cParques y Reservas como Laboratorio Natural\u201d. Durante el mes de marzo se esperan nuevos talleres virtuales. Puedes revisar la animaci\u00f3n \"Sol y las Aves\" en shorturl.at\/arzFH","og_url":"https:\/\/explora.cl\/aysen\/talleraves\/","og_site_name":"Aysen","article_published_time":"2021-01-24T01:30:42+00:00","article_modified_time":"2023-07-28T15:36:09+00:00","og_image":[{"width":1280,"height":724,"url":"https:\/\/explora.cl\/aysen\/wp-content\/uploads\/sites\/18\/2021\/01\/6.png","type":"image\/png"}],"author":"scisternas","twitter_card":"summary_large_image","twitter_misc":{"Escrito por":"scisternas","Tiempo estimado de lectura":"4 minutos"},"schema":{"@context":"https:\/\/schema.org","@graph":[{"@type":"Article","@id":"https:\/\/explora.cl\/aysen\/talleraves\/#article","isPartOf":{"@id":"https:\/\/explora.cl\/aysen\/talleraves\/"},"author":{"name":"scisternas","@id":"https:\/\/explora.cl\/aysen\/#\/schema\/person\/81c802b1e3b443e2575e555b39e60a05"},"headline":"Taller de aves del Proyecto Explora Ays\u00e9n convoc\u00f3 a ni\u00f1os y ni\u00f1as de todo Chile","datePublished":"2021-01-24T01:30:42+00:00","dateModified":"2023-07-28T15:36:09+00:00","mainEntityOfPage":{"@id":"https:\/\/explora.cl\/aysen\/talleraves\/"},"wordCount":760,"commentCount":0,"image":{"@id":"https:\/\/explora.cl\/aysen\/talleraves\/#primaryimage"},"thumbnailUrl":"https:\/\/explora.cl\/aysen\/wp-content\/uploads\/sites\/18\/2021\/01\/6.png","articleSection":["Noticias"],"inLanguage":"es-CL","potentialAction":[{"@type":"CommentAction","name":"Comment","target":["https:\/\/explora.cl\/aysen\/talleraves\/#respond"]}]},{"@type":"WebPage","@id":"https:\/\/explora.cl\/aysen\/talleraves\/","url":"https:\/\/explora.cl\/aysen\/talleraves\/","name":"Taller de aves del Proyecto Explora Ays\u00e9n convoc\u00f3 a ni\u00f1os y ni\u00f1as de todo Chile - Aysen","isPartOf":{"@id":"https:\/\/explora.cl\/aysen\/#website"},"primaryImageOfPage":{"@id":"https:\/\/explora.cl\/aysen\/talleraves\/#primaryimage"},"image":{"@id":"https:\/\/explora.cl\/aysen\/talleraves\/#primaryimage"},"thumbnailUrl":"https:\/\/explora.cl\/aysen\/wp-content\/uploads\/sites\/18\/2021\/01\/6.png","datePublished":"2021-01-24T01:30:42+00:00","dateModified":"2023-07-28T15:36:09+00:00","author":{"@id":"https:\/\/explora.cl\/aysen\/#\/schema\/person\/81c802b1e3b443e2575e555b39e60a05"},"breadcrumb":{"@id":"https:\/\/explora.cl\/aysen\/talleraves\/#breadcrumb"},"inLanguage":"es-CL","potentialAction":[{"@type":"ReadAction","target":["https:\/\/explora.cl\/aysen\/talleraves\/"]}]},{"@type":"ImageObject","inLanguage":"es-CL","@id":"https:\/\/explora.cl\/aysen\/talleraves\/#primaryimage","url":"https:\/\/explora.cl\/aysen\/wp-content\/uploads\/sites\/18\/2021\/01\/6.png","contentUrl":"https:\/\/explora.cl\/aysen\/wp-content\/uploads\/sites\/18\/2021\/01\/6.png","width":1280,"height":724},{"@type":"BreadcrumbList","@id":"https:\/\/explora.cl\/aysen\/talleraves\/#breadcrumb","itemListElement":[{"@type":"ListItem","position":1,"name":"Portada","item":"https:\/\/explora.cl\/aysen\/"},{"@type":"ListItem","position":2,"name":"Taller de aves del Proyecto Explora Ays\u00e9n convoc\u00f3 a ni\u00f1os y ni\u00f1as de todo Chile"}]},{"@type":"WebSite","@id":"https:\/\/explora.cl\/aysen\/#website","url":"https:\/\/explora.cl\/aysen\/","name":"Aysen","description":"Otro sitio m\u00e1s de explora.cl","potentialAction":[{"@type":"SearchAction","target":{"@type":"EntryPoint","urlTemplate":"https:\/\/explora.cl\/aysen\/?s={search_term_string}"},"query-input":{"@type":"PropertyValueSpecification","valueRequired":true,"valueName":"search_term_string"}}],"inLanguage":"es-CL"},{"@type":"Person","@id":"https:\/\/explora.cl\/aysen\/#\/schema\/person\/81c802b1e3b443e2575e555b39e60a05","name":"scisternas","image":{"@type":"ImageObject","inLanguage":"es-CL","@id":"https:\/\/explora.cl\/aysen\/#\/schema\/person\/image\/","url":"https:\/\/secure.gravatar.com\/avatar\/611c8f1946b775bdf01b0521c85a9381c3ad08d928d8ead34ce577b0fa231c76?s=96&d=mm&r=g","contentUrl":"https:\/\/secure.gravatar.com\/avatar\/611c8f1946b775bdf01b0521c85a9381c3ad08d928d8ead34ce577b0fa231c76?s=96&d=mm&r=g","caption":"scisternas"},"url":"https:\/\/explora.cl\/aysen\/author\/scisternas\/"}]}},"_links":{"self":[{"href":"https:\/\/explora.cl\/aysen\/wp-json\/wp\/v2\/posts\/37857","targetHints":{"allow":["GET"]}}],"collection":[{"href":"https:\/\/explora.cl\/aysen\/wp-json\/wp\/v2\/posts"}],"about":[{"href":"https:\/\/explora.cl\/aysen\/wp-json\/wp\/v2\/types\/post"}],"author":[{"embeddable":true,"href":"https:\/\/explora.cl\/aysen\/wp-json\/wp\/v2\/users\/37"}],"replies":[{"embeddable":true,"href":"https:\/\/explora.cl\/aysen\/wp-json\/wp\/v2\/comments?post=37857"}],"version-history":[{"count":2,"href":"https:\/\/explora.cl\/aysen\/wp-json\/wp\/v2\/posts\/37857\/revisions"}],"predecessor-version":[{"id":37860,"href":"https:\/\/explora.cl\/aysen\/wp-json\/wp\/v2\/posts\/37857\/revisions\/37860"}],"wp:featuredmedia":[{"embeddable":true,"href":"https:\/\/explora.cl\/aysen\/wp-json\/wp\/v2\/media\/37858"}],"wp:attachment":[{"href":"https:\/\/explora.cl\/aysen\/wp-json\/wp\/v2\/media?parent=37857"}],"wp:term":[{"taxonomy":"category","embeddable":true,"href":"https:\/\/explora.cl\/aysen\/wp-json\/wp\/v2\/categories?post=37857"},{"taxonomy":"post_tag","embeddable":true,"href":"https:\/\/explora.cl\/aysen\/wp-json\/wp\/v2\/tags?post=37857"}],"curies":[{"name":"wp","href":"https:\/\/api.w.org\/{rel}","templated":true}]}}