{"id":37818,"date":"2020-11-17T13:09:44","date_gmt":"2020-11-17T16:09:44","guid":{"rendered":"https:\/\/explora.cl\/aysen\/?p=37818"},"modified":"2023-07-28T11:02:52","modified_gmt":"2023-07-28T15:02:52","slug":"cohabitar-la-tierra","status":"publish","type":"post","link":"https:\/\/explora.cl\/aysen\/cohabitar-la-tierra\/","title":{"rendered":"Cohabitar la Tierra: Ciclo de entrevistas en que se comparten experiencias desde el Sur"},"content":{"rendered":"<p><em>El 20 de noviembre comienza el ciclo de entrevistas online organizado por el proyecto Bosque con Lupa que busca dar a conocer diversas experiencias de convivencia del ser humano en su entorno.<\/em><\/p>\n<p>En busca de visibilizar la importancia de una relaci\u00f3n armoniosa entre el ser humano y su medio, Bosque con Lupa, iniciativa del proyecto Ecoturismo con Lupa en \u00c1reas Silvestres Protegidas de la Regi\u00f3n de Ays\u00e9n, realizar\u00e1 el ciclo de entrevistas \u201cCohabitar la Tierra: Experiencias desde el Sur\u201d, en el que se dar\u00e1n a conocer diversos relatos de convivencia en la naturaleza desde una perspectiva profesional, personal y comunitaria.<\/p>\n<p>Visibilizar el rol del ser humano en el cuidado de la naturaleza es uno de los objetivos del ciclo de entrevistas del proyecto Bosque con Lupa, iniciativa impulsada por un equipo de profesionales del Campus Patagonia de la Universidad Austral de Chile. Esta iniciativa es financiada por el Fondo de Innovaci\u00f3n para la Competitividad (FIC) del Gobierno Regional de Ays\u00e9n y busca dar a conocer los microbosques de Ays\u00e9n como base para el desarrollo del ecoturismo con lupa, un tipo de turismo cient\u00edfico de bajo impacto ambiental que procura dar a conocer ecosistemas que cumplen importantes funciones dentro de naturaleza y que permiten la sobrevivencia de los seres que cohabitamos en ella.<\/p>\n<p>El microbosque es una met\u00e1fora usada para reconocer y valorar peque\u00f1os y complejos ecosistemas conformado por bri\u00f3fitos, l\u00edquenes y macroinvertebrados de agua dulce, que en su coexistencia tejen bases para la vida en el planeta. A pesar del rol ecol\u00f3gico fundamental que cumplen estos peque\u00f1os organismos, al ser desconocidos por gran parte de la poblaci\u00f3n, peligra tambi\u00e9n su cuidado y existencia.<\/p>\n<p><strong>Coexistir en la naturaleza<\/strong><\/p>\n<p>Conocer la diversidad de formas de vida con los que los seres humanos convivimos en el planeta es hoy una tarea de importancia vital y, por ello, el ciclo de entrevistas abordar\u00e1 las particulares formas en que diferentes personas conviven con otros organismos en su medio.<\/p>\n<p>Las entrevistas ser\u00e1n realizadas a trav\u00e9s de la plataforma <em>Zoom <\/em>y son abiertas al p\u00fablico general. Quienes participen en sala tendr\u00e1n la posibilidad de realizar preguntas y dialogar con las y los entrevistada\/os.<\/p>\n<p>\u201cCohabitar la Tierra\u201d es la tercera actividad p\u00fablica que realiza el proyecto Bosque con Lupa, que en instancias anteriores ha abordado el Ecoturismo con lupa y el microbosque junto a diversos especialistas. En este ciclo, que se ofrece en formato entrevista, se busca ampliar la mirada hacia una relaci\u00f3n macro, conociendo experiencias de diferentes invitados e invitadas, y su relaci\u00f3n con el medio en el que viven.<\/p>\n<p>Para conocer el programa del Ciclo y participar de estas conversaciones en vivo, completa el siguiente formulario y se te enviar\u00e1 el<em> link<\/em> para la conversaci\u00f3n de <em>Zoom<\/em> el d\u00eda de cada entrevista:\u00a0<a href=\"https:\/\/bit.ly\/3lBb2dO\">https:\/\/bit.ly\/3lBb2dO<\/a><\/p>\n","protected":false},"excerpt":{"rendered":"<p>El 20 de noviembre comienza el ciclo de entrevistas online organizado por el proyecto Bosque con Lupa que busca dar a conocer diversas experiencias de convivencia del ser humano en su entorno.<\/p>\n","protected":false},"author":37,"featured_media":37819,"comment_status":"open","ping_status":"open","sticky":false,"template":"","format":"standard","meta":{"_acf_changed":false,"_exactmetrics_skip_tracking":false,"_exactmetrics_sitenote_active":false,"_exactmetrics_sitenote_note":"","_exactmetrics_sitenote_category":0,"footnotes":"","_links_to":"","_links_to_target":""},"categories":[4],"tags":[],"class_list":["post-37818","post","type-post","status-publish","format-standard","has-post-thumbnail","hentry","category-noticias"],"acf":[],"yoast_head":"<!-- This site is optimized with the Yoast SEO plugin v26.9 - https:\/\/yoast.com\/product\/yoast-seo-wordpress\/ -->\n<title>Cohabitar la Tierra: Ciclo de entrevistas en que se comparten experiencias desde el Sur - Aysen<\/title>\n<meta name=\"robots\" content=\"index, follow, max-snippet:-1, max-image-preview:large, max-video-preview:-1\" \/>\n<link rel=\"canonical\" href=\"https:\/\/explora.cl\/aysen\/cohabitar-la-tierra\/\" class=\"yoast-seo-meta-tag\" \/>\n<meta property=\"og:locale\" content=\"es_ES\" class=\"yoast-seo-meta-tag\" \/>\n<meta property=\"og:type\" content=\"article\" class=\"yoast-seo-meta-tag\" \/>\n<meta property=\"og:title\" content=\"Cohabitar la Tierra: Ciclo de entrevistas en que se comparten experiencias desde el Sur - Aysen\" class=\"yoast-seo-meta-tag\" \/>\n<meta property=\"og:description\" content=\"El 20 de noviembre comienza el ciclo de entrevistas online organizado por el proyecto Bosque con Lupa que busca dar a conocer diversas experiencias de convivencia del ser humano en su entorno.\" class=\"yoast-seo-meta-tag\" \/>\n<meta property=\"og:url\" content=\"https:\/\/explora.cl\/aysen\/cohabitar-la-tierra\/\" class=\"yoast-seo-meta-tag\" \/>\n<meta property=\"og:site_name\" content=\"Aysen\" class=\"yoast-seo-meta-tag\" \/>\n<meta property=\"article:published_time\" content=\"2020-11-17T16:09:44+00:00\" class=\"yoast-seo-meta-tag\" \/>\n<meta property=\"article:modified_time\" content=\"2023-07-28T15:02:52+00:00\" class=\"yoast-seo-meta-tag\" \/>\n<meta property=\"og:image\" content=\"https:\/\/explora.cl\/aysen\/wp-content\/uploads\/sites\/18\/2020\/11\/cohabitar-la-tierra-BCL.png\" class=\"yoast-seo-meta-tag\" \/>\n\t<meta property=\"og:image:width\" content=\"735\" class=\"yoast-seo-meta-tag\" \/>\n\t<meta property=\"og:image:height\" content=\"470\" class=\"yoast-seo-meta-tag\" \/>\n\t<meta property=\"og:image:type\" content=\"image\/png\" class=\"yoast-seo-meta-tag\" \/>\n<meta name=\"author\" content=\"scisternas\" class=\"yoast-seo-meta-tag\" \/>\n<meta name=\"twitter:card\" content=\"summary_large_image\" class=\"yoast-seo-meta-tag\" \/>\n<meta name=\"twitter:label1\" content=\"Escrito por\" class=\"yoast-seo-meta-tag\" \/>\n\t<meta name=\"twitter:data1\" content=\"scisternas\" class=\"yoast-seo-meta-tag\" \/>\n\t<meta name=\"twitter:label2\" content=\"Tiempo estimado de lectura\" class=\"yoast-seo-meta-tag\" \/>\n\t<meta name=\"twitter:data2\" content=\"2 minutos\" class=\"yoast-seo-meta-tag\" \/>\n<script type=\"application\/ld+json\" class=\"yoast-schema-graph\">{\"@context\":\"https:\/\/schema.org\",\"@graph\":[{\"@type\":\"Article\",\"@id\":\"https:\/\/explora.cl\/aysen\/cohabitar-la-tierra\/#article\",\"isPartOf\":{\"@id\":\"https:\/\/explora.cl\/aysen\/cohabitar-la-tierra\/\"},\"author\":{\"name\":\"scisternas\",\"@id\":\"https:\/\/explora.cl\/aysen\/#\/schema\/person\/81c802b1e3b443e2575e555b39e60a05\"},\"headline\":\"Cohabitar la Tierra: Ciclo de entrevistas en que se comparten experiencias desde el Sur\",\"datePublished\":\"2020-11-17T16:09:44+00:00\",\"dateModified\":\"2023-07-28T15:02:52+00:00\",\"mainEntityOfPage\":{\"@id\":\"https:\/\/explora.cl\/aysen\/cohabitar-la-tierra\/\"},\"wordCount\":500,\"commentCount\":0,\"image\":{\"@id\":\"https:\/\/explora.cl\/aysen\/cohabitar-la-tierra\/#primaryimage\"},\"thumbnailUrl\":\"https:\/\/explora.cl\/aysen\/wp-content\/uploads\/sites\/18\/2020\/11\/cohabitar-la-tierra-BCL.png\",\"articleSection\":[\"Noticias\"],\"inLanguage\":\"es-CL\",\"potentialAction\":[{\"@type\":\"CommentAction\",\"name\":\"Comment\",\"target\":[\"https:\/\/explora.cl\/aysen\/cohabitar-la-tierra\/#respond\"]}]},{\"@type\":\"WebPage\",\"@id\":\"https:\/\/explora.cl\/aysen\/cohabitar-la-tierra\/\",\"url\":\"https:\/\/explora.cl\/aysen\/cohabitar-la-tierra\/\",\"name\":\"Cohabitar la Tierra: Ciclo de entrevistas en que se comparten experiencias desde el Sur - Aysen\",\"isPartOf\":{\"@id\":\"https:\/\/explora.cl\/aysen\/#website\"},\"primaryImageOfPage\":{\"@id\":\"https:\/\/explora.cl\/aysen\/cohabitar-la-tierra\/#primaryimage\"},\"image\":{\"@id\":\"https:\/\/explora.cl\/aysen\/cohabitar-la-tierra\/#primaryimage\"},\"thumbnailUrl\":\"https:\/\/explora.cl\/aysen\/wp-content\/uploads\/sites\/18\/2020\/11\/cohabitar-la-tierra-BCL.png\",\"datePublished\":\"2020-11-17T16:09:44+00:00\",\"dateModified\":\"2023-07-28T15:02:52+00:00\",\"author\":{\"@id\":\"https:\/\/explora.cl\/aysen\/#\/schema\/person\/81c802b1e3b443e2575e555b39e60a05\"},\"breadcrumb\":{\"@id\":\"https:\/\/explora.cl\/aysen\/cohabitar-la-tierra\/#breadcrumb\"},\"inLanguage\":\"es-CL\",\"potentialAction\":[{\"@type\":\"ReadAction\",\"target\":[\"https:\/\/explora.cl\/aysen\/cohabitar-la-tierra\/\"]}]},{\"@type\":\"ImageObject\",\"inLanguage\":\"es-CL\",\"@id\":\"https:\/\/explora.cl\/aysen\/cohabitar-la-tierra\/#primaryimage\",\"url\":\"https:\/\/explora.cl\/aysen\/wp-content\/uploads\/sites\/18\/2020\/11\/cohabitar-la-tierra-BCL.png\",\"contentUrl\":\"https:\/\/explora.cl\/aysen\/wp-content\/uploads\/sites\/18\/2020\/11\/cohabitar-la-tierra-BCL.png\",\"width\":735,\"height\":470},{\"@type\":\"BreadcrumbList\",\"@id\":\"https:\/\/explora.cl\/aysen\/cohabitar-la-tierra\/#breadcrumb\",\"itemListElement\":[{\"@type\":\"ListItem\",\"position\":1,\"name\":\"Portada\",\"item\":\"https:\/\/explora.cl\/aysen\/\"},{\"@type\":\"ListItem\",\"position\":2,\"name\":\"Cohabitar la Tierra: Ciclo de entrevistas en que se comparten experiencias desde el Sur\"}]},{\"@type\":\"WebSite\",\"@id\":\"https:\/\/explora.cl\/aysen\/#website\",\"url\":\"https:\/\/explora.cl\/aysen\/\",\"name\":\"Aysen\",\"description\":\"Otro sitio m\u00e1s de explora.cl\",\"potentialAction\":[{\"@type\":\"SearchAction\",\"target\":{\"@type\":\"EntryPoint\",\"urlTemplate\":\"https:\/\/explora.cl\/aysen\/?s={search_term_string}\"},\"query-input\":{\"@type\":\"PropertyValueSpecification\",\"valueRequired\":true,\"valueName\":\"search_term_string\"}}],\"inLanguage\":\"es-CL\"},{\"@type\":\"Person\",\"@id\":\"https:\/\/explora.cl\/aysen\/#\/schema\/person\/81c802b1e3b443e2575e555b39e60a05\",\"name\":\"scisternas\",\"image\":{\"@type\":\"ImageObject\",\"inLanguage\":\"es-CL\",\"@id\":\"https:\/\/explora.cl\/aysen\/#\/schema\/person\/image\/\",\"url\":\"https:\/\/secure.gravatar.com\/avatar\/611c8f1946b775bdf01b0521c85a9381c3ad08d928d8ead34ce577b0fa231c76?s=96&d=mm&r=g\",\"contentUrl\":\"https:\/\/secure.gravatar.com\/avatar\/611c8f1946b775bdf01b0521c85a9381c3ad08d928d8ead34ce577b0fa231c76?s=96&d=mm&r=g\",\"caption\":\"scisternas\"},\"url\":\"https:\/\/explora.cl\/aysen\/author\/scisternas\/\"}]}<\/script>\n<!-- \/ Yoast SEO plugin. -->","yoast_head_json":{"title":"Cohabitar la Tierra: Ciclo de entrevistas en que se comparten experiencias desde el Sur - Aysen","robots":{"index":"index","follow":"follow","max-snippet":"max-snippet:-1","max-image-preview":"max-image-preview:large","max-video-preview":"max-video-preview:-1"},"canonical":"https:\/\/explora.cl\/aysen\/cohabitar-la-tierra\/","og_locale":"es_ES","og_type":"article","og_title":"Cohabitar la Tierra: Ciclo de entrevistas en que se comparten experiencias desde el Sur - Aysen","og_description":"El 20 de noviembre comienza el ciclo de entrevistas online organizado por el proyecto Bosque con Lupa que busca dar a conocer diversas experiencias de convivencia del ser humano en su entorno.","og_url":"https:\/\/explora.cl\/aysen\/cohabitar-la-tierra\/","og_site_name":"Aysen","article_published_time":"2020-11-17T16:09:44+00:00","article_modified_time":"2023-07-28T15:02:52+00:00","og_image":[{"width":735,"height":470,"url":"https:\/\/explora.cl\/aysen\/wp-content\/uploads\/sites\/18\/2020\/11\/cohabitar-la-tierra-BCL.png","type":"image\/png"}],"author":"scisternas","twitter_card":"summary_large_image","twitter_misc":{"Escrito por":"scisternas","Tiempo estimado de lectura":"2 minutos"},"schema":{"@context":"https:\/\/schema.org","@graph":[{"@type":"Article","@id":"https:\/\/explora.cl\/aysen\/cohabitar-la-tierra\/#article","isPartOf":{"@id":"https:\/\/explora.cl\/aysen\/cohabitar-la-tierra\/"},"author":{"name":"scisternas","@id":"https:\/\/explora.cl\/aysen\/#\/schema\/person\/81c802b1e3b443e2575e555b39e60a05"},"headline":"Cohabitar la Tierra: Ciclo de entrevistas en que se comparten experiencias desde el Sur","datePublished":"2020-11-17T16:09:44+00:00","dateModified":"2023-07-28T15:02:52+00:00","mainEntityOfPage":{"@id":"https:\/\/explora.cl\/aysen\/cohabitar-la-tierra\/"},"wordCount":500,"commentCount":0,"image":{"@id":"https:\/\/explora.cl\/aysen\/cohabitar-la-tierra\/#primaryimage"},"thumbnailUrl":"https:\/\/explora.cl\/aysen\/wp-content\/uploads\/sites\/18\/2020\/11\/cohabitar-la-tierra-BCL.png","articleSection":["Noticias"],"inLanguage":"es-CL","potentialAction":[{"@type":"CommentAction","name":"Comment","target":["https:\/\/explora.cl\/aysen\/cohabitar-la-tierra\/#respond"]}]},{"@type":"WebPage","@id":"https:\/\/explora.cl\/aysen\/cohabitar-la-tierra\/","url":"https:\/\/explora.cl\/aysen\/cohabitar-la-tierra\/","name":"Cohabitar la Tierra: Ciclo de entrevistas en que se comparten experiencias desde el Sur - Aysen","isPartOf":{"@id":"https:\/\/explora.cl\/aysen\/#website"},"primaryImageOfPage":{"@id":"https:\/\/explora.cl\/aysen\/cohabitar-la-tierra\/#primaryimage"},"image":{"@id":"https:\/\/explora.cl\/aysen\/cohabitar-la-tierra\/#primaryimage"},"thumbnailUrl":"https:\/\/explora.cl\/aysen\/wp-content\/uploads\/sites\/18\/2020\/11\/cohabitar-la-tierra-BCL.png","datePublished":"2020-11-17T16:09:44+00:00","dateModified":"2023-07-28T15:02:52+00:00","author":{"@id":"https:\/\/explora.cl\/aysen\/#\/schema\/person\/81c802b1e3b443e2575e555b39e60a05"},"breadcrumb":{"@id":"https:\/\/explora.cl\/aysen\/cohabitar-la-tierra\/#breadcrumb"},"inLanguage":"es-CL","potentialAction":[{"@type":"ReadAction","target":["https:\/\/explora.cl\/aysen\/cohabitar-la-tierra\/"]}]},{"@type":"ImageObject","inLanguage":"es-CL","@id":"https:\/\/explora.cl\/aysen\/cohabitar-la-tierra\/#primaryimage","url":"https:\/\/explora.cl\/aysen\/wp-content\/uploads\/sites\/18\/2020\/11\/cohabitar-la-tierra-BCL.png","contentUrl":"https:\/\/explora.cl\/aysen\/wp-content\/uploads\/sites\/18\/2020\/11\/cohabitar-la-tierra-BCL.png","width":735,"height":470},{"@type":"BreadcrumbList","@id":"https:\/\/explora.cl\/aysen\/cohabitar-la-tierra\/#breadcrumb","itemListElement":[{"@type":"ListItem","position":1,"name":"Portada","item":"https:\/\/explora.cl\/aysen\/"},{"@type":"ListItem","position":2,"name":"Cohabitar la Tierra: Ciclo de entrevistas en que se comparten experiencias desde el Sur"}]},{"@type":"WebSite","@id":"https:\/\/explora.cl\/aysen\/#website","url":"https:\/\/explora.cl\/aysen\/","name":"Aysen","description":"Otro sitio m\u00e1s de explora.cl","potentialAction":[{"@type":"SearchAction","target":{"@type":"EntryPoint","urlTemplate":"https:\/\/explora.cl\/aysen\/?s={search_term_string}"},"query-input":{"@type":"PropertyValueSpecification","valueRequired":true,"valueName":"search_term_string"}}],"inLanguage":"es-CL"},{"@type":"Person","@id":"https:\/\/explora.cl\/aysen\/#\/schema\/person\/81c802b1e3b443e2575e555b39e60a05","name":"scisternas","image":{"@type":"ImageObject","inLanguage":"es-CL","@id":"https:\/\/explora.cl\/aysen\/#\/schema\/person\/image\/","url":"https:\/\/secure.gravatar.com\/avatar\/611c8f1946b775bdf01b0521c85a9381c3ad08d928d8ead34ce577b0fa231c76?s=96&d=mm&r=g","contentUrl":"https:\/\/secure.gravatar.com\/avatar\/611c8f1946b775bdf01b0521c85a9381c3ad08d928d8ead34ce577b0fa231c76?s=96&d=mm&r=g","caption":"scisternas"},"url":"https:\/\/explora.cl\/aysen\/author\/scisternas\/"}]}},"_links":{"self":[{"href":"https:\/\/explora.cl\/aysen\/wp-json\/wp\/v2\/posts\/37818","targetHints":{"allow":["GET"]}}],"collection":[{"href":"https:\/\/explora.cl\/aysen\/wp-json\/wp\/v2\/posts"}],"about":[{"href":"https:\/\/explora.cl\/aysen\/wp-json\/wp\/v2\/types\/post"}],"author":[{"embeddable":true,"href":"https:\/\/explora.cl\/aysen\/wp-json\/wp\/v2\/users\/37"}],"replies":[{"embeddable":true,"href":"https:\/\/explora.cl\/aysen\/wp-json\/wp\/v2\/comments?post=37818"}],"version-history":[{"count":1,"href":"https:\/\/explora.cl\/aysen\/wp-json\/wp\/v2\/posts\/37818\/revisions"}],"predecessor-version":[{"id":37820,"href":"https:\/\/explora.cl\/aysen\/wp-json\/wp\/v2\/posts\/37818\/revisions\/37820"}],"wp:featuredmedia":[{"embeddable":true,"href":"https:\/\/explora.cl\/aysen\/wp-json\/wp\/v2\/media\/37819"}],"wp:attachment":[{"href":"https:\/\/explora.cl\/aysen\/wp-json\/wp\/v2\/media?parent=37818"}],"wp:term":[{"taxonomy":"category","embeddable":true,"href":"https:\/\/explora.cl\/aysen\/wp-json\/wp\/v2\/categories?post=37818"},{"taxonomy":"post_tag","embeddable":true,"href":"https:\/\/explora.cl\/aysen\/wp-json\/wp\/v2\/tags?post=37818"}],"curies":[{"name":"wp","href":"https:\/\/api.w.org\/{rel}","templated":true}]}}