{"id":37807,"date":"2020-10-27T10:12:25","date_gmt":"2020-10-27T13:12:25","guid":{"rendered":"https:\/\/explora.cl\/aysen\/?p=37807"},"modified":"2023-07-28T11:43:59","modified_gmt":"2023-07-28T15:43:59","slug":"capacitacion-virtual-explora-va","status":"publish","type":"post","link":"https:\/\/explora.cl\/aysen\/capacitacion-virtual-explora-va\/","title":{"rendered":"Capacitaci\u00f3n virtual Explora VA! inicia con m\u00e1s de cuarenta docentes inscritos de toda la regi\u00f3n de Ays\u00e9n"},"content":{"rendered":"<p><i><span style=\"font-weight: 400\">El martes 20 de octubre se llev\u00f3 a cabo la jornada inaugural de la Capacitaci\u00f3n Explora VA!\u00a0<\/span><\/i><i><span style=\"font-weight: 400\">Al encuentro llegaron 46 docentes y educadoras\/es de distintas comunas y localidades de la regi\u00f3n, motivados por la idea de implementar nuevas estrategias pedag\u00f3gicas en el aula.<\/span><\/i><\/p>\n<p><span style=\"font-weight: 400\">Ense\u00f1ar ciencia en el aula, a veces se vuelve todo un desaf\u00edo \u00bfde qu\u00e9 forma podemos aprovechar la curiosidad innata que ni\u00f1os, ni\u00f1as y j\u00f3venes tienen, con el fin de estimularlos\/as durante su proceso de aprendizaje? Al alero de esta pregunta nace la Capacitaci\u00f3n Explora VA!, un espacio virtual para docentes de ense\u00f1anza b\u00e1sica y media y educadoras\/es de educaci\u00f3n parvularia, que destaca el uso de competencias cient\u00edficas y tecnol\u00f3gicas en el aula como una herramienta eficaz para la educaci\u00f3n con sentido.\u00a0<\/span><\/p>\n<p><span style=\"font-weight: 400\">Con una duraci\u00f3n de dos meses, la capacitaci\u00f3n docente pretende desarrollar experiencias did\u00e1cticas con perspectiva de g\u00e9nero, que promuevan el desarrollo de competencias cient\u00edficas en las y los estudiantes. Cada encuentro virtual contar\u00e1 con la participaci\u00f3n de investigadores\/as que ofrecer\u00e1n una clase virtual grabada con un desaf\u00edo final, para luego trabajar en un taller pr\u00e1ctico con los\/as participantes.\u00a0<\/span><\/p>\n<p><span style=\"font-weight: 400\">\u00a0<\/span><b>La ciencia cambia las cosas<\/b><\/p>\n<p><span style=\"font-weight: 400\">\u00bfQu\u00e9 caracter\u00edsticas de las ciencias se pueden tomar para que iluminen lo que se hace en el aula? fue el tema que el Dr. Gabriel Gell\u00f3n, bi\u00f3logo, docente y divulgador, fundador de la Asociaci\u00f3n Civil Expedici\u00f3n Ciencia, puso sobre la mesa durante la jornada inaugural de la capacitaci\u00f3n. A cargo de la charla \u201cMapas para el viaje de la ciencia en el aula\u201d, Gabriel Gell\u00f3n comparti\u00f3 la idea de construir una comunidad educativa fuerte y madura como la comunidad cient\u00edfica, que involucre el intercambio de ideas y la publicaci\u00f3n con autor\u00eda de nuevos hallazgos y estrategias que sirvan a todas y todos los miembros de la comunidad. Esta forma de divulgar el conocimiento entre el universo docente crea un sistema de estrategias compartidas que permite que los nuevos descubrimientos en educaci\u00f3n se puedan ir mejorando entre todos y todas.<\/span><\/p>\n<p><span style=\"font-weight: 400\">Revisa la charla \u201cMapas para el viaje de la ciencia en el aula\u201d del Dr. Gabriel Gell\u00f3n en el siguiente enlace: <\/span><a href=\"https:\/\/www.youtube.com\/watch?v=tYFp_d9rOuU&amp;t=1270s\"><span style=\"font-weight: 400\">https:\/\/www.youtube.com\/watch?v=tYFp_d9rOuU&amp;t=1270s<\/span><\/a><span style=\"font-weight: 400\">\u00a0<\/span><\/p>\n<p><span style=\"font-weight: 400\">Los talleres virtuales abordar\u00e1n temas de g\u00e9nero, metodolog\u00edas pedag\u00f3gicas, biolog\u00eda, ecolog\u00eda, arqueolog\u00eda, medioambiente y sociolog\u00eda, todos desde una perspectiva docente, y contar\u00e1n con la participaci\u00f3n de: Macarena Trujillo, Dra. en Sociolog\u00eda y M\u00e1ster en G\u00e9nero; Joselina Casarini, Educadora en Ciencias; Wara Marcelo, Bi\u00f3loga y Mag\u00edster en Ecolog\u00eda; Amalia Nuevo, Dra. en Arqueolog\u00eda e investigadora del CIEP; Mylthon Jim\u00e9nez, Ec\u00f3logo y Docente y Reinaldo Vargas, liquen\u00f3logo.<\/span><\/p>\n","protected":false},"excerpt":{"rendered":"<p>El martes 20 de octubre se llev\u00f3 a cabo la jornada inaugural de la Capacitaci\u00f3n Explora VA!\u00a0Al encuentro llegaron 46 docentes y educadoras\/es de distintas comunas y localidades de la regi\u00f3n, motivados por la idea de implementar nuevas estrategias pedag\u00f3gicas en el aula.<\/p>\n","protected":false},"author":37,"featured_media":37808,"comment_status":"open","ping_status":"open","sticky":false,"template":"","format":"standard","meta":{"_acf_changed":false,"_exactmetrics_skip_tracking":false,"_exactmetrics_sitenote_active":false,"_exactmetrics_sitenote_note":"","_exactmetrics_sitenote_category":0,"footnotes":"","_links_to":"","_links_to_target":""},"categories":[4],"tags":[],"class_list":["post-37807","post","type-post","status-publish","format-standard","has-post-thumbnail","hentry","category-noticias"],"acf":[],"yoast_head":"<!-- This site is optimized with the Yoast SEO plugin v26.9 - https:\/\/yoast.com\/product\/yoast-seo-wordpress\/ -->\n<title>Capacitaci\u00f3n virtual Explora VA! inicia con m\u00e1s de cuarenta docentes inscritos de toda la regi\u00f3n de Ays\u00e9n - Aysen<\/title>\n<meta name=\"robots\" content=\"index, follow, max-snippet:-1, max-image-preview:large, max-video-preview:-1\" \/>\n<link rel=\"canonical\" href=\"https:\/\/explora.cl\/aysen\/capacitacion-virtual-explora-va\/\" class=\"yoast-seo-meta-tag\" \/>\n<meta property=\"og:locale\" content=\"es_ES\" class=\"yoast-seo-meta-tag\" \/>\n<meta property=\"og:type\" content=\"article\" class=\"yoast-seo-meta-tag\" \/>\n<meta property=\"og:title\" content=\"Capacitaci\u00f3n virtual Explora VA! inicia con m\u00e1s de cuarenta docentes inscritos de toda la regi\u00f3n de Ays\u00e9n - Aysen\" class=\"yoast-seo-meta-tag\" \/>\n<meta property=\"og:description\" content=\"El martes 20 de octubre se llev\u00f3 a cabo la jornada inaugural de la Capacitaci\u00f3n Explora VA!\u00a0Al encuentro llegaron 46 docentes y educadoras\/es de distintas comunas y localidades de la regi\u00f3n, motivados por la idea de implementar nuevas estrategias pedag\u00f3gicas en el aula.\" class=\"yoast-seo-meta-tag\" \/>\n<meta property=\"og:url\" content=\"https:\/\/explora.cl\/aysen\/capacitacion-virtual-explora-va\/\" class=\"yoast-seo-meta-tag\" \/>\n<meta property=\"og:site_name\" content=\"Aysen\" class=\"yoast-seo-meta-tag\" \/>\n<meta property=\"article:published_time\" content=\"2020-10-27T13:12:25+00:00\" class=\"yoast-seo-meta-tag\" \/>\n<meta property=\"article:modified_time\" content=\"2023-07-28T15:43:59+00:00\" class=\"yoast-seo-meta-tag\" \/>\n<meta property=\"og:image\" content=\"https:\/\/explora.cl\/aysen\/wp-content\/uploads\/sites\/18\/2020\/10\/jornada-inaugural-capacitacion-explora-va.jpg\" class=\"yoast-seo-meta-tag\" \/>\n\t<meta property=\"og:image:width\" content=\"735\" class=\"yoast-seo-meta-tag\" \/>\n\t<meta property=\"og:image:height\" content=\"470\" class=\"yoast-seo-meta-tag\" \/>\n\t<meta property=\"og:image:type\" content=\"image\/jpeg\" class=\"yoast-seo-meta-tag\" \/>\n<meta name=\"author\" content=\"scisternas\" class=\"yoast-seo-meta-tag\" \/>\n<meta name=\"twitter:card\" content=\"summary_large_image\" class=\"yoast-seo-meta-tag\" \/>\n<meta name=\"twitter:label1\" content=\"Escrito por\" class=\"yoast-seo-meta-tag\" \/>\n\t<meta name=\"twitter:data1\" content=\"scisternas\" class=\"yoast-seo-meta-tag\" \/>\n\t<meta name=\"twitter:label2\" content=\"Tiempo estimado de lectura\" class=\"yoast-seo-meta-tag\" \/>\n\t<meta name=\"twitter:data2\" content=\"2 minutos\" class=\"yoast-seo-meta-tag\" \/>\n<script type=\"application\/ld+json\" class=\"yoast-schema-graph\">{\"@context\":\"https:\/\/schema.org\",\"@graph\":[{\"@type\":\"Article\",\"@id\":\"https:\/\/explora.cl\/aysen\/capacitacion-virtual-explora-va\/#article\",\"isPartOf\":{\"@id\":\"https:\/\/explora.cl\/aysen\/capacitacion-virtual-explora-va\/\"},\"author\":{\"name\":\"scisternas\",\"@id\":\"https:\/\/explora.cl\/aysen\/#\/schema\/person\/81c802b1e3b443e2575e555b39e60a05\"},\"headline\":\"Capacitaci\u00f3n virtual Explora VA! inicia con m\u00e1s de cuarenta docentes inscritos de toda la regi\u00f3n de Ays\u00e9n\",\"datePublished\":\"2020-10-27T13:12:25+00:00\",\"dateModified\":\"2023-07-28T15:43:59+00:00\",\"mainEntityOfPage\":{\"@id\":\"https:\/\/explora.cl\/aysen\/capacitacion-virtual-explora-va\/\"},\"wordCount\":506,\"commentCount\":0,\"image\":{\"@id\":\"https:\/\/explora.cl\/aysen\/capacitacion-virtual-explora-va\/#primaryimage\"},\"thumbnailUrl\":\"https:\/\/explora.cl\/aysen\/wp-content\/uploads\/sites\/18\/2020\/10\/jornada-inaugural-capacitacion-explora-va.jpg\",\"articleSection\":[\"Noticias\"],\"inLanguage\":\"es-CL\",\"potentialAction\":[{\"@type\":\"CommentAction\",\"name\":\"Comment\",\"target\":[\"https:\/\/explora.cl\/aysen\/capacitacion-virtual-explora-va\/#respond\"]}]},{\"@type\":\"WebPage\",\"@id\":\"https:\/\/explora.cl\/aysen\/capacitacion-virtual-explora-va\/\",\"url\":\"https:\/\/explora.cl\/aysen\/capacitacion-virtual-explora-va\/\",\"name\":\"Capacitaci\u00f3n virtual Explora VA! inicia con m\u00e1s de cuarenta docentes inscritos de toda la regi\u00f3n de Ays\u00e9n - Aysen\",\"isPartOf\":{\"@id\":\"https:\/\/explora.cl\/aysen\/#website\"},\"primaryImageOfPage\":{\"@id\":\"https:\/\/explora.cl\/aysen\/capacitacion-virtual-explora-va\/#primaryimage\"},\"image\":{\"@id\":\"https:\/\/explora.cl\/aysen\/capacitacion-virtual-explora-va\/#primaryimage\"},\"thumbnailUrl\":\"https:\/\/explora.cl\/aysen\/wp-content\/uploads\/sites\/18\/2020\/10\/jornada-inaugural-capacitacion-explora-va.jpg\",\"datePublished\":\"2020-10-27T13:12:25+00:00\",\"dateModified\":\"2023-07-28T15:43:59+00:00\",\"author\":{\"@id\":\"https:\/\/explora.cl\/aysen\/#\/schema\/person\/81c802b1e3b443e2575e555b39e60a05\"},\"breadcrumb\":{\"@id\":\"https:\/\/explora.cl\/aysen\/capacitacion-virtual-explora-va\/#breadcrumb\"},\"inLanguage\":\"es-CL\",\"potentialAction\":[{\"@type\":\"ReadAction\",\"target\":[\"https:\/\/explora.cl\/aysen\/capacitacion-virtual-explora-va\/\"]}]},{\"@type\":\"ImageObject\",\"inLanguage\":\"es-CL\",\"@id\":\"https:\/\/explora.cl\/aysen\/capacitacion-virtual-explora-va\/#primaryimage\",\"url\":\"https:\/\/explora.cl\/aysen\/wp-content\/uploads\/sites\/18\/2020\/10\/jornada-inaugural-capacitacion-explora-va.jpg\",\"contentUrl\":\"https:\/\/explora.cl\/aysen\/wp-content\/uploads\/sites\/18\/2020\/10\/jornada-inaugural-capacitacion-explora-va.jpg\",\"width\":735,\"height\":470},{\"@type\":\"BreadcrumbList\",\"@id\":\"https:\/\/explora.cl\/aysen\/capacitacion-virtual-explora-va\/#breadcrumb\",\"itemListElement\":[{\"@type\":\"ListItem\",\"position\":1,\"name\":\"Portada\",\"item\":\"https:\/\/explora.cl\/aysen\/\"},{\"@type\":\"ListItem\",\"position\":2,\"name\":\"Capacitaci\u00f3n virtual Explora VA! inicia con m\u00e1s de cuarenta docentes inscritos de toda la regi\u00f3n de Ays\u00e9n\"}]},{\"@type\":\"WebSite\",\"@id\":\"https:\/\/explora.cl\/aysen\/#website\",\"url\":\"https:\/\/explora.cl\/aysen\/\",\"name\":\"Aysen\",\"description\":\"Otro sitio m\u00e1s de explora.cl\",\"potentialAction\":[{\"@type\":\"SearchAction\",\"target\":{\"@type\":\"EntryPoint\",\"urlTemplate\":\"https:\/\/explora.cl\/aysen\/?s={search_term_string}\"},\"query-input\":{\"@type\":\"PropertyValueSpecification\",\"valueRequired\":true,\"valueName\":\"search_term_string\"}}],\"inLanguage\":\"es-CL\"},{\"@type\":\"Person\",\"@id\":\"https:\/\/explora.cl\/aysen\/#\/schema\/person\/81c802b1e3b443e2575e555b39e60a05\",\"name\":\"scisternas\",\"image\":{\"@type\":\"ImageObject\",\"inLanguage\":\"es-CL\",\"@id\":\"https:\/\/explora.cl\/aysen\/#\/schema\/person\/image\/\",\"url\":\"https:\/\/secure.gravatar.com\/avatar\/611c8f1946b775bdf01b0521c85a9381c3ad08d928d8ead34ce577b0fa231c76?s=96&d=mm&r=g\",\"contentUrl\":\"https:\/\/secure.gravatar.com\/avatar\/611c8f1946b775bdf01b0521c85a9381c3ad08d928d8ead34ce577b0fa231c76?s=96&d=mm&r=g\",\"caption\":\"scisternas\"},\"url\":\"https:\/\/explora.cl\/aysen\/author\/scisternas\/\"}]}<\/script>\n<!-- \/ Yoast SEO plugin. -->","yoast_head_json":{"title":"Capacitaci\u00f3n virtual Explora VA! inicia con m\u00e1s de cuarenta docentes inscritos de toda la regi\u00f3n de Ays\u00e9n - Aysen","robots":{"index":"index","follow":"follow","max-snippet":"max-snippet:-1","max-image-preview":"max-image-preview:large","max-video-preview":"max-video-preview:-1"},"canonical":"https:\/\/explora.cl\/aysen\/capacitacion-virtual-explora-va\/","og_locale":"es_ES","og_type":"article","og_title":"Capacitaci\u00f3n virtual Explora VA! inicia con m\u00e1s de cuarenta docentes inscritos de toda la regi\u00f3n de Ays\u00e9n - Aysen","og_description":"El martes 20 de octubre se llev\u00f3 a cabo la jornada inaugural de la Capacitaci\u00f3n Explora VA!\u00a0Al encuentro llegaron 46 docentes y educadoras\/es de distintas comunas y localidades de la regi\u00f3n, motivados por la idea de implementar nuevas estrategias pedag\u00f3gicas en el aula.","og_url":"https:\/\/explora.cl\/aysen\/capacitacion-virtual-explora-va\/","og_site_name":"Aysen","article_published_time":"2020-10-27T13:12:25+00:00","article_modified_time":"2023-07-28T15:43:59+00:00","og_image":[{"width":735,"height":470,"url":"https:\/\/explora.cl\/aysen\/wp-content\/uploads\/sites\/18\/2020\/10\/jornada-inaugural-capacitacion-explora-va.jpg","type":"image\/jpeg"}],"author":"scisternas","twitter_card":"summary_large_image","twitter_misc":{"Escrito por":"scisternas","Tiempo estimado de lectura":"2 minutos"},"schema":{"@context":"https:\/\/schema.org","@graph":[{"@type":"Article","@id":"https:\/\/explora.cl\/aysen\/capacitacion-virtual-explora-va\/#article","isPartOf":{"@id":"https:\/\/explora.cl\/aysen\/capacitacion-virtual-explora-va\/"},"author":{"name":"scisternas","@id":"https:\/\/explora.cl\/aysen\/#\/schema\/person\/81c802b1e3b443e2575e555b39e60a05"},"headline":"Capacitaci\u00f3n virtual Explora VA! inicia con m\u00e1s de cuarenta docentes inscritos de toda la regi\u00f3n de Ays\u00e9n","datePublished":"2020-10-27T13:12:25+00:00","dateModified":"2023-07-28T15:43:59+00:00","mainEntityOfPage":{"@id":"https:\/\/explora.cl\/aysen\/capacitacion-virtual-explora-va\/"},"wordCount":506,"commentCount":0,"image":{"@id":"https:\/\/explora.cl\/aysen\/capacitacion-virtual-explora-va\/#primaryimage"},"thumbnailUrl":"https:\/\/explora.cl\/aysen\/wp-content\/uploads\/sites\/18\/2020\/10\/jornada-inaugural-capacitacion-explora-va.jpg","articleSection":["Noticias"],"inLanguage":"es-CL","potentialAction":[{"@type":"CommentAction","name":"Comment","target":["https:\/\/explora.cl\/aysen\/capacitacion-virtual-explora-va\/#respond"]}]},{"@type":"WebPage","@id":"https:\/\/explora.cl\/aysen\/capacitacion-virtual-explora-va\/","url":"https:\/\/explora.cl\/aysen\/capacitacion-virtual-explora-va\/","name":"Capacitaci\u00f3n virtual Explora VA! inicia con m\u00e1s de cuarenta docentes inscritos de toda la regi\u00f3n de Ays\u00e9n - Aysen","isPartOf":{"@id":"https:\/\/explora.cl\/aysen\/#website"},"primaryImageOfPage":{"@id":"https:\/\/explora.cl\/aysen\/capacitacion-virtual-explora-va\/#primaryimage"},"image":{"@id":"https:\/\/explora.cl\/aysen\/capacitacion-virtual-explora-va\/#primaryimage"},"thumbnailUrl":"https:\/\/explora.cl\/aysen\/wp-content\/uploads\/sites\/18\/2020\/10\/jornada-inaugural-capacitacion-explora-va.jpg","datePublished":"2020-10-27T13:12:25+00:00","dateModified":"2023-07-28T15:43:59+00:00","author":{"@id":"https:\/\/explora.cl\/aysen\/#\/schema\/person\/81c802b1e3b443e2575e555b39e60a05"},"breadcrumb":{"@id":"https:\/\/explora.cl\/aysen\/capacitacion-virtual-explora-va\/#breadcrumb"},"inLanguage":"es-CL","potentialAction":[{"@type":"ReadAction","target":["https:\/\/explora.cl\/aysen\/capacitacion-virtual-explora-va\/"]}]},{"@type":"ImageObject","inLanguage":"es-CL","@id":"https:\/\/explora.cl\/aysen\/capacitacion-virtual-explora-va\/#primaryimage","url":"https:\/\/explora.cl\/aysen\/wp-content\/uploads\/sites\/18\/2020\/10\/jornada-inaugural-capacitacion-explora-va.jpg","contentUrl":"https:\/\/explora.cl\/aysen\/wp-content\/uploads\/sites\/18\/2020\/10\/jornada-inaugural-capacitacion-explora-va.jpg","width":735,"height":470},{"@type":"BreadcrumbList","@id":"https:\/\/explora.cl\/aysen\/capacitacion-virtual-explora-va\/#breadcrumb","itemListElement":[{"@type":"ListItem","position":1,"name":"Portada","item":"https:\/\/explora.cl\/aysen\/"},{"@type":"ListItem","position":2,"name":"Capacitaci\u00f3n virtual Explora VA! inicia con m\u00e1s de cuarenta docentes inscritos de toda la regi\u00f3n de Ays\u00e9n"}]},{"@type":"WebSite","@id":"https:\/\/explora.cl\/aysen\/#website","url":"https:\/\/explora.cl\/aysen\/","name":"Aysen","description":"Otro sitio m\u00e1s de explora.cl","potentialAction":[{"@type":"SearchAction","target":{"@type":"EntryPoint","urlTemplate":"https:\/\/explora.cl\/aysen\/?s={search_term_string}"},"query-input":{"@type":"PropertyValueSpecification","valueRequired":true,"valueName":"search_term_string"}}],"inLanguage":"es-CL"},{"@type":"Person","@id":"https:\/\/explora.cl\/aysen\/#\/schema\/person\/81c802b1e3b443e2575e555b39e60a05","name":"scisternas","image":{"@type":"ImageObject","inLanguage":"es-CL","@id":"https:\/\/explora.cl\/aysen\/#\/schema\/person\/image\/","url":"https:\/\/secure.gravatar.com\/avatar\/611c8f1946b775bdf01b0521c85a9381c3ad08d928d8ead34ce577b0fa231c76?s=96&d=mm&r=g","contentUrl":"https:\/\/secure.gravatar.com\/avatar\/611c8f1946b775bdf01b0521c85a9381c3ad08d928d8ead34ce577b0fa231c76?s=96&d=mm&r=g","caption":"scisternas"},"url":"https:\/\/explora.cl\/aysen\/author\/scisternas\/"}]}},"_links":{"self":[{"href":"https:\/\/explora.cl\/aysen\/wp-json\/wp\/v2\/posts\/37807","targetHints":{"allow":["GET"]}}],"collection":[{"href":"https:\/\/explora.cl\/aysen\/wp-json\/wp\/v2\/posts"}],"about":[{"href":"https:\/\/explora.cl\/aysen\/wp-json\/wp\/v2\/types\/post"}],"author":[{"embeddable":true,"href":"https:\/\/explora.cl\/aysen\/wp-json\/wp\/v2\/users\/37"}],"replies":[{"embeddable":true,"href":"https:\/\/explora.cl\/aysen\/wp-json\/wp\/v2\/comments?post=37807"}],"version-history":[{"count":2,"href":"https:\/\/explora.cl\/aysen\/wp-json\/wp\/v2\/posts\/37807\/revisions"}],"predecessor-version":[{"id":37810,"href":"https:\/\/explora.cl\/aysen\/wp-json\/wp\/v2\/posts\/37807\/revisions\/37810"}],"wp:featuredmedia":[{"embeddable":true,"href":"https:\/\/explora.cl\/aysen\/wp-json\/wp\/v2\/media\/37808"}],"wp:attachment":[{"href":"https:\/\/explora.cl\/aysen\/wp-json\/wp\/v2\/media?parent=37807"}],"wp:term":[{"taxonomy":"category","embeddable":true,"href":"https:\/\/explora.cl\/aysen\/wp-json\/wp\/v2\/categories?post=37807"},{"taxonomy":"post_tag","embeddable":true,"href":"https:\/\/explora.cl\/aysen\/wp-json\/wp\/v2\/tags?post=37807"}],"curies":[{"name":"wp","href":"https:\/\/api.w.org\/{rel}","templated":true}]}}