{"id":37794,"date":"2020-10-07T16:14:29","date_gmt":"2020-10-07T19:14:29","guid":{"rendered":"https:\/\/explora.cl\/aysen\/?p=37794"},"modified":"2023-07-28T11:25:04","modified_gmt":"2023-07-28T15:25:04","slug":"agroecologia","status":"publish","type":"post","link":"https:\/\/explora.cl\/aysen\/agroecologia\/","title":{"rendered":"Charlas sobre Agricultura, Econom\u00eda y Sociedad: sostenibilidad en un mundo moderno."},"content":{"rendered":"<p><i><span style=\"font-weight: 400\">El ciclo pretende poner en valor la agroecolog\u00eda y sus pr\u00e1cticas asociadas en tiempos de crisis econ\u00f3mica y alimentaria. Tendr\u00e1 una duraci\u00f3n de dos d\u00edas y ser\u00e1 transmitido por Facebook Live los d\u00edas 14 y 15 de octubre a las 18:00 horas.<\/span><\/i><\/p>\n<p><span style=\"font-weight: 400\">En tiempos complejos de pandemia, de crisis econ\u00f3mica, crisis ambiental y falta de alimento para las comunidades se vuelve imperioso pensar en alternativas de desarrollo que sean respetuosas con el medioambiente de manera sostenible y equilibrada.\u00a0<\/span><\/p>\n<p><span style=\"font-weight: 400\">En miras de un modelo agr\u00edcola alternativo reaparece el concepto de agroecolog\u00eda, un sistema social, ecol\u00f3gico y econ\u00f3micamente sostenible, que ha demostrado en varias oportunidades funcionar como una alternativa sustentable a las pr\u00e1cticas agr\u00edcolas convencionales, permitiendo resolver problemas de producci\u00f3n, degradaci\u00f3n ambiental e insustentabilidad alimentaria.<\/span><\/p>\n<p><span style=\"font-weight: 400\">La explotaci\u00f3n agr\u00edcola aut\u00f3noma favorece a peque\u00f1as comunidades en cuanto intercambio directo entre productores locales y consumidores. A su vez, las pr\u00e1cticas agroecol\u00f3gicas, al buscar un equilibrio entre todos los elementos que componen el sistema, permiten la coexistencia de suelos limpios, cultivos sanos, presencia de insectos y animales, respetando la biodiversidad animal y vegetal a trav\u00e9s de un modelo de desarrollo rural sustentable. Por otro lado, la agricultura tradicional hace uso de pesticidas, insecticidas, fertilizantes sint\u00e9ticos y otras sustancias que generan residuos t\u00f3xicos que alteran las funciones metab\u00f3licas de nuestro organismo.<\/span><\/p>\n<p><b>Saberes ancestrales para enfrentar el futuro<\/b><\/p>\n<p><span style=\"font-weight: 400\">Las pr\u00e1cticas agr\u00edcolas sustentables enfocadas en el bienestar del medioambiente y de las comunidades que las aplican no son nuevas. La agricultura ind\u00edgena y algunos campesinos criollos ya practicaban la soberan\u00eda alimentaria, con plena conciencia de los beneficios para el medioambiente y la salud que aportaba el conservar un equilibrio ecosist\u00e9mico. La crisis econ\u00f3mica enmarcada en las pol\u00edticas agrarias neoliberales de fines de la d\u00e9cada de los 70 y comienzos de la d\u00e9cada de los 80, dieron origen a lo que hoy entendemos por agroecolog\u00eda. Este modelo alternativo y sustentable surgi\u00f3 ante la necesidad de subsanar la crisis, y se constituy\u00f3 formalmente como una ciencia a trav\u00e9s de desarrollos te\u00f3ricos y metodol\u00f3gicos basados en saberes ancestrales.<\/span><\/p>\n<p><span style=\"font-weight: 400\">Actualmente somos parte de una crisis sanitaria de grandes proporciones. Considerando que el debate respecto a las pr\u00e1cticas sustentables es necesario, el Proyecto Explora Ays\u00e9n del Ministerio de Ciencia, y ejecutado en la regi\u00f3n por profesionales del Campus Patagonia de la Universidad Austral de Chile, organiza el ciclo de charlas de Ciencia Abierta: \u201cAgricultura, Econom\u00eda y Sociedad: sostenibilidad en un mundo moderno.\u201d El ciclo tendr\u00e1 una duraci\u00f3n de dos d\u00edas y contar\u00e1 con las ponencias de Santiago Peredo Parada, Msc. en Agroecolog\u00eda y docente de la Universidad de Santiago de Chile, y Jos\u00e9 Barrena Ruiz, PhD(c) en Pol\u00edtica Ambiental, docente de la Universidad de Ays\u00e9n e investigador del Centro IDEAL UACh.<\/span><\/p>\n<p><span style=\"font-weight: 400\">\u201cEl objetivo del ciclo de charlas es reflexionar en c\u00f3mo los cambios socioecon\u00f3micos del Antropoceno dan la oportunidad para mirar con mayor atenci\u00f3n el rol de la agroecolog\u00eda o la agricultura sustentable en Latinoam\u00e9rica, en el sur de Chile y la regi\u00f3n de Ays\u00e9n.\u201d agrega Eduardo Mu\u00f1oz, bi\u00f3logo y encargado de las charlas Ciencia Abierta del Proyecto Explora Ays\u00e9n.<\/span><\/p>\n<p><span style=\"font-weight: 400\">Este encuentro virtual ser\u00e1 transmitido por Facebook Live los d\u00edas 14 y 15 de octubre a las 18:00 horas a trav\u00e9s de la Fan Page @exploraysen. Si deseas participar del conversatorio y realizar preguntas a en directo a los investigadores solo debes completar el siguiente formulario para recibir el link de zoom en tu correo electr\u00f3nico: <\/span><a href=\"https:\/\/bit.ly\/3jEM643\"><span style=\"font-weight: 400\">https:\/\/bit.ly\/3jEM643<\/span><\/a><span style=\"font-weight: 400\">\u00a0<\/span><\/p>\n","protected":false},"excerpt":{"rendered":"<p>El ciclo pretende poner en valor la agroecolog\u00eda y sus pr\u00e1cticas asociadas en tiempos de crisis econ\u00f3mica y alimentaria. Tendr\u00e1 una duraci\u00f3n de dos d\u00edas y ser\u00e1 transmitido por Facebook Live los d\u00edas 14 y 15 de octubre a las 18:00 horas.<\/p>\n","protected":false},"author":37,"featured_media":37795,"comment_status":"open","ping_status":"open","sticky":false,"template":"","format":"standard","meta":{"_acf_changed":false,"_exactmetrics_skip_tracking":false,"_exactmetrics_sitenote_active":false,"_exactmetrics_sitenote_note":"","_exactmetrics_sitenote_category":0,"footnotes":"","_links_to":"","_links_to_target":""},"categories":[4],"tags":[],"class_list":["post-37794","post","type-post","status-publish","format-standard","has-post-thumbnail","hentry","category-noticias"],"acf":[],"yoast_head":"<!-- This site is optimized with the Yoast SEO plugin v26.9 - https:\/\/yoast.com\/product\/yoast-seo-wordpress\/ -->\n<title>Charlas sobre Agricultura, Econom\u00eda y Sociedad: sostenibilidad en un mundo moderno. - Aysen<\/title>\n<meta name=\"robots\" content=\"index, follow, max-snippet:-1, max-image-preview:large, max-video-preview:-1\" \/>\n<link rel=\"canonical\" href=\"https:\/\/explora.cl\/aysen\/agroecologia\/\" class=\"yoast-seo-meta-tag\" \/>\n<meta property=\"og:locale\" content=\"es_ES\" class=\"yoast-seo-meta-tag\" \/>\n<meta property=\"og:type\" content=\"article\" class=\"yoast-seo-meta-tag\" \/>\n<meta property=\"og:title\" content=\"Charlas sobre Agricultura, Econom\u00eda y Sociedad: sostenibilidad en un mundo moderno. - Aysen\" class=\"yoast-seo-meta-tag\" \/>\n<meta property=\"og:description\" content=\"El ciclo pretende poner en valor la agroecolog\u00eda y sus pr\u00e1cticas asociadas en tiempos de crisis econ\u00f3mica y alimentaria. Tendr\u00e1 una duraci\u00f3n de dos d\u00edas y ser\u00e1 transmitido por Facebook Live los d\u00edas 14 y 15 de octubre a las 18:00 horas.\" class=\"yoast-seo-meta-tag\" \/>\n<meta property=\"og:url\" content=\"https:\/\/explora.cl\/aysen\/agroecologia\/\" class=\"yoast-seo-meta-tag\" \/>\n<meta property=\"og:site_name\" content=\"Aysen\" class=\"yoast-seo-meta-tag\" \/>\n<meta property=\"article:published_time\" content=\"2020-10-07T19:14:29+00:00\" class=\"yoast-seo-meta-tag\" \/>\n<meta property=\"article:modified_time\" content=\"2023-07-28T15:25:04+00:00\" class=\"yoast-seo-meta-tag\" \/>\n<meta property=\"og:image\" content=\"https:\/\/explora.cl\/aysen\/wp-content\/uploads\/sites\/18\/2020\/10\/agrobannerweb.jpg\" class=\"yoast-seo-meta-tag\" \/>\n\t<meta property=\"og:image:width\" content=\"735\" class=\"yoast-seo-meta-tag\" \/>\n\t<meta property=\"og:image:height\" content=\"470\" class=\"yoast-seo-meta-tag\" \/>\n\t<meta property=\"og:image:type\" content=\"image\/jpeg\" class=\"yoast-seo-meta-tag\" \/>\n<meta name=\"author\" content=\"scisternas\" class=\"yoast-seo-meta-tag\" \/>\n<meta name=\"twitter:card\" content=\"summary_large_image\" class=\"yoast-seo-meta-tag\" \/>\n<meta name=\"twitter:label1\" content=\"Escrito por\" class=\"yoast-seo-meta-tag\" \/>\n\t<meta name=\"twitter:data1\" content=\"scisternas\" class=\"yoast-seo-meta-tag\" \/>\n\t<meta name=\"twitter:label2\" content=\"Tiempo estimado de lectura\" class=\"yoast-seo-meta-tag\" \/>\n\t<meta name=\"twitter:data2\" content=\"3 minutos\" class=\"yoast-seo-meta-tag\" \/>\n<script type=\"application\/ld+json\" class=\"yoast-schema-graph\">{\"@context\":\"https:\/\/schema.org\",\"@graph\":[{\"@type\":\"Article\",\"@id\":\"https:\/\/explora.cl\/aysen\/agroecologia\/#article\",\"isPartOf\":{\"@id\":\"https:\/\/explora.cl\/aysen\/agroecologia\/\"},\"author\":{\"name\":\"scisternas\",\"@id\":\"https:\/\/explora.cl\/aysen\/#\/schema\/person\/81c802b1e3b443e2575e555b39e60a05\"},\"headline\":\"Charlas sobre Agricultura, Econom\u00eda y Sociedad: sostenibilidad en un mundo moderno.\",\"datePublished\":\"2020-10-07T19:14:29+00:00\",\"dateModified\":\"2023-07-28T15:25:04+00:00\",\"mainEntityOfPage\":{\"@id\":\"https:\/\/explora.cl\/aysen\/agroecologia\/\"},\"wordCount\":631,\"commentCount\":0,\"image\":{\"@id\":\"https:\/\/explora.cl\/aysen\/agroecologia\/#primaryimage\"},\"thumbnailUrl\":\"https:\/\/explora.cl\/aysen\/wp-content\/uploads\/sites\/18\/2020\/10\/agrobannerweb.jpg\",\"articleSection\":[\"Noticias\"],\"inLanguage\":\"es-CL\",\"potentialAction\":[{\"@type\":\"CommentAction\",\"name\":\"Comment\",\"target\":[\"https:\/\/explora.cl\/aysen\/agroecologia\/#respond\"]}]},{\"@type\":\"WebPage\",\"@id\":\"https:\/\/explora.cl\/aysen\/agroecologia\/\",\"url\":\"https:\/\/explora.cl\/aysen\/agroecologia\/\",\"name\":\"Charlas sobre Agricultura, Econom\u00eda y Sociedad: sostenibilidad en un mundo moderno. - Aysen\",\"isPartOf\":{\"@id\":\"https:\/\/explora.cl\/aysen\/#website\"},\"primaryImageOfPage\":{\"@id\":\"https:\/\/explora.cl\/aysen\/agroecologia\/#primaryimage\"},\"image\":{\"@id\":\"https:\/\/explora.cl\/aysen\/agroecologia\/#primaryimage\"},\"thumbnailUrl\":\"https:\/\/explora.cl\/aysen\/wp-content\/uploads\/sites\/18\/2020\/10\/agrobannerweb.jpg\",\"datePublished\":\"2020-10-07T19:14:29+00:00\",\"dateModified\":\"2023-07-28T15:25:04+00:00\",\"author\":{\"@id\":\"https:\/\/explora.cl\/aysen\/#\/schema\/person\/81c802b1e3b443e2575e555b39e60a05\"},\"breadcrumb\":{\"@id\":\"https:\/\/explora.cl\/aysen\/agroecologia\/#breadcrumb\"},\"inLanguage\":\"es-CL\",\"potentialAction\":[{\"@type\":\"ReadAction\",\"target\":[\"https:\/\/explora.cl\/aysen\/agroecologia\/\"]}]},{\"@type\":\"ImageObject\",\"inLanguage\":\"es-CL\",\"@id\":\"https:\/\/explora.cl\/aysen\/agroecologia\/#primaryimage\",\"url\":\"https:\/\/explora.cl\/aysen\/wp-content\/uploads\/sites\/18\/2020\/10\/agrobannerweb.jpg\",\"contentUrl\":\"https:\/\/explora.cl\/aysen\/wp-content\/uploads\/sites\/18\/2020\/10\/agrobannerweb.jpg\",\"width\":735,\"height\":470},{\"@type\":\"BreadcrumbList\",\"@id\":\"https:\/\/explora.cl\/aysen\/agroecologia\/#breadcrumb\",\"itemListElement\":[{\"@type\":\"ListItem\",\"position\":1,\"name\":\"Portada\",\"item\":\"https:\/\/explora.cl\/aysen\/\"},{\"@type\":\"ListItem\",\"position\":2,\"name\":\"Charlas sobre Agricultura, Econom\u00eda y Sociedad: sostenibilidad en un mundo moderno.\"}]},{\"@type\":\"WebSite\",\"@id\":\"https:\/\/explora.cl\/aysen\/#website\",\"url\":\"https:\/\/explora.cl\/aysen\/\",\"name\":\"Aysen\",\"description\":\"Otro sitio m\u00e1s de explora.cl\",\"potentialAction\":[{\"@type\":\"SearchAction\",\"target\":{\"@type\":\"EntryPoint\",\"urlTemplate\":\"https:\/\/explora.cl\/aysen\/?s={search_term_string}\"},\"query-input\":{\"@type\":\"PropertyValueSpecification\",\"valueRequired\":true,\"valueName\":\"search_term_string\"}}],\"inLanguage\":\"es-CL\"},{\"@type\":\"Person\",\"@id\":\"https:\/\/explora.cl\/aysen\/#\/schema\/person\/81c802b1e3b443e2575e555b39e60a05\",\"name\":\"scisternas\",\"image\":{\"@type\":\"ImageObject\",\"inLanguage\":\"es-CL\",\"@id\":\"https:\/\/explora.cl\/aysen\/#\/schema\/person\/image\/\",\"url\":\"https:\/\/secure.gravatar.com\/avatar\/611c8f1946b775bdf01b0521c85a9381c3ad08d928d8ead34ce577b0fa231c76?s=96&d=mm&r=g\",\"contentUrl\":\"https:\/\/secure.gravatar.com\/avatar\/611c8f1946b775bdf01b0521c85a9381c3ad08d928d8ead34ce577b0fa231c76?s=96&d=mm&r=g\",\"caption\":\"scisternas\"},\"url\":\"https:\/\/explora.cl\/aysen\/author\/scisternas\/\"}]}<\/script>\n<!-- \/ Yoast SEO plugin. -->","yoast_head_json":{"title":"Charlas sobre Agricultura, Econom\u00eda y Sociedad: sostenibilidad en un mundo moderno. - Aysen","robots":{"index":"index","follow":"follow","max-snippet":"max-snippet:-1","max-image-preview":"max-image-preview:large","max-video-preview":"max-video-preview:-1"},"canonical":"https:\/\/explora.cl\/aysen\/agroecologia\/","og_locale":"es_ES","og_type":"article","og_title":"Charlas sobre Agricultura, Econom\u00eda y Sociedad: sostenibilidad en un mundo moderno. - Aysen","og_description":"El ciclo pretende poner en valor la agroecolog\u00eda y sus pr\u00e1cticas asociadas en tiempos de crisis econ\u00f3mica y alimentaria. Tendr\u00e1 una duraci\u00f3n de dos d\u00edas y ser\u00e1 transmitido por Facebook Live los d\u00edas 14 y 15 de octubre a las 18:00 horas.","og_url":"https:\/\/explora.cl\/aysen\/agroecologia\/","og_site_name":"Aysen","article_published_time":"2020-10-07T19:14:29+00:00","article_modified_time":"2023-07-28T15:25:04+00:00","og_image":[{"width":735,"height":470,"url":"https:\/\/explora.cl\/aysen\/wp-content\/uploads\/sites\/18\/2020\/10\/agrobannerweb.jpg","type":"image\/jpeg"}],"author":"scisternas","twitter_card":"summary_large_image","twitter_misc":{"Escrito por":"scisternas","Tiempo estimado de lectura":"3 minutos"},"schema":{"@context":"https:\/\/schema.org","@graph":[{"@type":"Article","@id":"https:\/\/explora.cl\/aysen\/agroecologia\/#article","isPartOf":{"@id":"https:\/\/explora.cl\/aysen\/agroecologia\/"},"author":{"name":"scisternas","@id":"https:\/\/explora.cl\/aysen\/#\/schema\/person\/81c802b1e3b443e2575e555b39e60a05"},"headline":"Charlas sobre Agricultura, Econom\u00eda y Sociedad: sostenibilidad en un mundo moderno.","datePublished":"2020-10-07T19:14:29+00:00","dateModified":"2023-07-28T15:25:04+00:00","mainEntityOfPage":{"@id":"https:\/\/explora.cl\/aysen\/agroecologia\/"},"wordCount":631,"commentCount":0,"image":{"@id":"https:\/\/explora.cl\/aysen\/agroecologia\/#primaryimage"},"thumbnailUrl":"https:\/\/explora.cl\/aysen\/wp-content\/uploads\/sites\/18\/2020\/10\/agrobannerweb.jpg","articleSection":["Noticias"],"inLanguage":"es-CL","potentialAction":[{"@type":"CommentAction","name":"Comment","target":["https:\/\/explora.cl\/aysen\/agroecologia\/#respond"]}]},{"@type":"WebPage","@id":"https:\/\/explora.cl\/aysen\/agroecologia\/","url":"https:\/\/explora.cl\/aysen\/agroecologia\/","name":"Charlas sobre Agricultura, Econom\u00eda y Sociedad: sostenibilidad en un mundo moderno. - Aysen","isPartOf":{"@id":"https:\/\/explora.cl\/aysen\/#website"},"primaryImageOfPage":{"@id":"https:\/\/explora.cl\/aysen\/agroecologia\/#primaryimage"},"image":{"@id":"https:\/\/explora.cl\/aysen\/agroecologia\/#primaryimage"},"thumbnailUrl":"https:\/\/explora.cl\/aysen\/wp-content\/uploads\/sites\/18\/2020\/10\/agrobannerweb.jpg","datePublished":"2020-10-07T19:14:29+00:00","dateModified":"2023-07-28T15:25:04+00:00","author":{"@id":"https:\/\/explora.cl\/aysen\/#\/schema\/person\/81c802b1e3b443e2575e555b39e60a05"},"breadcrumb":{"@id":"https:\/\/explora.cl\/aysen\/agroecologia\/#breadcrumb"},"inLanguage":"es-CL","potentialAction":[{"@type":"ReadAction","target":["https:\/\/explora.cl\/aysen\/agroecologia\/"]}]},{"@type":"ImageObject","inLanguage":"es-CL","@id":"https:\/\/explora.cl\/aysen\/agroecologia\/#primaryimage","url":"https:\/\/explora.cl\/aysen\/wp-content\/uploads\/sites\/18\/2020\/10\/agrobannerweb.jpg","contentUrl":"https:\/\/explora.cl\/aysen\/wp-content\/uploads\/sites\/18\/2020\/10\/agrobannerweb.jpg","width":735,"height":470},{"@type":"BreadcrumbList","@id":"https:\/\/explora.cl\/aysen\/agroecologia\/#breadcrumb","itemListElement":[{"@type":"ListItem","position":1,"name":"Portada","item":"https:\/\/explora.cl\/aysen\/"},{"@type":"ListItem","position":2,"name":"Charlas sobre Agricultura, Econom\u00eda y Sociedad: sostenibilidad en un mundo moderno."}]},{"@type":"WebSite","@id":"https:\/\/explora.cl\/aysen\/#website","url":"https:\/\/explora.cl\/aysen\/","name":"Aysen","description":"Otro sitio m\u00e1s de explora.cl","potentialAction":[{"@type":"SearchAction","target":{"@type":"EntryPoint","urlTemplate":"https:\/\/explora.cl\/aysen\/?s={search_term_string}"},"query-input":{"@type":"PropertyValueSpecification","valueRequired":true,"valueName":"search_term_string"}}],"inLanguage":"es-CL"},{"@type":"Person","@id":"https:\/\/explora.cl\/aysen\/#\/schema\/person\/81c802b1e3b443e2575e555b39e60a05","name":"scisternas","image":{"@type":"ImageObject","inLanguage":"es-CL","@id":"https:\/\/explora.cl\/aysen\/#\/schema\/person\/image\/","url":"https:\/\/secure.gravatar.com\/avatar\/611c8f1946b775bdf01b0521c85a9381c3ad08d928d8ead34ce577b0fa231c76?s=96&d=mm&r=g","contentUrl":"https:\/\/secure.gravatar.com\/avatar\/611c8f1946b775bdf01b0521c85a9381c3ad08d928d8ead34ce577b0fa231c76?s=96&d=mm&r=g","caption":"scisternas"},"url":"https:\/\/explora.cl\/aysen\/author\/scisternas\/"}]}},"_links":{"self":[{"href":"https:\/\/explora.cl\/aysen\/wp-json\/wp\/v2\/posts\/37794","targetHints":{"allow":["GET"]}}],"collection":[{"href":"https:\/\/explora.cl\/aysen\/wp-json\/wp\/v2\/posts"}],"about":[{"href":"https:\/\/explora.cl\/aysen\/wp-json\/wp\/v2\/types\/post"}],"author":[{"embeddable":true,"href":"https:\/\/explora.cl\/aysen\/wp-json\/wp\/v2\/users\/37"}],"replies":[{"embeddable":true,"href":"https:\/\/explora.cl\/aysen\/wp-json\/wp\/v2\/comments?post=37794"}],"version-history":[{"count":1,"href":"https:\/\/explora.cl\/aysen\/wp-json\/wp\/v2\/posts\/37794\/revisions"}],"predecessor-version":[{"id":37796,"href":"https:\/\/explora.cl\/aysen\/wp-json\/wp\/v2\/posts\/37794\/revisions\/37796"}],"wp:featuredmedia":[{"embeddable":true,"href":"https:\/\/explora.cl\/aysen\/wp-json\/wp\/v2\/media\/37795"}],"wp:attachment":[{"href":"https:\/\/explora.cl\/aysen\/wp-json\/wp\/v2\/media?parent=37794"}],"wp:term":[{"taxonomy":"category","embeddable":true,"href":"https:\/\/explora.cl\/aysen\/wp-json\/wp\/v2\/categories?post=37794"},{"taxonomy":"post_tag","embeddable":true,"href":"https:\/\/explora.cl\/aysen\/wp-json\/wp\/v2\/tags?post=37794"}],"curies":[{"name":"wp","href":"https:\/\/api.w.org\/{rel}","templated":true}]}}