{"id":37760,"date":"2020-08-14T14:57:19","date_gmt":"2020-08-14T18:57:19","guid":{"rendered":"https:\/\/explora.cl\/aysen\/?p=37760"},"modified":"2023-07-22T02:40:26","modified_gmt":"2023-07-22T06:40:26","slug":"convocatoria-abierta-a-taller-de-electronica-para-ninas-y-ninos-de-la-region-de-aysen","status":"publish","type":"post","link":"https:\/\/explora.cl\/aysen\/convocatoria-abierta-a-taller-de-electronica-para-ninas-y-ninos-de-la-region-de-aysen\/","title":{"rendered":"Convocatoria abierta a Taller de Electr\u00f3nica para ni\u00f1as y ni\u00f1os de la regi\u00f3n de Ays\u00e9n"},"content":{"rendered":"<p><i><span data-contrast=\"auto\">Hasta el 24 de agosto, ni\u00f1<\/span><\/i><i><span data-contrast=\"auto\">a<\/span><\/i><i><span data-contrast=\"auto\">s y ni\u00f1<\/span><\/i><i><span data-contrast=\"auto\">o<\/span><\/i><i><span data-contrast=\"auto\">s a partir de los 11 a\u00f1os podr\u00e1n inscribirse\u00a0<\/span><\/i><i><span data-contrast=\"auto\">en\u00a0<\/span><\/i><i><span data-contrast=\"auto\">el taller de electr\u00f3nica realizado de forma remota por el Programa\u00a0<\/span><\/i><i><span data-contrast=\"auto\">AportaCiencias<\/span><\/i><i><span data-contrast=\"auto\">\u00a0e Ingeniosas.<\/span><\/i><span data-ccp-props=\"{&quot;201341983&quot;:0,&quot;335551550&quot;:6,&quot;335551620&quot;:6,&quot;335559731&quot;:709,&quot;335559739&quot;:120,&quot;335559740&quot;:276}\">\u00a0<\/span><\/p>\n<p><span data-contrast=\"auto\">Con el objetivo de acercar las ciencias y tecnolog\u00eda a ni\u00f1as y ni\u00f1os de la regi\u00f3n de Ays\u00e9n, el s\u00e1bado 29 de agosto se efectuar\u00e1 un taller de electr\u00f3nica producto de la alianza entre\u00a0<\/span><a href=\"https:\/\/www.aportaciencias.cl\/\"><span data-contrast=\"none\">AportaCiencias<\/span><\/a><span data-contrast=\"auto\">, programa de educaci\u00f3n informal impulsado por un equipo multidisciplinario del Campus Patagonia, Universidad Austral de Chile y financiado por el Fondo de Innovaci\u00f3n para la Competitividad del Gobierno Regional de Ays\u00e9n (FIC-R-2019), e\u00a0<\/span><a href=\"https:\/\/ingeniosas.org\/\"><span data-contrast=\"none\">Ingeniosas<\/span><\/a><span data-contrast=\"auto\">, una iniciativa que busca acercar a las ni\u00f1as al mundo de las STEM (Ciencia, Tecnolog\u00eda, Ingenier\u00eda y Matem\u00e1ticas), para erradicar estereotipos de g\u00e9nero.<\/span><span data-ccp-props=\"{&quot;201341983&quot;:0,&quot;335551550&quot;:6,&quot;335551620&quot;:6,&quot;335559731&quot;:709,&quot;335559739&quot;:120,&quot;335559740&quot;:276}\">\u00a0<\/span><\/p>\n<p><b><span data-contrast=\"auto\">Creatividad y conocimiento: claves para una ciencia situada y con enfoque de g\u00e9nero<\/span><\/b><span data-ccp-props=\"{&quot;201341983&quot;:0,&quot;335551550&quot;:6,&quot;335551620&quot;:6,&quot;335559731&quot;:709,&quot;335559739&quot;:120,&quot;335559740&quot;:276}\">\u00a0<\/span><\/p>\n<p><span data-contrast=\"auto\">Una primera versi\u00f3n del taller de electr\u00f3nica fue realizada el s\u00e1bado 8 de agosto para las ni\u00f1as y ni\u00f1os de educaci\u00f3n b\u00e1sica del programa\u00a0<\/span><span data-contrast=\"auto\">AportaCiencias<\/span><span data-contrast=\"auto\">. En el taller, desarrollado por Melissa Zavala, gestora educativa\u00a0<\/span><span data-contrast=\"auto\">AportaCiencias<\/span><span data-contrast=\"auto\">\u00a0y voluntaria de Ingeniosas, las y los ni\u00f1os aprendieron conceptos b\u00e1sicos de electr\u00f3nica y luego aplicaron su conocimiento y creatividad en el dise\u00f1o y simulaci\u00f3n de un circuito el\u00e9ctrico.\u00a0<\/span><span data-ccp-props=\"{&quot;201341983&quot;:0,&quot;335551550&quot;:6,&quot;335551620&quot;:6,&quot;335559731&quot;:709,&quot;335559739&quot;:120,&quot;335559740&quot;:276}\">\u00a0<\/span><\/p>\n<p><span data-contrast=\"auto\">Marisol\u00a0<\/span><span data-contrast=\"auto\">Barria<\/span><span data-contrast=\"auto\">, directora del Proyecto se\u00f1al\u00f3<\/span><span data-contrast=\"auto\">,\u00a0<\/span><span data-contrast=\"auto\">\u201c<\/span><span data-contrast=\"auto\">e<\/span><span data-contrast=\"auto\">l trabajo en conjunto con Ingeniosas permiti\u00f3 que las ni\u00f1as y ni\u00f1os de\u00a0<\/span><span data-contrast=\"auto\">AportaCiencias<\/span><span data-contrast=\"auto\">, tengan un primer acercamiento a la electr\u00f3nica, identificando en el proceso\u00a0<\/span><span data-contrast=\"auto\">la<\/span><span data-contrast=\"auto\">\u00a0importancia de la tecnolog\u00eda en respuesta a distintas problem\u00e1ticas sociales, consecuente con el enfoque de programa que propone un modelo de ense\u00f1anza integral de las ciencias y tecnolog\u00eda, situado en un contexto\u00a0<\/span><span data-contrast=\"auto\">socio-ambiental<\/span><span data-contrast=\"auto\">. De esta forma nos complementamos y fortalecemos los espacios de participaci\u00f3n en actividades de CYT para los ni\u00f1os y ni\u00f1as en la regi\u00f3n\u201d<\/span><span data-contrast=\"auto\">.<\/span><span data-ccp-props=\"{&quot;201341983&quot;:0,&quot;335551550&quot;:6,&quot;335551620&quot;:6,&quot;335559731&quot;:709,&quot;335559739&quot;:120,&quot;335559740&quot;:276}\">\u00a0<\/span><\/p>\n<p><span data-contrast=\"auto\">A objeto de<\/span><span data-contrast=\"auto\">\u00a0llevar esta actividad a m\u00e1s ni\u00f1as, ni\u00f1os y j\u00f3venes de la regi\u00f3n durante la pandemia COVID-19<\/span><span data-contrast=\"auto\">\u00a0<\/span><span data-contrast=\"auto\">AportaCiencias<\/span><span data-contrast=\"auto\">\u00a0se uni\u00f3 con Ingeniosas para realizar un ciclo de talleres de electr\u00f3nica durante los meses de agosto y septiembre.\u00a0<\/span><span data-ccp-props=\"{&quot;201341983&quot;:0,&quot;335551550&quot;:6,&quot;335551620&quot;:6,&quot;335559731&quot;:709,&quot;335559739&quot;:120,&quot;335559740&quot;:276}\">\u00a0<\/span><\/p>\n<p><span data-contrast=\"auto\">Respecto a este ciclo, Gabriela Castillo,\u00a0<\/span><span data-contrast=\"auto\">d<\/span><span data-contrast=\"auto\">irectora de Comunicaciones de Ingeniosas sostuvo: &#8220;desde Ingeniosas queremos llegar a todas las regiones del pa\u00eds, promoviendo la ciencia y tecnolo<\/span><span data-contrast=\"auto\">g\u00eda con mirada de g\u00e9nero. Es por esto, que hoy nos encontramos ejecutando el Taller de Electr\u00f3nica para ni\u00f1as y ni\u00f1os en la regi\u00f3n de Ays\u00e9n, que tiene por objetivo despertar en ellas y ellos el mismo inter\u00e9s en estas \u00e1reas, y puedan \u2013desde temprana edad\u2013 experimentar e inspirarse con las STEM. Estamos muy felices de haber realizado esta Alianza con\u00a0<\/span><span data-contrast=\"auto\">AportaCiencias<\/span><span data-contrast=\"auto\">. Sabemos que la colaboraci\u00f3n es primordial para avanzar en objetivos STEM, por lo que estamos muy agradecidas de esta posibilidad&#8221;.<\/span><span data-ccp-props=\"{&quot;201341983&quot;:0,&quot;335551550&quot;:6,&quot;335551620&quot;:6,&quot;335559731&quot;:709,&quot;335559739&quot;:120,&quot;335559740&quot;:276}\">\u00a0<\/span><\/p>\n<p><span data-contrast=\"auto\">El pr\u00f3ximo encuentro ser\u00e1 el d\u00eda 29 de agosto. En esta oportunidad, hay 30 cupos disponibles para ni\u00f1as y ni\u00f1as sobre 11 a\u00f1os. Las y los interesados pueden postular hasta las 12:00<\/span><span data-contrast=\"auto\">\u00a0horas<\/span><span data-contrast=\"auto\">\u00a0del d\u00eda 24 de agosto a trav\u00e9s del formulario de inscripci\u00f3n disponible en el siguiente enlace<\/span><span data-contrast=\"auto\">\u00a0<\/span><a href=\"https:\/\/forms.gle\/ADoZQ6hXfJF7Pr6H6\"><span data-contrast=\"none\">https:\/\/forms.gle\/ADoZQ6hXfJF7Pr6H6<\/span><\/a><span data-contrast=\"none\">\u202f<\/span><span data-ccp-props=\"{&quot;201341983&quot;:0,&quot;335551550&quot;:6,&quot;335551620&quot;:6,&quot;335559731&quot;:709,&quot;335559739&quot;:120,&quot;335559740&quot;:276}\">\u00a0<\/span><\/p>\n","protected":false},"excerpt":{"rendered":"<p>Hasta el 24 de agosto, ni\u00f1as y ni\u00f1os a partir de los 11 a\u00f1os podr\u00e1n inscribirse en el taller de electr\u00f3nica realizado de forma remota por el Programa AportaCiencias e Ingeniosas. <\/p>\n","protected":false},"author":37,"featured_media":37761,"comment_status":"open","ping_status":"open","sticky":false,"template":"","format":"standard","meta":{"_acf_changed":false,"_exactmetrics_skip_tracking":false,"_exactmetrics_sitenote_active":false,"_exactmetrics_sitenote_note":"","_exactmetrics_sitenote_category":0,"footnotes":"","_links_to":"","_links_to_target":""},"categories":[4],"tags":[],"class_list":["post-37760","post","type-post","status-publish","format-standard","has-post-thumbnail","hentry","category-noticias"],"acf":[],"yoast_head":"<!-- This site is optimized with the Yoast SEO plugin v26.9 - https:\/\/yoast.com\/product\/yoast-seo-wordpress\/ -->\n<title>Convocatoria abierta a Taller de Electr\u00f3nica para ni\u00f1as y ni\u00f1os de la regi\u00f3n de Ays\u00e9n - Aysen<\/title>\n<meta name=\"robots\" content=\"index, follow, max-snippet:-1, max-image-preview:large, max-video-preview:-1\" \/>\n<link rel=\"canonical\" href=\"https:\/\/explora.cl\/aysen\/convocatoria-abierta-a-taller-de-electronica-para-ninas-y-ninos-de-la-region-de-aysen\/\" class=\"yoast-seo-meta-tag\" \/>\n<meta property=\"og:locale\" content=\"es_ES\" class=\"yoast-seo-meta-tag\" \/>\n<meta property=\"og:type\" content=\"article\" class=\"yoast-seo-meta-tag\" \/>\n<meta property=\"og:title\" content=\"Convocatoria abierta a Taller de Electr\u00f3nica para ni\u00f1as y ni\u00f1os de la regi\u00f3n de Ays\u00e9n - Aysen\" class=\"yoast-seo-meta-tag\" \/>\n<meta property=\"og:description\" content=\"Hasta el 24 de agosto, ni\u00f1as y ni\u00f1os a partir de los 11 a\u00f1os podr\u00e1n inscribirse en el taller de electr\u00f3nica realizado de forma remota por el Programa AportaCiencias e Ingeniosas.\" class=\"yoast-seo-meta-tag\" \/>\n<meta property=\"og:url\" content=\"https:\/\/explora.cl\/aysen\/convocatoria-abierta-a-taller-de-electronica-para-ninas-y-ninos-de-la-region-de-aysen\/\" class=\"yoast-seo-meta-tag\" \/>\n<meta property=\"og:site_name\" content=\"Aysen\" class=\"yoast-seo-meta-tag\" \/>\n<meta property=\"article:published_time\" content=\"2020-08-14T18:57:19+00:00\" class=\"yoast-seo-meta-tag\" \/>\n<meta property=\"article:modified_time\" content=\"2023-07-22T06:40:26+00:00\" class=\"yoast-seo-meta-tag\" \/>\n<meta property=\"og:image\" content=\"https:\/\/explora.cl\/aysen\/wp-content\/uploads\/sites\/18\/2020\/08\/735x470.jpg\" class=\"yoast-seo-meta-tag\" \/>\n\t<meta property=\"og:image:width\" content=\"735\" class=\"yoast-seo-meta-tag\" \/>\n\t<meta property=\"og:image:height\" content=\"470\" class=\"yoast-seo-meta-tag\" \/>\n\t<meta property=\"og:image:type\" content=\"image\/jpeg\" class=\"yoast-seo-meta-tag\" \/>\n<meta name=\"author\" content=\"scisternas\" class=\"yoast-seo-meta-tag\" \/>\n<meta name=\"twitter:card\" content=\"summary_large_image\" class=\"yoast-seo-meta-tag\" \/>\n<meta name=\"twitter:label1\" content=\"Escrito por\" class=\"yoast-seo-meta-tag\" \/>\n\t<meta name=\"twitter:data1\" content=\"scisternas\" class=\"yoast-seo-meta-tag\" \/>\n\t<meta name=\"twitter:label2\" content=\"Tiempo estimado de lectura\" class=\"yoast-seo-meta-tag\" \/>\n\t<meta name=\"twitter:data2\" content=\"3 minutos\" class=\"yoast-seo-meta-tag\" \/>\n<script type=\"application\/ld+json\" class=\"yoast-schema-graph\">{\"@context\":\"https:\/\/schema.org\",\"@graph\":[{\"@type\":\"Article\",\"@id\":\"https:\/\/explora.cl\/aysen\/convocatoria-abierta-a-taller-de-electronica-para-ninas-y-ninos-de-la-region-de-aysen\/#article\",\"isPartOf\":{\"@id\":\"https:\/\/explora.cl\/aysen\/convocatoria-abierta-a-taller-de-electronica-para-ninas-y-ninos-de-la-region-de-aysen\/\"},\"author\":{\"name\":\"scisternas\",\"@id\":\"https:\/\/explora.cl\/aysen\/#\/schema\/person\/81c802b1e3b443e2575e555b39e60a05\"},\"headline\":\"Convocatoria abierta a Taller de Electr\u00f3nica para ni\u00f1as y ni\u00f1os de la regi\u00f3n de Ays\u00e9n\",\"datePublished\":\"2020-08-14T18:57:19+00:00\",\"dateModified\":\"2023-07-22T06:40:26+00:00\",\"mainEntityOfPage\":{\"@id\":\"https:\/\/explora.cl\/aysen\/convocatoria-abierta-a-taller-de-electronica-para-ninas-y-ninos-de-la-region-de-aysen\/\"},\"wordCount\":577,\"commentCount\":0,\"image\":{\"@id\":\"https:\/\/explora.cl\/aysen\/convocatoria-abierta-a-taller-de-electronica-para-ninas-y-ninos-de-la-region-de-aysen\/#primaryimage\"},\"thumbnailUrl\":\"https:\/\/explora.cl\/aysen\/wp-content\/uploads\/sites\/18\/2020\/08\/735x470.jpg\",\"articleSection\":[\"Noticias\"],\"inLanguage\":\"es-CL\",\"potentialAction\":[{\"@type\":\"CommentAction\",\"name\":\"Comment\",\"target\":[\"https:\/\/explora.cl\/aysen\/convocatoria-abierta-a-taller-de-electronica-para-ninas-y-ninos-de-la-region-de-aysen\/#respond\"]}]},{\"@type\":\"WebPage\",\"@id\":\"https:\/\/explora.cl\/aysen\/convocatoria-abierta-a-taller-de-electronica-para-ninas-y-ninos-de-la-region-de-aysen\/\",\"url\":\"https:\/\/explora.cl\/aysen\/convocatoria-abierta-a-taller-de-electronica-para-ninas-y-ninos-de-la-region-de-aysen\/\",\"name\":\"Convocatoria abierta a Taller de Electr\u00f3nica para ni\u00f1as y ni\u00f1os de la regi\u00f3n de Ays\u00e9n - Aysen\",\"isPartOf\":{\"@id\":\"https:\/\/explora.cl\/aysen\/#website\"},\"primaryImageOfPage\":{\"@id\":\"https:\/\/explora.cl\/aysen\/convocatoria-abierta-a-taller-de-electronica-para-ninas-y-ninos-de-la-region-de-aysen\/#primaryimage\"},\"image\":{\"@id\":\"https:\/\/explora.cl\/aysen\/convocatoria-abierta-a-taller-de-electronica-para-ninas-y-ninos-de-la-region-de-aysen\/#primaryimage\"},\"thumbnailUrl\":\"https:\/\/explora.cl\/aysen\/wp-content\/uploads\/sites\/18\/2020\/08\/735x470.jpg\",\"datePublished\":\"2020-08-14T18:57:19+00:00\",\"dateModified\":\"2023-07-22T06:40:26+00:00\",\"author\":{\"@id\":\"https:\/\/explora.cl\/aysen\/#\/schema\/person\/81c802b1e3b443e2575e555b39e60a05\"},\"breadcrumb\":{\"@id\":\"https:\/\/explora.cl\/aysen\/convocatoria-abierta-a-taller-de-electronica-para-ninas-y-ninos-de-la-region-de-aysen\/#breadcrumb\"},\"inLanguage\":\"es-CL\",\"potentialAction\":[{\"@type\":\"ReadAction\",\"target\":[\"https:\/\/explora.cl\/aysen\/convocatoria-abierta-a-taller-de-electronica-para-ninas-y-ninos-de-la-region-de-aysen\/\"]}]},{\"@type\":\"ImageObject\",\"inLanguage\":\"es-CL\",\"@id\":\"https:\/\/explora.cl\/aysen\/convocatoria-abierta-a-taller-de-electronica-para-ninas-y-ninos-de-la-region-de-aysen\/#primaryimage\",\"url\":\"https:\/\/explora.cl\/aysen\/wp-content\/uploads\/sites\/18\/2020\/08\/735x470.jpg\",\"contentUrl\":\"https:\/\/explora.cl\/aysen\/wp-content\/uploads\/sites\/18\/2020\/08\/735x470.jpg\",\"width\":735,\"height\":470},{\"@type\":\"BreadcrumbList\",\"@id\":\"https:\/\/explora.cl\/aysen\/convocatoria-abierta-a-taller-de-electronica-para-ninas-y-ninos-de-la-region-de-aysen\/#breadcrumb\",\"itemListElement\":[{\"@type\":\"ListItem\",\"position\":1,\"name\":\"Portada\",\"item\":\"https:\/\/explora.cl\/aysen\/\"},{\"@type\":\"ListItem\",\"position\":2,\"name\":\"Convocatoria abierta a Taller de Electr\u00f3nica para ni\u00f1as y ni\u00f1os de la regi\u00f3n de Ays\u00e9n\"}]},{\"@type\":\"WebSite\",\"@id\":\"https:\/\/explora.cl\/aysen\/#website\",\"url\":\"https:\/\/explora.cl\/aysen\/\",\"name\":\"Aysen\",\"description\":\"Otro sitio m\u00e1s de explora.cl\",\"potentialAction\":[{\"@type\":\"SearchAction\",\"target\":{\"@type\":\"EntryPoint\",\"urlTemplate\":\"https:\/\/explora.cl\/aysen\/?s={search_term_string}\"},\"query-input\":{\"@type\":\"PropertyValueSpecification\",\"valueRequired\":true,\"valueName\":\"search_term_string\"}}],\"inLanguage\":\"es-CL\"},{\"@type\":\"Person\",\"@id\":\"https:\/\/explora.cl\/aysen\/#\/schema\/person\/81c802b1e3b443e2575e555b39e60a05\",\"name\":\"scisternas\",\"image\":{\"@type\":\"ImageObject\",\"inLanguage\":\"es-CL\",\"@id\":\"https:\/\/explora.cl\/aysen\/#\/schema\/person\/image\/\",\"url\":\"https:\/\/secure.gravatar.com\/avatar\/611c8f1946b775bdf01b0521c85a9381c3ad08d928d8ead34ce577b0fa231c76?s=96&d=mm&r=g\",\"contentUrl\":\"https:\/\/secure.gravatar.com\/avatar\/611c8f1946b775bdf01b0521c85a9381c3ad08d928d8ead34ce577b0fa231c76?s=96&d=mm&r=g\",\"caption\":\"scisternas\"},\"url\":\"https:\/\/explora.cl\/aysen\/author\/scisternas\/\"}]}<\/script>\n<!-- \/ Yoast SEO plugin. -->","yoast_head_json":{"title":"Convocatoria abierta a Taller de Electr\u00f3nica para ni\u00f1as y ni\u00f1os de la regi\u00f3n de Ays\u00e9n - Aysen","robots":{"index":"index","follow":"follow","max-snippet":"max-snippet:-1","max-image-preview":"max-image-preview:large","max-video-preview":"max-video-preview:-1"},"canonical":"https:\/\/explora.cl\/aysen\/convocatoria-abierta-a-taller-de-electronica-para-ninas-y-ninos-de-la-region-de-aysen\/","og_locale":"es_ES","og_type":"article","og_title":"Convocatoria abierta a Taller de Electr\u00f3nica para ni\u00f1as y ni\u00f1os de la regi\u00f3n de Ays\u00e9n - Aysen","og_description":"Hasta el 24 de agosto, ni\u00f1as y ni\u00f1os a partir de los 11 a\u00f1os podr\u00e1n inscribirse en el taller de electr\u00f3nica realizado de forma remota por el Programa AportaCiencias e Ingeniosas.","og_url":"https:\/\/explora.cl\/aysen\/convocatoria-abierta-a-taller-de-electronica-para-ninas-y-ninos-de-la-region-de-aysen\/","og_site_name":"Aysen","article_published_time":"2020-08-14T18:57:19+00:00","article_modified_time":"2023-07-22T06:40:26+00:00","og_image":[{"width":735,"height":470,"url":"https:\/\/explora.cl\/aysen\/wp-content\/uploads\/sites\/18\/2020\/08\/735x470.jpg","type":"image\/jpeg"}],"author":"scisternas","twitter_card":"summary_large_image","twitter_misc":{"Escrito por":"scisternas","Tiempo estimado de lectura":"3 minutos"},"schema":{"@context":"https:\/\/schema.org","@graph":[{"@type":"Article","@id":"https:\/\/explora.cl\/aysen\/convocatoria-abierta-a-taller-de-electronica-para-ninas-y-ninos-de-la-region-de-aysen\/#article","isPartOf":{"@id":"https:\/\/explora.cl\/aysen\/convocatoria-abierta-a-taller-de-electronica-para-ninas-y-ninos-de-la-region-de-aysen\/"},"author":{"name":"scisternas","@id":"https:\/\/explora.cl\/aysen\/#\/schema\/person\/81c802b1e3b443e2575e555b39e60a05"},"headline":"Convocatoria abierta a Taller de Electr\u00f3nica para ni\u00f1as y ni\u00f1os de la regi\u00f3n de Ays\u00e9n","datePublished":"2020-08-14T18:57:19+00:00","dateModified":"2023-07-22T06:40:26+00:00","mainEntityOfPage":{"@id":"https:\/\/explora.cl\/aysen\/convocatoria-abierta-a-taller-de-electronica-para-ninas-y-ninos-de-la-region-de-aysen\/"},"wordCount":577,"commentCount":0,"image":{"@id":"https:\/\/explora.cl\/aysen\/convocatoria-abierta-a-taller-de-electronica-para-ninas-y-ninos-de-la-region-de-aysen\/#primaryimage"},"thumbnailUrl":"https:\/\/explora.cl\/aysen\/wp-content\/uploads\/sites\/18\/2020\/08\/735x470.jpg","articleSection":["Noticias"],"inLanguage":"es-CL","potentialAction":[{"@type":"CommentAction","name":"Comment","target":["https:\/\/explora.cl\/aysen\/convocatoria-abierta-a-taller-de-electronica-para-ninas-y-ninos-de-la-region-de-aysen\/#respond"]}]},{"@type":"WebPage","@id":"https:\/\/explora.cl\/aysen\/convocatoria-abierta-a-taller-de-electronica-para-ninas-y-ninos-de-la-region-de-aysen\/","url":"https:\/\/explora.cl\/aysen\/convocatoria-abierta-a-taller-de-electronica-para-ninas-y-ninos-de-la-region-de-aysen\/","name":"Convocatoria abierta a Taller de Electr\u00f3nica para ni\u00f1as y ni\u00f1os de la regi\u00f3n de Ays\u00e9n - Aysen","isPartOf":{"@id":"https:\/\/explora.cl\/aysen\/#website"},"primaryImageOfPage":{"@id":"https:\/\/explora.cl\/aysen\/convocatoria-abierta-a-taller-de-electronica-para-ninas-y-ninos-de-la-region-de-aysen\/#primaryimage"},"image":{"@id":"https:\/\/explora.cl\/aysen\/convocatoria-abierta-a-taller-de-electronica-para-ninas-y-ninos-de-la-region-de-aysen\/#primaryimage"},"thumbnailUrl":"https:\/\/explora.cl\/aysen\/wp-content\/uploads\/sites\/18\/2020\/08\/735x470.jpg","datePublished":"2020-08-14T18:57:19+00:00","dateModified":"2023-07-22T06:40:26+00:00","author":{"@id":"https:\/\/explora.cl\/aysen\/#\/schema\/person\/81c802b1e3b443e2575e555b39e60a05"},"breadcrumb":{"@id":"https:\/\/explora.cl\/aysen\/convocatoria-abierta-a-taller-de-electronica-para-ninas-y-ninos-de-la-region-de-aysen\/#breadcrumb"},"inLanguage":"es-CL","potentialAction":[{"@type":"ReadAction","target":["https:\/\/explora.cl\/aysen\/convocatoria-abierta-a-taller-de-electronica-para-ninas-y-ninos-de-la-region-de-aysen\/"]}]},{"@type":"ImageObject","inLanguage":"es-CL","@id":"https:\/\/explora.cl\/aysen\/convocatoria-abierta-a-taller-de-electronica-para-ninas-y-ninos-de-la-region-de-aysen\/#primaryimage","url":"https:\/\/explora.cl\/aysen\/wp-content\/uploads\/sites\/18\/2020\/08\/735x470.jpg","contentUrl":"https:\/\/explora.cl\/aysen\/wp-content\/uploads\/sites\/18\/2020\/08\/735x470.jpg","width":735,"height":470},{"@type":"BreadcrumbList","@id":"https:\/\/explora.cl\/aysen\/convocatoria-abierta-a-taller-de-electronica-para-ninas-y-ninos-de-la-region-de-aysen\/#breadcrumb","itemListElement":[{"@type":"ListItem","position":1,"name":"Portada","item":"https:\/\/explora.cl\/aysen\/"},{"@type":"ListItem","position":2,"name":"Convocatoria abierta a Taller de Electr\u00f3nica para ni\u00f1as y ni\u00f1os de la regi\u00f3n de Ays\u00e9n"}]},{"@type":"WebSite","@id":"https:\/\/explora.cl\/aysen\/#website","url":"https:\/\/explora.cl\/aysen\/","name":"Aysen","description":"Otro sitio m\u00e1s de explora.cl","potentialAction":[{"@type":"SearchAction","target":{"@type":"EntryPoint","urlTemplate":"https:\/\/explora.cl\/aysen\/?s={search_term_string}"},"query-input":{"@type":"PropertyValueSpecification","valueRequired":true,"valueName":"search_term_string"}}],"inLanguage":"es-CL"},{"@type":"Person","@id":"https:\/\/explora.cl\/aysen\/#\/schema\/person\/81c802b1e3b443e2575e555b39e60a05","name":"scisternas","image":{"@type":"ImageObject","inLanguage":"es-CL","@id":"https:\/\/explora.cl\/aysen\/#\/schema\/person\/image\/","url":"https:\/\/secure.gravatar.com\/avatar\/611c8f1946b775bdf01b0521c85a9381c3ad08d928d8ead34ce577b0fa231c76?s=96&d=mm&r=g","contentUrl":"https:\/\/secure.gravatar.com\/avatar\/611c8f1946b775bdf01b0521c85a9381c3ad08d928d8ead34ce577b0fa231c76?s=96&d=mm&r=g","caption":"scisternas"},"url":"https:\/\/explora.cl\/aysen\/author\/scisternas\/"}]}},"_links":{"self":[{"href":"https:\/\/explora.cl\/aysen\/wp-json\/wp\/v2\/posts\/37760","targetHints":{"allow":["GET"]}}],"collection":[{"href":"https:\/\/explora.cl\/aysen\/wp-json\/wp\/v2\/posts"}],"about":[{"href":"https:\/\/explora.cl\/aysen\/wp-json\/wp\/v2\/types\/post"}],"author":[{"embeddable":true,"href":"https:\/\/explora.cl\/aysen\/wp-json\/wp\/v2\/users\/37"}],"replies":[{"embeddable":true,"href":"https:\/\/explora.cl\/aysen\/wp-json\/wp\/v2\/comments?post=37760"}],"version-history":[{"count":1,"href":"https:\/\/explora.cl\/aysen\/wp-json\/wp\/v2\/posts\/37760\/revisions"}],"predecessor-version":[{"id":37762,"href":"https:\/\/explora.cl\/aysen\/wp-json\/wp\/v2\/posts\/37760\/revisions\/37762"}],"wp:featuredmedia":[{"embeddable":true,"href":"https:\/\/explora.cl\/aysen\/wp-json\/wp\/v2\/media\/37761"}],"wp:attachment":[{"href":"https:\/\/explora.cl\/aysen\/wp-json\/wp\/v2\/media?parent=37760"}],"wp:term":[{"taxonomy":"category","embeddable":true,"href":"https:\/\/explora.cl\/aysen\/wp-json\/wp\/v2\/categories?post=37760"},{"taxonomy":"post_tag","embeddable":true,"href":"https:\/\/explora.cl\/aysen\/wp-json\/wp\/v2\/tags?post=37760"}],"curies":[{"name":"wp","href":"https:\/\/api.w.org\/{rel}","templated":true}]}}