{"id":39850,"date":"2022-09-13T11:00:13","date_gmt":"2022-09-13T14:00:13","guid":{"rendered":"https:\/\/explora.cl\/atacama\/?p=39850"},"modified":"2022-09-13T11:00:13","modified_gmt":"2022-09-13T14:00:13","slug":"congreso-regional-escolar-de-investigacion-e-innovacion-escolar-vuelve-a-ser-presencial-y-los-equipos-ya-pueden-postular","status":"publish","type":"post","link":"https:\/\/explora.cl\/atacama\/congreso-regional-escolar-de-investigacion-e-innovacion-escolar-vuelve-a-ser-presencial-y-los-equipos-ya-pueden-postular\/","title":{"rendered":"Congreso Regional Escolar de Investigaci\u00f3n e Innovaci\u00f3n Escolar vuelve a ser presencial y los equipos ya pueden postular"},"content":{"rendered":"<p><span style=\"color: #339966\"><b>La convocatoria se extender\u00e1 hasta el 7 de octubre a trav\u00e9s de la p\u00e1gina <\/b><b>explora.cl\/atacama<\/b><\/span><\/p>\n<p>Ser\u00e1n 15 los equipos que podr\u00e1n participar en el Congreso Regional Explora de Investigaci\u00f3n e Innovaci\u00f3n Escolar 2022, evento que tiene como objetivo socializar los resultados de interesantes proyectos de investigaci\u00f3n e innovaci\u00f3n escolar que se han realizado durante el presente a\u00f1o y que han sido un espacio de trabajo en equipo, apoyo entre pares, desarrollo de sus habilidades y conocimientos en el m\u00e9todo cient\u00edfico.<\/p>\n<p>La convocatoria comenz\u00f3 hoy y se extender\u00e1 el 7 de octubre a trav\u00e9s de la p\u00e1gina <a href=\"https:\/\/explora.cl\/atacama\">explora.cl\/atacama<\/a> y en ella podr\u00e1n participar equipos conformados por estudiantes de 5\u00b0 a\u00f1o b\u00e1sico a 4\u00b0 a\u00f1o medio de establecimientos p\u00fablicos, particulares subvencionados y particulares pagados de las 9 comunas de la Regi\u00f3n de Atacama que sean parte del proceso de selecci\u00f3n.<\/p>\n<p><img fetchpriority=\"high\" decoding=\"async\" class=\"alignright  wp-image-39851\" src=\"https:\/\/explora.cl\/atacama\/wp-content\/uploads\/sites\/5\/2022\/09\/Academias-de-investigacio\u0301n-1024x766.jpeg\" alt=\"\" width=\"373\" height=\"279\" srcset=\"https:\/\/explora.cl\/atacama\/wp-content\/uploads\/sites\/5\/2022\/09\/Academias-de-investigacio\u0301n-1024x766.jpeg 1024w, https:\/\/explora.cl\/atacama\/wp-content\/uploads\/sites\/5\/2022\/09\/Academias-de-investigacio\u0301n-300x224.jpeg 300w, https:\/\/explora.cl\/atacama\/wp-content\/uploads\/sites\/5\/2022\/09\/Academias-de-investigacio\u0301n-768x575.jpeg 768w, https:\/\/explora.cl\/atacama\/wp-content\/uploads\/sites\/5\/2022\/09\/Academias-de-investigacio\u0301n.jpeg 1600w\" sizes=\"(max-width: 373px) 100vw, 373px\" \/>Cristi\u00e1n Galaz Esquivel, director de Explora Atacama mencion\u00f3 que \u201cEstamos felices porque este a\u00f1o regresamos con todos nuestros grandes eventos de forma presencial, dando la oportunidad de que estudiantes puedan aprender y socializar sus experiencias junto a otros equipos con intereses afines, adem\u00e1s de entregar el espacio para que compartan con destacados expertos de la regi\u00f3n. Es importante considerar que los equipos, deben estar liderados por un docente gu\u00eda y haber concluido el proceso de investigaci\u00f3n o innovaci\u00f3n previo, adem\u00e1s de cumplir con los requisitos indicados en las bases para inscribir su postulaci\u00f3n, as\u00ed que esperamos que se motiven y participen con nosotros para hacer de este Congreso Regional Explora una experiencia significativa\u201d.<\/p>\n<p>De la misma forma, Camila Hidalgo Mandiola, encargada de este instrumento especific\u00f3 que \u201clos y las invitamos a participar de esta importante instancia que se realizar\u00e1 en dos jornadas presenciales. Este Congreso Regional permitir\u00e1 que todos\/as los\/as estudiantes puedan socializar los distintos proyectos que han realizado durante el a\u00f1o y tambi\u00e9n logren visibilizar que en nuestra regi\u00f3n los ni\u00f1os, ni\u00f1as y adolescentes est\u00e1n presentes en la generaci\u00f3n de conocimiento cient\u00edfico de todas las \u00e1reas, sean Ciencias Naturales y\/o Exactas, Ciencias Sociales, Artes y Humanidades\u201d:<\/p>\n<p>Adem\u00e1s, se destaca que en esta misma fecha el Proyecto Explora se encuentra en periodo de postulaci\u00f3n al Cupo Explora Unesco, instancia que da la oportunidad a estudiantes con trayectoria cient\u00edfica de ingresar de forma especial a una de las 18 universidades disponibles. Por ello, es relevante que ni\u00f1os, ni\u00f1as y j\u00f3venes participen en Investigaci\u00f3n Escolar y Congresos Explora para potenciar su futuro acad\u00e9mico. Asimismo, los docentes y establecimientos ser\u00e1n certificados para apoyar su participaci\u00f3n y compromiso con la ciencia escolar regional.<\/p>\n<p>El Congreso Regional Escolar Explora 2022 se realizar\u00e1 del 9 al 10 de noviembre y ser\u00e1 la instancia para seleccionar al equipo que representar\u00e1 a la regi\u00f3n en el Congreso Nacional Explora de Investigaci\u00f3n e Innovaci\u00f3n Escolar. Las bases e informaci\u00f3n se podr\u00e1 encontrar en explora.cl\/atacama mientras que la postulaci\u00f3n y consultas se pueden realizar a <a href=\"mailto:camila.hidalgo@explora.cl\">camila.hidalgo@explora.cl<\/a>.<\/p>\n<p>Esta iniciativa es parte del compromiso del Programa Explora que en la Regi\u00f3n de Atacama se realizan bajo los lineamientos del Ministerio de Ciencias, Tecnolog\u00eda, Conocimiento e Innovaci\u00f3n y que es ejecutada\u00a0por la Universidad de Atacama. Para conocer m\u00e1s actividades y\/o iniciativas de este proyecto pueden visitar su p\u00e1gina web <a href=\"https:\/\/explora.cl\/atacama\">explora.cl\/atacama<\/a> o buscar en redes sociales como Explora Atacama.<\/p>\n","protected":false},"excerpt":{"rendered":"<p>La convocatoria se extender\u00e1 hasta el 7 de octubre a trav\u00e9s de la p\u00e1gina explora.cl\/atacama<\/p>\n","protected":false},"author":20,"featured_media":39848,"comment_status":"open","ping_status":"open","sticky":false,"template":"","format":"standard","meta":{"_acf_changed":false,"_exactmetrics_skip_tracking":false,"_exactmetrics_sitenote_active":false,"_exactmetrics_sitenote_note":"","_exactmetrics_sitenote_category":0,"footnotes":"","_links_to":"","_links_to_target":""},"categories":[139],"tags":[],"class_list":["post-39850","post","type-post","status-publish","format-standard","has-post-thumbnail","hentry","category-lugar-4"],"acf":[],"yoast_head":"<!-- This site is optimized with the Yoast SEO plugin v26.9 - https:\/\/yoast.com\/product\/yoast-seo-wordpress\/ -->\n<title>Congreso Regional Escolar de Investigaci\u00f3n e Innovaci\u00f3n Escolar vuelve a ser presencial y los equipos ya pueden postular - Atacama<\/title>\n<meta name=\"robots\" content=\"index, follow, max-snippet:-1, max-image-preview:large, max-video-preview:-1\" \/>\n<link rel=\"canonical\" href=\"https:\/\/explora.cl\/atacama\/congreso-regional-escolar-de-investigacion-e-innovacion-escolar-vuelve-a-ser-presencial-y-los-equipos-ya-pueden-postular\/\" class=\"yoast-seo-meta-tag\" \/>\n<meta property=\"og:locale\" content=\"es_ES\" class=\"yoast-seo-meta-tag\" \/>\n<meta property=\"og:type\" content=\"article\" class=\"yoast-seo-meta-tag\" \/>\n<meta property=\"og:title\" content=\"Congreso Regional Escolar de Investigaci\u00f3n e Innovaci\u00f3n Escolar vuelve a ser presencial y los equipos ya pueden postular - Atacama\" class=\"yoast-seo-meta-tag\" \/>\n<meta property=\"og:description\" content=\"La convocatoria se extender\u00e1 hasta el 7 de octubre a trav\u00e9s de la p\u00e1gina explora.cl\/atacama\" class=\"yoast-seo-meta-tag\" \/>\n<meta property=\"og:url\" content=\"https:\/\/explora.cl\/atacama\/congreso-regional-escolar-de-investigacion-e-innovacion-escolar-vuelve-a-ser-presencial-y-los-equipos-ya-pueden-postular\/\" class=\"yoast-seo-meta-tag\" \/>\n<meta property=\"og:site_name\" content=\"Atacama\" class=\"yoast-seo-meta-tag\" \/>\n<meta property=\"article:published_time\" content=\"2022-09-13T14:00:13+00:00\" class=\"yoast-seo-meta-tag\" \/>\n<meta property=\"og:image\" content=\"https:\/\/explora.cl\/atacama\/wp-content\/uploads\/sites\/5\/2022\/09\/afiche-congreso-02-1.png\" class=\"yoast-seo-meta-tag\" \/>\n\t<meta property=\"og:image:width\" content=\"3025\" class=\"yoast-seo-meta-tag\" \/>\n\t<meta property=\"og:image:height\" content=\"1750\" class=\"yoast-seo-meta-tag\" \/>\n\t<meta property=\"og:image:type\" content=\"image\/png\" class=\"yoast-seo-meta-tag\" \/>\n<meta name=\"author\" content=\"ExploraAtacama\" class=\"yoast-seo-meta-tag\" \/>\n<meta name=\"twitter:card\" content=\"summary_large_image\" class=\"yoast-seo-meta-tag\" \/>\n<meta name=\"twitter:label1\" content=\"Escrito por\" class=\"yoast-seo-meta-tag\" \/>\n\t<meta name=\"twitter:data1\" content=\"ExploraAtacama\" class=\"yoast-seo-meta-tag\" \/>\n\t<meta name=\"twitter:label2\" content=\"Tiempo estimado de lectura\" class=\"yoast-seo-meta-tag\" \/>\n\t<meta name=\"twitter:data2\" content=\"3 minutos\" class=\"yoast-seo-meta-tag\" \/>\n<script type=\"application\/ld+json\" class=\"yoast-schema-graph\">{\"@context\":\"https:\/\/schema.org\",\"@graph\":[{\"@type\":\"Article\",\"@id\":\"https:\/\/explora.cl\/atacama\/congreso-regional-escolar-de-investigacion-e-innovacion-escolar-vuelve-a-ser-presencial-y-los-equipos-ya-pueden-postular\/#article\",\"isPartOf\":{\"@id\":\"https:\/\/explora.cl\/atacama\/congreso-regional-escolar-de-investigacion-e-innovacion-escolar-vuelve-a-ser-presencial-y-los-equipos-ya-pueden-postular\/\"},\"author\":{\"name\":\"ExploraAtacama\",\"@id\":\"https:\/\/explora.cl\/atacama\/#\/schema\/person\/1e89437dfd0db398617a5057c75b8bf3\"},\"headline\":\"Congreso Regional Escolar de Investigaci\u00f3n e Innovaci\u00f3n Escolar vuelve a ser presencial y los equipos ya pueden postular\",\"datePublished\":\"2022-09-13T14:00:13+00:00\",\"mainEntityOfPage\":{\"@id\":\"https:\/\/explora.cl\/atacama\/congreso-regional-escolar-de-investigacion-e-innovacion-escolar-vuelve-a-ser-presencial-y-los-equipos-ya-pueden-postular\/\"},\"wordCount\":615,\"commentCount\":0,\"image\":{\"@id\":\"https:\/\/explora.cl\/atacama\/congreso-regional-escolar-de-investigacion-e-innovacion-escolar-vuelve-a-ser-presencial-y-los-equipos-ya-pueden-postular\/#primaryimage\"},\"thumbnailUrl\":\"https:\/\/explora.cl\/atacama\/wp-content\/uploads\/sites\/5\/2022\/09\/afiche-congreso-02-1.png\",\"articleSection\":[\"Lugar 4\"],\"inLanguage\":\"es-CL\",\"potentialAction\":[{\"@type\":\"CommentAction\",\"name\":\"Comment\",\"target\":[\"https:\/\/explora.cl\/atacama\/congreso-regional-escolar-de-investigacion-e-innovacion-escolar-vuelve-a-ser-presencial-y-los-equipos-ya-pueden-postular\/#respond\"]}]},{\"@type\":\"WebPage\",\"@id\":\"https:\/\/explora.cl\/atacama\/congreso-regional-escolar-de-investigacion-e-innovacion-escolar-vuelve-a-ser-presencial-y-los-equipos-ya-pueden-postular\/\",\"url\":\"https:\/\/explora.cl\/atacama\/congreso-regional-escolar-de-investigacion-e-innovacion-escolar-vuelve-a-ser-presencial-y-los-equipos-ya-pueden-postular\/\",\"name\":\"Congreso Regional Escolar de Investigaci\u00f3n e Innovaci\u00f3n Escolar vuelve a ser presencial y los equipos ya pueden postular - Atacama\",\"isPartOf\":{\"@id\":\"https:\/\/explora.cl\/atacama\/#website\"},\"primaryImageOfPage\":{\"@id\":\"https:\/\/explora.cl\/atacama\/congreso-regional-escolar-de-investigacion-e-innovacion-escolar-vuelve-a-ser-presencial-y-los-equipos-ya-pueden-postular\/#primaryimage\"},\"image\":{\"@id\":\"https:\/\/explora.cl\/atacama\/congreso-regional-escolar-de-investigacion-e-innovacion-escolar-vuelve-a-ser-presencial-y-los-equipos-ya-pueden-postular\/#primaryimage\"},\"thumbnailUrl\":\"https:\/\/explora.cl\/atacama\/wp-content\/uploads\/sites\/5\/2022\/09\/afiche-congreso-02-1.png\",\"datePublished\":\"2022-09-13T14:00:13+00:00\",\"author\":{\"@id\":\"https:\/\/explora.cl\/atacama\/#\/schema\/person\/1e89437dfd0db398617a5057c75b8bf3\"},\"breadcrumb\":{\"@id\":\"https:\/\/explora.cl\/atacama\/congreso-regional-escolar-de-investigacion-e-innovacion-escolar-vuelve-a-ser-presencial-y-los-equipos-ya-pueden-postular\/#breadcrumb\"},\"inLanguage\":\"es-CL\",\"potentialAction\":[{\"@type\":\"ReadAction\",\"target\":[\"https:\/\/explora.cl\/atacama\/congreso-regional-escolar-de-investigacion-e-innovacion-escolar-vuelve-a-ser-presencial-y-los-equipos-ya-pueden-postular\/\"]}]},{\"@type\":\"ImageObject\",\"inLanguage\":\"es-CL\",\"@id\":\"https:\/\/explora.cl\/atacama\/congreso-regional-escolar-de-investigacion-e-innovacion-escolar-vuelve-a-ser-presencial-y-los-equipos-ya-pueden-postular\/#primaryimage\",\"url\":\"https:\/\/explora.cl\/atacama\/wp-content\/uploads\/sites\/5\/2022\/09\/afiche-congreso-02-1.png\",\"contentUrl\":\"https:\/\/explora.cl\/atacama\/wp-content\/uploads\/sites\/5\/2022\/09\/afiche-congreso-02-1.png\",\"width\":3025,\"height\":1750},{\"@type\":\"BreadcrumbList\",\"@id\":\"https:\/\/explora.cl\/atacama\/congreso-regional-escolar-de-investigacion-e-innovacion-escolar-vuelve-a-ser-presencial-y-los-equipos-ya-pueden-postular\/#breadcrumb\",\"itemListElement\":[{\"@type\":\"ListItem\",\"position\":1,\"name\":\"Portada\",\"item\":\"https:\/\/explora.cl\/atacama\/\"},{\"@type\":\"ListItem\",\"position\":2,\"name\":\"Congreso Regional Escolar de Investigaci\u00f3n e Innovaci\u00f3n Escolar vuelve a ser presencial y los equipos ya pueden postular\"}]},{\"@type\":\"WebSite\",\"@id\":\"https:\/\/explora.cl\/atacama\/#website\",\"url\":\"https:\/\/explora.cl\/atacama\/\",\"name\":\"Atacama\",\"description\":\"Otro sitio m\u00e1s de explora.cl\",\"potentialAction\":[{\"@type\":\"SearchAction\",\"target\":{\"@type\":\"EntryPoint\",\"urlTemplate\":\"https:\/\/explora.cl\/atacama\/?s={search_term_string}\"},\"query-input\":{\"@type\":\"PropertyValueSpecification\",\"valueRequired\":true,\"valueName\":\"search_term_string\"}}],\"inLanguage\":\"es-CL\"},{\"@type\":\"Person\",\"@id\":\"https:\/\/explora.cl\/atacama\/#\/schema\/person\/1e89437dfd0db398617a5057c75b8bf3\",\"name\":\"ExploraAtacama\",\"image\":{\"@type\":\"ImageObject\",\"inLanguage\":\"es-CL\",\"@id\":\"https:\/\/explora.cl\/atacama\/#\/schema\/person\/image\/\",\"url\":\"https:\/\/secure.gravatar.com\/avatar\/2e2fd819b7985a746e8ea39b36909cf1a17dc034046e230e83eb1534d0a52b24?s=96&d=mm&r=g\",\"contentUrl\":\"https:\/\/secure.gravatar.com\/avatar\/2e2fd819b7985a746e8ea39b36909cf1a17dc034046e230e83eb1534d0a52b24?s=96&d=mm&r=g\",\"caption\":\"ExploraAtacama\"},\"url\":\"https:\/\/explora.cl\/atacama\/author\/dortiz\/\"}]}<\/script>\n<!-- \/ Yoast SEO plugin. -->","yoast_head_json":{"title":"Congreso Regional Escolar de Investigaci\u00f3n e Innovaci\u00f3n Escolar vuelve a ser presencial y los equipos ya pueden postular - Atacama","robots":{"index":"index","follow":"follow","max-snippet":"max-snippet:-1","max-image-preview":"max-image-preview:large","max-video-preview":"max-video-preview:-1"},"canonical":"https:\/\/explora.cl\/atacama\/congreso-regional-escolar-de-investigacion-e-innovacion-escolar-vuelve-a-ser-presencial-y-los-equipos-ya-pueden-postular\/","og_locale":"es_ES","og_type":"article","og_title":"Congreso Regional Escolar de Investigaci\u00f3n e Innovaci\u00f3n Escolar vuelve a ser presencial y los equipos ya pueden postular - Atacama","og_description":"La convocatoria se extender\u00e1 hasta el 7 de octubre a trav\u00e9s de la p\u00e1gina explora.cl\/atacama","og_url":"https:\/\/explora.cl\/atacama\/congreso-regional-escolar-de-investigacion-e-innovacion-escolar-vuelve-a-ser-presencial-y-los-equipos-ya-pueden-postular\/","og_site_name":"Atacama","article_published_time":"2022-09-13T14:00:13+00:00","og_image":[{"width":3025,"height":1750,"url":"https:\/\/explora.cl\/atacama\/wp-content\/uploads\/sites\/5\/2022\/09\/afiche-congreso-02-1.png","type":"image\/png"}],"author":"ExploraAtacama","twitter_card":"summary_large_image","twitter_misc":{"Escrito por":"ExploraAtacama","Tiempo estimado de lectura":"3 minutos"},"schema":{"@context":"https:\/\/schema.org","@graph":[{"@type":"Article","@id":"https:\/\/explora.cl\/atacama\/congreso-regional-escolar-de-investigacion-e-innovacion-escolar-vuelve-a-ser-presencial-y-los-equipos-ya-pueden-postular\/#article","isPartOf":{"@id":"https:\/\/explora.cl\/atacama\/congreso-regional-escolar-de-investigacion-e-innovacion-escolar-vuelve-a-ser-presencial-y-los-equipos-ya-pueden-postular\/"},"author":{"name":"ExploraAtacama","@id":"https:\/\/explora.cl\/atacama\/#\/schema\/person\/1e89437dfd0db398617a5057c75b8bf3"},"headline":"Congreso Regional Escolar de Investigaci\u00f3n e Innovaci\u00f3n Escolar vuelve a ser presencial y los equipos ya pueden postular","datePublished":"2022-09-13T14:00:13+00:00","mainEntityOfPage":{"@id":"https:\/\/explora.cl\/atacama\/congreso-regional-escolar-de-investigacion-e-innovacion-escolar-vuelve-a-ser-presencial-y-los-equipos-ya-pueden-postular\/"},"wordCount":615,"commentCount":0,"image":{"@id":"https:\/\/explora.cl\/atacama\/congreso-regional-escolar-de-investigacion-e-innovacion-escolar-vuelve-a-ser-presencial-y-los-equipos-ya-pueden-postular\/#primaryimage"},"thumbnailUrl":"https:\/\/explora.cl\/atacama\/wp-content\/uploads\/sites\/5\/2022\/09\/afiche-congreso-02-1.png","articleSection":["Lugar 4"],"inLanguage":"es-CL","potentialAction":[{"@type":"CommentAction","name":"Comment","target":["https:\/\/explora.cl\/atacama\/congreso-regional-escolar-de-investigacion-e-innovacion-escolar-vuelve-a-ser-presencial-y-los-equipos-ya-pueden-postular\/#respond"]}]},{"@type":"WebPage","@id":"https:\/\/explora.cl\/atacama\/congreso-regional-escolar-de-investigacion-e-innovacion-escolar-vuelve-a-ser-presencial-y-los-equipos-ya-pueden-postular\/","url":"https:\/\/explora.cl\/atacama\/congreso-regional-escolar-de-investigacion-e-innovacion-escolar-vuelve-a-ser-presencial-y-los-equipos-ya-pueden-postular\/","name":"Congreso Regional Escolar de Investigaci\u00f3n e Innovaci\u00f3n Escolar vuelve a ser presencial y los equipos ya pueden postular - Atacama","isPartOf":{"@id":"https:\/\/explora.cl\/atacama\/#website"},"primaryImageOfPage":{"@id":"https:\/\/explora.cl\/atacama\/congreso-regional-escolar-de-investigacion-e-innovacion-escolar-vuelve-a-ser-presencial-y-los-equipos-ya-pueden-postular\/#primaryimage"},"image":{"@id":"https:\/\/explora.cl\/atacama\/congreso-regional-escolar-de-investigacion-e-innovacion-escolar-vuelve-a-ser-presencial-y-los-equipos-ya-pueden-postular\/#primaryimage"},"thumbnailUrl":"https:\/\/explora.cl\/atacama\/wp-content\/uploads\/sites\/5\/2022\/09\/afiche-congreso-02-1.png","datePublished":"2022-09-13T14:00:13+00:00","author":{"@id":"https:\/\/explora.cl\/atacama\/#\/schema\/person\/1e89437dfd0db398617a5057c75b8bf3"},"breadcrumb":{"@id":"https:\/\/explora.cl\/atacama\/congreso-regional-escolar-de-investigacion-e-innovacion-escolar-vuelve-a-ser-presencial-y-los-equipos-ya-pueden-postular\/#breadcrumb"},"inLanguage":"es-CL","potentialAction":[{"@type":"ReadAction","target":["https:\/\/explora.cl\/atacama\/congreso-regional-escolar-de-investigacion-e-innovacion-escolar-vuelve-a-ser-presencial-y-los-equipos-ya-pueden-postular\/"]}]},{"@type":"ImageObject","inLanguage":"es-CL","@id":"https:\/\/explora.cl\/atacama\/congreso-regional-escolar-de-investigacion-e-innovacion-escolar-vuelve-a-ser-presencial-y-los-equipos-ya-pueden-postular\/#primaryimage","url":"https:\/\/explora.cl\/atacama\/wp-content\/uploads\/sites\/5\/2022\/09\/afiche-congreso-02-1.png","contentUrl":"https:\/\/explora.cl\/atacama\/wp-content\/uploads\/sites\/5\/2022\/09\/afiche-congreso-02-1.png","width":3025,"height":1750},{"@type":"BreadcrumbList","@id":"https:\/\/explora.cl\/atacama\/congreso-regional-escolar-de-investigacion-e-innovacion-escolar-vuelve-a-ser-presencial-y-los-equipos-ya-pueden-postular\/#breadcrumb","itemListElement":[{"@type":"ListItem","position":1,"name":"Portada","item":"https:\/\/explora.cl\/atacama\/"},{"@type":"ListItem","position":2,"name":"Congreso Regional Escolar de Investigaci\u00f3n e Innovaci\u00f3n Escolar vuelve a ser presencial y los equipos ya pueden postular"}]},{"@type":"WebSite","@id":"https:\/\/explora.cl\/atacama\/#website","url":"https:\/\/explora.cl\/atacama\/","name":"Atacama","description":"Otro sitio m\u00e1s de explora.cl","potentialAction":[{"@type":"SearchAction","target":{"@type":"EntryPoint","urlTemplate":"https:\/\/explora.cl\/atacama\/?s={search_term_string}"},"query-input":{"@type":"PropertyValueSpecification","valueRequired":true,"valueName":"search_term_string"}}],"inLanguage":"es-CL"},{"@type":"Person","@id":"https:\/\/explora.cl\/atacama\/#\/schema\/person\/1e89437dfd0db398617a5057c75b8bf3","name":"ExploraAtacama","image":{"@type":"ImageObject","inLanguage":"es-CL","@id":"https:\/\/explora.cl\/atacama\/#\/schema\/person\/image\/","url":"https:\/\/secure.gravatar.com\/avatar\/2e2fd819b7985a746e8ea39b36909cf1a17dc034046e230e83eb1534d0a52b24?s=96&d=mm&r=g","contentUrl":"https:\/\/secure.gravatar.com\/avatar\/2e2fd819b7985a746e8ea39b36909cf1a17dc034046e230e83eb1534d0a52b24?s=96&d=mm&r=g","caption":"ExploraAtacama"},"url":"https:\/\/explora.cl\/atacama\/author\/dortiz\/"}]}},"_links":{"self":[{"href":"https:\/\/explora.cl\/atacama\/wp-json\/wp\/v2\/posts\/39850","targetHints":{"allow":["GET"]}}],"collection":[{"href":"https:\/\/explora.cl\/atacama\/wp-json\/wp\/v2\/posts"}],"about":[{"href":"https:\/\/explora.cl\/atacama\/wp-json\/wp\/v2\/types\/post"}],"author":[{"embeddable":true,"href":"https:\/\/explora.cl\/atacama\/wp-json\/wp\/v2\/users\/20"}],"replies":[{"embeddable":true,"href":"https:\/\/explora.cl\/atacama\/wp-json\/wp\/v2\/comments?post=39850"}],"version-history":[{"count":1,"href":"https:\/\/explora.cl\/atacama\/wp-json\/wp\/v2\/posts\/39850\/revisions"}],"predecessor-version":[{"id":39852,"href":"https:\/\/explora.cl\/atacama\/wp-json\/wp\/v2\/posts\/39850\/revisions\/39852"}],"wp:featuredmedia":[{"embeddable":true,"href":"https:\/\/explora.cl\/atacama\/wp-json\/wp\/v2\/media\/39848"}],"wp:attachment":[{"href":"https:\/\/explora.cl\/atacama\/wp-json\/wp\/v2\/media?parent=39850"}],"wp:term":[{"taxonomy":"category","embeddable":true,"href":"https:\/\/explora.cl\/atacama\/wp-json\/wp\/v2\/categories?post=39850"},{"taxonomy":"post_tag","embeddable":true,"href":"https:\/\/explora.cl\/atacama\/wp-json\/wp\/v2\/tags?post=39850"}],"curies":[{"name":"wp","href":"https:\/\/api.w.org\/{rel}","templated":true}]}}