{"id":39097,"date":"2020-11-05T02:58:47","date_gmt":"2020-11-05T05:58:47","guid":{"rendered":"https:\/\/explora.cl\/atacama\/?p=39097"},"modified":"2020-11-10T13:38:01","modified_gmt":"2020-11-10T16:38:01","slug":"participa-de-los-talleres-de-feci-busca-fechas-y-links-de-inscripciones","status":"publish","type":"post","link":"https:\/\/explora.cl\/atacama\/participa-de-los-talleres-de-feci-busca-fechas-y-links-de-inscripciones\/","title":{"rendered":"Participa de los talleres de FECI, busca fechas y links de inscripciones"},"content":{"rendered":"<p><span style=\"color: #008000\"><strong>Durante la semana de actividades de FECI se realizar\u00e1n distintas actividades con talleres. Revisa aqu\u00ed el listado de temas, fechas y links para inscribirte.\u00a0<\/strong><\/span><\/p>\n<p style=\"text-align: center\"><strong> &#8220;TALLER CIRCO Y CIENCIA: DERRIBANDO ESTEREOTIPOS&#8221;<\/strong><\/p>\n<p style=\"text-align: center\">Este taller est\u00e1 dirigido a j\u00f3venes y adultos desde 15 a\u00f1os en adelante.\u00a0Taller de movimiento corporal, en los cuales a trav\u00e9s de diferentes movimientos acrob\u00e1ticos y t\u00e9cnicas circenses podemos comprender la biomec\u00e1nica del cuerpo y el funcionamiento de las 3 leyes de Newton, en lo m\u00e1s cotidiano y familiar que podemos conocer, nuestro cuerpo.<\/p>\n<p style=\"text-align: center\"><img fetchpriority=\"high\" decoding=\"async\" class=\" wp-image-39154 aligncenter\" src=\"https:\/\/explora.cl\/atacama\/wp-content\/uploads\/sites\/5\/2020\/11\/Talleres-28.png\" alt=\"\" width=\"536\" height=\"536\" srcset=\"https:\/\/explora.cl\/atacama\/wp-content\/uploads\/sites\/5\/2020\/11\/Talleres-28.png 5001w, https:\/\/explora.cl\/atacama\/wp-content\/uploads\/sites\/5\/2020\/11\/Talleres-28-150x150.png 150w, https:\/\/explora.cl\/atacama\/wp-content\/uploads\/sites\/5\/2020\/11\/Talleres-28-300x300.png 300w, https:\/\/explora.cl\/atacama\/wp-content\/uploads\/sites\/5\/2020\/11\/Talleres-28-768x768.png 768w, https:\/\/explora.cl\/atacama\/wp-content\/uploads\/sites\/5\/2020\/11\/Talleres-28-1024x1024.png 1024w, https:\/\/explora.cl\/atacama\/wp-content\/uploads\/sites\/5\/2020\/11\/Talleres-28-60x60.png 60w\" sizes=\"(max-width: 536px) 100vw, 536px\" \/><\/p>\n<p style=\"text-align: center\">D\u00eda: Viernes 13 de noviembre<\/p>\n<p style=\"text-align: center\">Horario: 16:00 horas<\/p>\n<p style=\"text-align: center\"><a href=\"https:\/\/docs.google.com\/forms\/d\/e\/1FAIpQLSfbJRgy0piE8WSP77k9bHWOZgqubmG7TZhPl3nRHDGv-JRhzg\/viewform\"><strong>Inscr\u00edbete aqu\u00ed\u00a0<\/strong><\/a><\/p>\n<p style=\"text-align: center\"><strong>&#8220;LAS TRES R PARA EL CAMBIO&#8221;<\/strong><\/p>\n<p style=\"text-align: center\">Este taller est\u00e1 dirigido a personas mayores de 18 a\u00f1os, y tiene como objetivo acercar, concientizar y sensibilizar respecto a las problem\u00e1ticas ambientales presentes en nuestro territorio y c\u00f3mo la utilizaci\u00f3n de la regla de las 3R (reducir, reutilizar y reciclar), en conjunto con otras acciones, se visualiza como una soluci\u00f3n a este tipo de problem\u00e1ticas.<\/p>\n<p style=\"text-align: center\"><img decoding=\"async\" class=\"aligncenter wp-image-39158\" src=\"https:\/\/explora.cl\/atacama\/wp-content\/uploads\/sites\/5\/2020\/11\/Talleres-32.png\" alt=\"\" width=\"538\" height=\"538\" srcset=\"https:\/\/explora.cl\/atacama\/wp-content\/uploads\/sites\/5\/2020\/11\/Talleres-32.png 5001w, https:\/\/explora.cl\/atacama\/wp-content\/uploads\/sites\/5\/2020\/11\/Talleres-32-150x150.png 150w, https:\/\/explora.cl\/atacama\/wp-content\/uploads\/sites\/5\/2020\/11\/Talleres-32-300x300.png 300w, https:\/\/explora.cl\/atacama\/wp-content\/uploads\/sites\/5\/2020\/11\/Talleres-32-768x768.png 768w, https:\/\/explora.cl\/atacama\/wp-content\/uploads\/sites\/5\/2020\/11\/Talleres-32-1024x1024.png 1024w, https:\/\/explora.cl\/atacama\/wp-content\/uploads\/sites\/5\/2020\/11\/Talleres-32-60x60.png 60w\" sizes=\"(max-width: 538px) 100vw, 538px\" \/><\/p>\n<p style=\"text-align: center\">Domingo 15 de noviembre<\/p>\n<p style=\"text-align: center\">Horario: 16:30 horas<\/p>\n<p style=\"text-align: center\"><a href=\"https:\/\/docs.google.com\/forms\/d\/e\/1FAIpQLSeyNdEaU0CayXQB4MNbdzimibsqiNXp_PnzDx34CfEDPlTn5Q\/viewform\"><strong>Inscr\u00edbete aqu\u00ed<\/strong><\/a><\/p>\n<div class=\"freebirdFormviewerViewHeaderTitleRow\">\n<div class=\"freebirdFormviewerViewHeaderTitle exportFormTitle freebirdCustomFont\" dir=\"auto\" style=\"text-align: center\" role=\"heading\"><strong>INSCRIPCI\u00d3N &#8220;TALLER CUENTOS ECONSCIENTES&#8221;<\/strong><\/div>\n<\/div>\n<p style=\"text-align: center\">Este taller est\u00e1 dirigido a personas mayores de 18 a\u00f1os, en \u00e9l veremos creaci\u00f3n de cuentos ecol\u00f3gicos, basados en relaciones ecol\u00f3gicas, flora y fauna nativa y sus amenazas.\u00a0Tiene como principal objetivo demostrar que a trav\u00e9s de la observaci\u00f3n y la investigaci\u00f3n, sumando a ello creatividad, se puede obtener interesantes trabajos que abordan el aprendizaje de los ecosistemas desde una perspectiva atractiva y cercana, como por ejemplo un cuento.<\/p>\n<p style=\"text-align: center\"><strong><a href=\"https:\/\/docs.google.com\/forms\/d\/e\/1FAIpQLSc5mTc4Zn5bq1JaPCayWQGYKZsJmp6DC4cpES0hOPa8Xbf70g\/viewform\"><img decoding=\"async\" class=\"aligncenter wp-image-39157\" src=\"https:\/\/explora.cl\/atacama\/wp-content\/uploads\/sites\/5\/2020\/11\/Talleres-31.png\" alt=\"\" width=\"576\" height=\"576\" srcset=\"https:\/\/explora.cl\/atacama\/wp-content\/uploads\/sites\/5\/2020\/11\/Talleres-31.png 5001w, https:\/\/explora.cl\/atacama\/wp-content\/uploads\/sites\/5\/2020\/11\/Talleres-31-150x150.png 150w, https:\/\/explora.cl\/atacama\/wp-content\/uploads\/sites\/5\/2020\/11\/Talleres-31-300x300.png 300w, https:\/\/explora.cl\/atacama\/wp-content\/uploads\/sites\/5\/2020\/11\/Talleres-31-768x768.png 768w, https:\/\/explora.cl\/atacama\/wp-content\/uploads\/sites\/5\/2020\/11\/Talleres-31-1024x1024.png 1024w, https:\/\/explora.cl\/atacama\/wp-content\/uploads\/sites\/5\/2020\/11\/Talleres-31-60x60.png 60w\" sizes=\"(max-width: 576px) 100vw, 576px\" \/><\/a><\/strong>Este taller ser\u00e1 realizado en 2 sesiones de 1 hora 30 minutos cada una.<br \/>\nHorarios:<br \/>\nS\u00e1bado 14 de noviembre &#8211; 11:30 hrs<\/p>\n<p style=\"text-align: center\">Domingo 15 de noviembre &#8211; 11:30 hrs<\/p>\n<p style=\"text-align: center\"><a href=\"https:\/\/docs.google.com\/forms\/d\/e\/1FAIpQLSc5mTc4Zn5bq1JaPCayWQGYKZsJmp6DC4cpES0hOPa8Xbf70g\/viewform\"><strong>Inscr\u00edbete aqu\u00ed<\/strong><\/a><\/p>\n<div class=\"freebirdFormviewerViewHeaderTitleRow\">\n<div class=\"freebirdFormviewerViewHeaderTitle exportFormTitle freebirdCustomFont\" dir=\"auto\" style=\"text-align: center\" role=\"heading\">\n<div class=\"freebirdFormviewerViewHeaderTitleRow\">\n<div class=\"freebirdFormviewerViewHeaderTitle exportFormTitle freebirdCustomFont\" dir=\"auto\" style=\"text-align: center\" role=\"heading\"><strong>&#8220;LENGUA DE SE\u00d1AS CHILENA PARA NI\u00d1AS Y NI\u00d1OS &#8220;<\/strong><\/div>\n<div dir=\"auto\" role=\"heading\"><\/div>\n<\/div>\n<div class=\"freebirdFormviewerViewHeaderDescription\" dir=\"auto\">Filsa y Explora Atacama, agradece tu entusiasmo por participar junto a nosotr@s.<br \/>\nEste taller tiene foco en los colores, n\u00fameros, animales, art\u00edculos dom\u00e9sticos, incluyendo el alfabeto manual; pueden participar ni\u00f1os\/as desde los 6 a\u00f1os hasta los 12 a\u00f1os.Es impartido por Jorge Carvajal, persona sorda dedicada a la facilitaci\u00f3n de estos contenidos.<\/div>\n<div dir=\"auto\"><\/div>\n<div dir=\"auto\"><img loading=\"lazy\" decoding=\"async\" class=\"aligncenter wp-image-39160\" src=\"https:\/\/explora.cl\/atacama\/wp-content\/uploads\/sites\/5\/2020\/11\/Talleres-26.png\" alt=\"\" width=\"593\" height=\"593\" srcset=\"https:\/\/explora.cl\/atacama\/wp-content\/uploads\/sites\/5\/2020\/11\/Talleres-26.png 5000w, https:\/\/explora.cl\/atacama\/wp-content\/uploads\/sites\/5\/2020\/11\/Talleres-26-150x150.png 150w, https:\/\/explora.cl\/atacama\/wp-content\/uploads\/sites\/5\/2020\/11\/Talleres-26-300x300.png 300w, https:\/\/explora.cl\/atacama\/wp-content\/uploads\/sites\/5\/2020\/11\/Talleres-26-768x768.png 768w, https:\/\/explora.cl\/atacama\/wp-content\/uploads\/sites\/5\/2020\/11\/Talleres-26-1024x1024.png 1024w, https:\/\/explora.cl\/atacama\/wp-content\/uploads\/sites\/5\/2020\/11\/Talleres-26-60x60.png 60w\" sizes=\"(max-width: 593px) 100vw, 593px\" \/><\/div>\n<div class=\"freebirdFormviewerViewHeaderDescription\" dir=\"auto\" style=\"text-align: left\"><\/div>\n<div class=\"freebirdFormviewerViewHeaderDescription\" dir=\"auto\">D\u00eda: Jueves 12 de noviembre de 2020<br \/>\nHorarios: 11:30 hrs<\/div>\n<div dir=\"auto\"><\/div>\n<div dir=\"auto\"><a href=\"https:\/\/docs.google.com\/forms\/d\/e\/1FAIpQLSdqGimFT3pwF_GDNwW9y6unbW9pqihQKbTUrRLIRzH0Y0BtTw\/viewform\"><strong>Inscr\u00edbete aqu\u00ed\u00a0<\/strong><\/a><\/div>\n<div dir=\"auto\"><\/div>\n<\/div>\n<div dir=\"auto\">\n<div class=\"freebirdFormviewerViewHeaderTitleRow\">\n<div class=\"freebirdFormviewerViewHeaderTitle exportFormTitle freebirdCustomFont\" dir=\"auto\" style=\"text-align: center\" role=\"heading\"><strong>INSCRIPCI\u00d3N &#8220;TALLER INTRODUCCI\u00d3N A LA LENGUA DE SE\u00d1AS CHILENA PARA P\u00daBLICO 13 A\u00d1OS Y\/O MAYOR&#8221;<\/strong><\/div>\n<div dir=\"auto\" role=\"heading\"><\/div>\n<\/div>\n<\/div>\n<\/div>\n<div dir=\"auto\" style=\"text-align: center\" role=\"heading\">Este taller est\u00e1 dirigido para p\u00fablico general desde 13 a\u00f1os en adelante, comprende el alfabeto manual, gestos b\u00e1sicos de comunicaci\u00f3n, saludos y actividades cotidianas, y otros como aspectos funcionales, que permitan facilitar la comunicaci\u00f3n con personas sordas en entornos laborales y\/o sociales.\u00a0Es impartido por Jorge Carvajal, persona sorda dedicada a la facilitaci\u00f3n de estos contenidos.<\/div>\n<div dir=\"auto\" role=\"heading\"><\/div>\n<div dir=\"auto\" role=\"heading\"><img loading=\"lazy\" decoding=\"async\" class=\"aligncenter wp-image-39161\" src=\"https:\/\/explora.cl\/atacama\/wp-content\/uploads\/sites\/5\/2020\/11\/Talleres-27.png\" alt=\"\" width=\"608\" height=\"608\" srcset=\"https:\/\/explora.cl\/atacama\/wp-content\/uploads\/sites\/5\/2020\/11\/Talleres-27.png 5001w, https:\/\/explora.cl\/atacama\/wp-content\/uploads\/sites\/5\/2020\/11\/Talleres-27-150x150.png 150w, https:\/\/explora.cl\/atacama\/wp-content\/uploads\/sites\/5\/2020\/11\/Talleres-27-300x300.png 300w, https:\/\/explora.cl\/atacama\/wp-content\/uploads\/sites\/5\/2020\/11\/Talleres-27-768x768.png 768w, https:\/\/explora.cl\/atacama\/wp-content\/uploads\/sites\/5\/2020\/11\/Talleres-27-1024x1024.png 1024w, https:\/\/explora.cl\/atacama\/wp-content\/uploads\/sites\/5\/2020\/11\/Talleres-27-60x60.png 60w\" sizes=\"(max-width: 608px) 100vw, 608px\" \/><\/div>\n<div dir=\"auto\" role=\"heading\">\n<p style=\"text-align: center\">D\u00eda: Jueves 12 de noviembre de 2020<\/p>\n<p style=\"text-align: center\">Horarios: 16:30 hrs (desde 13 a\u00f1os en adelante)<\/p>\n<p style=\"text-align: center\"><a href=\"https:\/\/docs.google.com\/forms\/d\/e\/1FAIpQLScv-cjK2sY5YEXvNyJlPEIPUrHGfFpPJU756eUHiiSqlQ9lmA\/viewform\"><strong>Inscr\u00edbete aqu\u00ed\u00a0<\/strong><\/a><\/p>\n<\/div>\n<div dir=\"auto\" role=\"heading\"><\/div>\n<div dir=\"auto\" role=\"heading\">\n<div class=\"freebirdFormviewerViewHeaderTitleRow\">\n<div class=\"freebirdFormviewerViewHeaderTitle exportFormTitle freebirdCustomFont\" dir=\"auto\" style=\"text-align: center\" role=\"heading\"><strong>INSCRIPCI\u00d3N &#8220;TALLER ENTENDAMOS LOS MALABARES DESDE LA CIENCIA&#8221;<\/strong><\/div>\n<div dir=\"auto\" role=\"heading\"><\/div>\n<div dir=\"auto\" style=\"text-align: center\" role=\"heading\">Taller pr\u00e1ctico de fabricaci\u00f3n de malabares y juego de lanzar y atrapar.\u00a0Lanzar y atrapar es una t\u00e9cnica necesaria para realizar \u201cla cascada\u201d, truco inicial de los malabares, el cual implica el lanzamiento de 3 pelotas simult\u00e1neas en diferentes tiempos. Luego, se comprender\u00e1 a trav\u00e9s del m\u00e9todo cient\u00edfico y en conversaci\u00f3n con los ni\u00f1os comprender que movimiento debe realizar la mano para que la pelota vaya en la direcci\u00f3n y velocidad adecuada para que llegu\u00e9 a la otra mano. Finalizamos, entendiendo como el movimiento parab\u00f3lico permite realizar est\u00e1 t\u00e9cnica de lanzamiento adecuada , y como a trav\u00e9s de la f\u00edsica podemos entender que ocurre en ese momento.<\/div>\n<div dir=\"auto\" role=\"heading\"><\/div>\n<div dir=\"auto\" role=\"heading\">\n<p style=\"text-align: center\"><a href=\"https:\/\/docs.google.com\/forms\/d\/e\/1FAIpQLSdItC8RLNR1dmuh_8w3dXvMg2fBNgShG9PyIMjDccVIcyyltw\/viewform\"><strong><img loading=\"lazy\" decoding=\"async\" class=\"aligncenter wp-image-39156\" src=\"https:\/\/explora.cl\/atacama\/wp-content\/uploads\/sites\/5\/2020\/11\/Talleres-30.png\" alt=\"\" width=\"664\" height=\"664\" srcset=\"https:\/\/explora.cl\/atacama\/wp-content\/uploads\/sites\/5\/2020\/11\/Talleres-30.png 5001w, https:\/\/explora.cl\/atacama\/wp-content\/uploads\/sites\/5\/2020\/11\/Talleres-30-150x150.png 150w, https:\/\/explora.cl\/atacama\/wp-content\/uploads\/sites\/5\/2020\/11\/Talleres-30-300x300.png 300w, https:\/\/explora.cl\/atacama\/wp-content\/uploads\/sites\/5\/2020\/11\/Talleres-30-768x768.png 768w, https:\/\/explora.cl\/atacama\/wp-content\/uploads\/sites\/5\/2020\/11\/Talleres-30-1024x1024.png 1024w, https:\/\/explora.cl\/atacama\/wp-content\/uploads\/sites\/5\/2020\/11\/Talleres-30-60x60.png 60w\" sizes=\"(max-width: 664px) 100vw, 664px\" \/><\/strong><\/a><\/p>\n<p style=\"text-align: center\">D\u00eda: S\u00e1bado 14 de Noviembre de 2020<\/p>\n<p style=\"text-align: center\">Horario: 16:00 Horas.<\/p>\n<\/div>\n<div dir=\"auto\" style=\"text-align: center\" role=\"heading\"><a href=\"https:\/\/docs.google.com\/forms\/d\/e\/1FAIpQLSdItC8RLNR1dmuh_8w3dXvMg2fBNgShG9PyIMjDccVIcyyltw\/viewform\"><strong>Inscr\u00edbete aqu\u00ed\u00a0<\/strong><\/a><\/div>\n<div dir=\"auto\" role=\"heading\">\n<div class=\"freebirdFormviewerViewHeaderTitleRow\">\n<div dir=\"auto\" role=\"heading\"><\/div>\n<div class=\"freebirdFormviewerViewHeaderTitle exportFormTitle freebirdCustomFont\" dir=\"auto\" style=\"text-align: center\" role=\"heading\"><strong>INSCRIPCI\u00d3N &#8220;TALLER CARTOGRAF\u00cdA PARA NI\u00d1@S&#8221;<\/strong><\/div>\n<\/div>\n<p style=\"text-align: center\">El taller est\u00e1 dirigido a ni\u00f1os y ni\u00f1as entre 11 a 15 a\u00f1os.\u00a0En este taller se entregar\u00e1n conceptos claves para que ni\u00f1os, ni\u00f1as y adolescentes puedan orientarse, veremos algunos mapas entretenidos v\u00eda web, adem\u00e1s de actividades pr\u00e1cticas como: Creaci\u00f3n de una Br\u00fajula Casera, Orientaci\u00f3n mediante el Sol, a trav\u00e9s de un v\u00eddeo, y por \u00faltimo una actividad por medio de la app Kahoot. Requisitos previos al taller: \u00a0Instalar la app Kahoot en sus celulares; tener los siguientes materiales: vaso pl\u00e1stico, aguja, agua, corcho y un im\u00e1n o magneto de refrigerador.<\/p>\n<\/div>\n<div dir=\"auto\" role=\"heading\"><img loading=\"lazy\" decoding=\"async\" class=\"aligncenter wp-image-39155\" src=\"https:\/\/explora.cl\/atacama\/wp-content\/uploads\/sites\/5\/2020\/11\/Talleres-29.png\" alt=\"\" width=\"678\" height=\"678\" srcset=\"https:\/\/explora.cl\/atacama\/wp-content\/uploads\/sites\/5\/2020\/11\/Talleres-29.png 5000w, https:\/\/explora.cl\/atacama\/wp-content\/uploads\/sites\/5\/2020\/11\/Talleres-29-150x150.png 150w, https:\/\/explora.cl\/atacama\/wp-content\/uploads\/sites\/5\/2020\/11\/Talleres-29-300x300.png 300w, https:\/\/explora.cl\/atacama\/wp-content\/uploads\/sites\/5\/2020\/11\/Talleres-29-768x768.png 768w, https:\/\/explora.cl\/atacama\/wp-content\/uploads\/sites\/5\/2020\/11\/Talleres-29-1024x1024.png 1024w, https:\/\/explora.cl\/atacama\/wp-content\/uploads\/sites\/5\/2020\/11\/Talleres-29-60x60.png 60w\" sizes=\"(max-width: 678px) 100vw, 678px\" \/><\/div>\n<div dir=\"auto\" role=\"heading\"><\/div>\n<div dir=\"auto\" style=\"text-align: center\" role=\"heading\">D\u00eda: Viernes 13 de Noviembre.<\/div>\n<div dir=\"auto\" style=\"text-align: center\" role=\"heading\">Horario: 15:00 Horas.<\/div>\n<div dir=\"auto\" role=\"heading\"><\/div>\n<div dir=\"auto\" style=\"text-align: center\" role=\"heading\"><a href=\"https:\/\/docs.google.com\/forms\/d\/e\/1FAIpQLSeeuQLZBtyKyDK7v2aovLe5DueUB3rdbSDlMDpweHay2ndTSg\/viewform\"><strong>Inscr\u00edbete aqu\u00ed<\/strong><\/a><\/div>\n<\/div>\n<\/div>\n<div dir=\"auto\" role=\"heading\"><\/div>\n<div dir=\"auto\" role=\"heading\">\n<div class=\"freebirdFormviewerViewHeaderTitleRow\">\n<div dir=\"auto\" role=\"heading\"><\/div>\n<div class=\"freebirdFormviewerViewHeaderTitle exportFormTitle freebirdCustomFont\" dir=\"auto\" style=\"text-align: center\" role=\"heading\"><strong>INSCRIPCI\u00d3N &#8220;TALLER INTRODUCCI\u00d3N A LA ELECTR\u00d3NICA&#8221;<\/strong><\/div>\n<div dir=\"auto\" style=\"text-align: center\" role=\"heading\"><\/div>\n<div dir=\"auto\" style=\"text-align: center\" role=\"heading\">En este taller est\u00e1 dirigido a ni\u00f1os, ni\u00f1as y j\u00f3venes entre 10 y 15 a\u00f1os de edad, en \u00e9l aprender\u00e1s conceptos b\u00e1sicos de un circuito el\u00e9ctrico para armarlo en un ejercicio pr\u00e1ctico que se realiza con un emulador en forma remota de un circuito el\u00e9ctrico encendiendo un led para inspirar en las STEM. No necesitan tener materiales en sus casas pues cuparemos un emulador online que simula las piezas electr\u00f3nicas a trav\u00e9s del computador. Para eso hay que crearse una cuenta en la p\u00e1gina del emulador, y estas instrucciones las enviaremos previamente al taller.<\/div>\n<div dir=\"auto\" role=\"heading\">\n<p style=\"text-align: center\"><a href=\"https:\/\/docs.google.com\/forms\/d\/e\/1FAIpQLSciLOZ4rAP1NHzoasnZ3GwvN6EXz-k-dJejivt1XspUQKiFlQ\/viewform\"><strong><img loading=\"lazy\" decoding=\"async\" class=\"aligncenter wp-image-39151\" src=\"https:\/\/explora.cl\/atacama\/wp-content\/uploads\/sites\/5\/2020\/11\/Talleres-25.png\" alt=\"\" width=\"725\" height=\"725\" srcset=\"https:\/\/explora.cl\/atacama\/wp-content\/uploads\/sites\/5\/2020\/11\/Talleres-25.png 5001w, https:\/\/explora.cl\/atacama\/wp-content\/uploads\/sites\/5\/2020\/11\/Talleres-25-150x150.png 150w, https:\/\/explora.cl\/atacama\/wp-content\/uploads\/sites\/5\/2020\/11\/Talleres-25-300x300.png 300w, https:\/\/explora.cl\/atacama\/wp-content\/uploads\/sites\/5\/2020\/11\/Talleres-25-768x768.png 768w, https:\/\/explora.cl\/atacama\/wp-content\/uploads\/sites\/5\/2020\/11\/Talleres-25-1024x1024.png 1024w, https:\/\/explora.cl\/atacama\/wp-content\/uploads\/sites\/5\/2020\/11\/Talleres-25-60x60.png 60w\" sizes=\"(max-width: 725px) 100vw, 725px\" \/><\/strong><\/a><\/p>\n<p style=\"text-align: center\">D\u00eda: Mi\u00e9rcoles 11 de noviembre de 2020<\/p>\n<p style=\"text-align: center\">Horario: 16:30 Horas.<\/p>\n<p style=\"text-align: center\"><a href=\"https:\/\/docs.google.com\/forms\/d\/e\/1FAIpQLSciLOZ4rAP1NHzoasnZ3GwvN6EXz-k-dJejivt1XspUQKiFlQ\/viewform\"><strong>Inscr\u00edbete aqu\u00ed<\/strong><\/a><\/p>\n<\/div>\n<\/div>\n<\/div>\n<div class=\"freebirdFormviewerViewHeaderTitleRow\">\n<div dir=\"auto\" role=\"heading\"><\/div>\n<\/div>\n","protected":false},"excerpt":{"rendered":"<p>Durante la semana de actividades de FECI se realizar\u00e1n distintas actividades con talleres. Revisa aqu\u00ed el listado de temas, fechas y links para inscribirte.\u00a0<\/p>\n","protected":false},"author":20,"featured_media":39101,"comment_status":"open","ping_status":"open","sticky":false,"template":"","format":"standard","meta":{"_acf_changed":false,"_exactmetrics_skip_tracking":false,"_exactmetrics_sitenote_active":false,"_exactmetrics_sitenote_note":"","_exactmetrics_sitenote_category":0,"footnotes":"","_links_to":"","_links_to_target":""},"categories":[139,1],"tags":[],"class_list":["post-39097","post","type-post","status-publish","format-standard","has-post-thumbnail","hentry","category-lugar-4","category-sin-categoria"],"acf":[],"yoast_head":"<!-- This site is optimized with the Yoast SEO plugin v26.9 - https:\/\/yoast.com\/product\/yoast-seo-wordpress\/ -->\n<title>Participa de los talleres de FECI, busca fechas y links de inscripciones - Atacama<\/title>\n<meta name=\"robots\" content=\"index, follow, max-snippet:-1, max-image-preview:large, max-video-preview:-1\" \/>\n<link rel=\"canonical\" href=\"https:\/\/explora.cl\/atacama\/participa-de-los-talleres-de-feci-busca-fechas-y-links-de-inscripciones\/\" class=\"yoast-seo-meta-tag\" \/>\n<meta property=\"og:locale\" content=\"es_ES\" class=\"yoast-seo-meta-tag\" \/>\n<meta property=\"og:type\" content=\"article\" class=\"yoast-seo-meta-tag\" \/>\n<meta property=\"og:title\" content=\"Participa de los talleres de FECI, busca fechas y links de inscripciones - Atacama\" class=\"yoast-seo-meta-tag\" \/>\n<meta property=\"og:description\" content=\"Durante la semana de actividades de FECI se realizar\u00e1n distintas actividades con talleres. Revisa aqu\u00ed el listado de temas, fechas y links para inscribirte.\u00a0\" class=\"yoast-seo-meta-tag\" \/>\n<meta property=\"og:url\" content=\"https:\/\/explora.cl\/atacama\/participa-de-los-talleres-de-feci-busca-fechas-y-links-de-inscripciones\/\" class=\"yoast-seo-meta-tag\" \/>\n<meta property=\"og:site_name\" content=\"Atacama\" class=\"yoast-seo-meta-tag\" \/>\n<meta property=\"article:published_time\" content=\"2020-11-05T05:58:47+00:00\" class=\"yoast-seo-meta-tag\" \/>\n<meta property=\"article:modified_time\" content=\"2020-11-10T16:38:01+00:00\" class=\"yoast-seo-meta-tag\" \/>\n<meta property=\"og:image\" content=\"https:\/\/explora.cl\/atacama\/wp-content\/uploads\/sites\/5\/2020\/11\/WhatsApp-Image-2020-11-04-at-14.00.32.jpeg\" class=\"yoast-seo-meta-tag\" \/>\n\t<meta property=\"og:image:width\" content=\"1280\" class=\"yoast-seo-meta-tag\" \/>\n\t<meta property=\"og:image:height\" content=\"731\" class=\"yoast-seo-meta-tag\" \/>\n\t<meta property=\"og:image:type\" content=\"image\/jpeg\" class=\"yoast-seo-meta-tag\" \/>\n<meta name=\"author\" content=\"ExploraAtacama\" class=\"yoast-seo-meta-tag\" \/>\n<meta name=\"twitter:card\" content=\"summary_large_image\" class=\"yoast-seo-meta-tag\" \/>\n<meta name=\"twitter:label1\" content=\"Escrito por\" class=\"yoast-seo-meta-tag\" \/>\n\t<meta name=\"twitter:data1\" content=\"ExploraAtacama\" class=\"yoast-seo-meta-tag\" \/>\n\t<meta name=\"twitter:label2\" content=\"Tiempo estimado de lectura\" class=\"yoast-seo-meta-tag\" \/>\n\t<meta name=\"twitter:data2\" content=\"4 minutos\" class=\"yoast-seo-meta-tag\" \/>\n<script type=\"application\/ld+json\" class=\"yoast-schema-graph\">{\"@context\":\"https:\/\/schema.org\",\"@graph\":[{\"@type\":\"Article\",\"@id\":\"https:\/\/explora.cl\/atacama\/participa-de-los-talleres-de-feci-busca-fechas-y-links-de-inscripciones\/#article\",\"isPartOf\":{\"@id\":\"https:\/\/explora.cl\/atacama\/participa-de-los-talleres-de-feci-busca-fechas-y-links-de-inscripciones\/\"},\"author\":{\"name\":\"ExploraAtacama\",\"@id\":\"https:\/\/explora.cl\/atacama\/#\/schema\/person\/1e89437dfd0db398617a5057c75b8bf3\"},\"headline\":\"Participa de los talleres de FECI, busca fechas y links de inscripciones\",\"datePublished\":\"2020-11-05T05:58:47+00:00\",\"dateModified\":\"2020-11-10T16:38:01+00:00\",\"mainEntityOfPage\":{\"@id\":\"https:\/\/explora.cl\/atacama\/participa-de-los-talleres-de-feci-busca-fechas-y-links-de-inscripciones\/\"},\"wordCount\":861,\"commentCount\":0,\"image\":{\"@id\":\"https:\/\/explora.cl\/atacama\/participa-de-los-talleres-de-feci-busca-fechas-y-links-de-inscripciones\/#primaryimage\"},\"thumbnailUrl\":\"https:\/\/explora.cl\/atacama\/wp-content\/uploads\/sites\/5\/2020\/11\/WhatsApp-Image-2020-11-04-at-14.00.32.jpeg\",\"articleSection\":[\"Lugar 4\"],\"inLanguage\":\"es-CL\",\"potentialAction\":[{\"@type\":\"CommentAction\",\"name\":\"Comment\",\"target\":[\"https:\/\/explora.cl\/atacama\/participa-de-los-talleres-de-feci-busca-fechas-y-links-de-inscripciones\/#respond\"]}]},{\"@type\":\"WebPage\",\"@id\":\"https:\/\/explora.cl\/atacama\/participa-de-los-talleres-de-feci-busca-fechas-y-links-de-inscripciones\/\",\"url\":\"https:\/\/explora.cl\/atacama\/participa-de-los-talleres-de-feci-busca-fechas-y-links-de-inscripciones\/\",\"name\":\"Participa de los talleres de FECI, busca fechas y links de inscripciones - Atacama\",\"isPartOf\":{\"@id\":\"https:\/\/explora.cl\/atacama\/#website\"},\"primaryImageOfPage\":{\"@id\":\"https:\/\/explora.cl\/atacama\/participa-de-los-talleres-de-feci-busca-fechas-y-links-de-inscripciones\/#primaryimage\"},\"image\":{\"@id\":\"https:\/\/explora.cl\/atacama\/participa-de-los-talleres-de-feci-busca-fechas-y-links-de-inscripciones\/#primaryimage\"},\"thumbnailUrl\":\"https:\/\/explora.cl\/atacama\/wp-content\/uploads\/sites\/5\/2020\/11\/WhatsApp-Image-2020-11-04-at-14.00.32.jpeg\",\"datePublished\":\"2020-11-05T05:58:47+00:00\",\"dateModified\":\"2020-11-10T16:38:01+00:00\",\"author\":{\"@id\":\"https:\/\/explora.cl\/atacama\/#\/schema\/person\/1e89437dfd0db398617a5057c75b8bf3\"},\"breadcrumb\":{\"@id\":\"https:\/\/explora.cl\/atacama\/participa-de-los-talleres-de-feci-busca-fechas-y-links-de-inscripciones\/#breadcrumb\"},\"inLanguage\":\"es-CL\",\"potentialAction\":[{\"@type\":\"ReadAction\",\"target\":[\"https:\/\/explora.cl\/atacama\/participa-de-los-talleres-de-feci-busca-fechas-y-links-de-inscripciones\/\"]}]},{\"@type\":\"ImageObject\",\"inLanguage\":\"es-CL\",\"@id\":\"https:\/\/explora.cl\/atacama\/participa-de-los-talleres-de-feci-busca-fechas-y-links-de-inscripciones\/#primaryimage\",\"url\":\"https:\/\/explora.cl\/atacama\/wp-content\/uploads\/sites\/5\/2020\/11\/WhatsApp-Image-2020-11-04-at-14.00.32.jpeg\",\"contentUrl\":\"https:\/\/explora.cl\/atacama\/wp-content\/uploads\/sites\/5\/2020\/11\/WhatsApp-Image-2020-11-04-at-14.00.32.jpeg\",\"width\":1280,\"height\":731},{\"@type\":\"BreadcrumbList\",\"@id\":\"https:\/\/explora.cl\/atacama\/participa-de-los-talleres-de-feci-busca-fechas-y-links-de-inscripciones\/#breadcrumb\",\"itemListElement\":[{\"@type\":\"ListItem\",\"position\":1,\"name\":\"Portada\",\"item\":\"https:\/\/explora.cl\/atacama\/\"},{\"@type\":\"ListItem\",\"position\":2,\"name\":\"Participa de los talleres de FECI, busca fechas y links de inscripciones\"}]},{\"@type\":\"WebSite\",\"@id\":\"https:\/\/explora.cl\/atacama\/#website\",\"url\":\"https:\/\/explora.cl\/atacama\/\",\"name\":\"Atacama\",\"description\":\"Otro sitio m\u00e1s de explora.cl\",\"potentialAction\":[{\"@type\":\"SearchAction\",\"target\":{\"@type\":\"EntryPoint\",\"urlTemplate\":\"https:\/\/explora.cl\/atacama\/?s={search_term_string}\"},\"query-input\":{\"@type\":\"PropertyValueSpecification\",\"valueRequired\":true,\"valueName\":\"search_term_string\"}}],\"inLanguage\":\"es-CL\"},{\"@type\":\"Person\",\"@id\":\"https:\/\/explora.cl\/atacama\/#\/schema\/person\/1e89437dfd0db398617a5057c75b8bf3\",\"name\":\"ExploraAtacama\",\"image\":{\"@type\":\"ImageObject\",\"inLanguage\":\"es-CL\",\"@id\":\"https:\/\/explora.cl\/atacama\/#\/schema\/person\/image\/\",\"url\":\"https:\/\/secure.gravatar.com\/avatar\/2e2fd819b7985a746e8ea39b36909cf1a17dc034046e230e83eb1534d0a52b24?s=96&d=mm&r=g\",\"contentUrl\":\"https:\/\/secure.gravatar.com\/avatar\/2e2fd819b7985a746e8ea39b36909cf1a17dc034046e230e83eb1534d0a52b24?s=96&d=mm&r=g\",\"caption\":\"ExploraAtacama\"},\"url\":\"https:\/\/explora.cl\/atacama\/author\/dortiz\/\"}]}<\/script>\n<!-- \/ Yoast SEO plugin. -->","yoast_head_json":{"title":"Participa de los talleres de FECI, busca fechas y links de inscripciones - Atacama","robots":{"index":"index","follow":"follow","max-snippet":"max-snippet:-1","max-image-preview":"max-image-preview:large","max-video-preview":"max-video-preview:-1"},"canonical":"https:\/\/explora.cl\/atacama\/participa-de-los-talleres-de-feci-busca-fechas-y-links-de-inscripciones\/","og_locale":"es_ES","og_type":"article","og_title":"Participa de los talleres de FECI, busca fechas y links de inscripciones - Atacama","og_description":"Durante la semana de actividades de FECI se realizar\u00e1n distintas actividades con talleres. Revisa aqu\u00ed el listado de temas, fechas y links para inscribirte.\u00a0","og_url":"https:\/\/explora.cl\/atacama\/participa-de-los-talleres-de-feci-busca-fechas-y-links-de-inscripciones\/","og_site_name":"Atacama","article_published_time":"2020-11-05T05:58:47+00:00","article_modified_time":"2020-11-10T16:38:01+00:00","og_image":[{"width":1280,"height":731,"url":"https:\/\/explora.cl\/atacama\/wp-content\/uploads\/sites\/5\/2020\/11\/WhatsApp-Image-2020-11-04-at-14.00.32.jpeg","type":"image\/jpeg"}],"author":"ExploraAtacama","twitter_card":"summary_large_image","twitter_misc":{"Escrito por":"ExploraAtacama","Tiempo estimado de lectura":"4 minutos"},"schema":{"@context":"https:\/\/schema.org","@graph":[{"@type":"Article","@id":"https:\/\/explora.cl\/atacama\/participa-de-los-talleres-de-feci-busca-fechas-y-links-de-inscripciones\/#article","isPartOf":{"@id":"https:\/\/explora.cl\/atacama\/participa-de-los-talleres-de-feci-busca-fechas-y-links-de-inscripciones\/"},"author":{"name":"ExploraAtacama","@id":"https:\/\/explora.cl\/atacama\/#\/schema\/person\/1e89437dfd0db398617a5057c75b8bf3"},"headline":"Participa de los talleres de FECI, busca fechas y links de inscripciones","datePublished":"2020-11-05T05:58:47+00:00","dateModified":"2020-11-10T16:38:01+00:00","mainEntityOfPage":{"@id":"https:\/\/explora.cl\/atacama\/participa-de-los-talleres-de-feci-busca-fechas-y-links-de-inscripciones\/"},"wordCount":861,"commentCount":0,"image":{"@id":"https:\/\/explora.cl\/atacama\/participa-de-los-talleres-de-feci-busca-fechas-y-links-de-inscripciones\/#primaryimage"},"thumbnailUrl":"https:\/\/explora.cl\/atacama\/wp-content\/uploads\/sites\/5\/2020\/11\/WhatsApp-Image-2020-11-04-at-14.00.32.jpeg","articleSection":["Lugar 4"],"inLanguage":"es-CL","potentialAction":[{"@type":"CommentAction","name":"Comment","target":["https:\/\/explora.cl\/atacama\/participa-de-los-talleres-de-feci-busca-fechas-y-links-de-inscripciones\/#respond"]}]},{"@type":"WebPage","@id":"https:\/\/explora.cl\/atacama\/participa-de-los-talleres-de-feci-busca-fechas-y-links-de-inscripciones\/","url":"https:\/\/explora.cl\/atacama\/participa-de-los-talleres-de-feci-busca-fechas-y-links-de-inscripciones\/","name":"Participa de los talleres de FECI, busca fechas y links de inscripciones - Atacama","isPartOf":{"@id":"https:\/\/explora.cl\/atacama\/#website"},"primaryImageOfPage":{"@id":"https:\/\/explora.cl\/atacama\/participa-de-los-talleres-de-feci-busca-fechas-y-links-de-inscripciones\/#primaryimage"},"image":{"@id":"https:\/\/explora.cl\/atacama\/participa-de-los-talleres-de-feci-busca-fechas-y-links-de-inscripciones\/#primaryimage"},"thumbnailUrl":"https:\/\/explora.cl\/atacama\/wp-content\/uploads\/sites\/5\/2020\/11\/WhatsApp-Image-2020-11-04-at-14.00.32.jpeg","datePublished":"2020-11-05T05:58:47+00:00","dateModified":"2020-11-10T16:38:01+00:00","author":{"@id":"https:\/\/explora.cl\/atacama\/#\/schema\/person\/1e89437dfd0db398617a5057c75b8bf3"},"breadcrumb":{"@id":"https:\/\/explora.cl\/atacama\/participa-de-los-talleres-de-feci-busca-fechas-y-links-de-inscripciones\/#breadcrumb"},"inLanguage":"es-CL","potentialAction":[{"@type":"ReadAction","target":["https:\/\/explora.cl\/atacama\/participa-de-los-talleres-de-feci-busca-fechas-y-links-de-inscripciones\/"]}]},{"@type":"ImageObject","inLanguage":"es-CL","@id":"https:\/\/explora.cl\/atacama\/participa-de-los-talleres-de-feci-busca-fechas-y-links-de-inscripciones\/#primaryimage","url":"https:\/\/explora.cl\/atacama\/wp-content\/uploads\/sites\/5\/2020\/11\/WhatsApp-Image-2020-11-04-at-14.00.32.jpeg","contentUrl":"https:\/\/explora.cl\/atacama\/wp-content\/uploads\/sites\/5\/2020\/11\/WhatsApp-Image-2020-11-04-at-14.00.32.jpeg","width":1280,"height":731},{"@type":"BreadcrumbList","@id":"https:\/\/explora.cl\/atacama\/participa-de-los-talleres-de-feci-busca-fechas-y-links-de-inscripciones\/#breadcrumb","itemListElement":[{"@type":"ListItem","position":1,"name":"Portada","item":"https:\/\/explora.cl\/atacama\/"},{"@type":"ListItem","position":2,"name":"Participa de los talleres de FECI, busca fechas y links de inscripciones"}]},{"@type":"WebSite","@id":"https:\/\/explora.cl\/atacama\/#website","url":"https:\/\/explora.cl\/atacama\/","name":"Atacama","description":"Otro sitio m\u00e1s de explora.cl","potentialAction":[{"@type":"SearchAction","target":{"@type":"EntryPoint","urlTemplate":"https:\/\/explora.cl\/atacama\/?s={search_term_string}"},"query-input":{"@type":"PropertyValueSpecification","valueRequired":true,"valueName":"search_term_string"}}],"inLanguage":"es-CL"},{"@type":"Person","@id":"https:\/\/explora.cl\/atacama\/#\/schema\/person\/1e89437dfd0db398617a5057c75b8bf3","name":"ExploraAtacama","image":{"@type":"ImageObject","inLanguage":"es-CL","@id":"https:\/\/explora.cl\/atacama\/#\/schema\/person\/image\/","url":"https:\/\/secure.gravatar.com\/avatar\/2e2fd819b7985a746e8ea39b36909cf1a17dc034046e230e83eb1534d0a52b24?s=96&d=mm&r=g","contentUrl":"https:\/\/secure.gravatar.com\/avatar\/2e2fd819b7985a746e8ea39b36909cf1a17dc034046e230e83eb1534d0a52b24?s=96&d=mm&r=g","caption":"ExploraAtacama"},"url":"https:\/\/explora.cl\/atacama\/author\/dortiz\/"}]}},"_links":{"self":[{"href":"https:\/\/explora.cl\/atacama\/wp-json\/wp\/v2\/posts\/39097","targetHints":{"allow":["GET"]}}],"collection":[{"href":"https:\/\/explora.cl\/atacama\/wp-json\/wp\/v2\/posts"}],"about":[{"href":"https:\/\/explora.cl\/atacama\/wp-json\/wp\/v2\/types\/post"}],"author":[{"embeddable":true,"href":"https:\/\/explora.cl\/atacama\/wp-json\/wp\/v2\/users\/20"}],"replies":[{"embeddable":true,"href":"https:\/\/explora.cl\/atacama\/wp-json\/wp\/v2\/comments?post=39097"}],"version-history":[{"count":11,"href":"https:\/\/explora.cl\/atacama\/wp-json\/wp\/v2\/posts\/39097\/revisions"}],"predecessor-version":[{"id":39201,"href":"https:\/\/explora.cl\/atacama\/wp-json\/wp\/v2\/posts\/39097\/revisions\/39201"}],"wp:featuredmedia":[{"embeddable":true,"href":"https:\/\/explora.cl\/atacama\/wp-json\/wp\/v2\/media\/39101"}],"wp:attachment":[{"href":"https:\/\/explora.cl\/atacama\/wp-json\/wp\/v2\/media?parent=39097"}],"wp:term":[{"taxonomy":"category","embeddable":true,"href":"https:\/\/explora.cl\/atacama\/wp-json\/wp\/v2\/categories?post=39097"},{"taxonomy":"post_tag","embeddable":true,"href":"https:\/\/explora.cl\/atacama\/wp-json\/wp\/v2\/tags?post=39097"}],"curies":[{"name":"wp","href":"https:\/\/api.w.org\/{rel}","templated":true}]}}