{"id":39003,"date":"2020-10-31T09:42:09","date_gmt":"2020-10-31T12:42:09","guid":{"rendered":"https:\/\/explora.cl\/atacama\/?p=39003"},"modified":"2020-10-31T09:42:09","modified_gmt":"2020-10-31T12:42:09","slug":"invitados-internacionales-academicas-de-renombre-y-educadoras-de-todo-atacama-fueron-parte-de-las-jornadas-de-capacitacion-de-pipe-explora","status":"publish","type":"post","link":"https:\/\/explora.cl\/atacama\/invitados-internacionales-academicas-de-renombre-y-educadoras-de-todo-atacama-fueron-parte-de-las-jornadas-de-capacitacion-de-pipe-explora\/","title":{"rendered":"Invitados internacionales, acad\u00e9micas de renombre y educadoras de todo Atacama fueron parte de las jornadas de capacitaci\u00f3n de PIPE Explora"},"content":{"rendered":"<p><span style=\"color: #339966\"><strong>El Programa para la Indagaci\u00f3n de las Primeras Edades PIPE, del Explora Atacama, concluy\u00f3 la fase de jornadas de capacitaci\u00f3n que se desarroll\u00f3 en diez sesiones. Las actividades fueron todo un \u00e9xito y cont\u00f3 con la participaci\u00f3n de acad\u00e9micas y acad\u00e9micos de primer nivel, que compartieron con educadoras de toda la regi\u00f3n. Luego de esta fase de capacitaciones, se dar\u00e1 paso a un proceso de implementaci\u00f3n de metodolog\u00edas que llevan a ni\u00f1as y ni\u00f1os a desarrollar la curiosidad y un enfoque cient\u00edfico para vincularse con su entorno.\u00a0<\/strong><\/span><\/p>\n<p>Esta semana finaliz\u00f3 la fase de formaci\u00f3n del Programa para la Indagaci\u00f3n de las Primeras Edades PIPE, que en diez sesiones form\u00f3 a una treintena de educadoras de Atacama en metodolog\u00edas que buscan que ni\u00f1as y ni\u00f1os se vinculen con su entorno desde una mirada cient\u00edfica. Una serie de actividades que contaron tambi\u00e9n con una jornada en el Instituto Chileno Ant\u00e1rtico participando del programa \u201cExploradores por un d\u00eda\u201d se pudo compartir con educadoras de Explora Coquimbo .<\/p>\n<p>En la versi\u00f3n de este a\u00f1o, que se llev\u00f3 a cabo de forma virtual, se integraron profesionales de diversas \u00e1reas y destacados a nivel nacional e internacional. Las acad\u00e9micas de la UDA educadora Ver\u00f3nica Aliaga y la psic\u00f3loga P\u00eda Valdes, el investigador en Neurociencias Eduardo Orrego, tambi\u00e9n\u00a0\u00a0seexpuso sobre ense\u00f1anza al aire libre por\u00a0\u00a0parte de Claudia Guerrero. En la actividad expuso igualmente la destacada ge\u00f3grafa Dra. Geanina Zagal desde Santiago y\u00a0\u00a0el Dr. en derecho Daniel Cenci desde Brasil, adem\u00e1s de Elizabeth Osorio especialista en Dise\u00f1o Universal de Aprendizaje. Todas las actividades est\u00e1n alineadas a curr\u00edculum y los invitados refuerzan el modelo de indagaci\u00f3n de Explora basado en competencias.<\/p>\n<p>El Director del Explora Atacama, Cristian Galaz Esquivel, se mostr\u00f3 muy agradecido por la alta convocatoria: \u201cAgradecemos profundamente a todas las educadoras que se sumaron a esta actividad en donde la asistencia no disminuy\u00f3, pese a todas las contingencias que se viven debido a la pandemia. Este programa ya se ha ejecutado por segundo a\u00f1o y notamos ya un desarrollo e inter\u00e9s en la ense\u00f1anza cient\u00edfica desde las edades m\u00e1s tempranas, eso nos llena de motivaci\u00f3n para seguir con nuestras actividades que se extender\u00e1n durante este a\u00f1o y el pr\u00f3ximo\u201d, se\u00f1al\u00f3.<\/p>\n<p>Una de las participantes, la Profesora de Educaci\u00f3n Diferencial Beatriz Ramos Villalobos, quien se desempe\u00f1a en la Escuela de lenguaje Amancay de Tierra Amarilla, se\u00f1al\u00f3 tras las jornadas: \u201cHa sido una experiencia muy satisfactoria, ya que el hecho de reflexionar de nuestras pr\u00e1cticas pedag\u00f3gicas y las experiencias pedag\u00f3gicas que les ofrecemos a nuestras ni\u00f1as y ni\u00f1os, y adem\u00e1s hacer este trabajo a trav\u00e9s de la socio construcci\u00f3n y la interacci\u00f3n con otras colegas de la regi\u00f3n de Atacama, ha sido sin dudas muy significativo, ya que podemos entender lo que es mediar experiencias de indagaci\u00f3n en las ni\u00f1as y ni\u00f1os para promover la participaci\u00f3n, el intercambio de ideas, la reflexi\u00f3n, la metacognici\u00f3n la sistematizaci\u00f3n de aprendizajes y poner todo esto al servicio de las ciencias, PIPE nos da actividades que metodol\u00f3gicamente est\u00e1n alineadas con la base de la Educaci\u00f3n Parvularia, por lo tanto son actividades muy enriquecedora y cuando uno entiende que estos espacios promueven aprendizajes significativos y lo hace con otras colegas, sin dudas que se convierte en una experiencia fant\u00e1stica\u201d.<\/p>\n<p>Desde ahora este instrumento de Explora har\u00e1 entrega de kits con elementos que permitir\u00e1n desarrollar actividades con ni\u00f1as y ni\u00f1os de todas las provincias de Atacama. Este instrumento forma parte de las acciones para la formaci\u00f3n de cultura cient\u00edfica que desarrolla el Ministerio de Ciencia, Tecnolog\u00eda, Conocimiento e Innovaci\u00f3n desde el Programa Explora.<\/p>\n<p>&nbsp;<\/p>\n<p>&nbsp;<\/p>\n<p>&nbsp;<\/p>\n","protected":false},"excerpt":{"rendered":"<p>El Programa para la Indagaci\u00f3n de las Primeras Edades PIPE, del Explora Atacama, concluy\u00f3 la fase de jornadas de capacitaci\u00f3n que se desarroll\u00f3 en diez sesiones. Las actividades fueron todo un \u00e9xito y cont\u00f3 con la participaci\u00f3n de acad\u00e9micas y acad\u00e9micos de primer nivel, que compartieron con educadoras de toda la regi\u00f3n. Luego de esta fase de capacitaciones, se dar\u00e1 paso a un proceso de implementaci\u00f3n de metodolog\u00edas que llevan a ni\u00f1as y ni\u00f1os a desarrollar la curiosidad y un enfoque cient\u00edfico para vincularse con su entorno.\u00a0<\/p>\n","protected":false},"author":20,"featured_media":39004,"comment_status":"open","ping_status":"open","sticky":false,"template":"","format":"standard","meta":{"_acf_changed":false,"_exactmetrics_skip_tracking":false,"_exactmetrics_sitenote_active":false,"_exactmetrics_sitenote_note":"","_exactmetrics_sitenote_category":0,"footnotes":"","_links_to":"","_links_to_target":""},"categories":[139],"tags":[],"class_list":["post-39003","post","type-post","status-publish","format-standard","has-post-thumbnail","hentry","category-lugar-4"],"acf":[],"yoast_head":"<!-- This site is optimized with the Yoast SEO plugin v26.9 - https:\/\/yoast.com\/product\/yoast-seo-wordpress\/ -->\n<title>Invitados internacionales, acad\u00e9micas de renombre y educadoras de todo Atacama fueron parte de las jornadas de capacitaci\u00f3n de PIPE Explora - Atacama<\/title>\n<meta name=\"robots\" content=\"index, follow, max-snippet:-1, max-image-preview:large, max-video-preview:-1\" \/>\n<link rel=\"canonical\" href=\"https:\/\/explora.cl\/atacama\/invitados-internacionales-academicas-de-renombre-y-educadoras-de-todo-atacama-fueron-parte-de-las-jornadas-de-capacitacion-de-pipe-explora\/\" class=\"yoast-seo-meta-tag\" \/>\n<meta property=\"og:locale\" content=\"es_ES\" class=\"yoast-seo-meta-tag\" \/>\n<meta property=\"og:type\" content=\"article\" class=\"yoast-seo-meta-tag\" \/>\n<meta property=\"og:title\" content=\"Invitados internacionales, acad\u00e9micas de renombre y educadoras de todo Atacama fueron parte de las jornadas de capacitaci\u00f3n de PIPE Explora - Atacama\" class=\"yoast-seo-meta-tag\" \/>\n<meta property=\"og:description\" content=\"El Programa para la Indagaci\u00f3n de las Primeras Edades PIPE, del Explora Atacama, concluy\u00f3 la fase de jornadas de capacitaci\u00f3n que se desarroll\u00f3 en diez sesiones. Las actividades fueron todo un \u00e9xito y cont\u00f3 con la participaci\u00f3n de acad\u00e9micas y acad\u00e9micos de primer nivel, que compartieron con educadoras de toda la regi\u00f3n. Luego de esta fase de capacitaciones, se dar\u00e1 paso a un proceso de implementaci\u00f3n de metodolog\u00edas que llevan a ni\u00f1as y ni\u00f1os a desarrollar la curiosidad y un enfoque cient\u00edfico para vincularse con su entorno.\u00a0\" class=\"yoast-seo-meta-tag\" \/>\n<meta property=\"og:url\" content=\"https:\/\/explora.cl\/atacama\/invitados-internacionales-academicas-de-renombre-y-educadoras-de-todo-atacama-fueron-parte-de-las-jornadas-de-capacitacion-de-pipe-explora\/\" class=\"yoast-seo-meta-tag\" \/>\n<meta property=\"og:site_name\" content=\"Atacama\" class=\"yoast-seo-meta-tag\" \/>\n<meta property=\"article:published_time\" content=\"2020-10-31T12:42:09+00:00\" class=\"yoast-seo-meta-tag\" \/>\n<meta property=\"og:image\" content=\"https:\/\/explora.cl\/atacama\/wp-content\/uploads\/sites\/5\/2020\/10\/PIPE-CIERRE-.png\" class=\"yoast-seo-meta-tag\" \/>\n\t<meta property=\"og:image:width\" content=\"1158\" class=\"yoast-seo-meta-tag\" \/>\n\t<meta property=\"og:image:height\" content=\"700\" class=\"yoast-seo-meta-tag\" \/>\n\t<meta property=\"og:image:type\" content=\"image\/png\" class=\"yoast-seo-meta-tag\" \/>\n<meta name=\"author\" content=\"ExploraAtacama\" class=\"yoast-seo-meta-tag\" \/>\n<meta name=\"twitter:card\" content=\"summary_large_image\" class=\"yoast-seo-meta-tag\" \/>\n<meta name=\"twitter:label1\" content=\"Escrito por\" class=\"yoast-seo-meta-tag\" \/>\n\t<meta name=\"twitter:data1\" content=\"ExploraAtacama\" class=\"yoast-seo-meta-tag\" \/>\n\t<meta name=\"twitter:label2\" content=\"Tiempo estimado de lectura\" class=\"yoast-seo-meta-tag\" \/>\n\t<meta name=\"twitter:data2\" content=\"3 minutos\" class=\"yoast-seo-meta-tag\" \/>\n<script type=\"application\/ld+json\" class=\"yoast-schema-graph\">{\"@context\":\"https:\/\/schema.org\",\"@graph\":[{\"@type\":\"Article\",\"@id\":\"https:\/\/explora.cl\/atacama\/invitados-internacionales-academicas-de-renombre-y-educadoras-de-todo-atacama-fueron-parte-de-las-jornadas-de-capacitacion-de-pipe-explora\/#article\",\"isPartOf\":{\"@id\":\"https:\/\/explora.cl\/atacama\/invitados-internacionales-academicas-de-renombre-y-educadoras-de-todo-atacama-fueron-parte-de-las-jornadas-de-capacitacion-de-pipe-explora\/\"},\"author\":{\"name\":\"ExploraAtacama\",\"@id\":\"https:\/\/explora.cl\/atacama\/#\/schema\/person\/1e89437dfd0db398617a5057c75b8bf3\"},\"headline\":\"Invitados internacionales, acad\u00e9micas de renombre y educadoras de todo Atacama fueron parte de las jornadas de capacitaci\u00f3n de PIPE Explora\",\"datePublished\":\"2020-10-31T12:42:09+00:00\",\"mainEntityOfPage\":{\"@id\":\"https:\/\/explora.cl\/atacama\/invitados-internacionales-academicas-de-renombre-y-educadoras-de-todo-atacama-fueron-parte-de-las-jornadas-de-capacitacion-de-pipe-explora\/\"},\"wordCount\":689,\"commentCount\":0,\"image\":{\"@id\":\"https:\/\/explora.cl\/atacama\/invitados-internacionales-academicas-de-renombre-y-educadoras-de-todo-atacama-fueron-parte-de-las-jornadas-de-capacitacion-de-pipe-explora\/#primaryimage\"},\"thumbnailUrl\":\"https:\/\/explora.cl\/atacama\/wp-content\/uploads\/sites\/5\/2020\/10\/PIPE-CIERRE-.png\",\"articleSection\":[\"Lugar 4\"],\"inLanguage\":\"es-CL\",\"potentialAction\":[{\"@type\":\"CommentAction\",\"name\":\"Comment\",\"target\":[\"https:\/\/explora.cl\/atacama\/invitados-internacionales-academicas-de-renombre-y-educadoras-de-todo-atacama-fueron-parte-de-las-jornadas-de-capacitacion-de-pipe-explora\/#respond\"]}]},{\"@type\":\"WebPage\",\"@id\":\"https:\/\/explora.cl\/atacama\/invitados-internacionales-academicas-de-renombre-y-educadoras-de-todo-atacama-fueron-parte-de-las-jornadas-de-capacitacion-de-pipe-explora\/\",\"url\":\"https:\/\/explora.cl\/atacama\/invitados-internacionales-academicas-de-renombre-y-educadoras-de-todo-atacama-fueron-parte-de-las-jornadas-de-capacitacion-de-pipe-explora\/\",\"name\":\"Invitados internacionales, acad\u00e9micas de renombre y educadoras de todo Atacama fueron parte de las jornadas de capacitaci\u00f3n de PIPE Explora - Atacama\",\"isPartOf\":{\"@id\":\"https:\/\/explora.cl\/atacama\/#website\"},\"primaryImageOfPage\":{\"@id\":\"https:\/\/explora.cl\/atacama\/invitados-internacionales-academicas-de-renombre-y-educadoras-de-todo-atacama-fueron-parte-de-las-jornadas-de-capacitacion-de-pipe-explora\/#primaryimage\"},\"image\":{\"@id\":\"https:\/\/explora.cl\/atacama\/invitados-internacionales-academicas-de-renombre-y-educadoras-de-todo-atacama-fueron-parte-de-las-jornadas-de-capacitacion-de-pipe-explora\/#primaryimage\"},\"thumbnailUrl\":\"https:\/\/explora.cl\/atacama\/wp-content\/uploads\/sites\/5\/2020\/10\/PIPE-CIERRE-.png\",\"datePublished\":\"2020-10-31T12:42:09+00:00\",\"author\":{\"@id\":\"https:\/\/explora.cl\/atacama\/#\/schema\/person\/1e89437dfd0db398617a5057c75b8bf3\"},\"breadcrumb\":{\"@id\":\"https:\/\/explora.cl\/atacama\/invitados-internacionales-academicas-de-renombre-y-educadoras-de-todo-atacama-fueron-parte-de-las-jornadas-de-capacitacion-de-pipe-explora\/#breadcrumb\"},\"inLanguage\":\"es-CL\",\"potentialAction\":[{\"@type\":\"ReadAction\",\"target\":[\"https:\/\/explora.cl\/atacama\/invitados-internacionales-academicas-de-renombre-y-educadoras-de-todo-atacama-fueron-parte-de-las-jornadas-de-capacitacion-de-pipe-explora\/\"]}]},{\"@type\":\"ImageObject\",\"inLanguage\":\"es-CL\",\"@id\":\"https:\/\/explora.cl\/atacama\/invitados-internacionales-academicas-de-renombre-y-educadoras-de-todo-atacama-fueron-parte-de-las-jornadas-de-capacitacion-de-pipe-explora\/#primaryimage\",\"url\":\"https:\/\/explora.cl\/atacama\/wp-content\/uploads\/sites\/5\/2020\/10\/PIPE-CIERRE-.png\",\"contentUrl\":\"https:\/\/explora.cl\/atacama\/wp-content\/uploads\/sites\/5\/2020\/10\/PIPE-CIERRE-.png\",\"width\":1158,\"height\":700},{\"@type\":\"BreadcrumbList\",\"@id\":\"https:\/\/explora.cl\/atacama\/invitados-internacionales-academicas-de-renombre-y-educadoras-de-todo-atacama-fueron-parte-de-las-jornadas-de-capacitacion-de-pipe-explora\/#breadcrumb\",\"itemListElement\":[{\"@type\":\"ListItem\",\"position\":1,\"name\":\"Portada\",\"item\":\"https:\/\/explora.cl\/atacama\/\"},{\"@type\":\"ListItem\",\"position\":2,\"name\":\"Invitados internacionales, acad\u00e9micas de renombre y educadoras de todo Atacama fueron parte de las jornadas de capacitaci\u00f3n de PIPE Explora\"}]},{\"@type\":\"WebSite\",\"@id\":\"https:\/\/explora.cl\/atacama\/#website\",\"url\":\"https:\/\/explora.cl\/atacama\/\",\"name\":\"Atacama\",\"description\":\"Otro sitio m\u00e1s de explora.cl\",\"potentialAction\":[{\"@type\":\"SearchAction\",\"target\":{\"@type\":\"EntryPoint\",\"urlTemplate\":\"https:\/\/explora.cl\/atacama\/?s={search_term_string}\"},\"query-input\":{\"@type\":\"PropertyValueSpecification\",\"valueRequired\":true,\"valueName\":\"search_term_string\"}}],\"inLanguage\":\"es-CL\"},{\"@type\":\"Person\",\"@id\":\"https:\/\/explora.cl\/atacama\/#\/schema\/person\/1e89437dfd0db398617a5057c75b8bf3\",\"name\":\"ExploraAtacama\",\"image\":{\"@type\":\"ImageObject\",\"inLanguage\":\"es-CL\",\"@id\":\"https:\/\/explora.cl\/atacama\/#\/schema\/person\/image\/\",\"url\":\"https:\/\/secure.gravatar.com\/avatar\/2e2fd819b7985a746e8ea39b36909cf1a17dc034046e230e83eb1534d0a52b24?s=96&d=mm&r=g\",\"contentUrl\":\"https:\/\/secure.gravatar.com\/avatar\/2e2fd819b7985a746e8ea39b36909cf1a17dc034046e230e83eb1534d0a52b24?s=96&d=mm&r=g\",\"caption\":\"ExploraAtacama\"},\"url\":\"https:\/\/explora.cl\/atacama\/author\/dortiz\/\"}]}<\/script>\n<!-- \/ Yoast SEO plugin. -->","yoast_head_json":{"title":"Invitados internacionales, acad\u00e9micas de renombre y educadoras de todo Atacama fueron parte de las jornadas de capacitaci\u00f3n de PIPE Explora - Atacama","robots":{"index":"index","follow":"follow","max-snippet":"max-snippet:-1","max-image-preview":"max-image-preview:large","max-video-preview":"max-video-preview:-1"},"canonical":"https:\/\/explora.cl\/atacama\/invitados-internacionales-academicas-de-renombre-y-educadoras-de-todo-atacama-fueron-parte-de-las-jornadas-de-capacitacion-de-pipe-explora\/","og_locale":"es_ES","og_type":"article","og_title":"Invitados internacionales, acad\u00e9micas de renombre y educadoras de todo Atacama fueron parte de las jornadas de capacitaci\u00f3n de PIPE Explora - Atacama","og_description":"El Programa para la Indagaci\u00f3n de las Primeras Edades PIPE, del Explora Atacama, concluy\u00f3 la fase de jornadas de capacitaci\u00f3n que se desarroll\u00f3 en diez sesiones. Las actividades fueron todo un \u00e9xito y cont\u00f3 con la participaci\u00f3n de acad\u00e9micas y acad\u00e9micos de primer nivel, que compartieron con educadoras de toda la regi\u00f3n. Luego de esta fase de capacitaciones, se dar\u00e1 paso a un proceso de implementaci\u00f3n de metodolog\u00edas que llevan a ni\u00f1as y ni\u00f1os a desarrollar la curiosidad y un enfoque cient\u00edfico para vincularse con su entorno.\u00a0","og_url":"https:\/\/explora.cl\/atacama\/invitados-internacionales-academicas-de-renombre-y-educadoras-de-todo-atacama-fueron-parte-de-las-jornadas-de-capacitacion-de-pipe-explora\/","og_site_name":"Atacama","article_published_time":"2020-10-31T12:42:09+00:00","og_image":[{"width":1158,"height":700,"url":"https:\/\/explora.cl\/atacama\/wp-content\/uploads\/sites\/5\/2020\/10\/PIPE-CIERRE-.png","type":"image\/png"}],"author":"ExploraAtacama","twitter_card":"summary_large_image","twitter_misc":{"Escrito por":"ExploraAtacama","Tiempo estimado de lectura":"3 minutos"},"schema":{"@context":"https:\/\/schema.org","@graph":[{"@type":"Article","@id":"https:\/\/explora.cl\/atacama\/invitados-internacionales-academicas-de-renombre-y-educadoras-de-todo-atacama-fueron-parte-de-las-jornadas-de-capacitacion-de-pipe-explora\/#article","isPartOf":{"@id":"https:\/\/explora.cl\/atacama\/invitados-internacionales-academicas-de-renombre-y-educadoras-de-todo-atacama-fueron-parte-de-las-jornadas-de-capacitacion-de-pipe-explora\/"},"author":{"name":"ExploraAtacama","@id":"https:\/\/explora.cl\/atacama\/#\/schema\/person\/1e89437dfd0db398617a5057c75b8bf3"},"headline":"Invitados internacionales, acad\u00e9micas de renombre y educadoras de todo Atacama fueron parte de las jornadas de capacitaci\u00f3n de PIPE Explora","datePublished":"2020-10-31T12:42:09+00:00","mainEntityOfPage":{"@id":"https:\/\/explora.cl\/atacama\/invitados-internacionales-academicas-de-renombre-y-educadoras-de-todo-atacama-fueron-parte-de-las-jornadas-de-capacitacion-de-pipe-explora\/"},"wordCount":689,"commentCount":0,"image":{"@id":"https:\/\/explora.cl\/atacama\/invitados-internacionales-academicas-de-renombre-y-educadoras-de-todo-atacama-fueron-parte-de-las-jornadas-de-capacitacion-de-pipe-explora\/#primaryimage"},"thumbnailUrl":"https:\/\/explora.cl\/atacama\/wp-content\/uploads\/sites\/5\/2020\/10\/PIPE-CIERRE-.png","articleSection":["Lugar 4"],"inLanguage":"es-CL","potentialAction":[{"@type":"CommentAction","name":"Comment","target":["https:\/\/explora.cl\/atacama\/invitados-internacionales-academicas-de-renombre-y-educadoras-de-todo-atacama-fueron-parte-de-las-jornadas-de-capacitacion-de-pipe-explora\/#respond"]}]},{"@type":"WebPage","@id":"https:\/\/explora.cl\/atacama\/invitados-internacionales-academicas-de-renombre-y-educadoras-de-todo-atacama-fueron-parte-de-las-jornadas-de-capacitacion-de-pipe-explora\/","url":"https:\/\/explora.cl\/atacama\/invitados-internacionales-academicas-de-renombre-y-educadoras-de-todo-atacama-fueron-parte-de-las-jornadas-de-capacitacion-de-pipe-explora\/","name":"Invitados internacionales, acad\u00e9micas de renombre y educadoras de todo Atacama fueron parte de las jornadas de capacitaci\u00f3n de PIPE Explora - Atacama","isPartOf":{"@id":"https:\/\/explora.cl\/atacama\/#website"},"primaryImageOfPage":{"@id":"https:\/\/explora.cl\/atacama\/invitados-internacionales-academicas-de-renombre-y-educadoras-de-todo-atacama-fueron-parte-de-las-jornadas-de-capacitacion-de-pipe-explora\/#primaryimage"},"image":{"@id":"https:\/\/explora.cl\/atacama\/invitados-internacionales-academicas-de-renombre-y-educadoras-de-todo-atacama-fueron-parte-de-las-jornadas-de-capacitacion-de-pipe-explora\/#primaryimage"},"thumbnailUrl":"https:\/\/explora.cl\/atacama\/wp-content\/uploads\/sites\/5\/2020\/10\/PIPE-CIERRE-.png","datePublished":"2020-10-31T12:42:09+00:00","author":{"@id":"https:\/\/explora.cl\/atacama\/#\/schema\/person\/1e89437dfd0db398617a5057c75b8bf3"},"breadcrumb":{"@id":"https:\/\/explora.cl\/atacama\/invitados-internacionales-academicas-de-renombre-y-educadoras-de-todo-atacama-fueron-parte-de-las-jornadas-de-capacitacion-de-pipe-explora\/#breadcrumb"},"inLanguage":"es-CL","potentialAction":[{"@type":"ReadAction","target":["https:\/\/explora.cl\/atacama\/invitados-internacionales-academicas-de-renombre-y-educadoras-de-todo-atacama-fueron-parte-de-las-jornadas-de-capacitacion-de-pipe-explora\/"]}]},{"@type":"ImageObject","inLanguage":"es-CL","@id":"https:\/\/explora.cl\/atacama\/invitados-internacionales-academicas-de-renombre-y-educadoras-de-todo-atacama-fueron-parte-de-las-jornadas-de-capacitacion-de-pipe-explora\/#primaryimage","url":"https:\/\/explora.cl\/atacama\/wp-content\/uploads\/sites\/5\/2020\/10\/PIPE-CIERRE-.png","contentUrl":"https:\/\/explora.cl\/atacama\/wp-content\/uploads\/sites\/5\/2020\/10\/PIPE-CIERRE-.png","width":1158,"height":700},{"@type":"BreadcrumbList","@id":"https:\/\/explora.cl\/atacama\/invitados-internacionales-academicas-de-renombre-y-educadoras-de-todo-atacama-fueron-parte-de-las-jornadas-de-capacitacion-de-pipe-explora\/#breadcrumb","itemListElement":[{"@type":"ListItem","position":1,"name":"Portada","item":"https:\/\/explora.cl\/atacama\/"},{"@type":"ListItem","position":2,"name":"Invitados internacionales, acad\u00e9micas de renombre y educadoras de todo Atacama fueron parte de las jornadas de capacitaci\u00f3n de PIPE Explora"}]},{"@type":"WebSite","@id":"https:\/\/explora.cl\/atacama\/#website","url":"https:\/\/explora.cl\/atacama\/","name":"Atacama","description":"Otro sitio m\u00e1s de explora.cl","potentialAction":[{"@type":"SearchAction","target":{"@type":"EntryPoint","urlTemplate":"https:\/\/explora.cl\/atacama\/?s={search_term_string}"},"query-input":{"@type":"PropertyValueSpecification","valueRequired":true,"valueName":"search_term_string"}}],"inLanguage":"es-CL"},{"@type":"Person","@id":"https:\/\/explora.cl\/atacama\/#\/schema\/person\/1e89437dfd0db398617a5057c75b8bf3","name":"ExploraAtacama","image":{"@type":"ImageObject","inLanguage":"es-CL","@id":"https:\/\/explora.cl\/atacama\/#\/schema\/person\/image\/","url":"https:\/\/secure.gravatar.com\/avatar\/2e2fd819b7985a746e8ea39b36909cf1a17dc034046e230e83eb1534d0a52b24?s=96&d=mm&r=g","contentUrl":"https:\/\/secure.gravatar.com\/avatar\/2e2fd819b7985a746e8ea39b36909cf1a17dc034046e230e83eb1534d0a52b24?s=96&d=mm&r=g","caption":"ExploraAtacama"},"url":"https:\/\/explora.cl\/atacama\/author\/dortiz\/"}]}},"_links":{"self":[{"href":"https:\/\/explora.cl\/atacama\/wp-json\/wp\/v2\/posts\/39003","targetHints":{"allow":["GET"]}}],"collection":[{"href":"https:\/\/explora.cl\/atacama\/wp-json\/wp\/v2\/posts"}],"about":[{"href":"https:\/\/explora.cl\/atacama\/wp-json\/wp\/v2\/types\/post"}],"author":[{"embeddable":true,"href":"https:\/\/explora.cl\/atacama\/wp-json\/wp\/v2\/users\/20"}],"replies":[{"embeddable":true,"href":"https:\/\/explora.cl\/atacama\/wp-json\/wp\/v2\/comments?post=39003"}],"version-history":[{"count":1,"href":"https:\/\/explora.cl\/atacama\/wp-json\/wp\/v2\/posts\/39003\/revisions"}],"predecessor-version":[{"id":39005,"href":"https:\/\/explora.cl\/atacama\/wp-json\/wp\/v2\/posts\/39003\/revisions\/39005"}],"wp:featuredmedia":[{"embeddable":true,"href":"https:\/\/explora.cl\/atacama\/wp-json\/wp\/v2\/media\/39004"}],"wp:attachment":[{"href":"https:\/\/explora.cl\/atacama\/wp-json\/wp\/v2\/media?parent=39003"}],"wp:term":[{"taxonomy":"category","embeddable":true,"href":"https:\/\/explora.cl\/atacama\/wp-json\/wp\/v2\/categories?post=39003"},{"taxonomy":"post_tag","embeddable":true,"href":"https:\/\/explora.cl\/atacama\/wp-json\/wp\/v2\/tags?post=39003"}],"curies":[{"name":"wp","href":"https:\/\/api.w.org\/{rel}","templated":true}]}}