{"id":38942,"date":"2020-09-02T12:24:50","date_gmt":"2020-09-02T16:24:50","guid":{"rendered":"https:\/\/explora.cl\/atacama\/?p=38942"},"modified":"2020-09-02T12:28:13","modified_gmt":"2020-09-02T16:28:13","slug":"a-dos-meses-de-iniciado-ciclo-de-charlas-cientificas-en-linea-explora-inicia-ciclo-sobre-medio-ambiente","status":"publish","type":"post","link":"https:\/\/explora.cl\/atacama\/a-dos-meses-de-iniciado-ciclo-de-charlas-cientificas-en-linea-explora-inicia-ciclo-sobre-medio-ambiente\/","title":{"rendered":"A dos meses de iniciado ciclo de charlas cient\u00edficas en l\u00ednea, Explora inicia ciclo sobre medio ambiente"},"content":{"rendered":"<p><strong><span style=\"color: #008000\">El Programa Ciencia Abierta que ejecuta\u00a0 Explora Atacama de la UDA, completa dos meses de charlas cient\u00edficas con altos niveles de audiencia. Cada jueves a las 19:00 horas divulgadores y divulgadoras de las ciencias y el conocimiento llevan adelante charlas, las cuales durante julio versaron sobre identidad regional y en agosto en salud, alcanzando hasta 1600 reproducciones y m\u00e1s de 50 conectados en l\u00ednea. Las charlas est\u00e1n disponibles en las plataformas de Facebook y Youtube, son ideales para aprender m\u00e1s durante la cuarentena.<\/span> <\/strong><\/p>\n<p>Ciencia Abierta, el programa heredero de 1000 Cient\u00edficos 1000 Aulas de Explora, se ha ejecutado en la regi\u00f3n de Atacama desde hace dos meses, llegando a cifras importantes de cobertura. En total se han realizado 10 charlas. Algunas de ellas ya han alcanzado las 1600 reproducciones, revelando el inter\u00e9s que existe entre la comunidad por conocer contenidos de ciencia.<\/p>\n<p>Las charlas se mantendr\u00e1n durante el a\u00f1o, continuando este jueves 03 de septiembre cuando a las 19:00 horas se realizar\u00e1 la<img decoding=\"async\" class=\"wp-image-38939 alignright\" src=\"https:\/\/explora.cl\/atacama\/wp-content\/uploads\/sites\/5\/2020\/08\/118136627_1541243416058717_5536215886496640393_n.jpg\" alt=\"\" width=\"216\" height=\"216\" srcset=\"https:\/\/explora.cl\/atacama\/wp-content\/uploads\/sites\/5\/2020\/08\/118136627_1541243416058717_5536215886496640393_n.jpg 801w, https:\/\/explora.cl\/atacama\/wp-content\/uploads\/sites\/5\/2020\/08\/118136627_1541243416058717_5536215886496640393_n-150x150.jpg 150w, https:\/\/explora.cl\/atacama\/wp-content\/uploads\/sites\/5\/2020\/08\/118136627_1541243416058717_5536215886496640393_n-300x300.jpg 300w, https:\/\/explora.cl\/atacama\/wp-content\/uploads\/sites\/5\/2020\/08\/118136627_1541243416058717_5536215886496640393_n-768x768.jpg 768w, https:\/\/explora.cl\/atacama\/wp-content\/uploads\/sites\/5\/2020\/08\/118136627_1541243416058717_5536215886496640393_n-60x60.jpg 60w\" sizes=\"(max-width: 216px) 100vw, 216px\" \/> charla y conversaci\u00f3n: \u201cHidroqu\u00edmica y vida del R\u00edo Copiap\u00f3&#8221;, la cual ser\u00e1 efectuada por el acad\u00e9mico de la Universidad de Atacama, Dr. Klaus Bieger. Se puede seguir por el Facebook PAR Explora Atacama y por el canal de Youtube con el mismo nombre.<\/p>\n<p>Cristian Galaz Esquivel, director del Explora Atacama de la Universidad de Atacama, se\u00f1al\u00f3 sobre esta actividad que: \u201cEs muy relevante el desarrollo de experiencias de divulgaci\u00f3n cient\u00edfica. Es importante el proceso de democratizaci\u00f3n del conocimiento, en donde desde la academia se llevan contenidos en un formato ameno a la ciudadan\u00eda conectando esos mundos en espacios de conocimiento concreto. Nos tiene felices el inter\u00e9s mostrado hasta ahora por la comunidad atacame\u00f1a para acceder a estos contenidos. Todos los jueves a las 19:00 horas nuestro equipo lleva adelante esta iniciativa, les invitamos a seguirnos\u201d.<\/p>\n<p>Respecto de este trabajo, la Seremi de Ciencias, Tecnolog\u00eda, Conocimiento e Innovaci\u00f3n Dra. Margarita Lay, quien desarrolla el trabajo sectorial en la Macrozona Norte (desde la Regi\u00f3n de Arica y Parinacota hasta la Regi\u00f3n de Atacama); se\u00f1al\u00f3 sobre la actividad que: \u201cEs un programa que tiene un rol muy importante para la divulgaci\u00f3n cient\u00edfica para la poblaci\u00f3n en general. Eso se agradece. Muchas personas que no han estudiado las ciencias biol\u00f3gicas, las ciencias m\u00e9dicas, pueden informarse. Felicito la iniciativa de invitar a personas expertas en cada tema para que la ciudadan\u00eda pueda informarse de mejor manera\u201d.<\/p>\n<p><strong><span style=\"color: #008000\">Ciclos de Charlas<\/span> <\/strong><\/p>\n<p>En el primer mes hubo destacadas exposiciones, entre las cuales hay t\u00f3picos como el guanaco y su importancia para los ecosistemas y la cultura local a cargo de la bi\u00f3loga Amancay Cepeda, el Ckunza como lengua del Desierto de Atacama por la ling\u00fcista Elizabeth Torrico-\u00c1vila, los restos patrimoniales de la cultura Inca y su cosmovisi\u00f3n del tiempo con el arqu\u00e9ologo Carlos Gonz\u00e1lez. Estas charlas fueron parte de un ciclo cruzado por la identidad local. Tambi\u00e9n hubo una charla con contenidos sobre la relaci\u00f3n entre la Ant\u00e1rtica y el Desierto de Atacama.<\/p>\n<p>En el segundo mes de ejecuci\u00f3n , agosto, se profundiz\u00f3 en tem\u00e1ticas de salud en torno al Covid-19.\u00a0 Estr\u00e9s laboral en cuarentena con la psic\u00f3loga Pamela Astudillo Cornejo, la alimentaci\u00f3n en tiempos de COVID-19 con la nutricionista Johana Rojas Calisto, los efectos neuronales de esta enfermedad en los pacientes afectados con el bi\u00f3logo Eduardo Orrego e incluso una charla sobre las vacunas, donde se destac\u00f3 la participaci\u00f3n tambi\u00e9n de la Seremi de Ciencias. Todos, materiales disponibles en internet.<\/p>\n<p>Las charlas est\u00e1n disponibles en las redes de Explora Atacama, un proyecto que ejecuta la Universidad de Atacama y que adem\u00e1s tiene m\u00e1s instrumentos, actividades y contenidos para el fomento y desarrollo de la cultura cient\u00edfica entre la comunidad atacame\u00f1a. A estas charlas se suman presentaciones disponibles para que los docentes puedan complementar sus clases con participaci\u00f3n de cient\u00edficos de manera remota.<\/p>\n<p><img fetchpriority=\"high\" decoding=\"async\" class=\"aligncenter  wp-image-38946\" src=\"https:\/\/explora.cl\/atacama\/wp-content\/uploads\/sites\/5\/2020\/09\/Captura-de-pantalla-2020-09-02-a-las-11.32.55.png\" alt=\"\" width=\"475\" height=\"297\" srcset=\"https:\/\/explora.cl\/atacama\/wp-content\/uploads\/sites\/5\/2020\/09\/Captura-de-pantalla-2020-09-02-a-las-11.32.55.png 1440w, https:\/\/explora.cl\/atacama\/wp-content\/uploads\/sites\/5\/2020\/09\/Captura-de-pantalla-2020-09-02-a-las-11.32.55-300x188.png 300w, https:\/\/explora.cl\/atacama\/wp-content\/uploads\/sites\/5\/2020\/09\/Captura-de-pantalla-2020-09-02-a-las-11.32.55-768x480.png 768w, https:\/\/explora.cl\/atacama\/wp-content\/uploads\/sites\/5\/2020\/09\/Captura-de-pantalla-2020-09-02-a-las-11.32.55-1024x640.png 1024w\" sizes=\"(max-width: 475px) 100vw, 475px\" \/><img decoding=\"async\" class=\"aligncenter  wp-image-38943\" src=\"https:\/\/explora.cl\/atacama\/wp-content\/uploads\/sites\/5\/2020\/09\/Captura-de-pantalla-2020-09-02-a-las-11.34.20.png\" alt=\"\" width=\"475\" height=\"297\" srcset=\"https:\/\/explora.cl\/atacama\/wp-content\/uploads\/sites\/5\/2020\/09\/Captura-de-pantalla-2020-09-02-a-las-11.34.20.png 1440w, https:\/\/explora.cl\/atacama\/wp-content\/uploads\/sites\/5\/2020\/09\/Captura-de-pantalla-2020-09-02-a-las-11.34.20-300x188.png 300w, https:\/\/explora.cl\/atacama\/wp-content\/uploads\/sites\/5\/2020\/09\/Captura-de-pantalla-2020-09-02-a-las-11.34.20-768x480.png 768w, https:\/\/explora.cl\/atacama\/wp-content\/uploads\/sites\/5\/2020\/09\/Captura-de-pantalla-2020-09-02-a-las-11.34.20-1024x640.png 1024w\" sizes=\"(max-width: 475px) 100vw, 475px\" \/><\/p>\n","protected":false},"excerpt":{"rendered":"<p>El Programa Ciencia Abierta que ejecuta\u00a0 Explora Atacama de la UDA, completa dos meses de charlas cient\u00edficas con altos niveles de audiencia. Cada jueves a las 19:00 horas divulgadores y divulgadoras de las ciencias y el conocimiento llevan adelante charlas, las cuales durante julio versaron sobre identidad regional y en agosto en salud, alcanzando hasta 1600 reproducciones y m\u00e1s de 50 conectados en l\u00ednea. Las charlas est\u00e1n disponibles en las plataformas de Facebook y Youtube, son ideales para aprender m\u00e1s durante la cuarentena.<\/p>\n","protected":false},"author":20,"featured_media":38945,"comment_status":"open","ping_status":"open","sticky":false,"template":"","format":"standard","meta":{"_acf_changed":false,"_exactmetrics_skip_tracking":false,"_exactmetrics_sitenote_active":false,"_exactmetrics_sitenote_note":"","_exactmetrics_sitenote_category":0,"footnotes":"","_links_to":"","_links_to_target":""},"categories":[139],"tags":[],"class_list":["post-38942","post","type-post","status-publish","format-standard","has-post-thumbnail","hentry","category-lugar-4"],"acf":[],"yoast_head":"<!-- This site is optimized with the Yoast SEO plugin v26.9 - https:\/\/yoast.com\/product\/yoast-seo-wordpress\/ -->\n<title>A dos meses de iniciado ciclo de charlas cient\u00edficas en l\u00ednea, Explora inicia ciclo sobre medio ambiente - Atacama<\/title>\n<meta name=\"robots\" content=\"index, follow, max-snippet:-1, max-image-preview:large, max-video-preview:-1\" \/>\n<link rel=\"canonical\" href=\"https:\/\/explora.cl\/atacama\/a-dos-meses-de-iniciado-ciclo-de-charlas-cientificas-en-linea-explora-inicia-ciclo-sobre-medio-ambiente\/\" class=\"yoast-seo-meta-tag\" \/>\n<meta property=\"og:locale\" content=\"es_ES\" class=\"yoast-seo-meta-tag\" \/>\n<meta property=\"og:type\" content=\"article\" class=\"yoast-seo-meta-tag\" \/>\n<meta property=\"og:title\" content=\"A dos meses de iniciado ciclo de charlas cient\u00edficas en l\u00ednea, Explora inicia ciclo sobre medio ambiente - Atacama\" class=\"yoast-seo-meta-tag\" \/>\n<meta property=\"og:description\" content=\"El Programa Ciencia Abierta que ejecuta\u00a0 Explora Atacama de la UDA, completa dos meses de charlas cient\u00edficas con altos niveles de audiencia. Cada jueves a las 19:00 horas divulgadores y divulgadoras de las ciencias y el conocimiento llevan adelante charlas, las cuales durante julio versaron sobre identidad regional y en agosto en salud, alcanzando hasta 1600 reproducciones y m\u00e1s de 50 conectados en l\u00ednea. Las charlas est\u00e1n disponibles en las plataformas de Facebook y Youtube, son ideales para aprender m\u00e1s durante la cuarentena.\" class=\"yoast-seo-meta-tag\" \/>\n<meta property=\"og:url\" content=\"https:\/\/explora.cl\/atacama\/a-dos-meses-de-iniciado-ciclo-de-charlas-cientificas-en-linea-explora-inicia-ciclo-sobre-medio-ambiente\/\" class=\"yoast-seo-meta-tag\" \/>\n<meta property=\"og:site_name\" content=\"Atacama\" class=\"yoast-seo-meta-tag\" \/>\n<meta property=\"article:published_time\" content=\"2020-09-02T16:24:50+00:00\" class=\"yoast-seo-meta-tag\" \/>\n<meta property=\"article:modified_time\" content=\"2020-09-02T16:28:13+00:00\" class=\"yoast-seo-meta-tag\" \/>\n<meta property=\"og:image\" content=\"https:\/\/explora.cl\/atacama\/wp-content\/uploads\/sites\/5\/2020\/09\/Captura-de-pantalla-2020-09-02-a-las-11.32.24.png\" class=\"yoast-seo-meta-tag\" \/>\n\t<meta property=\"og:image:width\" content=\"1440\" class=\"yoast-seo-meta-tag\" \/>\n\t<meta property=\"og:image:height\" content=\"900\" class=\"yoast-seo-meta-tag\" \/>\n\t<meta property=\"og:image:type\" content=\"image\/png\" class=\"yoast-seo-meta-tag\" \/>\n<meta name=\"author\" content=\"ExploraAtacama\" class=\"yoast-seo-meta-tag\" \/>\n<meta name=\"twitter:card\" content=\"summary_large_image\" class=\"yoast-seo-meta-tag\" \/>\n<meta name=\"twitter:label1\" content=\"Escrito por\" class=\"yoast-seo-meta-tag\" \/>\n\t<meta name=\"twitter:data1\" content=\"ExploraAtacama\" class=\"yoast-seo-meta-tag\" \/>\n\t<meta name=\"twitter:label2\" content=\"Tiempo estimado de lectura\" class=\"yoast-seo-meta-tag\" \/>\n\t<meta name=\"twitter:data2\" content=\"3 minutos\" class=\"yoast-seo-meta-tag\" \/>\n<script type=\"application\/ld+json\" class=\"yoast-schema-graph\">{\"@context\":\"https:\/\/schema.org\",\"@graph\":[{\"@type\":\"Article\",\"@id\":\"https:\/\/explora.cl\/atacama\/a-dos-meses-de-iniciado-ciclo-de-charlas-cientificas-en-linea-explora-inicia-ciclo-sobre-medio-ambiente\/#article\",\"isPartOf\":{\"@id\":\"https:\/\/explora.cl\/atacama\/a-dos-meses-de-iniciado-ciclo-de-charlas-cientificas-en-linea-explora-inicia-ciclo-sobre-medio-ambiente\/\"},\"author\":{\"name\":\"ExploraAtacama\",\"@id\":\"https:\/\/explora.cl\/atacama\/#\/schema\/person\/1e89437dfd0db398617a5057c75b8bf3\"},\"headline\":\"A dos meses de iniciado ciclo de charlas cient\u00edficas en l\u00ednea, Explora inicia ciclo sobre medio ambiente\",\"datePublished\":\"2020-09-02T16:24:50+00:00\",\"dateModified\":\"2020-09-02T16:28:13+00:00\",\"mainEntityOfPage\":{\"@id\":\"https:\/\/explora.cl\/atacama\/a-dos-meses-de-iniciado-ciclo-de-charlas-cientificas-en-linea-explora-inicia-ciclo-sobre-medio-ambiente\/\"},\"wordCount\":693,\"commentCount\":0,\"image\":{\"@id\":\"https:\/\/explora.cl\/atacama\/a-dos-meses-de-iniciado-ciclo-de-charlas-cientificas-en-linea-explora-inicia-ciclo-sobre-medio-ambiente\/#primaryimage\"},\"thumbnailUrl\":\"https:\/\/explora.cl\/atacama\/wp-content\/uploads\/sites\/5\/2020\/09\/Captura-de-pantalla-2020-09-02-a-las-11.32.24.png\",\"articleSection\":[\"Lugar 4\"],\"inLanguage\":\"es-CL\",\"potentialAction\":[{\"@type\":\"CommentAction\",\"name\":\"Comment\",\"target\":[\"https:\/\/explora.cl\/atacama\/a-dos-meses-de-iniciado-ciclo-de-charlas-cientificas-en-linea-explora-inicia-ciclo-sobre-medio-ambiente\/#respond\"]}]},{\"@type\":\"WebPage\",\"@id\":\"https:\/\/explora.cl\/atacama\/a-dos-meses-de-iniciado-ciclo-de-charlas-cientificas-en-linea-explora-inicia-ciclo-sobre-medio-ambiente\/\",\"url\":\"https:\/\/explora.cl\/atacama\/a-dos-meses-de-iniciado-ciclo-de-charlas-cientificas-en-linea-explora-inicia-ciclo-sobre-medio-ambiente\/\",\"name\":\"A dos meses de iniciado ciclo de charlas cient\u00edficas en l\u00ednea, Explora inicia ciclo sobre medio ambiente - Atacama\",\"isPartOf\":{\"@id\":\"https:\/\/explora.cl\/atacama\/#website\"},\"primaryImageOfPage\":{\"@id\":\"https:\/\/explora.cl\/atacama\/a-dos-meses-de-iniciado-ciclo-de-charlas-cientificas-en-linea-explora-inicia-ciclo-sobre-medio-ambiente\/#primaryimage\"},\"image\":{\"@id\":\"https:\/\/explora.cl\/atacama\/a-dos-meses-de-iniciado-ciclo-de-charlas-cientificas-en-linea-explora-inicia-ciclo-sobre-medio-ambiente\/#primaryimage\"},\"thumbnailUrl\":\"https:\/\/explora.cl\/atacama\/wp-content\/uploads\/sites\/5\/2020\/09\/Captura-de-pantalla-2020-09-02-a-las-11.32.24.png\",\"datePublished\":\"2020-09-02T16:24:50+00:00\",\"dateModified\":\"2020-09-02T16:28:13+00:00\",\"author\":{\"@id\":\"https:\/\/explora.cl\/atacama\/#\/schema\/person\/1e89437dfd0db398617a5057c75b8bf3\"},\"breadcrumb\":{\"@id\":\"https:\/\/explora.cl\/atacama\/a-dos-meses-de-iniciado-ciclo-de-charlas-cientificas-en-linea-explora-inicia-ciclo-sobre-medio-ambiente\/#breadcrumb\"},\"inLanguage\":\"es-CL\",\"potentialAction\":[{\"@type\":\"ReadAction\",\"target\":[\"https:\/\/explora.cl\/atacama\/a-dos-meses-de-iniciado-ciclo-de-charlas-cientificas-en-linea-explora-inicia-ciclo-sobre-medio-ambiente\/\"]}]},{\"@type\":\"ImageObject\",\"inLanguage\":\"es-CL\",\"@id\":\"https:\/\/explora.cl\/atacama\/a-dos-meses-de-iniciado-ciclo-de-charlas-cientificas-en-linea-explora-inicia-ciclo-sobre-medio-ambiente\/#primaryimage\",\"url\":\"https:\/\/explora.cl\/atacama\/wp-content\/uploads\/sites\/5\/2020\/09\/Captura-de-pantalla-2020-09-02-a-las-11.32.24.png\",\"contentUrl\":\"https:\/\/explora.cl\/atacama\/wp-content\/uploads\/sites\/5\/2020\/09\/Captura-de-pantalla-2020-09-02-a-las-11.32.24.png\",\"width\":1440,\"height\":900},{\"@type\":\"BreadcrumbList\",\"@id\":\"https:\/\/explora.cl\/atacama\/a-dos-meses-de-iniciado-ciclo-de-charlas-cientificas-en-linea-explora-inicia-ciclo-sobre-medio-ambiente\/#breadcrumb\",\"itemListElement\":[{\"@type\":\"ListItem\",\"position\":1,\"name\":\"Portada\",\"item\":\"https:\/\/explora.cl\/atacama\/\"},{\"@type\":\"ListItem\",\"position\":2,\"name\":\"A dos meses de iniciado ciclo de charlas cient\u00edficas en l\u00ednea, Explora inicia ciclo sobre medio ambiente\"}]},{\"@type\":\"WebSite\",\"@id\":\"https:\/\/explora.cl\/atacama\/#website\",\"url\":\"https:\/\/explora.cl\/atacama\/\",\"name\":\"Atacama\",\"description\":\"Otro sitio m\u00e1s de explora.cl\",\"potentialAction\":[{\"@type\":\"SearchAction\",\"target\":{\"@type\":\"EntryPoint\",\"urlTemplate\":\"https:\/\/explora.cl\/atacama\/?s={search_term_string}\"},\"query-input\":{\"@type\":\"PropertyValueSpecification\",\"valueRequired\":true,\"valueName\":\"search_term_string\"}}],\"inLanguage\":\"es-CL\"},{\"@type\":\"Person\",\"@id\":\"https:\/\/explora.cl\/atacama\/#\/schema\/person\/1e89437dfd0db398617a5057c75b8bf3\",\"name\":\"ExploraAtacama\",\"image\":{\"@type\":\"ImageObject\",\"inLanguage\":\"es-CL\",\"@id\":\"https:\/\/explora.cl\/atacama\/#\/schema\/person\/image\/\",\"url\":\"https:\/\/secure.gravatar.com\/avatar\/2e2fd819b7985a746e8ea39b36909cf1a17dc034046e230e83eb1534d0a52b24?s=96&d=mm&r=g\",\"contentUrl\":\"https:\/\/secure.gravatar.com\/avatar\/2e2fd819b7985a746e8ea39b36909cf1a17dc034046e230e83eb1534d0a52b24?s=96&d=mm&r=g\",\"caption\":\"ExploraAtacama\"},\"url\":\"https:\/\/explora.cl\/atacama\/author\/dortiz\/\"}]}<\/script>\n<!-- \/ Yoast SEO plugin. -->","yoast_head_json":{"title":"A dos meses de iniciado ciclo de charlas cient\u00edficas en l\u00ednea, Explora inicia ciclo sobre medio ambiente - Atacama","robots":{"index":"index","follow":"follow","max-snippet":"max-snippet:-1","max-image-preview":"max-image-preview:large","max-video-preview":"max-video-preview:-1"},"canonical":"https:\/\/explora.cl\/atacama\/a-dos-meses-de-iniciado-ciclo-de-charlas-cientificas-en-linea-explora-inicia-ciclo-sobre-medio-ambiente\/","og_locale":"es_ES","og_type":"article","og_title":"A dos meses de iniciado ciclo de charlas cient\u00edficas en l\u00ednea, Explora inicia ciclo sobre medio ambiente - Atacama","og_description":"El Programa Ciencia Abierta que ejecuta\u00a0 Explora Atacama de la UDA, completa dos meses de charlas cient\u00edficas con altos niveles de audiencia. Cada jueves a las 19:00 horas divulgadores y divulgadoras de las ciencias y el conocimiento llevan adelante charlas, las cuales durante julio versaron sobre identidad regional y en agosto en salud, alcanzando hasta 1600 reproducciones y m\u00e1s de 50 conectados en l\u00ednea. Las charlas est\u00e1n disponibles en las plataformas de Facebook y Youtube, son ideales para aprender m\u00e1s durante la cuarentena.","og_url":"https:\/\/explora.cl\/atacama\/a-dos-meses-de-iniciado-ciclo-de-charlas-cientificas-en-linea-explora-inicia-ciclo-sobre-medio-ambiente\/","og_site_name":"Atacama","article_published_time":"2020-09-02T16:24:50+00:00","article_modified_time":"2020-09-02T16:28:13+00:00","og_image":[{"width":1440,"height":900,"url":"https:\/\/explora.cl\/atacama\/wp-content\/uploads\/sites\/5\/2020\/09\/Captura-de-pantalla-2020-09-02-a-las-11.32.24.png","type":"image\/png"}],"author":"ExploraAtacama","twitter_card":"summary_large_image","twitter_misc":{"Escrito por":"ExploraAtacama","Tiempo estimado de lectura":"3 minutos"},"schema":{"@context":"https:\/\/schema.org","@graph":[{"@type":"Article","@id":"https:\/\/explora.cl\/atacama\/a-dos-meses-de-iniciado-ciclo-de-charlas-cientificas-en-linea-explora-inicia-ciclo-sobre-medio-ambiente\/#article","isPartOf":{"@id":"https:\/\/explora.cl\/atacama\/a-dos-meses-de-iniciado-ciclo-de-charlas-cientificas-en-linea-explora-inicia-ciclo-sobre-medio-ambiente\/"},"author":{"name":"ExploraAtacama","@id":"https:\/\/explora.cl\/atacama\/#\/schema\/person\/1e89437dfd0db398617a5057c75b8bf3"},"headline":"A dos meses de iniciado ciclo de charlas cient\u00edficas en l\u00ednea, Explora inicia ciclo sobre medio ambiente","datePublished":"2020-09-02T16:24:50+00:00","dateModified":"2020-09-02T16:28:13+00:00","mainEntityOfPage":{"@id":"https:\/\/explora.cl\/atacama\/a-dos-meses-de-iniciado-ciclo-de-charlas-cientificas-en-linea-explora-inicia-ciclo-sobre-medio-ambiente\/"},"wordCount":693,"commentCount":0,"image":{"@id":"https:\/\/explora.cl\/atacama\/a-dos-meses-de-iniciado-ciclo-de-charlas-cientificas-en-linea-explora-inicia-ciclo-sobre-medio-ambiente\/#primaryimage"},"thumbnailUrl":"https:\/\/explora.cl\/atacama\/wp-content\/uploads\/sites\/5\/2020\/09\/Captura-de-pantalla-2020-09-02-a-las-11.32.24.png","articleSection":["Lugar 4"],"inLanguage":"es-CL","potentialAction":[{"@type":"CommentAction","name":"Comment","target":["https:\/\/explora.cl\/atacama\/a-dos-meses-de-iniciado-ciclo-de-charlas-cientificas-en-linea-explora-inicia-ciclo-sobre-medio-ambiente\/#respond"]}]},{"@type":"WebPage","@id":"https:\/\/explora.cl\/atacama\/a-dos-meses-de-iniciado-ciclo-de-charlas-cientificas-en-linea-explora-inicia-ciclo-sobre-medio-ambiente\/","url":"https:\/\/explora.cl\/atacama\/a-dos-meses-de-iniciado-ciclo-de-charlas-cientificas-en-linea-explora-inicia-ciclo-sobre-medio-ambiente\/","name":"A dos meses de iniciado ciclo de charlas cient\u00edficas en l\u00ednea, Explora inicia ciclo sobre medio ambiente - Atacama","isPartOf":{"@id":"https:\/\/explora.cl\/atacama\/#website"},"primaryImageOfPage":{"@id":"https:\/\/explora.cl\/atacama\/a-dos-meses-de-iniciado-ciclo-de-charlas-cientificas-en-linea-explora-inicia-ciclo-sobre-medio-ambiente\/#primaryimage"},"image":{"@id":"https:\/\/explora.cl\/atacama\/a-dos-meses-de-iniciado-ciclo-de-charlas-cientificas-en-linea-explora-inicia-ciclo-sobre-medio-ambiente\/#primaryimage"},"thumbnailUrl":"https:\/\/explora.cl\/atacama\/wp-content\/uploads\/sites\/5\/2020\/09\/Captura-de-pantalla-2020-09-02-a-las-11.32.24.png","datePublished":"2020-09-02T16:24:50+00:00","dateModified":"2020-09-02T16:28:13+00:00","author":{"@id":"https:\/\/explora.cl\/atacama\/#\/schema\/person\/1e89437dfd0db398617a5057c75b8bf3"},"breadcrumb":{"@id":"https:\/\/explora.cl\/atacama\/a-dos-meses-de-iniciado-ciclo-de-charlas-cientificas-en-linea-explora-inicia-ciclo-sobre-medio-ambiente\/#breadcrumb"},"inLanguage":"es-CL","potentialAction":[{"@type":"ReadAction","target":["https:\/\/explora.cl\/atacama\/a-dos-meses-de-iniciado-ciclo-de-charlas-cientificas-en-linea-explora-inicia-ciclo-sobre-medio-ambiente\/"]}]},{"@type":"ImageObject","inLanguage":"es-CL","@id":"https:\/\/explora.cl\/atacama\/a-dos-meses-de-iniciado-ciclo-de-charlas-cientificas-en-linea-explora-inicia-ciclo-sobre-medio-ambiente\/#primaryimage","url":"https:\/\/explora.cl\/atacama\/wp-content\/uploads\/sites\/5\/2020\/09\/Captura-de-pantalla-2020-09-02-a-las-11.32.24.png","contentUrl":"https:\/\/explora.cl\/atacama\/wp-content\/uploads\/sites\/5\/2020\/09\/Captura-de-pantalla-2020-09-02-a-las-11.32.24.png","width":1440,"height":900},{"@type":"BreadcrumbList","@id":"https:\/\/explora.cl\/atacama\/a-dos-meses-de-iniciado-ciclo-de-charlas-cientificas-en-linea-explora-inicia-ciclo-sobre-medio-ambiente\/#breadcrumb","itemListElement":[{"@type":"ListItem","position":1,"name":"Portada","item":"https:\/\/explora.cl\/atacama\/"},{"@type":"ListItem","position":2,"name":"A dos meses de iniciado ciclo de charlas cient\u00edficas en l\u00ednea, Explora inicia ciclo sobre medio ambiente"}]},{"@type":"WebSite","@id":"https:\/\/explora.cl\/atacama\/#website","url":"https:\/\/explora.cl\/atacama\/","name":"Atacama","description":"Otro sitio m\u00e1s de explora.cl","potentialAction":[{"@type":"SearchAction","target":{"@type":"EntryPoint","urlTemplate":"https:\/\/explora.cl\/atacama\/?s={search_term_string}"},"query-input":{"@type":"PropertyValueSpecification","valueRequired":true,"valueName":"search_term_string"}}],"inLanguage":"es-CL"},{"@type":"Person","@id":"https:\/\/explora.cl\/atacama\/#\/schema\/person\/1e89437dfd0db398617a5057c75b8bf3","name":"ExploraAtacama","image":{"@type":"ImageObject","inLanguage":"es-CL","@id":"https:\/\/explora.cl\/atacama\/#\/schema\/person\/image\/","url":"https:\/\/secure.gravatar.com\/avatar\/2e2fd819b7985a746e8ea39b36909cf1a17dc034046e230e83eb1534d0a52b24?s=96&d=mm&r=g","contentUrl":"https:\/\/secure.gravatar.com\/avatar\/2e2fd819b7985a746e8ea39b36909cf1a17dc034046e230e83eb1534d0a52b24?s=96&d=mm&r=g","caption":"ExploraAtacama"},"url":"https:\/\/explora.cl\/atacama\/author\/dortiz\/"}]}},"_links":{"self":[{"href":"https:\/\/explora.cl\/atacama\/wp-json\/wp\/v2\/posts\/38942","targetHints":{"allow":["GET"]}}],"collection":[{"href":"https:\/\/explora.cl\/atacama\/wp-json\/wp\/v2\/posts"}],"about":[{"href":"https:\/\/explora.cl\/atacama\/wp-json\/wp\/v2\/types\/post"}],"author":[{"embeddable":true,"href":"https:\/\/explora.cl\/atacama\/wp-json\/wp\/v2\/users\/20"}],"replies":[{"embeddable":true,"href":"https:\/\/explora.cl\/atacama\/wp-json\/wp\/v2\/comments?post=38942"}],"version-history":[{"count":3,"href":"https:\/\/explora.cl\/atacama\/wp-json\/wp\/v2\/posts\/38942\/revisions"}],"predecessor-version":[{"id":38948,"href":"https:\/\/explora.cl\/atacama\/wp-json\/wp\/v2\/posts\/38942\/revisions\/38948"}],"wp:featuredmedia":[{"embeddable":true,"href":"https:\/\/explora.cl\/atacama\/wp-json\/wp\/v2\/media\/38945"}],"wp:attachment":[{"href":"https:\/\/explora.cl\/atacama\/wp-json\/wp\/v2\/media?parent=38942"}],"wp:term":[{"taxonomy":"category","embeddable":true,"href":"https:\/\/explora.cl\/atacama\/wp-json\/wp\/v2\/categories?post=38942"},{"taxonomy":"post_tag","embeddable":true,"href":"https:\/\/explora.cl\/atacama\/wp-json\/wp\/v2\/tags?post=38942"}],"curies":[{"name":"wp","href":"https:\/\/api.w.org\/{rel}","templated":true}]}}