{"id":38853,"date":"2020-08-04T11:58:20","date_gmt":"2020-08-04T15:58:20","guid":{"rendered":"https:\/\/explora.cl\/atacama\/?p=38853"},"modified":"2020-08-04T11:58:20","modified_gmt":"2020-08-04T15:58:20","slug":"congreso-de-ciencia-escolar-atacameno-se-realizo-exitosamente-de-forma-virtual","status":"publish","type":"post","link":"https:\/\/explora.cl\/atacama\/congreso-de-ciencia-escolar-atacameno-se-realizo-exitosamente-de-forma-virtual\/","title":{"rendered":"Congreso de ciencia escolar atacame\u00f1o se realiz\u00f3 exitosamente de forma virtual\u00a0"},"content":{"rendered":"<p><span style=\"color: #008000\"><strong>El Congreso Regional Escolar de Ciencias y Tecnolog\u00eda Explora llev\u00f3 adelante su edici\u00f3n n\u00famero diecisiete en Atacama de manera totalmente virtual. El encuentro reuni\u00f3 a 13 equipos con proyectos ligados a las ciencias sociales, naturales y tecnolog\u00eda; que se destacaron por tener un fuerte enfoque en el cuidado del medio ambiente y la calidad de vida de la poblaci\u00f3n.\u00a0<\/strong><\/span><\/p>\n<p>Esta semana se realiz\u00f3 el XVII Congreso Regional Escolar de Ciencias y Tecnolog\u00eda Explora (CRECYT), el cual por primera vez se efectu\u00f3 de manera virtual. En la ocasi\u00f3n participaron equipos de distintos establecimientos educacionales, quienes en sus dos categor\u00edas: educaci\u00f3n b\u00e1sica y educaci\u00f3n media, exhibieron los trabajos de investigaci\u00f3n que desarrollaron.<\/p>\n<p>El director del Explora Atacama, Cristian Galaz Esquivel, destac\u00f3 el aporte de ni\u00f1as, ni\u00f1os y adolescentes que fueron parte de la actividad: \u201cestamos felices de esta primera versi\u00f3n virtual del congreso, puesto que se pudo realizar con los resguardos respectivos de distancia f\u00edsica y pudimos conocer el desarrollo de interesantes investigaciones que ponen en el centro del trabajo cient\u00edfico y tecnol\u00f3gico a la comunidad escolar. Por otro lado, este desarrollo ampl\u00eda habilidades y complementa competencias y contenidos propios del proceso educativo. En s\u00edntesis fue una bonita experiencia que se llev\u00f3 a t\u00e9rmino con gran \u00e9xito\u201d.<\/p>\n<p>Este a\u00f1o se entreg\u00f3 el galard\u00f3n principal de la categor\u00eda Educaci\u00f3n B\u00e1sica a con un proyecto relacionado a las huertas urbanas, el cual llevaron adelante las estudiantes Antonia Mondaca Arancibia y Dominick Bouffanais Orellana de la Escuela Las Canteras; mientras que el galard\u00f3n principal en la categor\u00eda educaci\u00f3n media fueron los estudiantes\u00a0\u00a0Sebasti\u00e1n Campos Soto y Crist\u00f3bal Araya Arcos con el proyecto \u201cLuz para todos\u201d, el Colegio San Agust\u00edn, con un trabajo de energ\u00eda limpia y de bajo costo.<\/p>\n<p>Este a\u00f1o tambi\u00e9n se entregaron una serie de premios que recuerdan a importantes figuras de la ciencias en Atacama, adem\u00e1s de elementos identitarios y patrimoniales relacionados a la naturaleza y la cultural de la regi\u00f3n, como el premio Mar\u00eda Gricelda Hinojosa, quien fue la primera mujer qu\u00edmico farmac\u00e9utica de Chile, se entreg\u00f3 a las estudiantes Valentina Pla Tejada y Catalina Narria Mu\u00f1oz del Colegio Adventista de Copiap\u00f3.<\/p>\n<p>Otra categor\u00eda destacada fue el Premio Megalod\u00f3n, entregado a proyectos que cuidan del ecosistema marino de Caldera, siendo reconocidos los estudiantes\u00a0\u00a0Nicol\u00e1s Sierralta Varas y Ferdy Hern\u00e1ndez Gonz\u00e1lez, el Liceo Bldeanco Encalada de Caldera;quienes desarrollaron una investigaci\u00f3n para elaborar filtros flotantes que limpien de hidrocarburos la playa mansa en la Bah\u00eda de Caldera.<\/p>\n<p>Esta instancia se desarroll\u00f3 en el marco de las actividades del Programa Explora que se ejecutan a trav\u00e9s de la Universidad de Atacama, todo bajo el alero de la divisi\u00f3n de Ciencia y Sociedad del Ministerio de Ciencia, Tecnolog\u00eda, Innovaci\u00f3n y Conocimiento. Esta experiencia virtual congreg\u00f3 estudiantes de toda la regi\u00f3n y cont\u00f3 con la participaci\u00f3n de investigadores cient\u00edficos de la regi\u00f3n, entre ellos el dr. Mauricio Morel, quien entreg\u00f3 una charla sobre experiencia como cient\u00edfico en el \u00e1rea de la qu\u00edmica.<\/p>\n","protected":false},"excerpt":{"rendered":"<p>El Congreso Regional Escolar de Ciencias y Tecnolog\u00eda Explora llev\u00f3 adelante su edici\u00f3n n\u00famero diecisiete en Atacama de manera totalmente virtual. El encuentro reuni\u00f3 a 13 equipos con proyectos ligados a las ciencias sociales, naturales y tecnolog\u00eda; que se destacaron por tener un fuerte enfoque en el cuidado del medio ambiente y la calidad de vida de la poblaci\u00f3n.\u00a0<\/p>\n","protected":false},"author":20,"featured_media":38854,"comment_status":"open","ping_status":"open","sticky":false,"template":"","format":"standard","meta":{"_acf_changed":false,"_exactmetrics_skip_tracking":false,"_exactmetrics_sitenote_active":false,"_exactmetrics_sitenote_note":"","_exactmetrics_sitenote_category":0,"footnotes":"","_links_to":"","_links_to_target":""},"categories":[139],"tags":[188],"class_list":["post-38853","post","type-post","status-publish","format-standard","has-post-thumbnail","hentry","category-lugar-4","tag-atacama"],"acf":[],"yoast_head":"<!-- This site is optimized with the Yoast SEO plugin v26.9 - https:\/\/yoast.com\/product\/yoast-seo-wordpress\/ -->\n<title>Congreso de ciencia escolar atacame\u00f1o se realiz\u00f3 exitosamente de forma virtual\u00a0 - Atacama<\/title>\n<meta name=\"robots\" content=\"index, follow, max-snippet:-1, max-image-preview:large, max-video-preview:-1\" \/>\n<link rel=\"canonical\" href=\"https:\/\/explora.cl\/atacama\/congreso-de-ciencia-escolar-atacameno-se-realizo-exitosamente-de-forma-virtual\/\" class=\"yoast-seo-meta-tag\" \/>\n<meta property=\"og:locale\" content=\"es_ES\" class=\"yoast-seo-meta-tag\" \/>\n<meta property=\"og:type\" content=\"article\" class=\"yoast-seo-meta-tag\" \/>\n<meta property=\"og:title\" content=\"Congreso de ciencia escolar atacame\u00f1o se realiz\u00f3 exitosamente de forma virtual\u00a0 - Atacama\" class=\"yoast-seo-meta-tag\" \/>\n<meta property=\"og:description\" content=\"El Congreso Regional Escolar de Ciencias y Tecnolog\u00eda Explora llev\u00f3 adelante su edici\u00f3n n\u00famero diecisiete en Atacama de manera totalmente virtual. El encuentro reuni\u00f3 a 13 equipos con proyectos ligados a las ciencias sociales, naturales y tecnolog\u00eda; que se destacaron por tener un fuerte enfoque en el cuidado del medio ambiente y la calidad de vida de la poblaci\u00f3n.\u00a0\" class=\"yoast-seo-meta-tag\" \/>\n<meta property=\"og:url\" content=\"https:\/\/explora.cl\/atacama\/congreso-de-ciencia-escolar-atacameno-se-realizo-exitosamente-de-forma-virtual\/\" class=\"yoast-seo-meta-tag\" \/>\n<meta property=\"og:site_name\" content=\"Atacama\" class=\"yoast-seo-meta-tag\" \/>\n<meta property=\"article:published_time\" content=\"2020-08-04T15:58:20+00:00\" class=\"yoast-seo-meta-tag\" \/>\n<meta property=\"og:image\" content=\"https:\/\/explora.cl\/atacama\/wp-content\/uploads\/sites\/5\/2020\/08\/CRECYT-ATACAMA.jpeg\" class=\"yoast-seo-meta-tag\" \/>\n\t<meta property=\"og:image:width\" content=\"1280\" class=\"yoast-seo-meta-tag\" \/>\n\t<meta property=\"og:image:height\" content=\"720\" class=\"yoast-seo-meta-tag\" \/>\n\t<meta property=\"og:image:type\" content=\"image\/jpeg\" class=\"yoast-seo-meta-tag\" \/>\n<meta name=\"author\" content=\"ExploraAtacama\" class=\"yoast-seo-meta-tag\" \/>\n<meta name=\"twitter:card\" content=\"summary_large_image\" class=\"yoast-seo-meta-tag\" \/>\n<meta name=\"twitter:label1\" content=\"Escrito por\" class=\"yoast-seo-meta-tag\" \/>\n\t<meta name=\"twitter:data1\" content=\"ExploraAtacama\" class=\"yoast-seo-meta-tag\" \/>\n\t<meta name=\"twitter:label2\" content=\"Tiempo estimado de lectura\" class=\"yoast-seo-meta-tag\" \/>\n\t<meta name=\"twitter:data2\" content=\"3 minutos\" class=\"yoast-seo-meta-tag\" \/>\n<script type=\"application\/ld+json\" class=\"yoast-schema-graph\">{\"@context\":\"https:\/\/schema.org\",\"@graph\":[{\"@type\":\"Article\",\"@id\":\"https:\/\/explora.cl\/atacama\/congreso-de-ciencia-escolar-atacameno-se-realizo-exitosamente-de-forma-virtual\/#article\",\"isPartOf\":{\"@id\":\"https:\/\/explora.cl\/atacama\/congreso-de-ciencia-escolar-atacameno-se-realizo-exitosamente-de-forma-virtual\/\"},\"author\":{\"name\":\"ExploraAtacama\",\"@id\":\"https:\/\/explora.cl\/atacama\/#\/schema\/person\/1e89437dfd0db398617a5057c75b8bf3\"},\"headline\":\"Congreso de ciencia escolar atacame\u00f1o se realiz\u00f3 exitosamente de forma virtual\u00a0\",\"datePublished\":\"2020-08-04T15:58:20+00:00\",\"mainEntityOfPage\":{\"@id\":\"https:\/\/explora.cl\/atacama\/congreso-de-ciencia-escolar-atacameno-se-realizo-exitosamente-de-forma-virtual\/\"},\"wordCount\":556,\"commentCount\":0,\"image\":{\"@id\":\"https:\/\/explora.cl\/atacama\/congreso-de-ciencia-escolar-atacameno-se-realizo-exitosamente-de-forma-virtual\/#primaryimage\"},\"thumbnailUrl\":\"https:\/\/explora.cl\/atacama\/wp-content\/uploads\/sites\/5\/2020\/08\/CRECYT-ATACAMA.jpeg\",\"keywords\":[\"Atacama\"],\"articleSection\":[\"Lugar 4\"],\"inLanguage\":\"es-CL\",\"potentialAction\":[{\"@type\":\"CommentAction\",\"name\":\"Comment\",\"target\":[\"https:\/\/explora.cl\/atacama\/congreso-de-ciencia-escolar-atacameno-se-realizo-exitosamente-de-forma-virtual\/#respond\"]}]},{\"@type\":\"WebPage\",\"@id\":\"https:\/\/explora.cl\/atacama\/congreso-de-ciencia-escolar-atacameno-se-realizo-exitosamente-de-forma-virtual\/\",\"url\":\"https:\/\/explora.cl\/atacama\/congreso-de-ciencia-escolar-atacameno-se-realizo-exitosamente-de-forma-virtual\/\",\"name\":\"Congreso de ciencia escolar atacame\u00f1o se realiz\u00f3 exitosamente de forma virtual\u00a0 - Atacama\",\"isPartOf\":{\"@id\":\"https:\/\/explora.cl\/atacama\/#website\"},\"primaryImageOfPage\":{\"@id\":\"https:\/\/explora.cl\/atacama\/congreso-de-ciencia-escolar-atacameno-se-realizo-exitosamente-de-forma-virtual\/#primaryimage\"},\"image\":{\"@id\":\"https:\/\/explora.cl\/atacama\/congreso-de-ciencia-escolar-atacameno-se-realizo-exitosamente-de-forma-virtual\/#primaryimage\"},\"thumbnailUrl\":\"https:\/\/explora.cl\/atacama\/wp-content\/uploads\/sites\/5\/2020\/08\/CRECYT-ATACAMA.jpeg\",\"datePublished\":\"2020-08-04T15:58:20+00:00\",\"author\":{\"@id\":\"https:\/\/explora.cl\/atacama\/#\/schema\/person\/1e89437dfd0db398617a5057c75b8bf3\"},\"breadcrumb\":{\"@id\":\"https:\/\/explora.cl\/atacama\/congreso-de-ciencia-escolar-atacameno-se-realizo-exitosamente-de-forma-virtual\/#breadcrumb\"},\"inLanguage\":\"es-CL\",\"potentialAction\":[{\"@type\":\"ReadAction\",\"target\":[\"https:\/\/explora.cl\/atacama\/congreso-de-ciencia-escolar-atacameno-se-realizo-exitosamente-de-forma-virtual\/\"]}]},{\"@type\":\"ImageObject\",\"inLanguage\":\"es-CL\",\"@id\":\"https:\/\/explora.cl\/atacama\/congreso-de-ciencia-escolar-atacameno-se-realizo-exitosamente-de-forma-virtual\/#primaryimage\",\"url\":\"https:\/\/explora.cl\/atacama\/wp-content\/uploads\/sites\/5\/2020\/08\/CRECYT-ATACAMA.jpeg\",\"contentUrl\":\"https:\/\/explora.cl\/atacama\/wp-content\/uploads\/sites\/5\/2020\/08\/CRECYT-ATACAMA.jpeg\",\"width\":1280,\"height\":720},{\"@type\":\"BreadcrumbList\",\"@id\":\"https:\/\/explora.cl\/atacama\/congreso-de-ciencia-escolar-atacameno-se-realizo-exitosamente-de-forma-virtual\/#breadcrumb\",\"itemListElement\":[{\"@type\":\"ListItem\",\"position\":1,\"name\":\"Portada\",\"item\":\"https:\/\/explora.cl\/atacama\/\"},{\"@type\":\"ListItem\",\"position\":2,\"name\":\"Congreso de ciencia escolar atacame\u00f1o se realiz\u00f3 exitosamente de forma virtual\u00a0\"}]},{\"@type\":\"WebSite\",\"@id\":\"https:\/\/explora.cl\/atacama\/#website\",\"url\":\"https:\/\/explora.cl\/atacama\/\",\"name\":\"Atacama\",\"description\":\"Otro sitio m\u00e1s de explora.cl\",\"potentialAction\":[{\"@type\":\"SearchAction\",\"target\":{\"@type\":\"EntryPoint\",\"urlTemplate\":\"https:\/\/explora.cl\/atacama\/?s={search_term_string}\"},\"query-input\":{\"@type\":\"PropertyValueSpecification\",\"valueRequired\":true,\"valueName\":\"search_term_string\"}}],\"inLanguage\":\"es-CL\"},{\"@type\":\"Person\",\"@id\":\"https:\/\/explora.cl\/atacama\/#\/schema\/person\/1e89437dfd0db398617a5057c75b8bf3\",\"name\":\"ExploraAtacama\",\"image\":{\"@type\":\"ImageObject\",\"inLanguage\":\"es-CL\",\"@id\":\"https:\/\/explora.cl\/atacama\/#\/schema\/person\/image\/\",\"url\":\"https:\/\/secure.gravatar.com\/avatar\/2e2fd819b7985a746e8ea39b36909cf1a17dc034046e230e83eb1534d0a52b24?s=96&d=mm&r=g\",\"contentUrl\":\"https:\/\/secure.gravatar.com\/avatar\/2e2fd819b7985a746e8ea39b36909cf1a17dc034046e230e83eb1534d0a52b24?s=96&d=mm&r=g\",\"caption\":\"ExploraAtacama\"},\"url\":\"https:\/\/explora.cl\/atacama\/author\/dortiz\/\"}]}<\/script>\n<!-- \/ Yoast SEO plugin. -->","yoast_head_json":{"title":"Congreso de ciencia escolar atacame\u00f1o se realiz\u00f3 exitosamente de forma virtual\u00a0 - Atacama","robots":{"index":"index","follow":"follow","max-snippet":"max-snippet:-1","max-image-preview":"max-image-preview:large","max-video-preview":"max-video-preview:-1"},"canonical":"https:\/\/explora.cl\/atacama\/congreso-de-ciencia-escolar-atacameno-se-realizo-exitosamente-de-forma-virtual\/","og_locale":"es_ES","og_type":"article","og_title":"Congreso de ciencia escolar atacame\u00f1o se realiz\u00f3 exitosamente de forma virtual\u00a0 - Atacama","og_description":"El Congreso Regional Escolar de Ciencias y Tecnolog\u00eda Explora llev\u00f3 adelante su edici\u00f3n n\u00famero diecisiete en Atacama de manera totalmente virtual. El encuentro reuni\u00f3 a 13 equipos con proyectos ligados a las ciencias sociales, naturales y tecnolog\u00eda; que se destacaron por tener un fuerte enfoque en el cuidado del medio ambiente y la calidad de vida de la poblaci\u00f3n.\u00a0","og_url":"https:\/\/explora.cl\/atacama\/congreso-de-ciencia-escolar-atacameno-se-realizo-exitosamente-de-forma-virtual\/","og_site_name":"Atacama","article_published_time":"2020-08-04T15:58:20+00:00","og_image":[{"width":1280,"height":720,"url":"https:\/\/explora.cl\/atacama\/wp-content\/uploads\/sites\/5\/2020\/08\/CRECYT-ATACAMA.jpeg","type":"image\/jpeg"}],"author":"ExploraAtacama","twitter_card":"summary_large_image","twitter_misc":{"Escrito por":"ExploraAtacama","Tiempo estimado de lectura":"3 minutos"},"schema":{"@context":"https:\/\/schema.org","@graph":[{"@type":"Article","@id":"https:\/\/explora.cl\/atacama\/congreso-de-ciencia-escolar-atacameno-se-realizo-exitosamente-de-forma-virtual\/#article","isPartOf":{"@id":"https:\/\/explora.cl\/atacama\/congreso-de-ciencia-escolar-atacameno-se-realizo-exitosamente-de-forma-virtual\/"},"author":{"name":"ExploraAtacama","@id":"https:\/\/explora.cl\/atacama\/#\/schema\/person\/1e89437dfd0db398617a5057c75b8bf3"},"headline":"Congreso de ciencia escolar atacame\u00f1o se realiz\u00f3 exitosamente de forma virtual\u00a0","datePublished":"2020-08-04T15:58:20+00:00","mainEntityOfPage":{"@id":"https:\/\/explora.cl\/atacama\/congreso-de-ciencia-escolar-atacameno-se-realizo-exitosamente-de-forma-virtual\/"},"wordCount":556,"commentCount":0,"image":{"@id":"https:\/\/explora.cl\/atacama\/congreso-de-ciencia-escolar-atacameno-se-realizo-exitosamente-de-forma-virtual\/#primaryimage"},"thumbnailUrl":"https:\/\/explora.cl\/atacama\/wp-content\/uploads\/sites\/5\/2020\/08\/CRECYT-ATACAMA.jpeg","keywords":["Atacama"],"articleSection":["Lugar 4"],"inLanguage":"es-CL","potentialAction":[{"@type":"CommentAction","name":"Comment","target":["https:\/\/explora.cl\/atacama\/congreso-de-ciencia-escolar-atacameno-se-realizo-exitosamente-de-forma-virtual\/#respond"]}]},{"@type":"WebPage","@id":"https:\/\/explora.cl\/atacama\/congreso-de-ciencia-escolar-atacameno-se-realizo-exitosamente-de-forma-virtual\/","url":"https:\/\/explora.cl\/atacama\/congreso-de-ciencia-escolar-atacameno-se-realizo-exitosamente-de-forma-virtual\/","name":"Congreso de ciencia escolar atacame\u00f1o se realiz\u00f3 exitosamente de forma virtual\u00a0 - Atacama","isPartOf":{"@id":"https:\/\/explora.cl\/atacama\/#website"},"primaryImageOfPage":{"@id":"https:\/\/explora.cl\/atacama\/congreso-de-ciencia-escolar-atacameno-se-realizo-exitosamente-de-forma-virtual\/#primaryimage"},"image":{"@id":"https:\/\/explora.cl\/atacama\/congreso-de-ciencia-escolar-atacameno-se-realizo-exitosamente-de-forma-virtual\/#primaryimage"},"thumbnailUrl":"https:\/\/explora.cl\/atacama\/wp-content\/uploads\/sites\/5\/2020\/08\/CRECYT-ATACAMA.jpeg","datePublished":"2020-08-04T15:58:20+00:00","author":{"@id":"https:\/\/explora.cl\/atacama\/#\/schema\/person\/1e89437dfd0db398617a5057c75b8bf3"},"breadcrumb":{"@id":"https:\/\/explora.cl\/atacama\/congreso-de-ciencia-escolar-atacameno-se-realizo-exitosamente-de-forma-virtual\/#breadcrumb"},"inLanguage":"es-CL","potentialAction":[{"@type":"ReadAction","target":["https:\/\/explora.cl\/atacama\/congreso-de-ciencia-escolar-atacameno-se-realizo-exitosamente-de-forma-virtual\/"]}]},{"@type":"ImageObject","inLanguage":"es-CL","@id":"https:\/\/explora.cl\/atacama\/congreso-de-ciencia-escolar-atacameno-se-realizo-exitosamente-de-forma-virtual\/#primaryimage","url":"https:\/\/explora.cl\/atacama\/wp-content\/uploads\/sites\/5\/2020\/08\/CRECYT-ATACAMA.jpeg","contentUrl":"https:\/\/explora.cl\/atacama\/wp-content\/uploads\/sites\/5\/2020\/08\/CRECYT-ATACAMA.jpeg","width":1280,"height":720},{"@type":"BreadcrumbList","@id":"https:\/\/explora.cl\/atacama\/congreso-de-ciencia-escolar-atacameno-se-realizo-exitosamente-de-forma-virtual\/#breadcrumb","itemListElement":[{"@type":"ListItem","position":1,"name":"Portada","item":"https:\/\/explora.cl\/atacama\/"},{"@type":"ListItem","position":2,"name":"Congreso de ciencia escolar atacame\u00f1o se realiz\u00f3 exitosamente de forma virtual\u00a0"}]},{"@type":"WebSite","@id":"https:\/\/explora.cl\/atacama\/#website","url":"https:\/\/explora.cl\/atacama\/","name":"Atacama","description":"Otro sitio m\u00e1s de explora.cl","potentialAction":[{"@type":"SearchAction","target":{"@type":"EntryPoint","urlTemplate":"https:\/\/explora.cl\/atacama\/?s={search_term_string}"},"query-input":{"@type":"PropertyValueSpecification","valueRequired":true,"valueName":"search_term_string"}}],"inLanguage":"es-CL"},{"@type":"Person","@id":"https:\/\/explora.cl\/atacama\/#\/schema\/person\/1e89437dfd0db398617a5057c75b8bf3","name":"ExploraAtacama","image":{"@type":"ImageObject","inLanguage":"es-CL","@id":"https:\/\/explora.cl\/atacama\/#\/schema\/person\/image\/","url":"https:\/\/secure.gravatar.com\/avatar\/2e2fd819b7985a746e8ea39b36909cf1a17dc034046e230e83eb1534d0a52b24?s=96&d=mm&r=g","contentUrl":"https:\/\/secure.gravatar.com\/avatar\/2e2fd819b7985a746e8ea39b36909cf1a17dc034046e230e83eb1534d0a52b24?s=96&d=mm&r=g","caption":"ExploraAtacama"},"url":"https:\/\/explora.cl\/atacama\/author\/dortiz\/"}]}},"_links":{"self":[{"href":"https:\/\/explora.cl\/atacama\/wp-json\/wp\/v2\/posts\/38853","targetHints":{"allow":["GET"]}}],"collection":[{"href":"https:\/\/explora.cl\/atacama\/wp-json\/wp\/v2\/posts"}],"about":[{"href":"https:\/\/explora.cl\/atacama\/wp-json\/wp\/v2\/types\/post"}],"author":[{"embeddable":true,"href":"https:\/\/explora.cl\/atacama\/wp-json\/wp\/v2\/users\/20"}],"replies":[{"embeddable":true,"href":"https:\/\/explora.cl\/atacama\/wp-json\/wp\/v2\/comments?post=38853"}],"version-history":[{"count":1,"href":"https:\/\/explora.cl\/atacama\/wp-json\/wp\/v2\/posts\/38853\/revisions"}],"predecessor-version":[{"id":38855,"href":"https:\/\/explora.cl\/atacama\/wp-json\/wp\/v2\/posts\/38853\/revisions\/38855"}],"wp:featuredmedia":[{"embeddable":true,"href":"https:\/\/explora.cl\/atacama\/wp-json\/wp\/v2\/media\/38854"}],"wp:attachment":[{"href":"https:\/\/explora.cl\/atacama\/wp-json\/wp\/v2\/media?parent=38853"}],"wp:term":[{"taxonomy":"category","embeddable":true,"href":"https:\/\/explora.cl\/atacama\/wp-json\/wp\/v2\/categories?post=38853"},{"taxonomy":"post_tag","embeddable":true,"href":"https:\/\/explora.cl\/atacama\/wp-json\/wp\/v2\/tags?post=38853"}],"curies":[{"name":"wp","href":"https:\/\/api.w.org\/{rel}","templated":true}]}}