{"id":36720,"date":"2026-03-04T10:58:51","date_gmt":"2026-03-04T13:58:51","guid":{"rendered":"https:\/\/explora.cl\/aricayparinacota\/?p=36720"},"modified":"2026-03-09T15:41:32","modified_gmt":"2026-03-09T18:41:32","slug":"convocatoria-2026-investigacion-e-innovacion-escolar-iie","status":"publish","type":"post","link":"https:\/\/explora.cl\/aricayparinacota\/convocatoria-2026-investigacion-e-innovacion-escolar-iie\/","title":{"rendered":"Convocatoria 2026 \u2013 Investigaci\u00f3n e Innovaci\u00f3n Escolar (IIE)"},"content":{"rendered":"<p><span style=\"font-weight: 400\">Los <\/span><b>Clubes Explora de Investigaci\u00f3n e Innovaci\u00f3n Escolar (IIE)<\/b><span style=\"font-weight: 400\"> del PAR Explora Arica y Parinacota, financiado por el Ministerio de Ciencia, Tecnolog\u00eda, Conocimiento e Innovaci\u00f3n y ejecutado por la Universidad de Tarapac\u00e1, abre su convocatoria 2026 dirigida a comunidades educativas de la regi\u00f3n de Arica y Parinacota.<\/span><\/p>\n<p>&nbsp;<\/p>\n<p><b>\u00bfQu\u00e9 es IIE?<\/b><\/p>\n<p><span style=\"font-weight: 400\">Investigaci\u00f3n e Innovaci\u00f3n Escolar (IIE) es un instrumento del Programa Explora que promueve el desarrollo de competencias en investigaci\u00f3n e innovaci\u00f3n en estudiantes desde 1\u00b0 b\u00e1sico hasta 4\u00b0 medio.<\/span><\/p>\n<p><span style=\"font-weight: 400\">A trav\u00e9s de la formulaci\u00f3n de preguntas surgidas desde su entorno y vida cotidiana, los equipos desarrollan proyectos de investigaci\u00f3n o innovaci\u00f3n, acompa\u00f1ados por un\/a docente gu\u00eda y asesorados por un\/a especialista en el \u00e1rea.<\/span><\/p>\n<p><span style=\"font-weight: 400\">El programa busca consolidar la investigaci\u00f3n y la innovaci\u00f3n como una pr\u00e1ctica cultural dentro de las comunidades educativas, fortaleciendo el pensamiento cr\u00edtico, la reflexi\u00f3n fundamentada y la capacidad de proponer soluciones pertinentes a problem\u00e1ticas reales.<\/span><\/p>\n<p><!--more--><\/p>\n<p><b>Competencias que fortalece IIE<\/b><\/p>\n<p><span style=\"font-weight: 400\">Durante el proceso, las y los estudiantes desarrollan competencias tales como:<\/span><\/p>\n<p style=\"padding-left: 40px\"><span style=\"font-weight: 400\">&#8211; Formular preguntas relevantes<\/span><\/p>\n<p style=\"padding-left: 40px\"><span style=\"font-weight: 400\">&#8211; Dise\u00f1ar y ejecutar proyectos de investigaci\u00f3n o innovaci\u00f3n<\/span><\/p>\n<p style=\"padding-left: 40px\"><span style=\"font-weight: 400\">&#8211; Analizar resultados con rigurosidad<\/span><\/p>\n<p style=\"padding-left: 40px\"><span style=\"font-weight: 400\">&#8211; Comunicar evidencia de manera fundamentada<\/span><\/p>\n<p style=\"padding-left: 40px\"><span style=\"font-weight: 400\">&#8211; Trabajar colaborativamente<\/span><\/p>\n<p style=\"padding-left: 40px\"><span style=\"font-weight: 400\">&#8211; Reflexionar cr\u00edticamente sobre su propio proceso de aprendizaje<\/span><\/p>\n<p>&nbsp;<\/p>\n<p><b>\u00bfQui\u00e9nes pueden postular?<\/b><\/p>\n<p><span style=\"font-weight: 400\">Podr\u00e1n postular equipos conformados por:<\/span><\/p>\n<p style=\"padding-left: 40px\"><span style=\"font-weight: 400\">&#8211; Un\/a docente gu\u00eda con v\u00ednculo contractual vigente en un establecimiento educacional de la regi\u00f3n<\/span><\/p>\n<p style=\"padding-left: 40px\"><span style=\"font-weight: 400\">&#8211; Un m\u00ednimo de cuatro estudiantes (sin l\u00edmite m\u00e1ximo), desde 1\u00b0 b\u00e1sico a 4\u00b0 medio<\/span><\/p>\n<p><span style=\"font-weight: 400\">Pueden participar establecimientos reconocidos por el Ministerio de Educaci\u00f3n en todas sus modalidades y dependencias (SLEP, particulares subvencionados, particulares pagados, EPJA, aulas hospitalarias, entre otros).<\/span><\/p>\n<p><span style=\"font-weight: 400\">Para el per\u00edodo 2026 se contemplan <\/span><b>10 cupos para equipos nuevos<\/b><span style=\"font-weight: 400\">.<\/span><\/p>\n<p>&nbsp;<\/p>\n<p><b>Categor\u00edas de trabajo<\/b><\/p>\n<p><span style=\"font-weight: 400\">Los equipos podr\u00e1n postular en una de las siguientes categor\u00edas:<\/span><\/p>\n<p style=\"padding-left: 40px\"><b>&#8211; Investigaci\u00f3n:<\/b><span style=\"font-weight: 400\"> proyectos que busquen responder una pregunta definida por las y los estudiantes, en \u00e1reas como Artes y Humanidades, Ciencias Sociales o Ciencias Naturales y Exactas.<\/span><\/p>\n<p style=\"padding-left: 40px\"><b>&#8211; Innovaci\u00f3n:<\/b><span style=\"font-weight: 400\"> proyectos orientados a la creaci\u00f3n o mejora de productos, servicios o procesos que respondan a necesidades identificadas en su entorno.<\/span><\/p>\n<p>&nbsp;<\/p>\n<p><b>Beneficios del programa<\/b><\/p>\n<p><span style=\"font-weight: 400\">Los equipos seleccionados acceder\u00e1n a:<\/span><\/p>\n<p style=\"padding-left: 40px\"><span style=\"font-weight: 400\">&#8211; Talleres formativos para docentes y estudiantes<\/span><\/p>\n<p style=\"padding-left: 40px\"><span style=\"font-weight: 400\">&#8211; Acompa\u00f1amiento t\u00e9cnico permanente del equipo PAR Explora<\/span><\/p>\n<p style=\"padding-left: 40px\"><span style=\"font-weight: 400\">&#8211; Asesor\u00eda cient\u00edfica especializada<\/span><\/p>\n<p style=\"padding-left: 40px\"><span style=\"font-weight: 400\">&#8211; Apoyo en coordinaci\u00f3n de salidas pedag\u00f3gicas y visitas a laboratorios<\/span><\/p>\n<p style=\"padding-left: 40px\"><span style=\"font-weight: 400\">&#8211; Participaci\u00f3n en instancias de socializaci\u00f3n regional<\/span><\/p>\n<p style=\"padding-left: 40px\"><span style=\"font-weight: 400\">&#8211; Acceso a materiales fungibles para el desarrollo del proyecto<\/span><\/p>\n<p style=\"padding-left: 40px\"><span style=\"font-weight: 400\">&#8211; Posibilidad de postular al Cupo Explora UNESCO de admisi\u00f3n especial a la educaci\u00f3n superior<\/span><\/p>\n<p>&nbsp;<\/p>\n<p><b>Fechas clave<\/b><\/p>\n<ul>\n<li style=\"font-weight: 400\"><b>Apertura de postulaciones:<\/b><span style=\"font-weight: 400\"> 25 de febrero de 2026<\/span><\/li>\n<li style=\"font-weight: 400\"><b>Cierre de postulaciones:<\/b><span style=\"font-weight: 400\"> 18 de marzo de 2026<\/span><\/li>\n<li style=\"font-weight: 400\"><b>Ejecuci\u00f3n del programa:<\/b><span style=\"font-weight: 400\"> abril a octubre de 2026<\/span><\/li>\n<\/ul>\n<p>&nbsp;<\/p>\n<p><b>Documentos necesarios para postular:<\/b><\/p>\n<ul>\n<li style=\"font-weight: 400\"><a href=\"https:\/\/drive.google.com\/uc?export=download&amp;id=1i1Ayi5ZgvRWI6Qu9-1yMZamS7ZXBSYnY\"><b>Anexo 1 &#8211; Ficha de Inscripci\u00f3n de Equipo Escolar<\/b><\/a><span style=\"font-weight: 400\">.\u00a0<\/span><\/li>\n<li style=\"font-weight: 400\"><a href=\"https:\/\/drive.google.com\/uc?export=download&amp;id=1mwXZcx5io9ciBHYMhom9SE-BIW7wOihP\"><b>Anexo 2 &#8211; Carta de compromiso Director(a)<\/b><\/a><span style=\"font-weight: 400\">.\u00a0<\/span><\/li>\n<li style=\"font-weight: 400\"><a href=\"https:\/\/drive.google.com\/uc?export=download&amp;id=1MkZWMyjLrusnJsGmwZB0dHbnCFBTcTMJ\"><b>Anexo 3 &#8211; Carta de Consentimiento Menores de Edad<\/b><\/a><span style=\"font-weight: 400\">.\u00a0<\/span><\/li>\n<li style=\"font-weight: 400\"><a href=\"https:\/\/drive.google.com\/uc?export=download&amp;id=1g66SuX91wKmyzxk4JAC4VkLJbm93vc6C\"><b>Anexo 4 &#8211; Cesi\u00f3n de Derechos Adultos<\/b><\/a><span style=\"font-weight: 400\">.\u00a0<\/span><\/li>\n<\/ul>\n<p>&nbsp;<\/p>\n<p><b>Para m\u00e1s detalles:<\/b><\/p>\n<ul>\n<li style=\"font-weight: 400\"><a href=\"https:\/\/drive.google.com\/uc?export=download&amp;id=1Z-cqKUpGzHyEHqYIu0rKf7kHoeDWitz2\"><b>Bases de Clubes Explora 2026<\/b><\/a><span style=\"font-weight: 400\">.\u00a0<\/span><\/li>\n<li style=\"font-weight: 400\"><a href=\"https:\/\/drive.google.com\/uc?export=download&amp;id=1oJ-N5h0aoXewnnQBo_B9glNTla_biS32\"><b>Anexo 5 &#8211; Normativa de seguridad y bio\u00e9tica de de IIE 2026<\/b><\/a><\/li>\n<\/ul>\n<p>&nbsp;<\/p>\n<p><span style=\"font-weight: 400\">\u00a1No dejes pasar esta oportunidad! <\/span><a href=\"https:\/\/drive.google.com\/uc?export=download&amp;id=1Z-cqKUpGzHyEHqYIu0rKf7kHoeDWitz2\"><span style=\"font-weight: 400\">Descarga las Bases<\/span><\/a><span style=\"font-weight: 400\"> y <\/span><a href=\"https:\/\/forms.gle\/VjgjSHDh3to7dvJSA\"><span style=\"font-weight: 400\">postula AQU\u00cd!<\/span><\/a><\/p>\n<p><span style=\"font-weight: 400\">Para consultas: prmunozv@gestion.uta.cl<\/span><span style=\"font-weight: 400\"><br \/>\n<\/span><span style=\"font-weight: 400\">Asunto: \u201cConsultas sobre IIE\u201d<\/span><\/p>\n","protected":false},"excerpt":{"rendered":"<p>Los Clubes Explora de Investigaci\u00f3n e Innovaci\u00f3n Escolar (IIE) del PAR Explora Arica y Parinacota, financiado por el Ministerio de Ciencia, Tecnolog\u00eda, Conocimiento e Innovaci\u00f3n y ejecutado por la Universidad de Tarapac\u00e1, abre su convocatoria 2026 dirigida a comunidades educativas de la regi\u00f3n de Arica y Parinacota. &nbsp; \u00bfQu\u00e9 es IIE? Investigaci\u00f3n e Innovaci\u00f3n Escolar [&hellip;]<\/p>\n","protected":false},"author":17,"featured_media":36721,"comment_status":"open","ping_status":"open","sticky":false,"template":"","format":"standard","meta":{"_acf_changed":false,"_exactmetrics_skip_tracking":false,"_exactmetrics_sitenote_active":false,"_exactmetrics_sitenote_note":"","_exactmetrics_sitenote_category":0,"footnotes":"","_links_to":"","_links_to_target":""},"categories":[151,4],"tags":[],"class_list":["post-36720","post","type-post","status-publish","format-standard","has-post-thumbnail","hentry","category-banner","category-noticias"],"acf":[],"yoast_head":"<!-- This site is optimized with the Yoast SEO plugin v26.9 - https:\/\/yoast.com\/product\/yoast-seo-wordpress\/ -->\n<title>Convocatoria 2026 \u2013 Investigaci\u00f3n e Innovaci\u00f3n Escolar (IIE) - Arica y Parinacota<\/title>\n<meta name=\"robots\" content=\"index, follow, max-snippet:-1, max-image-preview:large, max-video-preview:-1\" \/>\n<link rel=\"canonical\" href=\"https:\/\/explora.cl\/aricayparinacota\/convocatoria-2026-investigacion-e-innovacion-escolar-iie\/\" class=\"yoast-seo-meta-tag\" \/>\n<meta property=\"og:locale\" content=\"es_ES\" class=\"yoast-seo-meta-tag\" \/>\n<meta property=\"og:type\" content=\"article\" class=\"yoast-seo-meta-tag\" \/>\n<meta property=\"og:title\" content=\"Convocatoria 2026 \u2013 Investigaci\u00f3n e Innovaci\u00f3n Escolar (IIE) - Arica y Parinacota\" class=\"yoast-seo-meta-tag\" \/>\n<meta property=\"og:description\" content=\"Los Clubes Explora de Investigaci\u00f3n e Innovaci\u00f3n Escolar (IIE) del PAR Explora Arica y Parinacota, financiado por el Ministerio de Ciencia, Tecnolog\u00eda, Conocimiento e Innovaci\u00f3n y ejecutado por la Universidad de Tarapac\u00e1, abre su convocatoria 2026 dirigida a comunidades educativas de la regi\u00f3n de Arica y Parinacota. &nbsp; \u00bfQu\u00e9 es IIE? Investigaci\u00f3n e Innovaci\u00f3n Escolar [&hellip;]\" class=\"yoast-seo-meta-tag\" \/>\n<meta property=\"og:url\" content=\"https:\/\/explora.cl\/aricayparinacota\/convocatoria-2026-investigacion-e-innovacion-escolar-iie\/\" class=\"yoast-seo-meta-tag\" \/>\n<meta property=\"og:site_name\" content=\"Arica y Parinacota\" class=\"yoast-seo-meta-tag\" \/>\n<meta property=\"article:published_time\" content=\"2026-03-04T13:58:51+00:00\" class=\"yoast-seo-meta-tag\" \/>\n<meta property=\"article:modified_time\" content=\"2026-03-09T18:41:32+00:00\" class=\"yoast-seo-meta-tag\" \/>\n<meta property=\"og:image\" content=\"https:\/\/explora.cl\/aricayparinacota\/wp-content\/uploads\/sites\/2\/2026\/03\/Convocatorias-IIE-Banner-Web-1-scaled.jpg\" class=\"yoast-seo-meta-tag\" \/>\n\t<meta property=\"og:image:width\" content=\"2560\" class=\"yoast-seo-meta-tag\" \/>\n\t<meta property=\"og:image:height\" content=\"1370\" class=\"yoast-seo-meta-tag\" \/>\n\t<meta property=\"og:image:type\" content=\"image\/jpeg\" class=\"yoast-seo-meta-tag\" \/>\n<meta name=\"author\" content=\"saracena\" class=\"yoast-seo-meta-tag\" \/>\n<meta name=\"twitter:card\" content=\"summary_large_image\" class=\"yoast-seo-meta-tag\" \/>\n<meta name=\"twitter:label1\" content=\"Escrito por\" class=\"yoast-seo-meta-tag\" \/>\n\t<meta name=\"twitter:data1\" content=\"saracena\" class=\"yoast-seo-meta-tag\" \/>\n\t<meta name=\"twitter:label2\" content=\"Tiempo estimado de lectura\" class=\"yoast-seo-meta-tag\" \/>\n\t<meta name=\"twitter:data2\" content=\"3 minutos\" class=\"yoast-seo-meta-tag\" \/>\n<script type=\"application\/ld+json\" class=\"yoast-schema-graph\">{\"@context\":\"https:\/\/schema.org\",\"@graph\":[{\"@type\":\"Article\",\"@id\":\"https:\/\/explora.cl\/aricayparinacota\/convocatoria-2026-investigacion-e-innovacion-escolar-iie\/#article\",\"isPartOf\":{\"@id\":\"https:\/\/explora.cl\/aricayparinacota\/convocatoria-2026-investigacion-e-innovacion-escolar-iie\/\"},\"author\":{\"name\":\"saracena\",\"@id\":\"https:\/\/explora.cl\/aricayparinacota\/#\/schema\/person\/0372c8c9d6b6d58d9dc5036ff9d41a7e\"},\"headline\":\"Convocatoria 2026 \u2013 Investigaci\u00f3n e Innovaci\u00f3n Escolar (IIE)\",\"datePublished\":\"2026-03-04T13:58:51+00:00\",\"dateModified\":\"2026-03-09T18:41:32+00:00\",\"mainEntityOfPage\":{\"@id\":\"https:\/\/explora.cl\/aricayparinacota\/convocatoria-2026-investigacion-e-innovacion-escolar-iie\/\"},\"wordCount\":569,\"commentCount\":0,\"publisher\":{\"@id\":\"https:\/\/explora.cl\/aricayparinacota\/#organization\"},\"image\":{\"@id\":\"https:\/\/explora.cl\/aricayparinacota\/convocatoria-2026-investigacion-e-innovacion-escolar-iie\/#primaryimage\"},\"thumbnailUrl\":\"https:\/\/explora.cl\/aricayparinacota\/wp-content\/uploads\/sites\/2\/2026\/03\/Convocatorias-IIE-Banner-Web-1-scaled.jpg\",\"articleSection\":[\"Banner\",\"Noticias\"],\"inLanguage\":\"es-CL\",\"potentialAction\":[{\"@type\":\"CommentAction\",\"name\":\"Comment\",\"target\":[\"https:\/\/explora.cl\/aricayparinacota\/convocatoria-2026-investigacion-e-innovacion-escolar-iie\/#respond\"]}]},{\"@type\":\"WebPage\",\"@id\":\"https:\/\/explora.cl\/aricayparinacota\/convocatoria-2026-investigacion-e-innovacion-escolar-iie\/\",\"url\":\"https:\/\/explora.cl\/aricayparinacota\/convocatoria-2026-investigacion-e-innovacion-escolar-iie\/\",\"name\":\"Convocatoria 2026 \u2013 Investigaci\u00f3n e Innovaci\u00f3n Escolar (IIE) - Arica y Parinacota\",\"isPartOf\":{\"@id\":\"https:\/\/explora.cl\/aricayparinacota\/#website\"},\"primaryImageOfPage\":{\"@id\":\"https:\/\/explora.cl\/aricayparinacota\/convocatoria-2026-investigacion-e-innovacion-escolar-iie\/#primaryimage\"},\"image\":{\"@id\":\"https:\/\/explora.cl\/aricayparinacota\/convocatoria-2026-investigacion-e-innovacion-escolar-iie\/#primaryimage\"},\"thumbnailUrl\":\"https:\/\/explora.cl\/aricayparinacota\/wp-content\/uploads\/sites\/2\/2026\/03\/Convocatorias-IIE-Banner-Web-1-scaled.jpg\",\"datePublished\":\"2026-03-04T13:58:51+00:00\",\"dateModified\":\"2026-03-09T18:41:32+00:00\",\"breadcrumb\":{\"@id\":\"https:\/\/explora.cl\/aricayparinacota\/convocatoria-2026-investigacion-e-innovacion-escolar-iie\/#breadcrumb\"},\"inLanguage\":\"es-CL\",\"potentialAction\":[{\"@type\":\"ReadAction\",\"target\":[\"https:\/\/explora.cl\/aricayparinacota\/convocatoria-2026-investigacion-e-innovacion-escolar-iie\/\"]}]},{\"@type\":\"ImageObject\",\"inLanguage\":\"es-CL\",\"@id\":\"https:\/\/explora.cl\/aricayparinacota\/convocatoria-2026-investigacion-e-innovacion-escolar-iie\/#primaryimage\",\"url\":\"https:\/\/explora.cl\/aricayparinacota\/wp-content\/uploads\/sites\/2\/2026\/03\/Convocatorias-IIE-Banner-Web-1-scaled.jpg\",\"contentUrl\":\"https:\/\/explora.cl\/aricayparinacota\/wp-content\/uploads\/sites\/2\/2026\/03\/Convocatorias-IIE-Banner-Web-1-scaled.jpg\",\"width\":2560,\"height\":1370},{\"@type\":\"BreadcrumbList\",\"@id\":\"https:\/\/explora.cl\/aricayparinacota\/convocatoria-2026-investigacion-e-innovacion-escolar-iie\/#breadcrumb\",\"itemListElement\":[{\"@type\":\"ListItem\",\"position\":1,\"name\":\"Portada\",\"item\":\"https:\/\/explora.cl\/aricayparinacota\/\"},{\"@type\":\"ListItem\",\"position\":2,\"name\":\"Convocatoria 2026 \u2013 Investigaci\u00f3n e Innovaci\u00f3n Escolar (IIE)\"}]},{\"@type\":\"WebSite\",\"@id\":\"https:\/\/explora.cl\/aricayparinacota\/#website\",\"url\":\"https:\/\/explora.cl\/aricayparinacota\/\",\"name\":\"Arica y Parinacota\",\"description\":\"Otro sitio m\u00e1s de explora.cl\",\"publisher\":{\"@id\":\"https:\/\/explora.cl\/aricayparinacota\/#organization\"},\"potentialAction\":[{\"@type\":\"SearchAction\",\"target\":{\"@type\":\"EntryPoint\",\"urlTemplate\":\"https:\/\/explora.cl\/aricayparinacota\/?s={search_term_string}\"},\"query-input\":{\"@type\":\"PropertyValueSpecification\",\"valueRequired\":true,\"valueName\":\"search_term_string\"}}],\"inLanguage\":\"es-CL\"},{\"@type\":\"Organization\",\"@id\":\"https:\/\/explora.cl\/aricayparinacota\/#organization\",\"name\":\"Arica y Parinacota\",\"url\":\"https:\/\/explora.cl\/aricayparinacota\/\",\"logo\":{\"@type\":\"ImageObject\",\"inLanguage\":\"es-CL\",\"@id\":\"https:\/\/explora.cl\/aricayparinacota\/#\/schema\/logo\/image\/\",\"url\":\"https:\/\/explora.cl\/aricayparinacota\/wp-content\/uploads\/sites\/2\/2020\/08\/cropped-nuevosa-logos-11.png\",\"contentUrl\":\"https:\/\/explora.cl\/aricayparinacota\/wp-content\/uploads\/sites\/2\/2020\/08\/cropped-nuevosa-logos-11.png\",\"width\":812,\"height\":937,\"caption\":\"Arica y Parinacota\"},\"image\":{\"@id\":\"https:\/\/explora.cl\/aricayparinacota\/#\/schema\/logo\/image\/\"}},{\"@type\":\"Person\",\"@id\":\"https:\/\/explora.cl\/aricayparinacota\/#\/schema\/person\/0372c8c9d6b6d58d9dc5036ff9d41a7e\",\"name\":\"saracena\",\"image\":{\"@type\":\"ImageObject\",\"inLanguage\":\"es-CL\",\"@id\":\"https:\/\/explora.cl\/aricayparinacota\/#\/schema\/person\/image\/\",\"url\":\"https:\/\/secure.gravatar.com\/avatar\/b5a50ce5104811995c55568a5df56789f4f7c071d5ab9a4c8345d33225022e41?s=96&d=mm&r=g\",\"contentUrl\":\"https:\/\/secure.gravatar.com\/avatar\/b5a50ce5104811995c55568a5df56789f4f7c071d5ab9a4c8345d33225022e41?s=96&d=mm&r=g\",\"caption\":\"saracena\"},\"url\":\"https:\/\/explora.cl\/aricayparinacota\/author\/saracena\/\"}]}<\/script>\n<!-- \/ Yoast SEO plugin. -->","yoast_head_json":{"title":"Convocatoria 2026 \u2013 Investigaci\u00f3n e Innovaci\u00f3n Escolar (IIE) - Arica y Parinacota","robots":{"index":"index","follow":"follow","max-snippet":"max-snippet:-1","max-image-preview":"max-image-preview:large","max-video-preview":"max-video-preview:-1"},"canonical":"https:\/\/explora.cl\/aricayparinacota\/convocatoria-2026-investigacion-e-innovacion-escolar-iie\/","og_locale":"es_ES","og_type":"article","og_title":"Convocatoria 2026 \u2013 Investigaci\u00f3n e Innovaci\u00f3n Escolar (IIE) - Arica y Parinacota","og_description":"Los Clubes Explora de Investigaci\u00f3n e Innovaci\u00f3n Escolar (IIE) del PAR Explora Arica y Parinacota, financiado por el Ministerio de Ciencia, Tecnolog\u00eda, Conocimiento e Innovaci\u00f3n y ejecutado por la Universidad de Tarapac\u00e1, abre su convocatoria 2026 dirigida a comunidades educativas de la regi\u00f3n de Arica y Parinacota. &nbsp; \u00bfQu\u00e9 es IIE? Investigaci\u00f3n e Innovaci\u00f3n Escolar [&hellip;]","og_url":"https:\/\/explora.cl\/aricayparinacota\/convocatoria-2026-investigacion-e-innovacion-escolar-iie\/","og_site_name":"Arica y Parinacota","article_published_time":"2026-03-04T13:58:51+00:00","article_modified_time":"2026-03-09T18:41:32+00:00","og_image":[{"width":2560,"height":1370,"url":"https:\/\/explora.cl\/aricayparinacota\/wp-content\/uploads\/sites\/2\/2026\/03\/Convocatorias-IIE-Banner-Web-1-scaled.jpg","type":"image\/jpeg"}],"author":"saracena","twitter_card":"summary_large_image","twitter_misc":{"Escrito por":"saracena","Tiempo estimado de lectura":"3 minutos"},"schema":{"@context":"https:\/\/schema.org","@graph":[{"@type":"Article","@id":"https:\/\/explora.cl\/aricayparinacota\/convocatoria-2026-investigacion-e-innovacion-escolar-iie\/#article","isPartOf":{"@id":"https:\/\/explora.cl\/aricayparinacota\/convocatoria-2026-investigacion-e-innovacion-escolar-iie\/"},"author":{"name":"saracena","@id":"https:\/\/explora.cl\/aricayparinacota\/#\/schema\/person\/0372c8c9d6b6d58d9dc5036ff9d41a7e"},"headline":"Convocatoria 2026 \u2013 Investigaci\u00f3n e Innovaci\u00f3n Escolar (IIE)","datePublished":"2026-03-04T13:58:51+00:00","dateModified":"2026-03-09T18:41:32+00:00","mainEntityOfPage":{"@id":"https:\/\/explora.cl\/aricayparinacota\/convocatoria-2026-investigacion-e-innovacion-escolar-iie\/"},"wordCount":569,"commentCount":0,"publisher":{"@id":"https:\/\/explora.cl\/aricayparinacota\/#organization"},"image":{"@id":"https:\/\/explora.cl\/aricayparinacota\/convocatoria-2026-investigacion-e-innovacion-escolar-iie\/#primaryimage"},"thumbnailUrl":"https:\/\/explora.cl\/aricayparinacota\/wp-content\/uploads\/sites\/2\/2026\/03\/Convocatorias-IIE-Banner-Web-1-scaled.jpg","articleSection":["Banner","Noticias"],"inLanguage":"es-CL","potentialAction":[{"@type":"CommentAction","name":"Comment","target":["https:\/\/explora.cl\/aricayparinacota\/convocatoria-2026-investigacion-e-innovacion-escolar-iie\/#respond"]}]},{"@type":"WebPage","@id":"https:\/\/explora.cl\/aricayparinacota\/convocatoria-2026-investigacion-e-innovacion-escolar-iie\/","url":"https:\/\/explora.cl\/aricayparinacota\/convocatoria-2026-investigacion-e-innovacion-escolar-iie\/","name":"Convocatoria 2026 \u2013 Investigaci\u00f3n e Innovaci\u00f3n Escolar (IIE) - Arica y Parinacota","isPartOf":{"@id":"https:\/\/explora.cl\/aricayparinacota\/#website"},"primaryImageOfPage":{"@id":"https:\/\/explora.cl\/aricayparinacota\/convocatoria-2026-investigacion-e-innovacion-escolar-iie\/#primaryimage"},"image":{"@id":"https:\/\/explora.cl\/aricayparinacota\/convocatoria-2026-investigacion-e-innovacion-escolar-iie\/#primaryimage"},"thumbnailUrl":"https:\/\/explora.cl\/aricayparinacota\/wp-content\/uploads\/sites\/2\/2026\/03\/Convocatorias-IIE-Banner-Web-1-scaled.jpg","datePublished":"2026-03-04T13:58:51+00:00","dateModified":"2026-03-09T18:41:32+00:00","breadcrumb":{"@id":"https:\/\/explora.cl\/aricayparinacota\/convocatoria-2026-investigacion-e-innovacion-escolar-iie\/#breadcrumb"},"inLanguage":"es-CL","potentialAction":[{"@type":"ReadAction","target":["https:\/\/explora.cl\/aricayparinacota\/convocatoria-2026-investigacion-e-innovacion-escolar-iie\/"]}]},{"@type":"ImageObject","inLanguage":"es-CL","@id":"https:\/\/explora.cl\/aricayparinacota\/convocatoria-2026-investigacion-e-innovacion-escolar-iie\/#primaryimage","url":"https:\/\/explora.cl\/aricayparinacota\/wp-content\/uploads\/sites\/2\/2026\/03\/Convocatorias-IIE-Banner-Web-1-scaled.jpg","contentUrl":"https:\/\/explora.cl\/aricayparinacota\/wp-content\/uploads\/sites\/2\/2026\/03\/Convocatorias-IIE-Banner-Web-1-scaled.jpg","width":2560,"height":1370},{"@type":"BreadcrumbList","@id":"https:\/\/explora.cl\/aricayparinacota\/convocatoria-2026-investigacion-e-innovacion-escolar-iie\/#breadcrumb","itemListElement":[{"@type":"ListItem","position":1,"name":"Portada","item":"https:\/\/explora.cl\/aricayparinacota\/"},{"@type":"ListItem","position":2,"name":"Convocatoria 2026 \u2013 Investigaci\u00f3n e Innovaci\u00f3n Escolar (IIE)"}]},{"@type":"WebSite","@id":"https:\/\/explora.cl\/aricayparinacota\/#website","url":"https:\/\/explora.cl\/aricayparinacota\/","name":"Arica y Parinacota","description":"Otro sitio m\u00e1s de explora.cl","publisher":{"@id":"https:\/\/explora.cl\/aricayparinacota\/#organization"},"potentialAction":[{"@type":"SearchAction","target":{"@type":"EntryPoint","urlTemplate":"https:\/\/explora.cl\/aricayparinacota\/?s={search_term_string}"},"query-input":{"@type":"PropertyValueSpecification","valueRequired":true,"valueName":"search_term_string"}}],"inLanguage":"es-CL"},{"@type":"Organization","@id":"https:\/\/explora.cl\/aricayparinacota\/#organization","name":"Arica y Parinacota","url":"https:\/\/explora.cl\/aricayparinacota\/","logo":{"@type":"ImageObject","inLanguage":"es-CL","@id":"https:\/\/explora.cl\/aricayparinacota\/#\/schema\/logo\/image\/","url":"https:\/\/explora.cl\/aricayparinacota\/wp-content\/uploads\/sites\/2\/2020\/08\/cropped-nuevosa-logos-11.png","contentUrl":"https:\/\/explora.cl\/aricayparinacota\/wp-content\/uploads\/sites\/2\/2020\/08\/cropped-nuevosa-logos-11.png","width":812,"height":937,"caption":"Arica y Parinacota"},"image":{"@id":"https:\/\/explora.cl\/aricayparinacota\/#\/schema\/logo\/image\/"}},{"@type":"Person","@id":"https:\/\/explora.cl\/aricayparinacota\/#\/schema\/person\/0372c8c9d6b6d58d9dc5036ff9d41a7e","name":"saracena","image":{"@type":"ImageObject","inLanguage":"es-CL","@id":"https:\/\/explora.cl\/aricayparinacota\/#\/schema\/person\/image\/","url":"https:\/\/secure.gravatar.com\/avatar\/b5a50ce5104811995c55568a5df56789f4f7c071d5ab9a4c8345d33225022e41?s=96&d=mm&r=g","contentUrl":"https:\/\/secure.gravatar.com\/avatar\/b5a50ce5104811995c55568a5df56789f4f7c071d5ab9a4c8345d33225022e41?s=96&d=mm&r=g","caption":"saracena"},"url":"https:\/\/explora.cl\/aricayparinacota\/author\/saracena\/"}]}},"_links":{"self":[{"href":"https:\/\/explora.cl\/aricayparinacota\/wp-json\/wp\/v2\/posts\/36720","targetHints":{"allow":["GET"]}}],"collection":[{"href":"https:\/\/explora.cl\/aricayparinacota\/wp-json\/wp\/v2\/posts"}],"about":[{"href":"https:\/\/explora.cl\/aricayparinacota\/wp-json\/wp\/v2\/types\/post"}],"author":[{"embeddable":true,"href":"https:\/\/explora.cl\/aricayparinacota\/wp-json\/wp\/v2\/users\/17"}],"replies":[{"embeddable":true,"href":"https:\/\/explora.cl\/aricayparinacota\/wp-json\/wp\/v2\/comments?post=36720"}],"version-history":[{"count":11,"href":"https:\/\/explora.cl\/aricayparinacota\/wp-json\/wp\/v2\/posts\/36720\/revisions"}],"predecessor-version":[{"id":36746,"href":"https:\/\/explora.cl\/aricayparinacota\/wp-json\/wp\/v2\/posts\/36720\/revisions\/36746"}],"wp:featuredmedia":[{"embeddable":true,"href":"https:\/\/explora.cl\/aricayparinacota\/wp-json\/wp\/v2\/media\/36721"}],"wp:attachment":[{"href":"https:\/\/explora.cl\/aricayparinacota\/wp-json\/wp\/v2\/media?parent=36720"}],"wp:term":[{"taxonomy":"category","embeddable":true,"href":"https:\/\/explora.cl\/aricayparinacota\/wp-json\/wp\/v2\/categories?post=36720"},{"taxonomy":"post_tag","embeddable":true,"href":"https:\/\/explora.cl\/aricayparinacota\/wp-json\/wp\/v2\/tags?post=36720"}],"curies":[{"name":"wp","href":"https:\/\/api.w.org\/{rel}","templated":true}]}}