{"id":36639,"date":"2026-01-28T11:42:05","date_gmt":"2026-01-28T14:42:05","guid":{"rendered":"https:\/\/explora.cl\/aricayparinacota\/?p=36639"},"modified":"2026-01-28T11:42:05","modified_gmt":"2026-01-28T14:42:05","slug":"campamento-explora-va-fortalece-la-reflexion-docente-y-el-trabajo-colaborativo-junto-a-facultades-de-la-universidad-de-tarapaca","status":"publish","type":"post","link":"https:\/\/explora.cl\/aricayparinacota\/campamento-explora-va-fortalece-la-reflexion-docente-y-el-trabajo-colaborativo-junto-a-facultades-de-la-universidad-de-tarapaca\/","title":{"rendered":"Campamento Explora VA! fortalece la reflexi\u00f3n docente y el trabajo colaborativo junto a facultades de la Universidad de Tarapac\u00e1"},"content":{"rendered":"<p style=\"text-align: justify\"><strong>La iniciativa reuni\u00f3 a 33 docentes y educadoras de la regi\u00f3n en una experiencia formativa intensiva que promovi\u00f3 la reflexi\u00f3n pedag\u00f3gica, el trabajo colaborativo y el intercambio de conocimientos, contando con el respaldo de acad\u00e9micas, acad\u00e9micos y facultades de la Universidad de Tarapac\u00e1.<\/strong><\/p>\n<p><!--more--><\/p>\n<p>El Campamento Explora VA! es una apuesta por poner al profesorado y a los profesionales de la educaci\u00f3n, en el centro de la transformaci\u00f3n educativa generando espacios de reflexi\u00f3n pedag\u00f3gica, trabajo colaborativo y pensamiento cr\u00edtico. \u201cDurante una semana, los\u00a0 campamentistas de distintos territorios pudieron fortalecer sus pr\u00e1cticas desde el intercambio de experiencias, el v\u00ednculo con la universidad y la ciencia entendida como una herramienta para comprender su realidad\u201d, se\u00f1al\u00f3 la directora del Proyecto Explora Arica y Parinacota, Dra. M\u00f3nica Navarrete \u00c1lvarez.<\/p>\n<p>&nbsp;<\/p>\n<p>Entre el 12 y 16 de enero, se desarroll\u00f3 la iniciativa promovida por Proyecto Explora Arica y Parinacota que reuni\u00f3 a 33 docentes y educadoras de Arica, Putre y General Lagos en un espacio formativo orientado al fortalecimiento de la ense\u00f1anza de las ciencias desde una mirada colaborativa, contextualizada y territorial. La actividad cont\u00f3 con el apoyo activo de instituciones p\u00fablicas y diversas facultades de la Universidad de Tarapac\u00e1, que dispusieron sus conocimientos, laboratorios y equipos humanos para aportar al desarrollo del campamento, consolidando el v\u00ednculo entre la academia y el sistema educativo.<\/p>\n<p>&nbsp;<\/p>\n<p>Uno de los ejes centrales del Campamento Explora VA! fue la reflexi\u00f3n docente, entendida como una herramienta clave para mejorar las pr\u00e1cticas pedag\u00f3gicas y generar aprendizajes significativos en el aula. A trav\u00e9s de talleres, di\u00e1logos guiados y trabajo por comunidades de aprendizaje, las y los participantes compartieron experiencias, problem\u00e1ticas y propuestas did\u00e1cticas desde sus distintos contextos educativos.<\/p>\n<p>&nbsp;<\/p>\n<p>En este marco, la Dra. Corina Gonz\u00e1lez Weil, miembro de la Sociedad Chilena de Educaci\u00f3n Cient\u00edfica (SChEC) y acad\u00e9mica PUCV, quien gui\u00f3 la reflexi\u00f3n, destac\u00f3 el valor de este tipo de instancias formativas. \u201cMe parece maravilloso, porque es un espacio muy bonito para compartir, conocer otras experiencias y reflexionar. Muchas veces las y los docentes no cuentan con estos espacios en sus establecimientos, y esta modalidad de internado permite generar lazos, confianza y aprendizajes que van m\u00e1s all\u00e1 de lo estrictamente acad\u00e9mico\u201d.<\/p>\n<p>&nbsp;<\/p>\n<p>La Dra. Gonz\u00e1lez agreg\u00f3 que el campamento favorece la construcci\u00f3n de redes profesionales gracias a los espacios formales e informales de interacci\u00f3n, como las salidas a terreno y los momentos compartidos fuera del sal\u00f3n de actividades, los que fortalecen el sentido de comunidad entre las y los participantes.<\/p>\n<p>&nbsp;<\/p>\n<p><strong>Aporte acad\u00e9mico y trabajo colaborativo desde la UTA<\/strong><\/p>\n<p>El Campamento durante sus jornadas incluy\u00f3 la visita y el trabajo en laboratorios en la Facultad de Ingenier\u00eda, espec\u00edficamente del Departamento de Ingenier\u00eda Industrial y de Sistemas y el Departamento de Ingenier\u00eda Mec\u00e1nica de la Universidad de Tarapac\u00e1, donde las y los campistas participaron en experiencias pr\u00e1cticas guiadas por acad\u00e9micas, acad\u00e9micos y estudiantes de pregrado, promoviendo el intercambio de conocimientos y metodolog\u00edas.<\/p>\n<p>&nbsp;<\/p>\n<p>Estas instancias permitieron abordar los problemas sociocient\u00edficos, enfoque trabajado durante todo el campamento y que, seg\u00fan explic\u00f3 la Dra. Gonz\u00e1lez, integra fen\u00f3menos cient\u00edficos con dimensiones sociales, ambientales, \u00e9ticas y territoriales. \u201cEste tipo de problemas genera aprendizajes m\u00e1s relevantes y contextualizados, porque conecta la ciencia con la realidad del estudiantado y su entorno, favoreciendo aprendizajes m\u00e1s significativos\u201d, se\u00f1al\u00f3.<\/p>\n<p>&nbsp;<\/p>\n<p>Desde la organizaci\u00f3n del Campamento Explora VA! se valor\u00f3 tambi\u00e9n el aporte de las facultades de Administraci\u00f3n y Econom\u00eda, de Ciencias, Ingenier\u00eda y Ciencias Agron\u00f3micas de la UTA, que no solo facilitaron implementos, sino que tambi\u00e9n aportaron desde su experiencia acad\u00e9mica al desarrollo profesional docente, reforzando el rol de la universidad p\u00fablica como actor clave en el fortalecimiento de la educaci\u00f3n cient\u00edfica regional destacando los aportes de los acad\u00e9micos Diego Villagra, Alicia Cruz, Luis Rodriguez y Jorge Abarca principalmente.<\/p>\n<p>&nbsp;<\/p>\n<p>El Campamento finaliz\u00f3 con una reflexi\u00f3n colectiva y la proyecci\u00f3n del trabajo pedag\u00f3gico que las y los participantes implementar\u00e1n durante el a\u00f1o, manteniendo el v\u00ednculo con la comunidad Explora y con la Universidad de Tarapac\u00e1 como aliada estrat\u00e9gica en los procesos de innovaci\u00f3n educativa.<\/p>\n<p>&nbsp;<\/p>\n<p>\u201cEste cierre no marca el fin del Campamento Explora VA!, sino el inicio de un trabajo que se<\/p>\n<p>proyecta durante todo el a\u00f1o 2026. Esperamos que las y los campistas contin\u00faen fortaleciendo sus pr\u00e1cticas pedag\u00f3gicas, implementando sus secuencias did\u00e1cticas y manteniendo activo el v\u00ednculo con la comunidad Explora. Este proceso busca consolidar redes, aprendizajes y experiencias que impacten directamente en las aulas y en los territorios\u201d, se\u00f1al\u00f3 Farah L\u00f3pez Marca, encargada de Rutas Formativas del Proyecto Explora Arica y Parinacota.<\/p>\n","protected":false},"excerpt":{"rendered":"<p>La iniciativa reuni\u00f3 a 33 docentes y educadoras de la regi\u00f3n en una experiencia formativa intensiva que promovi\u00f3 la reflexi\u00f3n pedag\u00f3gica, el trabajo colaborativo y el intercambio de conocimientos, contando con el respaldo de acad\u00e9micas, acad\u00e9micos y facultades de la Universidad de Tarapac\u00e1.<\/p>\n","protected":false},"author":17,"featured_media":36640,"comment_status":"open","ping_status":"open","sticky":false,"template":"","format":"standard","meta":{"_acf_changed":false,"_exactmetrics_skip_tracking":false,"_exactmetrics_sitenote_active":false,"_exactmetrics_sitenote_note":"","_exactmetrics_sitenote_category":0,"footnotes":"","_links_to":"","_links_to_target":""},"categories":[151],"tags":[],"class_list":["post-36639","post","type-post","status-publish","format-standard","has-post-thumbnail","hentry","category-banner"],"acf":[],"yoast_head":"<!-- This site is optimized with the Yoast SEO plugin v26.9 - https:\/\/yoast.com\/product\/yoast-seo-wordpress\/ -->\n<title>Campamento Explora VA! fortalece la reflexi\u00f3n docente y el trabajo colaborativo junto a facultades de la Universidad de Tarapac\u00e1 - Arica y Parinacota<\/title>\n<meta name=\"robots\" content=\"index, follow, max-snippet:-1, max-image-preview:large, max-video-preview:-1\" \/>\n<link rel=\"canonical\" href=\"https:\/\/explora.cl\/aricayparinacota\/campamento-explora-va-fortalece-la-reflexion-docente-y-el-trabajo-colaborativo-junto-a-facultades-de-la-universidad-de-tarapaca\/\" class=\"yoast-seo-meta-tag\" \/>\n<meta property=\"og:locale\" content=\"es_ES\" class=\"yoast-seo-meta-tag\" \/>\n<meta property=\"og:type\" content=\"article\" class=\"yoast-seo-meta-tag\" \/>\n<meta property=\"og:title\" content=\"Campamento Explora VA! fortalece la reflexi\u00f3n docente y el trabajo colaborativo junto a facultades de la Universidad de Tarapac\u00e1 - Arica y Parinacota\" class=\"yoast-seo-meta-tag\" \/>\n<meta property=\"og:description\" content=\"La iniciativa reuni\u00f3 a 33 docentes y educadoras de la regi\u00f3n en una experiencia formativa intensiva que promovi\u00f3 la reflexi\u00f3n pedag\u00f3gica, el trabajo colaborativo y el intercambio de conocimientos, contando con el respaldo de acad\u00e9micas, acad\u00e9micos y facultades de la Universidad de Tarapac\u00e1.\" class=\"yoast-seo-meta-tag\" \/>\n<meta property=\"og:url\" content=\"https:\/\/explora.cl\/aricayparinacota\/campamento-explora-va-fortalece-la-reflexion-docente-y-el-trabajo-colaborativo-junto-a-facultades-de-la-universidad-de-tarapaca\/\" class=\"yoast-seo-meta-tag\" \/>\n<meta property=\"og:site_name\" content=\"Arica y Parinacota\" class=\"yoast-seo-meta-tag\" \/>\n<meta property=\"article:published_time\" content=\"2026-01-28T14:42:05+00:00\" class=\"yoast-seo-meta-tag\" \/>\n<meta property=\"og:image\" content=\"https:\/\/explora.cl\/aricayparinacota\/wp-content\/uploads\/sites\/2\/2026\/01\/Campamento-Explora-2026-4.jpg\" class=\"yoast-seo-meta-tag\" \/>\n\t<meta property=\"og:image:width\" content=\"1500\" class=\"yoast-seo-meta-tag\" \/>\n\t<meta property=\"og:image:height\" content=\"749\" class=\"yoast-seo-meta-tag\" \/>\n\t<meta property=\"og:image:type\" content=\"image\/jpeg\" class=\"yoast-seo-meta-tag\" \/>\n<meta name=\"author\" content=\"saracena\" class=\"yoast-seo-meta-tag\" \/>\n<meta name=\"twitter:card\" content=\"summary_large_image\" class=\"yoast-seo-meta-tag\" \/>\n<meta name=\"twitter:label1\" content=\"Escrito por\" class=\"yoast-seo-meta-tag\" \/>\n\t<meta name=\"twitter:data1\" content=\"saracena\" class=\"yoast-seo-meta-tag\" \/>\n\t<meta name=\"twitter:label2\" content=\"Tiempo estimado de lectura\" class=\"yoast-seo-meta-tag\" \/>\n\t<meta name=\"twitter:data2\" content=\"4 minutos\" class=\"yoast-seo-meta-tag\" \/>\n<script type=\"application\/ld+json\" class=\"yoast-schema-graph\">{\"@context\":\"https:\/\/schema.org\",\"@graph\":[{\"@type\":\"Article\",\"@id\":\"https:\/\/explora.cl\/aricayparinacota\/campamento-explora-va-fortalece-la-reflexion-docente-y-el-trabajo-colaborativo-junto-a-facultades-de-la-universidad-de-tarapaca\/#article\",\"isPartOf\":{\"@id\":\"https:\/\/explora.cl\/aricayparinacota\/campamento-explora-va-fortalece-la-reflexion-docente-y-el-trabajo-colaborativo-junto-a-facultades-de-la-universidad-de-tarapaca\/\"},\"author\":{\"name\":\"saracena\",\"@id\":\"https:\/\/explora.cl\/aricayparinacota\/#\/schema\/person\/0372c8c9d6b6d58d9dc5036ff9d41a7e\"},\"headline\":\"Campamento Explora VA! fortalece la reflexi\u00f3n docente y el trabajo colaborativo junto a facultades de la Universidad de Tarapac\u00e1\",\"datePublished\":\"2026-01-28T14:42:05+00:00\",\"mainEntityOfPage\":{\"@id\":\"https:\/\/explora.cl\/aricayparinacota\/campamento-explora-va-fortalece-la-reflexion-docente-y-el-trabajo-colaborativo-junto-a-facultades-de-la-universidad-de-tarapaca\/\"},\"wordCount\":839,\"commentCount\":0,\"publisher\":{\"@id\":\"https:\/\/explora.cl\/aricayparinacota\/#organization\"},\"image\":{\"@id\":\"https:\/\/explora.cl\/aricayparinacota\/campamento-explora-va-fortalece-la-reflexion-docente-y-el-trabajo-colaborativo-junto-a-facultades-de-la-universidad-de-tarapaca\/#primaryimage\"},\"thumbnailUrl\":\"https:\/\/explora.cl\/aricayparinacota\/wp-content\/uploads\/sites\/2\/2026\/01\/Campamento-Explora-2026-4.jpg\",\"articleSection\":[\"Banner\"],\"inLanguage\":\"es-CL\",\"potentialAction\":[{\"@type\":\"CommentAction\",\"name\":\"Comment\",\"target\":[\"https:\/\/explora.cl\/aricayparinacota\/campamento-explora-va-fortalece-la-reflexion-docente-y-el-trabajo-colaborativo-junto-a-facultades-de-la-universidad-de-tarapaca\/#respond\"]}]},{\"@type\":\"WebPage\",\"@id\":\"https:\/\/explora.cl\/aricayparinacota\/campamento-explora-va-fortalece-la-reflexion-docente-y-el-trabajo-colaborativo-junto-a-facultades-de-la-universidad-de-tarapaca\/\",\"url\":\"https:\/\/explora.cl\/aricayparinacota\/campamento-explora-va-fortalece-la-reflexion-docente-y-el-trabajo-colaborativo-junto-a-facultades-de-la-universidad-de-tarapaca\/\",\"name\":\"Campamento Explora VA! fortalece la reflexi\u00f3n docente y el trabajo colaborativo junto a facultades de la Universidad de Tarapac\u00e1 - Arica y Parinacota\",\"isPartOf\":{\"@id\":\"https:\/\/explora.cl\/aricayparinacota\/#website\"},\"primaryImageOfPage\":{\"@id\":\"https:\/\/explora.cl\/aricayparinacota\/campamento-explora-va-fortalece-la-reflexion-docente-y-el-trabajo-colaborativo-junto-a-facultades-de-la-universidad-de-tarapaca\/#primaryimage\"},\"image\":{\"@id\":\"https:\/\/explora.cl\/aricayparinacota\/campamento-explora-va-fortalece-la-reflexion-docente-y-el-trabajo-colaborativo-junto-a-facultades-de-la-universidad-de-tarapaca\/#primaryimage\"},\"thumbnailUrl\":\"https:\/\/explora.cl\/aricayparinacota\/wp-content\/uploads\/sites\/2\/2026\/01\/Campamento-Explora-2026-4.jpg\",\"datePublished\":\"2026-01-28T14:42:05+00:00\",\"breadcrumb\":{\"@id\":\"https:\/\/explora.cl\/aricayparinacota\/campamento-explora-va-fortalece-la-reflexion-docente-y-el-trabajo-colaborativo-junto-a-facultades-de-la-universidad-de-tarapaca\/#breadcrumb\"},\"inLanguage\":\"es-CL\",\"potentialAction\":[{\"@type\":\"ReadAction\",\"target\":[\"https:\/\/explora.cl\/aricayparinacota\/campamento-explora-va-fortalece-la-reflexion-docente-y-el-trabajo-colaborativo-junto-a-facultades-de-la-universidad-de-tarapaca\/\"]}]},{\"@type\":\"ImageObject\",\"inLanguage\":\"es-CL\",\"@id\":\"https:\/\/explora.cl\/aricayparinacota\/campamento-explora-va-fortalece-la-reflexion-docente-y-el-trabajo-colaborativo-junto-a-facultades-de-la-universidad-de-tarapaca\/#primaryimage\",\"url\":\"https:\/\/explora.cl\/aricayparinacota\/wp-content\/uploads\/sites\/2\/2026\/01\/Campamento-Explora-2026-4.jpg\",\"contentUrl\":\"https:\/\/explora.cl\/aricayparinacota\/wp-content\/uploads\/sites\/2\/2026\/01\/Campamento-Explora-2026-4.jpg\",\"width\":1500,\"height\":749},{\"@type\":\"BreadcrumbList\",\"@id\":\"https:\/\/explora.cl\/aricayparinacota\/campamento-explora-va-fortalece-la-reflexion-docente-y-el-trabajo-colaborativo-junto-a-facultades-de-la-universidad-de-tarapaca\/#breadcrumb\",\"itemListElement\":[{\"@type\":\"ListItem\",\"position\":1,\"name\":\"Portada\",\"item\":\"https:\/\/explora.cl\/aricayparinacota\/\"},{\"@type\":\"ListItem\",\"position\":2,\"name\":\"Campamento Explora VA! fortalece la reflexi\u00f3n docente y el trabajo colaborativo junto a facultades de la Universidad de Tarapac\u00e1\"}]},{\"@type\":\"WebSite\",\"@id\":\"https:\/\/explora.cl\/aricayparinacota\/#website\",\"url\":\"https:\/\/explora.cl\/aricayparinacota\/\",\"name\":\"Arica y Parinacota\",\"description\":\"Otro sitio m\u00e1s de explora.cl\",\"publisher\":{\"@id\":\"https:\/\/explora.cl\/aricayparinacota\/#organization\"},\"potentialAction\":[{\"@type\":\"SearchAction\",\"target\":{\"@type\":\"EntryPoint\",\"urlTemplate\":\"https:\/\/explora.cl\/aricayparinacota\/?s={search_term_string}\"},\"query-input\":{\"@type\":\"PropertyValueSpecification\",\"valueRequired\":true,\"valueName\":\"search_term_string\"}}],\"inLanguage\":\"es-CL\"},{\"@type\":\"Organization\",\"@id\":\"https:\/\/explora.cl\/aricayparinacota\/#organization\",\"name\":\"Arica y Parinacota\",\"url\":\"https:\/\/explora.cl\/aricayparinacota\/\",\"logo\":{\"@type\":\"ImageObject\",\"inLanguage\":\"es-CL\",\"@id\":\"https:\/\/explora.cl\/aricayparinacota\/#\/schema\/logo\/image\/\",\"url\":\"https:\/\/explora.cl\/aricayparinacota\/wp-content\/uploads\/sites\/2\/2020\/08\/cropped-nuevosa-logos-11.png\",\"contentUrl\":\"https:\/\/explora.cl\/aricayparinacota\/wp-content\/uploads\/sites\/2\/2020\/08\/cropped-nuevosa-logos-11.png\",\"width\":812,\"height\":937,\"caption\":\"Arica y Parinacota\"},\"image\":{\"@id\":\"https:\/\/explora.cl\/aricayparinacota\/#\/schema\/logo\/image\/\"}},{\"@type\":\"Person\",\"@id\":\"https:\/\/explora.cl\/aricayparinacota\/#\/schema\/person\/0372c8c9d6b6d58d9dc5036ff9d41a7e\",\"name\":\"saracena\",\"image\":{\"@type\":\"ImageObject\",\"inLanguage\":\"es-CL\",\"@id\":\"https:\/\/explora.cl\/aricayparinacota\/#\/schema\/person\/image\/\",\"url\":\"https:\/\/secure.gravatar.com\/avatar\/b5a50ce5104811995c55568a5df56789f4f7c071d5ab9a4c8345d33225022e41?s=96&d=mm&r=g\",\"contentUrl\":\"https:\/\/secure.gravatar.com\/avatar\/b5a50ce5104811995c55568a5df56789f4f7c071d5ab9a4c8345d33225022e41?s=96&d=mm&r=g\",\"caption\":\"saracena\"},\"url\":\"https:\/\/explora.cl\/aricayparinacota\/author\/saracena\/\"}]}<\/script>\n<!-- \/ Yoast SEO plugin. -->","yoast_head_json":{"title":"Campamento Explora VA! fortalece la reflexi\u00f3n docente y el trabajo colaborativo junto a facultades de la Universidad de Tarapac\u00e1 - Arica y Parinacota","robots":{"index":"index","follow":"follow","max-snippet":"max-snippet:-1","max-image-preview":"max-image-preview:large","max-video-preview":"max-video-preview:-1"},"canonical":"https:\/\/explora.cl\/aricayparinacota\/campamento-explora-va-fortalece-la-reflexion-docente-y-el-trabajo-colaborativo-junto-a-facultades-de-la-universidad-de-tarapaca\/","og_locale":"es_ES","og_type":"article","og_title":"Campamento Explora VA! fortalece la reflexi\u00f3n docente y el trabajo colaborativo junto a facultades de la Universidad de Tarapac\u00e1 - Arica y Parinacota","og_description":"La iniciativa reuni\u00f3 a 33 docentes y educadoras de la regi\u00f3n en una experiencia formativa intensiva que promovi\u00f3 la reflexi\u00f3n pedag\u00f3gica, el trabajo colaborativo y el intercambio de conocimientos, contando con el respaldo de acad\u00e9micas, acad\u00e9micos y facultades de la Universidad de Tarapac\u00e1.","og_url":"https:\/\/explora.cl\/aricayparinacota\/campamento-explora-va-fortalece-la-reflexion-docente-y-el-trabajo-colaborativo-junto-a-facultades-de-la-universidad-de-tarapaca\/","og_site_name":"Arica y Parinacota","article_published_time":"2026-01-28T14:42:05+00:00","og_image":[{"width":1500,"height":749,"url":"https:\/\/explora.cl\/aricayparinacota\/wp-content\/uploads\/sites\/2\/2026\/01\/Campamento-Explora-2026-4.jpg","type":"image\/jpeg"}],"author":"saracena","twitter_card":"summary_large_image","twitter_misc":{"Escrito por":"saracena","Tiempo estimado de lectura":"4 minutos"},"schema":{"@context":"https:\/\/schema.org","@graph":[{"@type":"Article","@id":"https:\/\/explora.cl\/aricayparinacota\/campamento-explora-va-fortalece-la-reflexion-docente-y-el-trabajo-colaborativo-junto-a-facultades-de-la-universidad-de-tarapaca\/#article","isPartOf":{"@id":"https:\/\/explora.cl\/aricayparinacota\/campamento-explora-va-fortalece-la-reflexion-docente-y-el-trabajo-colaborativo-junto-a-facultades-de-la-universidad-de-tarapaca\/"},"author":{"name":"saracena","@id":"https:\/\/explora.cl\/aricayparinacota\/#\/schema\/person\/0372c8c9d6b6d58d9dc5036ff9d41a7e"},"headline":"Campamento Explora VA! fortalece la reflexi\u00f3n docente y el trabajo colaborativo junto a facultades de la Universidad de Tarapac\u00e1","datePublished":"2026-01-28T14:42:05+00:00","mainEntityOfPage":{"@id":"https:\/\/explora.cl\/aricayparinacota\/campamento-explora-va-fortalece-la-reflexion-docente-y-el-trabajo-colaborativo-junto-a-facultades-de-la-universidad-de-tarapaca\/"},"wordCount":839,"commentCount":0,"publisher":{"@id":"https:\/\/explora.cl\/aricayparinacota\/#organization"},"image":{"@id":"https:\/\/explora.cl\/aricayparinacota\/campamento-explora-va-fortalece-la-reflexion-docente-y-el-trabajo-colaborativo-junto-a-facultades-de-la-universidad-de-tarapaca\/#primaryimage"},"thumbnailUrl":"https:\/\/explora.cl\/aricayparinacota\/wp-content\/uploads\/sites\/2\/2026\/01\/Campamento-Explora-2026-4.jpg","articleSection":["Banner"],"inLanguage":"es-CL","potentialAction":[{"@type":"CommentAction","name":"Comment","target":["https:\/\/explora.cl\/aricayparinacota\/campamento-explora-va-fortalece-la-reflexion-docente-y-el-trabajo-colaborativo-junto-a-facultades-de-la-universidad-de-tarapaca\/#respond"]}]},{"@type":"WebPage","@id":"https:\/\/explora.cl\/aricayparinacota\/campamento-explora-va-fortalece-la-reflexion-docente-y-el-trabajo-colaborativo-junto-a-facultades-de-la-universidad-de-tarapaca\/","url":"https:\/\/explora.cl\/aricayparinacota\/campamento-explora-va-fortalece-la-reflexion-docente-y-el-trabajo-colaborativo-junto-a-facultades-de-la-universidad-de-tarapaca\/","name":"Campamento Explora VA! fortalece la reflexi\u00f3n docente y el trabajo colaborativo junto a facultades de la Universidad de Tarapac\u00e1 - Arica y Parinacota","isPartOf":{"@id":"https:\/\/explora.cl\/aricayparinacota\/#website"},"primaryImageOfPage":{"@id":"https:\/\/explora.cl\/aricayparinacota\/campamento-explora-va-fortalece-la-reflexion-docente-y-el-trabajo-colaborativo-junto-a-facultades-de-la-universidad-de-tarapaca\/#primaryimage"},"image":{"@id":"https:\/\/explora.cl\/aricayparinacota\/campamento-explora-va-fortalece-la-reflexion-docente-y-el-trabajo-colaborativo-junto-a-facultades-de-la-universidad-de-tarapaca\/#primaryimage"},"thumbnailUrl":"https:\/\/explora.cl\/aricayparinacota\/wp-content\/uploads\/sites\/2\/2026\/01\/Campamento-Explora-2026-4.jpg","datePublished":"2026-01-28T14:42:05+00:00","breadcrumb":{"@id":"https:\/\/explora.cl\/aricayparinacota\/campamento-explora-va-fortalece-la-reflexion-docente-y-el-trabajo-colaborativo-junto-a-facultades-de-la-universidad-de-tarapaca\/#breadcrumb"},"inLanguage":"es-CL","potentialAction":[{"@type":"ReadAction","target":["https:\/\/explora.cl\/aricayparinacota\/campamento-explora-va-fortalece-la-reflexion-docente-y-el-trabajo-colaborativo-junto-a-facultades-de-la-universidad-de-tarapaca\/"]}]},{"@type":"ImageObject","inLanguage":"es-CL","@id":"https:\/\/explora.cl\/aricayparinacota\/campamento-explora-va-fortalece-la-reflexion-docente-y-el-trabajo-colaborativo-junto-a-facultades-de-la-universidad-de-tarapaca\/#primaryimage","url":"https:\/\/explora.cl\/aricayparinacota\/wp-content\/uploads\/sites\/2\/2026\/01\/Campamento-Explora-2026-4.jpg","contentUrl":"https:\/\/explora.cl\/aricayparinacota\/wp-content\/uploads\/sites\/2\/2026\/01\/Campamento-Explora-2026-4.jpg","width":1500,"height":749},{"@type":"BreadcrumbList","@id":"https:\/\/explora.cl\/aricayparinacota\/campamento-explora-va-fortalece-la-reflexion-docente-y-el-trabajo-colaborativo-junto-a-facultades-de-la-universidad-de-tarapaca\/#breadcrumb","itemListElement":[{"@type":"ListItem","position":1,"name":"Portada","item":"https:\/\/explora.cl\/aricayparinacota\/"},{"@type":"ListItem","position":2,"name":"Campamento Explora VA! fortalece la reflexi\u00f3n docente y el trabajo colaborativo junto a facultades de la Universidad de Tarapac\u00e1"}]},{"@type":"WebSite","@id":"https:\/\/explora.cl\/aricayparinacota\/#website","url":"https:\/\/explora.cl\/aricayparinacota\/","name":"Arica y Parinacota","description":"Otro sitio m\u00e1s de explora.cl","publisher":{"@id":"https:\/\/explora.cl\/aricayparinacota\/#organization"},"potentialAction":[{"@type":"SearchAction","target":{"@type":"EntryPoint","urlTemplate":"https:\/\/explora.cl\/aricayparinacota\/?s={search_term_string}"},"query-input":{"@type":"PropertyValueSpecification","valueRequired":true,"valueName":"search_term_string"}}],"inLanguage":"es-CL"},{"@type":"Organization","@id":"https:\/\/explora.cl\/aricayparinacota\/#organization","name":"Arica y Parinacota","url":"https:\/\/explora.cl\/aricayparinacota\/","logo":{"@type":"ImageObject","inLanguage":"es-CL","@id":"https:\/\/explora.cl\/aricayparinacota\/#\/schema\/logo\/image\/","url":"https:\/\/explora.cl\/aricayparinacota\/wp-content\/uploads\/sites\/2\/2020\/08\/cropped-nuevosa-logos-11.png","contentUrl":"https:\/\/explora.cl\/aricayparinacota\/wp-content\/uploads\/sites\/2\/2020\/08\/cropped-nuevosa-logos-11.png","width":812,"height":937,"caption":"Arica y Parinacota"},"image":{"@id":"https:\/\/explora.cl\/aricayparinacota\/#\/schema\/logo\/image\/"}},{"@type":"Person","@id":"https:\/\/explora.cl\/aricayparinacota\/#\/schema\/person\/0372c8c9d6b6d58d9dc5036ff9d41a7e","name":"saracena","image":{"@type":"ImageObject","inLanguage":"es-CL","@id":"https:\/\/explora.cl\/aricayparinacota\/#\/schema\/person\/image\/","url":"https:\/\/secure.gravatar.com\/avatar\/b5a50ce5104811995c55568a5df56789f4f7c071d5ab9a4c8345d33225022e41?s=96&d=mm&r=g","contentUrl":"https:\/\/secure.gravatar.com\/avatar\/b5a50ce5104811995c55568a5df56789f4f7c071d5ab9a4c8345d33225022e41?s=96&d=mm&r=g","caption":"saracena"},"url":"https:\/\/explora.cl\/aricayparinacota\/author\/saracena\/"}]}},"_links":{"self":[{"href":"https:\/\/explora.cl\/aricayparinacota\/wp-json\/wp\/v2\/posts\/36639","targetHints":{"allow":["GET"]}}],"collection":[{"href":"https:\/\/explora.cl\/aricayparinacota\/wp-json\/wp\/v2\/posts"}],"about":[{"href":"https:\/\/explora.cl\/aricayparinacota\/wp-json\/wp\/v2\/types\/post"}],"author":[{"embeddable":true,"href":"https:\/\/explora.cl\/aricayparinacota\/wp-json\/wp\/v2\/users\/17"}],"replies":[{"embeddable":true,"href":"https:\/\/explora.cl\/aricayparinacota\/wp-json\/wp\/v2\/comments?post=36639"}],"version-history":[{"count":1,"href":"https:\/\/explora.cl\/aricayparinacota\/wp-json\/wp\/v2\/posts\/36639\/revisions"}],"predecessor-version":[{"id":36641,"href":"https:\/\/explora.cl\/aricayparinacota\/wp-json\/wp\/v2\/posts\/36639\/revisions\/36641"}],"wp:featuredmedia":[{"embeddable":true,"href":"https:\/\/explora.cl\/aricayparinacota\/wp-json\/wp\/v2\/media\/36640"}],"wp:attachment":[{"href":"https:\/\/explora.cl\/aricayparinacota\/wp-json\/wp\/v2\/media?parent=36639"}],"wp:term":[{"taxonomy":"category","embeddable":true,"href":"https:\/\/explora.cl\/aricayparinacota\/wp-json\/wp\/v2\/categories?post=36639"},{"taxonomy":"post_tag","embeddable":true,"href":"https:\/\/explora.cl\/aricayparinacota\/wp-json\/wp\/v2\/tags?post=36639"}],"curies":[{"name":"wp","href":"https:\/\/api.w.org\/{rel}","templated":true}]}}